{"id":1647,"date":"2011-09-16T00:00:00","date_gmt":"2011-09-16T00:00:00","guid":{"rendered":"https:\/\/espai-marx.net\/?p=1647"},"modified":"2020-02-21T12:13:31","modified_gmt":"2020-02-21T11:13:31","slug":"carta-al-president-mas-de-los-enfermos-de-ssc-de-catalunya","status":"publish","type":"post","link":"https:\/\/espai-marx.net\/?p=1647","title":{"rendered":"Carta al President Mas de los enfermos de SSC de Catalunya"},"content":{"rendered":"<p>Sr President Mas,<\/p>\n<p>En su respuesta del pasado 13 de julio a nuestra carta sobre la situaci\u00f3n de total desamparo en que seguimos viviendo en Catalunya desde los Criterios de Holmes de 1988, las personas con S\u00edndromes de Sensibilidad Central (SSC: S\u00edndrome de Fatiga Cr\u00f3nica- SFC-, Fibromialgia- FM- y Sensibilidades Qu\u00edmicas M\u00faltiples- SQM), usted hace referencia a la ya famosa frase que nos dijo a nosotros y a todo el Parlament el parlamentario Francesc Sancho Serena: \u201cNunca m\u00e1s estar\u00e9is solos\u201d.<\/p>\n<p>Esa frase que pronunci\u00f3, el Dr. Sancho, el 21 de mayo del 2008 (fecha en que se vot\u00f3 por unanimidad la Resoluci\u00f3n 203\/VIII que exig\u00eda la organizaci\u00f3n de atenci\u00f3n sanitaria para los enfermos de SFC y FM, resoluci\u00f3n que no se ha cumplido ni bajo el Tripartito ni bajo su gobierno) y que ha repetido este mes de mayo como nuevo Director de Estrategia y Comunicaci\u00f3n del Departament de Salut de la Generalitat, nos parece ahora especialmente perversa.<\/p>\n<p>Es verdad: ya no estamos solos. Antes, los enfermos de SSC \u00e9ramos los \u00fanicos en Catalunya en listas de espera de 2 a 3 a\u00f1os; \u00e9ramos los \u00fanicos que no ten\u00edamos atenci\u00f3n m\u00e9dica relevante. Ahora, despu\u00e9s de los recortes brutales que su gobierno ha llevado a cabo en la sanidad catalana, los enfermos de muchas otras patolog\u00edas est\u00e1n en la misma situaci\u00f3n que nosotros.<\/p>\n<p>El Dr. Sancho ten\u00eda raz\u00f3n cuando dijo que no estar\u00edamos solos. Claro que no era eso lo que pens\u00e1bamos que quer\u00eda decir.<\/p>\n<p>Y cuando nosotros hemos exigido, en todos nuestros escritos, reuniones y manifestaciones, desde hace casi 20 a\u00f1os, que \u201cs\u00f3lo queremos lo que tienen otros enfermos en Catalunya\u201d, no nos refer\u00edamos a la situaci\u00f3n actual en la que los enfermos que necesitan cirug\u00eda no la est\u00e1n recibiendo, en la que los enfermos que deber\u00edan estar hospitalizados no lo est\u00e1n por las camas que se han cerrado al reducir las plantillas de enfermer\u00eda, en la que tantas urgencias no son atendidas debido a las salas de urgencia que se han cerrado.<\/p>\n<p>Sr. President, la igualdad que exig\u00edamos no era para que todos los catalanes estuvieran tan mal como nosotros.<\/p>\n<p>No nos creemos lo que dice usted en su carta sobre \u201cla actual coyuntura econ\u00f3mica en la cual se encuentra inmerso nuestro pa\u00eds\u201d. Ustedes est\u00e1n recortando y privatizando para enriquecer al sector privado y a las mutuas, y para quitarse de encima la responsabilidad para la cual fueron votados: para cuidar el estado de bienestar por el cual lucharon nuestros padres y por el cual luchamos nosotros.<\/p>\n<p>Antes del verano del 2010, cuando la prensa ya hablaba de la supuesta \u201ccrisis\u201d, en conversaciones con el Dr. Sancho, cuando ustedes estaban en la oposici\u00f3n, le comentamos que est\u00e1bamos seguros de que la entonces Consellera Marina Geli iba a utilizar la excusa de \u201cla crisis\u201d para no implementar la Resoluci\u00f3n 203\/VIII y que nosotros, los enfermos, no lo \u00edbamos a aceptar. El Dr. Sancho estuvo de acuerdo con nosotros. Entonces.<\/p>\n<p>La crisis no es la de sus presupuestos y la de los bancos. La crisis es la que estamos viviendo los ciudadanos sin atenci\u00f3n m\u00e9dica, los j\u00f3venes sin trabajo ni futuro y las familias que se est\u00e1n quedando sin vivienda. Los pol\u00edticos, los que tienen grandes inversiones, los que ya eran ricos y no pagaban impuestos, los \u201cemprendedores\u201d del sector privado, se est\u00e1n enriqueciendo a\u00fan m\u00e1s y est\u00e1n desmontando y vendiendo nuestro pa\u00eds.<\/p>\n<p>Lo que usted y el Dr. Sancho no se dan cuenta es de que al no estar solos en nuestro sufrimiento, al estar acompa\u00f1ados por un pa\u00eds indignado de ciudadanos que ya no tienen nada que perder, somos un movimiento que no nos resignamos. Antes \u00e9ramos 250.000 catalanes y catalanas enfermos de SSC. Ahora somos much\u00edsimos m\u00e1s porque, es verdad, no estamos solos.<\/p>\n<p>Usted nos dice en su carta que espera que trabajemos juntos. Nosotros ya dimos otro gran paso el 2 de marzo de este a\u00f1o cuando presentamos, en persona al Dr. Sancho, un plan para organizar la atenci\u00f3n sanitaria para los SSC. En ese documento, \u201cPropuesta para la creaci\u00f3n de los protocolos asistenciales y para la potenciaci\u00f3n de unidades de referencia para los SSC (SFC-EM, FM y SQM)\u201d, se ofrece una manera sencilla y barata de organizar la atenci\u00f3n a los enfermos de los SSC que ahora est\u00e1n desatendidos. Pero ustedes han decidido ignorar nuestra colaboraci\u00f3n.<\/p>\n<p>Como ya le hemos comunicado al Dr. Sancho, estamos organizando una macrodemanda contra su gobierno por la falta de atenci\u00f3n m\u00e9dica relevante a los pacientes SSC en Catalunya. Y ahora que no estamos solos, somos muchos m\u00e1s para llevarles a ustedes a juicio.<\/p>\n<p>Sinceramente,<\/p>\n<p>Clara Valverde<\/p>\n<p>Presidenta Liga SFC<\/p>\n<p>y Relaciones Internacionales ASSSEM<\/p>\n<p>Barcelona, 7 de septiembre del 2011<\/p>\n<p><a href=\"http:\/\/www.asssem.org\/2011\/07\/i-jornada-asssem-junto-con-la-liga-sfc_05.html\" target=\"_blank\" rel=\"noopener noreferrer\">http:\/\/www.asssem.org\/2011\/07\/i-jornada-asssem-junto-con-la-liga-sfc_05.html <\/a><\/p>\n","protected":false},"excerpt":{"rendered":"<p>Sr President Mas, En su respuesta del pasado 13 de julio a nuestra carta sobre la situaci\u00f3n de total desamparo<\/p>\n","protected":false},"author":9,"featured_media":1648,"comment_status":"open","ping_status":"open","sticky":false,"template":"","format":"standard","meta":{"footnotes":""},"categories":[3,45],"tags":[],"class_list":["post-1647","post","type-post","status-publish","format-standard","has-post-thumbnail","hentry","category-condiciones-de-vida","category-proletariado-demos-multidud"],"aioseo_notices":[],"_links":{"self":[{"href":"https:\/\/espai-marx.net\/index.php?rest_route=\/wp\/v2\/posts\/1647","targetHints":{"allow":["GET"]}}],"collection":[{"href":"https:\/\/espai-marx.net\/index.php?rest_route=\/wp\/v2\/posts"}],"about":[{"href":"https:\/\/espai-marx.net\/index.php?rest_route=\/wp\/v2\/types\/post"}],"author":[{"embeddable":true,"href":"https:\/\/espai-marx.net\/index.php?rest_route=\/wp\/v2\/users\/9"}],"replies":[{"embeddable":true,"href":"https:\/\/espai-marx.net\/index.php?rest_route=%2Fwp%2Fv2%2Fcomments&post=1647"}],"version-history":[{"count":0,"href":"https:\/\/espai-marx.net\/index.php?rest_route=\/wp\/v2\/posts\/1647\/revisions"}],"wp:featuredmedia":[{"embeddable":true,"href":"https:\/\/espai-marx.net\/index.php?rest_route=\/wp\/v2\/media\/1648"}],"wp:attachment":[{"href":"https:\/\/espai-marx.net\/index.php?rest_route=%2Fwp%2Fv2%2Fmedia&parent=1647"}],"wp:term":[{"taxonomy":"category","embeddable":true,"href":"https:\/\/espai-marx.net\/index.php?rest_route=%2Fwp%2Fv2%2Fcategories&post=1647"},{"taxonomy":"post_tag","embeddable":true,"href":"https:\/\/espai-marx.net\/index.php?rest_route=%2Fwp%2Fv2%2Ftags&post=1647"}],"curies":[{"name":"wp","href":"https:\/\/api.w.org\/{rel}","templated":true}]}}