{"id":16510,"date":"2024-10-27T05:00:33","date_gmt":"2024-10-27T04:00:33","guid":{"rendered":"https:\/\/espai-marx.net\/?p=16510"},"modified":"2024-10-27T01:04:14","modified_gmt":"2024-10-27T00:04:14","slug":"un-verdadero-acontecimiento-filosofico","status":"publish","type":"post","link":"https:\/\/espai-marx.net\/?p=16510","title":{"rendered":"Un verdadero acontecimiento filos\u00f3fico"},"content":{"rendered":"<p>Rese\u00f1a de: Miguel Candel, <i>M\u00e1s all\u00e1 del <\/i><i>s<\/i><i>er y el <\/i><i>n<\/i><i>o ser<\/i>, N\u00e9ctar editorial, 2024, 336 p\u00e1ginas.<\/p>\n<p><a href=\"https:\/\/espai-marx.net\/wp-content\/uploads\/2024\/10\/sernoser250x375.jpg\"><img loading=\"lazy\" decoding=\"async\" class=\"wp-image-16511 alignleft\" src=\"https:\/\/espai-marx.net\/wp-content\/uploads\/2024\/10\/sernoser250x375.jpg\" alt=\"\" width=\"200\" height=\"300\" srcset=\"https:\/\/espai-marx.net\/wp-content\/uploads\/2024\/10\/sernoser250x375.jpg 250w, https:\/\/espai-marx.net\/wp-content\/uploads\/2024\/10\/sernoser250x375-200x300.jpg 200w\" sizes=\"auto, (max-width: 200px) 100vw, 200px\" \/><\/a>No hay exageraci\u00f3n en el t\u00edtulo de esta rese\u00f1a. <i>M\u00e1s all\u00e1 del ser y el no ser, <\/i>\u00abun libro de cr\u00edtica al narcisismo dominante en la cultura occidental\u00bb,<i> <\/i>es en mi opini\u00f3n uno de los libros de filosof\u00eda de tem\u00e1tica metaf\u00edsica, por usar la terminolog\u00eda cl\u00e1sica, m\u00e1s importantes que se han publicado en nuestro pa\u00eds en estos \u00faltimos a\u00f1os. Sus destinatarios: fil\u00f3sofos, profesores de filosof\u00eda, personas con pulsi\u00f3n filos\u00f3fica (en \u00faltima instancia, todos), aquellos ciudadanos que son muchos que quieran adentrarse en tem\u00e1ticas esenciales en nuestra vida, y todo ello, adem\u00e1s, con un estilo filos\u00f3fico admirable: claro, nunca rebuscado ni oscuro, preciso argumentativamente, bello ling\u00fc\u00edsticamente, siempre seductor.<\/p>\n<p>No es necesaria una detallada presentaci\u00f3n del autor para los lectores de esta revista (ni para nadie con pulsi\u00f3n culural y pol\u00edtica) donde Miguel Candel publica un art\u00edculo mensual \u2013\u00abFilosofa, que algo queda\u00bb\u2013 que es una aut\u00e9ntica joya filos\u00f3fica, un verdadero regalo para todos los lectores. Dicho muy brevemente: Licenciado en Filosof\u00eda y Letras (1967) y doctor en Filosof\u00eda (1976), Miguel Candel Sanmart\u00edn ha sido profesor no numerario de Filosof\u00eda, UB (1971-1977), profesor agregado y catedr\u00e1tico de griego, IES Puig Castellar de Santa Coloma de Gramenet (1977-1988), traductor Jefe de Unidad Comisi\u00f3n Europea (1988-1998) y Profesor titular de Historia de la Filosof\u00eda UB (1998-2018). Una de sus \u00faltimas traducciones: Arist\u00f2til, <i>Pol\u00edtica<\/i> (F. Bernat Metge, 2023). Autor, entre otras numerosas publicaciones (entre ellas <i>Ser y no ser<\/i>), de un libro que puede ser un buen complemento de lectura de este ensayo: <i>Metaf\u00edsica de cercan\u00edas<\/i>, Vilassar de Dalt: Montesinos-Biblioteca de divulgaci\u00f3n tem\u00e1tica, 2004.<\/p>\n<p>Forman <i>M\u00e1s all\u00e1 del ser y el no ser<\/i> el pr\u00f3logo, seis cap\u00edtulos, tres ap\u00e9ndices: 1. Ser, verdad y misterio: el poema de Parm\u00e9nides. 2. La concepci\u00f3n aristot\u00e9lica de la memoria: una semi\u00f3tica naturalista. 3. Aforismos encadenados de una \u00e9tica de la raz\u00f3n (<i>more platonico<\/i>). Los cap\u00edtulos: 1. Miseria (extrema) de la filosof\u00eda. 2. Experiencia: la realidad y su sombra. 3. Lo real y lo trascendental. 4. El punto ciego del saber. 5. La mente, entre el cielo de las ideas y el abismo del ser. 6. El ser se hace de muchas maneras (este \u00faltimo con tres apartados muy kantianos: 1. \u00bfQu\u00e9 podemos conocer? 2. \u00bfQu\u00e9 debemos hacer? 3. \u00bfQu\u00e9 podemos esperar?).<\/p>\n<p>Para que empiecen a saborear la excelencia filos\u00f3fica del libro: los dos primeros aforismos del ap\u00e9ndice III:<\/p>\n<p>\u00ab1. Toda \u00e9tica tiene alg\u00fan fundamento racional. Pero una \u00e9tica de la raz\u00f3n es aquella que tiene a la raz\u00f3n, no s\u00f3lo como fundamento, instrumento o forma, sino tambi\u00e9n como contenido. 2. La \u00e9tica plat\u00f3nica es una \u00e9tica de la raz\u00f3n, en el sentido de (1). En efecto, no hay en ella otro objetivo para la acci\u00f3n que el de poner la vida entera del ser humano al servicio del conocimiento de la verdad.\u00bb<\/p>\n<p>Nada les adelanto, a excepci\u00f3n de lo que se apunta en la contraportada: la tesis que se defiende en el ensayo es que \u00absi alg\u00fan sentido m\u00e1s profundo que el establecido de una sociedad justa y equilibrada, sin privilegios de clase, tienen expresiones como \u201creconciliaci\u00f3n del hombre con la naturaleza\u201d, \u00e9ste es, con toda probabilidad, dejar de ver al ser humano como el centro del universo y, en un esfuerzo intelectual ulterior, llegar a la convicci\u00f3n de que el universo no tiene un centro\u00bb. Y ello, aparte de consideraciones cosmol\u00f3gicas, no por razones en primera instancia \u00e9ticas, sino ontol\u00f3gicas y antropol\u00f3gicas: \u00abpues los seres humanos tenemos, parece claro, la capacidad de hacer tendencialmente abstracci\u00f3n de nuestro punto de vista (aunque, de hecho, no lo consigamos con excesiva frecuencia), de mirar el mundo [la portada: imagen del nacimiento del r\u00edo <i>Mundo<\/i> (Los Chorros), en el Parque de los Calares del Mundo (Albacete)] como si la nuestra fuera una \u201cvisi\u00f3n desde ninguna parte\u201d. Esta capacidad, mal empleada, da pie, es cierto, a la \u201cfalacia de la perspectiva universal\u201d, por la que solemos identificar nuestro punto de vista con la visi\u00f3n pura o absoluta, no limitada por perspectiva particular alguna\u00bb. Para el autor, si los seres humanos caemos en este error, es \u00abporque concebimos la posibilidad de una \u201cdeslocalizaci\u00f3n\u201d de la mirada de la mente, y ello basta para autorizarnos a hablar de nuestra capacidad de \u201csalir idealmente de nosotros mismos\u201d, aunque solo sea para, como se dice a menudo, \u201cponernos en el lugar de otro\u201d.\u00bb Y ello es sobre todo, ah\u00ed est\u00e1 el meollo de la tesis sostenida en el ensayo seg\u00fan el propio autor, \u00abporque la realidad, incluso la nuestra y muy particularmente la nuestra, excluye por naturaleza todo pronombre o adjetivo posesivo.\u00bb<\/p>\n<p>A\u00f1ado una nota y una sugerencia:<\/p>\n<p>La nota: para futuras reediciones convendr\u00eda la inclusi\u00f3n de un \u00edndice onom\u00e1stico y conceptual [1].<\/p>\n<p>La sugerencia: si yo fuera responsable de los cursos de doctorado de alguna Facultad de Filosof\u00eda, Ciencias F\u00edsicas, Antropolog\u00eda, o incluso de Filolog\u00eda o Historia, de Espa\u00f1a o de cualquier otro pa\u00eds, propondr\u00eda un seminario (sin exclusi\u00f3n de personas no matriculadas interesadas) que tuviera el libro el profesor Miguel Candel como \u00fanica bibliograf\u00eda. Se tratar\u00eda de una lectura y estudio detallado. Veintis\u00e9is sesiones, incluyendo los anexos. Mi conjetura (que es m\u00e1s bien una convicci\u00f3n): tengo la certeza que ello conllevar\u00eda una sustantiva transformaci\u00f3n filos\u00f3fica (y, sobre todo, no solo filos\u00f3fica) de todos los asistentes.<\/p>\n<p>Adquieran el libro con urgencia. Un apartado por d\u00eda (lectura, relectura y apuntes): \u00a1un mes de goce y aprendizaje!<\/p>\n<p>Recomi\u00e9ndelo por favor, consigamos que no sea un libro clandestino. \u00a1Que corra la voz!<\/p>\n<p>PS. Para adquirir ejemplares: <a href=\"https:\/\/www.bookish.org\/libreria\/alibri\/?redirect\">https:\/\/www.bookish.org\/libreria\/alibri\/?redirect<\/a>.<br \/>\n(Alibri Librer\u00eda. C\/. Balmes, 23; 933 17 05 78 Barcelona).<\/p>\n<p>Nota<\/p>\n<p>1) Aun teni\u00e9ndolo en mente, el autor no incluy\u00f3 finalmente el \u00edndice onom\u00e1stico en la edici\u00f3n del libro (el conceptual es innecesario). Hace unos d\u00edas lo envi\u00f3 a todas las personas que apoyamos la publicaci\u00f3n de <i>M\u00e1s all\u00e1 del ser y del no ser<\/i>. Se lo copio por si se animan (\u00a1les animo!) a adquirir un ejemplar (\u00bfLos dos autores m\u00e1s citados? Efectviamente: Arist\u00f3teles y Plat\u00f3n, por este orden).<\/p>\n<p><b>\u00cdNDICE ONOM\u00c1STICO<\/b><br \/>\nAbelardo, Pedro 137-138, 145, 242, 295<br \/>\nAgust\u00edn de Hipona 182<br \/>\nAlbert, David 85<br \/>\nAlejandro de Afrodisia 56, 111, 113, 115-117, 119, 121<br \/>\nAlejandro Magno 25<br \/>\nAlfarabi 47<br \/>\nAlgazel 92<br \/>\nAnax\u00e1goras 189<br \/>\nAnaximandro 299<br \/>\nAnselmo de Canterbury 82, 83, 137<br \/>\nAquino, Tom\u00e1s de 107, 108, 112, 122, 127, 203, 216<br \/>\nAraujo, Mar\u00eda 179<br \/>\nArist\u00f3teles 10, 19, 23, 25-29, 33, 46, 47, 49, 56, 58, 60, 61, 73, 75-78, 89-91, 94, 101, 102, 105, 108, 110, 112, 113, 115-120, 135- 141, 145, 147, 149, 152, 153, 156, 167, 170, 172, 179, 180, 183, 193, 196, 203, 207, 209, 219, 223, 231, 234, 239, 241, 242, 244, 248, 251-253, 257, 259, 260, 267, 268, 270, 272, 278, 279, 287, 292, 296, 300-302, 304-306, 311, 321-324, 326, 327-330<br \/>\nAubenque, Pierre 296<br \/>\nAverroes 78, 92, 107-109, 111, 112, 122, 180, 203, 234<br \/>\nAvicena 29, 47, 48, 77, 82, 107, 108, 111, 112, 127, 138-141, 145, 160, 162, 170, 185, 306, 322<br \/>\nBaker, Lynne R. 173, 174, 195, 200<br \/>\nBarnes, Jonathan 304<br \/>\nBenedetti, Mario 9<br \/>\nBergson, Henri 93, 94<br \/>\nBerkeley, George 21, 240<br \/>\nBermudo, Jos\u00e9 Manuel 20<br \/>\nBernardo Morliacense 45<br \/>\nBlondel, Maurice 125, 156, 158<br \/>\nBoecio, A. M. Severino 96<br \/>\nBradley, Francis Herbert 125, 171, 284<br \/>\nBredlow, Luis Andr\u00e9s 56, 223, 303, 304, 308, 320<br \/>\nBruno, Giordano 211<br \/>\nBuddha 54<br \/>\nCalipo 223<br \/>\nCalogero, Guido 291, 296, 301<br \/>\nCalvo Mart\u00ednez, J. L. 89<br \/>\nCalvo Mart\u00ednez, Tom\u00e1s 153, 232<br \/>\nCandel, Miguel 20, 22, 56, 57, 71, 74, 75, 114, 117, 122, 146, 199, 234, 242, 256, 306, 325, 328, 331<br \/>\nCantor, Georg 90<br \/>\nCarroll, Sean M. 85<br \/>\nCaso, Antonio 254, 255<br \/>\nCazalis, Anne-Marie 284<br \/>\nChomsky, Noam 247<br \/>\nCicer\u00f3n 61, 262, 288<br \/>\nClaudel, Paul 284<br \/>\nColli, Giorgio 188, 292, 295, 296, 301, 311, 315-317<br \/>\nComte, Auguste 275, 277<br \/>\nCovotti, Aurelio 311<br \/>\nCr\u00e1tilo 171<br \/>\nCruz Hern\u00e1ndez, Miguel 170<br \/>\nCurd, Patricia 311<br \/>\nDawkins, Richard 172<br \/>\nDe Echand\u00eda, Guillermo 197<br \/>\nDe Rijk, Lambertus M. 308<br \/>\nDeleuze, Gilles 135<br \/>\nDem\u00f3crito 256<br \/>\nDescartes, Ren\u00e9 23, 28, 49, 56, 64, 65, 97, 109, 114, 129, 137, 142, 194, 220, 222, 239, 245, 254, 322<br \/>\nDi Giacomo, Giuseppe 44<br \/>\nDiodoro Crono 143<br \/>\nDodds, Eric Robertson 291<br \/>\nDom\u00e8nech, Antoni 271<br \/>\nDuns Escoto, Juan 81, 120, 152-154, 205<br \/>\nEagleton, Terry 15<br \/>\nEco, Umberto 45<br \/>\nEllis, George F. R. 85<br \/>\nEmp\u00e9docles 135<br \/>\nEpicuro 94, 190, 256, 270, 286<br \/>\nEscoto Eri\u00fagena 64, 181, 182, 225, 236<br \/>\nEstoicos 10, 47, 80, 155, 251, 262, 267, 270, 273, 278<br \/>\nEudoxo de Cnido 223<br \/>\nFern\u00e1ndez Galiano, M. 273<br \/>\nFerrer, Vicente 18<br \/>\nFichte, Johann Gottlieb 109, 129, 130, 164, 245<br \/>\nFil\u00f3n de M\u00e9gara 143<br \/>\nFrank, Manfred 127, 130<br \/>\nFrege, Gottlob 31, 84, 101, 205<br \/>\nGabriel, Markus 72, 109, 210, 224<br \/>\nGaleno 152<br \/>\nGarc\u00eda Calvo, Agust\u00edn 224<br \/>\nGerson Lloyd P. 308<br \/>\nGide, Andr\u00e9 284<br \/>\nGirard, Ren\u00e9 54<br \/>\nGoethe, Wolfgang 40, 229<br \/>\nGom\u00e1, Javier 25<br \/>\nG\u00f3mez-Lobo, Alfonso 304<br \/>\nGonzalo Maeso, David 152<br \/>\nGramsci, Antonio 22<br \/>\nGregorio Nacianceno 182, 282, 326, 327<br \/>\nGuastella, Cosmo 91<br \/>\nHabermas, J\u00fcrgen 33<br \/>\nHarman, Graham 208-210, 213, 217, 224, 225<br \/>\nHauser, Marc 265<br \/>\nHegel, Georg W. F. 15, 55, 80, 86, 126, 130, 302<br \/>\nHeidegger, Martin 25, 80, 81, 143, 186-191, 194, 208, 239<br \/>\nHer\u00e1clides P\u00f3ntico 223<br \/>\nHer\u00e1clito 25, 71, 171, 266, 291<br \/>\nHuizinga, Johan 45<br \/>\nHume, David 17, 26, 79, 112, 118, 207, 217, 230, 231, 233<br \/>\nHusserl, Edmund 57<br \/>\nHutcheson, Francis 265<br \/>\nJameson, Fredric 15<br \/>\nJuan (evangelista) 42<br \/>\nJung, Carl Gustav 55<br \/>\nKahn, Charles H. 305<br \/>\nKant, Immanuel 12, 15, 21, 27, 30-32, 34, 52, 54, 57, 64, 66, 78, 79, 97, 106, 109, 131, 135, 137, 140, 143, 163, 164, 204, 205, 207, 213, 217, 218, 228-230, 232, 233, 235, 237, 239, 245, 253, 260, 261, 267, 305<br \/>\nKatukani, Michiko 38<br \/>\nKierkegaard, S\u00f8ren 143<br \/>\nKim, Jaegwon 34<br \/>\nKingsley, Peter 292-294<br \/>\nKrauss, Lawrence M. 85, 274<br \/>\nKuhn, Thomas 211<br \/>\nLaercio, Di\u00f3genes 256, 300<br \/>\nLavelle, Louis 28, 70, 131, 132, 169, 198<br \/>\nLeibniz, Gottfried 22, 25, 36, 81, 131, 137, 157, 158, 163, 179, 239, 248-250, 253, 254<br \/>\nLenk, Hans 84<br \/>\nLled\u00f3, Emilio 39<br \/>\nLloyd, Geoffrey E. R. 293<br \/>\nLocke, John 26, 33, 62, 199<br \/>\nL\u00f3pez Arnal, Salvador 13<br \/>\nL\u00f3pez Dom\u00ednguez, V. 245<br \/>\nLucas (evangelista) 12, 270<br \/>\nLucrecio 94<br \/>\nLuk\u00e1cs, Gy\u00f6rgy 15<br \/>\nMachado, Antonio 71<br \/>\nMaim\u00f3nides 151<br \/>\nMarcel, Gabriel 11, 206<br \/>\nMar\u00edas, Juli\u00e1n 179<br \/>\nMarx, Karl 67, 131, 256<br \/>\nMates, Benson 155<br \/>\nMauriac, Fran\u00e7ois 284<br \/>\nMcgilchrist, Iain 227<br \/>\nMeliso 311<br \/>\nMonterroso, Augusto 21<br \/>\nMunz, Peter 220, 221<br \/>\nNagel, Thomas 13, 16, 51, 209, 243, 244, 261, 268, 275, 276, 281<br \/>\nNicol\u00e1s de Cusa 11<br \/>\nNietzsche, Friedrich 25, 286<br \/>\nNovalis 129<br \/>\nNussbaum, Martha C. 260<br \/>\nO\u2019Sullivan, John L. 68<br \/>\nOckham, Guillermo de 22, 108, 122<br \/>\nOehler, Klaus 301<br \/>\nOrtega y Gasset, Jos\u00e9 210, 211, 214-218, 222<br \/>\nPab\u00f3n, Jos\u00e9 Manuel 273<br \/>\nParm\u00e9nides 21, 60, 145, 187, 223, 224, 241, 278, 291-296, 300-315, 317-320<br \/>\nPe\u00f1a Garc\u00eda, Vidal 281<br \/>\nPlat\u00f3n 21, 23-25, 27, 29, 33, 34, 47, 60, 61, 77, 84, 87, 93, 96, 99, 100, 108, 109, 120, 121, 126, 135, 145, 159, 168, 171, 180, 185, 188, 189, 204, 206, 239-241, 264, 267, 270, 272, 273, 289, 290, 300, 301, 332, 333<br \/>\nPlotino 127, 131, 142, 164, 215, 216<br \/>\nPlutarco 223<br \/>\nPopper, Karl R. 293<br \/>\nPorfirio 109, 150, 185, 241<br \/>\nProclo 97, 99, 128, 129, 167, 173<br \/>\nProust, Marcel 330<br \/>\nPseudo-Dionisio 225<br \/>\nPuig Montada, Josep 92<br \/>\nQuine, Willard v. Orman 79<br \/>\nRedner, Harry 36, 39, 53<br \/>\nRivera de Rosales, J. 245<br \/>\nRoscelin de Compi\u00e8gne 79<br \/>\nRussell, Bertrand 76, 130<br \/>\nRyle, Gilbert 56<br \/>\nSacrist\u00e1n, Manuel 22, 39, 194<br \/>\n\u1e62adr\u0101, Mull\u0101 48, 161-163, 165-167, 180, 185, 193, 200, 250<br \/>\nSamaranch, F. de P. 99<br \/>\nSartre, Jean-Paul 275<br \/>\nSastre, Alfonso 288<br \/>\nSchelling, Friedrich 245<br \/>\nSchopenhauer, Arthur 130<br \/>\nSearle, John R. 50, 129-130<br \/>\nSegovia, Carlos A. 163, 166, 185<br \/>\nSeidl, Horst 33<br \/>\nS\u00e9neca 61<br \/>\nShakespeare, William 13, 54, 289<br \/>\nShoemaker, Sydney 199<br \/>\nSober, Elliott 265<br \/>\nS\u00f3crates 34, 236, 273, 333<br \/>\nSolana Dueso, Jos\u00e9 136, 295, 304<br \/>\nSol\u00eds, Carlos 293<br \/>\nSpinoza, Baruch 13, 25, 35, 36, 95, 96, 134, 137, 147, 171, 209, 238, 239, 248, 279, 281, 282, 286, 313<br \/>\nStrawson, Galen 209<br \/>\nSu\u00e1rez, Francisco 137, 179<br \/>\nSwinburne, Richard 199<br \/>\nTar\u00e1n, Leonardo 304<br \/>\nTem\u00edstocles 24<br \/>\nTeofrasto 136, 300, 320<br \/>\nTheron, Stephen 103, 104<br \/>\nTolstoi, Le\u00f3n 22<br \/>\nTuc\u00eddides 299<br \/>\nUgalde, Feliciano 40<br \/>\nVirgilio 218<br \/>\nWagner, Richard 14<br \/>\nWilliams, Raymond 15<br \/>\nWilson, David Sloan 265<br \/>\nWittgenstein, Ludwi<span lang=\"en-US\">g 52, 75<br \/>\nWolff, Christian 121, 179<br \/>\nWordsworth, William 42<br \/>\nWyclif, John 106<br \/>\nYahveh 42, 288<br \/>\nZen\u00f3n de Elea 94<br \/>\n\u017di\u017eek, Slavoj 15<br \/>\nZwicky, Fritz 274 <\/span><\/p>\n<p>Fuente:<i> El Viejo Topo<\/i>, octubre de 2024.<\/p>\n","protected":false},"excerpt":{"rendered":"<p>Rese\u00f1a de: Miguel Candel, M\u00e1s all\u00e1 del ser y el no ser, N\u00e9ctar editorial, 2024, 336 p\u00e1ginas. No hay exageraci\u00f3n<\/p>\n","protected":false},"author":5,"featured_media":16512,"comment_status":"open","ping_status":"open","sticky":false,"template":"","format":"standard","meta":{"footnotes":""},"categories":[8],"tags":[2182,1146,917],"class_list":["post-16510","post","type-post","status-publish","format-standard","has-post-thumbnail","hentry","category-filosofia","tag-mas-alla-del-ser-y-el-no-ser","tag-miguel-candel","tag-resenas"],"aioseo_notices":[],"_links":{"self":[{"href":"https:\/\/espai-marx.net\/index.php?rest_route=\/wp\/v2\/posts\/16510","targetHints":{"allow":["GET"]}}],"collection":[{"href":"https:\/\/espai-marx.net\/index.php?rest_route=\/wp\/v2\/posts"}],"about":[{"href":"https:\/\/espai-marx.net\/index.php?rest_route=\/wp\/v2\/types\/post"}],"author":[{"embeddable":true,"href":"https:\/\/espai-marx.net\/index.php?rest_route=\/wp\/v2\/users\/5"}],"replies":[{"embeddable":true,"href":"https:\/\/espai-marx.net\/index.php?rest_route=%2Fwp%2Fv2%2Fcomments&post=16510"}],"version-history":[{"count":2,"href":"https:\/\/espai-marx.net\/index.php?rest_route=\/wp\/v2\/posts\/16510\/revisions"}],"predecessor-version":[{"id":16514,"href":"https:\/\/espai-marx.net\/index.php?rest_route=\/wp\/v2\/posts\/16510\/revisions\/16514"}],"wp:featuredmedia":[{"embeddable":true,"href":"https:\/\/espai-marx.net\/index.php?rest_route=\/wp\/v2\/media\/16512"}],"wp:attachment":[{"href":"https:\/\/espai-marx.net\/index.php?rest_route=%2Fwp%2Fv2%2Fmedia&parent=16510"}],"wp:term":[{"taxonomy":"category","embeddable":true,"href":"https:\/\/espai-marx.net\/index.php?rest_route=%2Fwp%2Fv2%2Fcategories&post=16510"},{"taxonomy":"post_tag","embeddable":true,"href":"https:\/\/espai-marx.net\/index.php?rest_route=%2Fwp%2Fv2%2Ftags&post=16510"}],"curies":[{"name":"wp","href":"https:\/\/api.w.org\/{rel}","templated":true}]}}