{"id":1654,"date":"2011-09-28T00:00:00","date_gmt":"2011-09-28T00:00:00","guid":{"rendered":"https:\/\/espai-marx.net\/?p=1654"},"modified":"2020-02-21T12:09:01","modified_gmt":"2020-02-21T11:09:01","slug":"entrevista-a-camila-vallejo-un-regimen-que-abre-carceles-y-cierra-escuelas-no-puede-ser-modelico","status":"publish","type":"post","link":"https:\/\/espai-marx.net\/?p=1654","title":{"rendered":"Entrevista a Camila Vallejo: \u201cUn r\u00e9gimen que abre c\u00e1rceles y cierra escuelas no puede ser mod\u00e9lico\u201d"},"content":{"rendered":"<p class=\"western\" lang=\"es-ES\" style=\"margin-bottom: 0cm; font-weight: normal;\" align=\"CENTER\"><i>\u00a0(Publicado en P\u00fablico.es)<\/i><\/p>\n<p lang=\"es-ES\" style=\"margin-bottom: 0cm; background: #ffffff; line-height: 0.74cm;\" align=\"JUSTIFY\"><i>Desde noviembre de 2010, Camila Vallejo Dowling, una joven licenciada en Geograf\u00eda de 23 a\u00f1os, preside la Federaci\u00f3n de Estudiantes de la Universidad de Chile (FECh). En menos de un a\u00f1o, gracias a la claridad y elocuencia de su discurso, se ha convertido en una l\u00edder carism\u00e1tica del renaciente activismo estudiantil.<\/i><\/p>\n<p lang=\"es-ES\" style=\"margin-bottom: 0cm; background: #ffffff; line-height: 0.74cm;\" align=\"JUSTIFY\"><i>Nieta de militantes del Movimiento de Izquierda Revolucionaria (MIR), hija de comunistas y militante a su vez de las Juventudes Comunistas, considera que la m\u00e9dula del movimiento estudiantil en Chile radica en la err\u00f3nea concepci\u00f3n que se tiene all\u00ed de la tarea educativa, as\u00ed como del rol que desempe\u00f1a el Estado en este asunto.<\/i><\/p>\n<p lang=\"es-ES\" style=\"margin-bottom: 0cm; background: #ffffff; line-height: 0.74cm;\" align=\"JUSTIFY\"><i>Estima Vallejo que la educaci\u00f3n en su pa\u00eds, as\u00ed como otros servicios b\u00e1sicos como la salud y la vivienda, son excesivamente caros y su provisi\u00f3n de calidad est\u00e1 restringida \u00fanicamente a quienes los pueden pagar. \u201cEl Estado debe responsabilizarse de garantizar el derecho a la educaci\u00f3n, proveyendo y financiando una ense\u00f1anza gratuita de calidad y acceso equitativo y regulando a la vez la educaci\u00f3n privada sin que primen los afanes de lucro\u201d, explica la l\u00edder estudiantil chilena. \u201cS\u00f3lo as\u00ed se fortalecer\u00e1 la educaci\u00f3n p\u00fablica y con ello el desarrollo humano, social y econ\u00f3mico. Es muy positivo que nuestras movilizaciones est\u00e9n teniendo el apoyo de la mayor\u00eda de la poblaci\u00f3n\u201d.<\/i><\/p>\n<p lang=\"es-ES\" style=\"margin-bottom: 0cm; background: #ffffff; line-height: 0.74cm;\" align=\"JUSTIFY\"><strong>\u00bfQuiz\u00e1 por eso un 68% de los chilenos desaprueban la gesti\u00f3n del presidente, Sebasti\u00e1n Pi\u00f1era? \u00bfTan torpe fue la respuesta del Gobierno a sus demandas?<\/strong><\/p>\n<p lang=\"es-ES\" style=\"margin-bottom: 0cm; background: #ffffff; line-height: 0.74cm;\" align=\"JUSTIFY\">El actual Gobierno de derechas no ha tenido voluntad pol\u00edtica para responder a las demandas de la ciudadan\u00eda. Se ha mostrado intransigente y ha impuesto su l\u00ednea ideol\u00f3gica sobre la mayor\u00eda del pa\u00eds. Esto es grave, porque significa que est\u00e1 gobernando s\u00f3lo para unos pocos, para quienes hoy sacan provecho del sistema educativo y no quieren entender que existe una crisis dif\u00edcil de resolver si no es cambiando su estructura desde la base. Por otro lado, la creciente movilizaci\u00f3n social ha hecho que el Gobierno muestre una faceta que hab\u00eda querido evitar, que es la de la represi\u00f3n; de ah\u00ed que la percepci\u00f3n general sea que no ha estado a la altura de las circunstancias, y la ciudadan\u00eda no quiere un Gobierno as\u00ed.<\/p>\n<p lang=\"es-ES\" style=\"margin-bottom: 0cm; background: #ffffff; line-height: 0.74cm;\" align=\"JUSTIFY\"><strong>Usted ha dicho que los medios de comunicaci\u00f3n fomentan el desprestigio de los movimientos sociales. \u00bfEst\u00e1 ocurriendo eso con el movimiento estudiantil?<\/strong><\/p>\n<p lang=\"es-ES\" style=\"margin-bottom: 0cm; background: #ffffff; line-height: 0.74cm;\" align=\"JUSTIFY\">Los peri\u00f3dicos pertenecen en un 98% a dos grandes conglomerados que pr\u00e1cticamente tienen una misma l\u00ednea editorial, muy ligada a los sectores conservadores, por lo que son un gran obst\u00e1culo para buscar el apoyo ciudadano. Los diarios suelen desinformar, al descontextualizar las declaraciones de los estudiantes, tergiversar nuestras demandas o simplemente evadir hechos sociales importantes. Los canales de televisi\u00f3n abierta tampoco son muy distintos. Suelen dar mensajes tendenciosos y parcelados, sin cumplir con su labor de informar objetivamente ni de ser pluralistas. De hecho, en muchas ocasiones, cuando los noticieros hablan sobre educaci\u00f3n o del movimiento estudiantil, muestran im\u00e1genes de encapuchados o de destrozos, promoviendo una imagen err\u00f3nea de nuestro movimiento.<\/p>\n<p lang=\"es-ES\" style=\"margin-bottom: 0cm; background: #ffffff; line-height: 0.74cm;\" align=\"JUSTIFY\"><strong>\u00bfHasta qu\u00e9 punto se pueden identificar las reclamaciones de los estudiantes con las claves de cambio social planteadas por Salvador Allende en su discurso de la Universidad de Guadalajara, en M\u00e9xico?<\/strong><\/p>\n<p lang=\"es-ES\" style=\"margin-bottom: 0cm; background: #ffffff; line-height: 0.74cm;\" align=\"JUSTIFY\">Es muy impactante saber que Chile tuvo un presidente que realmente representaba el sentir de lo que hoy seguimos exigiendo. Probablemente, si el golpe de Estado no se hubiese perpetrado, nuestro sistema educativo ser\u00eda muy distinto. En ese discurso hay ideas muy relevantes, que nos tocan como estudiantes universitarios y como futuros profesionales, y adem\u00e1s recalca algo que a veces se nos olvida: la revoluci\u00f3n no pasa \u00fanicamente por la universidad. Esa frase se refiere a que los cambios profundos s\u00f3lo son posibles si todo el pa\u00eds, sus trabajadores, amas de casa, jubilados, todos junto a los estudiantes, se convierten en actores sociales. En eso est\u00e1n trabajando ahora muchas organizaciones sociales, en busca de la reconstrucci\u00f3n del tejido social perdido en la dictadura.<\/p>\n<p lang=\"es-ES\" style=\"margin-bottom: 0cm; background: #ffffff; line-height: 0.74cm;\" align=\"JUSTIFY\"><strong>\u00bfQu\u00e9 opina del criterio del escritor Vargas Llosa, condecorado el a\u00f1o pasado por Pi\u00f1era con la orden al m\u00e9rito docente y cultural Gabriela Mistral, para quien Chile es un modelo como r\u00e9gimen pol\u00edtico y econ\u00f3mico?<\/strong><\/p>\n<p lang=\"es-ES\" style=\"margin-bottom: 0cm; background: #ffffff; line-height: 0.74cm;\" align=\"JUSTIFY\">Esa es la imagen de Chile que algunos pretenden exportar, ignorando que pr\u00e1cticamente el 80% de la poblaci\u00f3n vive endeudada o que el 60% del pa\u00eds vive con menos de 165.000 pesos mensuales per c\u00e1pita [180 euros], cuando hay aranceles universitarios de m\u00e1s del doble de esa cifra. Ignorando que el sueldo m\u00ednimo son tan s\u00f3lo 182.000 pesos [200 euros] y que \u00fanicamente el transporte de una persona en un mes consume m\u00e1s del 20% de ese ingreso. No s\u00e9 para qu\u00e9 persona puede resultar mod\u00e9lico un r\u00e9gimen que pretende eliminar la exclusi\u00f3n social abriendo m\u00e1s c\u00e1rceles y cerrando escuelas p\u00fablicas.<\/p>\n<p lang=\"es-ES\" style=\"margin-bottom: 0cm; background: #ffffff; line-height: 0.74cm;\" align=\"JUSTIFY\"><strong>\u00bfQu\u00e9 significa ser comunista hoy y qu\u00e9 ense\u00f1anzas ha sacado de la educaci\u00f3n familiar recibida? \u00bfCree posible un socialismo democr\u00e1tico en Chile y Am\u00e9rica Latina?<\/strong><\/p>\n<p lang=\"es-ES\" style=\"margin-bottom: 0cm; background: #ffffff; line-height: 0.74cm;\" align=\"JUSTIFY\">En nuestro pa\u00eds, donde ha primado un sentido com\u00fan b\u00e1sicamente neoliberal desdela imposici\u00f3n de la dictadura, los valores de la izquierda (solidaridad, fraternidad y justicia social) representan lo que sobrevivi\u00f3 a aquellos 17 a\u00f1os de oscurantismo. Creo que un proyecto pol\u00edtico de izquierda no s\u00f3lo tiene vigencia, sino que es necesario para superar la profunda desigualdad que nos aqueja como pa\u00eds y es consecuencia de nuestro fracasado sistema econ\u00f3mico. Por eso admiro a los pa\u00edses que se han atrevido a dar pasos en esa direcci\u00f3n.<\/p>\n","protected":false},"excerpt":{"rendered":"<p>\u00a0(Publicado en P\u00fablico.es) Desde noviembre de 2010, Camila Vallejo Dowling, una joven licenciada en Geograf\u00eda de 23 a\u00f1os, preside la<\/p>\n","protected":false},"author":9,"featured_media":1655,"comment_status":"open","ping_status":"open","sticky":false,"template":"","format":"standard","meta":{"footnotes":""},"categories":[33,45],"tags":[1198],"class_list":["post-1654","post","type-post","status-publish","format-standard","has-post-thumbnail","hentry","category-america-latina-america-latina","category-proletariado-demos-multidud","tag-camila-vallejo"],"aioseo_notices":[],"_links":{"self":[{"href":"https:\/\/espai-marx.net\/index.php?rest_route=\/wp\/v2\/posts\/1654","targetHints":{"allow":["GET"]}}],"collection":[{"href":"https:\/\/espai-marx.net\/index.php?rest_route=\/wp\/v2\/posts"}],"about":[{"href":"https:\/\/espai-marx.net\/index.php?rest_route=\/wp\/v2\/types\/post"}],"author":[{"embeddable":true,"href":"https:\/\/espai-marx.net\/index.php?rest_route=\/wp\/v2\/users\/9"}],"replies":[{"embeddable":true,"href":"https:\/\/espai-marx.net\/index.php?rest_route=%2Fwp%2Fv2%2Fcomments&post=1654"}],"version-history":[{"count":0,"href":"https:\/\/espai-marx.net\/index.php?rest_route=\/wp\/v2\/posts\/1654\/revisions"}],"wp:featuredmedia":[{"embeddable":true,"href":"https:\/\/espai-marx.net\/index.php?rest_route=\/wp\/v2\/media\/1655"}],"wp:attachment":[{"href":"https:\/\/espai-marx.net\/index.php?rest_route=%2Fwp%2Fv2%2Fmedia&parent=1654"}],"wp:term":[{"taxonomy":"category","embeddable":true,"href":"https:\/\/espai-marx.net\/index.php?rest_route=%2Fwp%2Fv2%2Fcategories&post=1654"},{"taxonomy":"post_tag","embeddable":true,"href":"https:\/\/espai-marx.net\/index.php?rest_route=%2Fwp%2Fv2%2Ftags&post=1654"}],"curies":[{"name":"wp","href":"https:\/\/api.w.org\/{rel}","templated":true}]}}