{"id":16545,"date":"2024-11-04T05:00:05","date_gmt":"2024-11-04T04:00:05","guid":{"rendered":"https:\/\/espai-marx.net\/?p=16545"},"modified":"2024-11-04T02:29:56","modified_gmt":"2024-11-04T01:29:56","slug":"texto-de-urgencia-para-una-dana-y-para-las-que-vendran","status":"publish","type":"post","link":"https:\/\/espai-marx.net\/?p=16545","title":{"rendered":"Texto de urgencia para una DANA (y para las que vendr\u00e1n)"},"content":{"rendered":"<p class=\"section__body\"><strong>Tenemos unos modelos y unas infraestructuras para un clima que ya no existe. Tenemos unos protocolos de gesti\u00f3n de conflictos y de coordinaci\u00f3n de efectivos para un contexto que tampoco existe ya.<\/strong><\/p>\n<p>Que el Mediterr\u00e1neo era una bomba de relojer\u00eda se sab\u00eda.\u00a0<a href=\"https:\/\/ctxt.es\/es\/20240801\/Firmas\/47204\/antonio-turiel-juan-bordera-mediterraneo-medican-dana-baleares-menorca-cambio-climatico-decrecimiento-calentamiento-tempestad.htm?utm_campaign=twitter\" target=\"_blank\" rel=\"noopener\">Algunos lo ven\u00edamos advirtiendo<\/a> tanto tiempo, y con tanta precisi\u00f3n, que es muy duro pensar en qu\u00e9 m\u00e1s podr\u00edamos haber dicho u hecho para evitar, al menos, una parte del enorme dolor que esta tragedia ha supuesto y va a suponer para las personas m\u00e1s afectadas.<\/p>\n<p>Que la gesti\u00f3n y ordenaci\u00f3n del territorio actual, basada en un mundo que ya no existe es un peligro p\u00fablico, se sab\u00eda. Lo que no se pod\u00eda imaginar es la enorme cantidad de errores de prevenci\u00f3n, aviso y coordinaci\u00f3n posterior que, encima, \u00edbamos a tener que padecer. Debe haber responsables, penales, incluso, de semejante tragedia.<\/p>\n<p>Que hay una serie de urgencias que hay que atender prioritariamente en un evento as\u00ed, tambi\u00e9n se sabe. Ahora mismo \u2013a 2 de noviembre\u2013 hay a\u00fan lugares sin luz, sin agua, sin alimentos, pero con escombros y agua (y hasta cad\u00e1veres, humanos y no humanos) acumul\u00e1ndose junto a basura y productos qu\u00edmicos de muy variada \u00edndole en los bajos y garajes, con el peligro que supone esto para la salud p\u00fablica y para la propia conservaci\u00f3n de los cimientos de algunos edificios. Esto es en lo que hay que poner el foco inmediato.<\/p>\n<p>Que van a venir DANAs y otros fen\u00f3menos extremos a\u00fan peores tambi\u00e9n se sabe. O deber\u00eda. Porque nos van muchas vidas en ello. Y en esto en lo que hay poner el foco bien brillante e intenso a medio plazo.<\/p>\n<p>Gloria, uno de los temporales recientes m\u00e1s devastadores,\u00a0<a href=\"https:\/\/www.iagua.es\/noticias\/europa-press\/temporal-gloria-se-podria-repetir-cada-ano-o-varias-veces-al-ano-proxima\" target=\"_blank\" rel=\"noopener\">y que puede repetirse casi cada a\u00f1o<\/a>, tuvo lugar en el mes de enero de 2020. Enero. Calculen. Quedan unos cuantos meses en los que el riesgo de volver a sufrir un evento as\u00ed es enorme teniendo en cuenta toda la evidencia cient\u00edfica que apunta a que el Mediterr\u00e1neo se est\u00e1 desestabilizando mucho m\u00e1s r\u00e1pido que otros lugares.<\/p>\n<p>Piensen que, adem\u00e1s, no tenemos ni por asomo, \u00a1ojal\u00e1!, ni la temperatura atmosf\u00e9rica ni la oce\u00e1nica de 2020. Esta temperatura atmosf\u00e9rica (+1,6\u00baC respecto a los niveles preindustriales, por encima del l\u00edmite de seguridad), esta temperatura de la superficie del mar Mediterr\u00e1neo (+2\u00baC por encima del promedio 1981-2000), esta cantidad de agua precipitable (en r\u00e9cords desde que hay registros) garantizan tragedias de gran magnitud, porque esas variables nos indican cu\u00e1nta energ\u00eda disponible hay y el riesgo real de eventos extraordinarios. El alimento de estos fen\u00f3menos que se est\u00e1n repartiendo por todas partes de \u201clluvia de a\u00f1o en un solo d\u00eda\u201d alternadas con sequ\u00edas persistentes.<\/p>\n<p>Este calentamiento inusitado de la atm\u00f3sfera y del oc\u00e9ano ha ido m\u00e1s r\u00e1pido de lo que los modelos clim\u00e1ticos han sido capaces de predecir. Esto ha ido m\u00e1s r\u00e1pido de lo que las voces m\u00e1s moderadas (incluso de la propia comunidad cient\u00edfica) han querido o sabido advertir.<\/p>\n<p>Esto lo cambia todo. O deber\u00eda.<\/p>\n<p>Tenemos unos modelos para un clima que ya no existe.<\/p>\n<p>Tenemos unas infraestructuras para un clima que ya no existe.<\/p>\n<p>Tenemos unos protocolos de gesti\u00f3n de conflictos y de coordinaci\u00f3n de efectivos para un contexto que tampoco existe ya. Planes regionales, nacionales e incluso europeos \u2013como m\u00ednimo para el Mediterr\u00e1neo\u2013 son esenciales.<\/p>\n<p>Tenemos unos gobernantes tan incapaces, que con un clima como este, tambi\u00e9n tienen que dejar de existir (como gobernantes, se entiende).<\/p>\n<p>De hecho, tenemos un modelo de acci\u00f3n pol\u00edtica que tambi\u00e9n est\u00e1 absolutamente obsoleto. Y la gesti\u00f3n tan nefasta de una cat\u00e1strofe as\u00ed lo demuestra con la dolorosa evidencia de las consecuencias.<\/p>\n<p>No hay que revisar mucho la hemeroteca para ver que en esta, como en anteriores cat\u00e1strofes, los representantes pol\u00edticos han ido muy por detr\u00e1s de las necesidades de la poblaci\u00f3n y de las respuestas espont\u00e1neas de solidaridad ciudadana.<\/p>\n<p>Todos los protocolos han de ser revisados.<\/p>\n<p>Toda la planificaci\u00f3n de infraestructuras.<\/p>\n<p>La educaci\u00f3n a la propia ciudadan\u00eda para que reaccione ante este tipo de situaciones.<\/p>\n<p>La coordinaci\u00f3n de efectivos de otras regiones y otros pa\u00edses. TODO. Porque volver\u00e1 a pasar, y muy probablemente, incluso peor.<\/p>\n<p>Y m\u00e1s nos vale que nos pille mejor preparados. Y sin enajenados por el negocio gobernando el barco, e incluso atrevi\u00e9ndose a denunciar a la AEMET \u2013el que navegaba con <em>narcos<\/em>, es que la cosa tiene narices\u2013 cuando han sido tan miopes, tan negligentes, tan criminales, de ignorar todos los avisos. La agencia inform\u00f3 r\u00e1pida y correctamente a las 7:31 del 29 de octubre dando la alerta roja, e incluso d\u00edas antes de los riesgos. Y la gesti\u00f3n depend\u00eda de ese se\u00f1or que, a diferencia de la AEMET, ha acabado borrando tuits, quiz\u00e1 porque sabe que pueden tener consecuencias penales.<\/p>\n<p>Que despu\u00e9s de activar la <em>m\u00e1quina del fango (<\/em>en este caso, terriblemente literal) por su incompetencia, encima activen las otras <em>m\u00e1quinas del fango medi\u00e1ticas<\/em>, para tratar de tapar sus verg\u00fcenzas con el ventilador lanzando mierda, hasta querell\u00e1ndose con la propia AEMET, es simplemente criminal. Ning\u00fan panfleto que haya dado p\u00e1bulo a semejantes delirios peligrosos deber\u00eda volverse a poder publicar. Tenemos un problema medi\u00e1tico tremendo con los Indas, los \u00cdker Jim\u00e9nez o los Bos\u00e9s, todos tan aplaudidos por una claque medi\u00e1tica descerebrada, que hace que luego, los otros problemas sean muy dif\u00edciles de atajar.<\/p>\n<p>Del oportunismo de algunos empresarios que con su intransigencia agravaron la tragedia, y de la defensa de la sacrosanta propiedad privada (cuando ahora lo que se tendr\u00eda que gestionar es precisamente hasta alternativas habitacionales de urgencia para esa gente que sigue atrapada) hablaremos otro d\u00eda.<\/p>\n<p>Imagen de portada: Im\u00e1genes captadas por el sat\u00e9lite US Landstat-8 de Valencia el 8 de octubre (izq.) y el 30 de octubre, durante la DANA (dcha.). \/\u00a0<strong>USGS, procesado por la ESA<br \/>\n<\/strong>Fuente: CTXT, 2 de noviembre de 2024 (<a href=\"https:\/\/ctxt.es\/es\/20241101\/Firmas\/47809\/dana-urgencia-cambio-climatico-antonio-turiel-juan-bordera-fernando-valladares.htm\">https:\/\/ctxt.es\/es\/20241101\/Firmas\/47809\/dana-urgencia-cambio-climatico-antonio-turiel-juan-bordera-fernando-valladares.htm<\/a>)<\/p>\n","protected":false},"excerpt":{"rendered":"<p>Tenemos unos modelos y unas infraestructuras para un clima que ya no existe. Tenemos unos protocolos de gesti\u00f3n de conflictos<\/p>\n","protected":false},"author":5,"featured_media":16546,"comment_status":"open","ping_status":"open","sticky":false,"template":"","format":"standard","meta":{"footnotes":""},"categories":[1563],"tags":[],"class_list":["post-16545","post","type-post","status-publish","format-standard","has-post-thumbnail","hentry","category-crisis-ecosocial"],"aioseo_notices":[],"_links":{"self":[{"href":"https:\/\/espai-marx.net\/index.php?rest_route=\/wp\/v2\/posts\/16545","targetHints":{"allow":["GET"]}}],"collection":[{"href":"https:\/\/espai-marx.net\/index.php?rest_route=\/wp\/v2\/posts"}],"about":[{"href":"https:\/\/espai-marx.net\/index.php?rest_route=\/wp\/v2\/types\/post"}],"author":[{"embeddable":true,"href":"https:\/\/espai-marx.net\/index.php?rest_route=\/wp\/v2\/users\/5"}],"replies":[{"embeddable":true,"href":"https:\/\/espai-marx.net\/index.php?rest_route=%2Fwp%2Fv2%2Fcomments&post=16545"}],"version-history":[{"count":2,"href":"https:\/\/espai-marx.net\/index.php?rest_route=\/wp\/v2\/posts\/16545\/revisions"}],"predecessor-version":[{"id":16548,"href":"https:\/\/espai-marx.net\/index.php?rest_route=\/wp\/v2\/posts\/16545\/revisions\/16548"}],"wp:featuredmedia":[{"embeddable":true,"href":"https:\/\/espai-marx.net\/index.php?rest_route=\/wp\/v2\/media\/16546"}],"wp:attachment":[{"href":"https:\/\/espai-marx.net\/index.php?rest_route=%2Fwp%2Fv2%2Fmedia&parent=16545"}],"wp:term":[{"taxonomy":"category","embeddable":true,"href":"https:\/\/espai-marx.net\/index.php?rest_route=%2Fwp%2Fv2%2Fcategories&post=16545"},{"taxonomy":"post_tag","embeddable":true,"href":"https:\/\/espai-marx.net\/index.php?rest_route=%2Fwp%2Fv2%2Ftags&post=16545"}],"curies":[{"name":"wp","href":"https:\/\/api.w.org\/{rel}","templated":true}]}}