{"id":16551,"date":"2024-11-06T05:00:43","date_gmt":"2024-11-06T04:00:43","guid":{"rendered":"https:\/\/espai-marx.net\/?p=16551"},"modified":"2024-11-19T14:00:22","modified_gmt":"2024-11-19T13:00:22","slug":"seminario-jordi-torrent-bestit-el-lukacs-tardio-1a-sesion-31-10-2024","status":"publish","type":"post","link":"https:\/\/espai-marx.net\/?p=16551","title":{"rendered":"Seminario \u00abJordi Torrent Bestit\u00bb: El Luk\u00e1cs tard\u00edo. 1\u00aa Sesi\u00f3n (31\/10\/2024)"},"content":{"rendered":"<p>El <b>jueves 31 de octubre de 2024 <\/b>nuestra asociaci\u00f3n Espaimarx inici\u00f3 un nuevo seminario de lectura de textos.<\/p>\n<p>\u00c9ste ser\u00e1 el trig\u00e9simo cuarto curso de seminarios, que comenzaron en 1988\/1989.<\/p>\n<div>Vamos a adentrarnos en el pensamiento de <b>G. Luk\u00e1cs.<\/b><\/div>\n<div><\/div>\n<div>Hemos decidido empezar por el texto de una conferencia no pronunciada, y que constituye una presentaci\u00f3n-resumen de la Ontolog\u00eda de Luk\u00e1cs: <b><em>Los fundamentos ontol\u00f3gicos del pensamiento y la acci\u00f3n humanos<\/em>. <\/b>A continuaci\u00f3n proseguiremos con la lectura de las famosas <b><em>Conversaciones con Luk\u00e1cs<\/em>. <\/b>La serie de entrevistas realizadas por Holz, Kofler y Abendroth.<\/div>\n<p>La forma de proceder es leer anticipadamente unas 20 o 25 p\u00e1ginas de texto, que posteriormente son rele\u00eddas y comentadas en una puesta en com\u00fan, que dirige un monitor.<\/p>\n<p>Quien desee participar puede dirigirse a Espaimarx en la direcci\u00f3n de correo contacto@espai-marx.net o a los diversos miembros de la asociaci\u00f3n, para pedir que se le incluya en la lista de personas a conectar en la sesi\u00f3n de Zoom. En cualquier caso, la grabaci\u00f3n del seminario ser\u00e1 publicada posteriormente en la web de Espaimarx.<\/p>\n<p>Todas las sesiones y los enlaces a los materiales se encontrar\u00e1n en nuestra secci\u00f3n <a href=\"https:\/\/www.espai-marx.net\/academia\/index.php\/curso\/seminario-jordi-torrent-bestit-el-lukacs-tardio\/\">Academia<\/a>.<\/p>\n<p><strong>Audio de la sesi\u00f3n<\/strong><\/p>\n<audio class=\"wp-audio-shortcode\" id=\"audio-16551-1\" preload=\"none\" style=\"width: 100%;\" controls=\"controls\"><source type=\"audio\/mpeg\" src=\"http:\/\/www.espai-marx.net\/academia\/wp-content\/uploads\/2024\/11\/Seminario-Lukacs-GMT20241031.mp3?_=1\" \/><a href=\"http:\/\/www.espai-marx.net\/academia\/wp-content\/uploads\/2024\/11\/Seminario-Lukacs-GMT20241031.mp3\">http:\/\/www.espai-marx.net\/academia\/wp-content\/uploads\/2024\/11\/Seminario-Lukacs-GMT20241031.mp3<\/a><\/audio>\n<p><strong>V\u00edd<\/strong><strong>eo de la sesi\u00f3n<\/strong><\/p>\n<p><iframe loading=\"lazy\" title=\"Seminario El Luk\u00e1cs tard\u00edo. 1\u00aa sesi\u00f3n (31\/10\/2024)\" width=\"800\" height=\"450\" src=\"https:\/\/www.youtube.com\/embed\/A0It8zSnQXk?feature=oembed\" frameborder=\"0\" allow=\"accelerometer; autoplay; clipboard-write; encrypted-media; gyroscope; picture-in-picture; web-share\" referrerpolicy=\"strict-origin-when-cross-origin\" allowfullscreen><\/iframe><\/p>\n","protected":false},"excerpt":{"rendered":"<p>El jueves 31 de octubre de 2024 nuestra asociaci\u00f3n Espaimarx inici\u00f3 un nuevo seminario de lectura de textos. \u00c9ste ser\u00e1<\/p>\n","protected":false},"author":5,"featured_media":16552,"comment_status":"open","ping_status":"open","sticky":false,"template":"","format":"standard","meta":{"footnotes":""},"categories":[2184,8,1547,870,869],"tags":[],"class_list":["post-16551","post","type-post","status-publish","format-standard","has-post-thumbnail","hentry","category-el-lukacs-tardio-2024","category-filosofia","category-georg-lukacs","category-multimedia","category-seminarios"],"aioseo_notices":[],"_links":{"self":[{"href":"https:\/\/espai-marx.net\/index.php?rest_route=\/wp\/v2\/posts\/16551","targetHints":{"allow":["GET"]}}],"collection":[{"href":"https:\/\/espai-marx.net\/index.php?rest_route=\/wp\/v2\/posts"}],"about":[{"href":"https:\/\/espai-marx.net\/index.php?rest_route=\/wp\/v2\/types\/post"}],"author":[{"embeddable":true,"href":"https:\/\/espai-marx.net\/index.php?rest_route=\/wp\/v2\/users\/5"}],"replies":[{"embeddable":true,"href":"https:\/\/espai-marx.net\/index.php?rest_route=%2Fwp%2Fv2%2Fcomments&post=16551"}],"version-history":[{"count":2,"href":"https:\/\/espai-marx.net\/index.php?rest_route=\/wp\/v2\/posts\/16551\/revisions"}],"predecessor-version":[{"id":16554,"href":"https:\/\/espai-marx.net\/index.php?rest_route=\/wp\/v2\/posts\/16551\/revisions\/16554"}],"wp:featuredmedia":[{"embeddable":true,"href":"https:\/\/espai-marx.net\/index.php?rest_route=\/wp\/v2\/media\/16552"}],"wp:attachment":[{"href":"https:\/\/espai-marx.net\/index.php?rest_route=%2Fwp%2Fv2%2Fmedia&parent=16551"}],"wp:term":[{"taxonomy":"category","embeddable":true,"href":"https:\/\/espai-marx.net\/index.php?rest_route=%2Fwp%2Fv2%2Fcategories&post=16551"},{"taxonomy":"post_tag","embeddable":true,"href":"https:\/\/espai-marx.net\/index.php?rest_route=%2Fwp%2Fv2%2Ftags&post=16551"}],"curies":[{"name":"wp","href":"https:\/\/api.w.org\/{rel}","templated":true}]}}