{"id":16596,"date":"2024-11-14T05:00:48","date_gmt":"2024-11-14T04:00:48","guid":{"rendered":"https:\/\/espai-marx.net\/?p=16596"},"modified":"2024-11-14T04:20:22","modified_gmt":"2024-11-14T03:20:22","slug":"valencia","status":"publish","type":"post","link":"https:\/\/espai-marx.net\/?p=16596","title":{"rendered":"Valencia"},"content":{"rendered":"<p><em>Uno de los compa\u00f1eros que participa en nuestro grupo de debate, miembro tambi\u00e9n de <a href=\"https:\/\/x.com\/bombers_indigna\">Bombers Indignats<\/a>, acaba de volver de un viaje como voluntario para paliar los da\u00f1os producto de la DANA en el sur de Valencia. Dado el inter\u00e9s de la experiencia y de sus reflexiones hemos cre\u00eddo \u00fatil publicarlo tambi\u00e9n en este medio.<\/em><\/p>\n<p>Volvimos el domingo de Valencia despu\u00e9s de contribuir con un granito de arena a poner en orden en ese desastre.<\/p>\n<p>Fuimos Edu espa\u00f1ol y yo, dos bomberos indignados, veteranos, que no fuimos en calidad de bomberos sino como mensajeros en bici. La bici ha sido, dado el colapso general, un medio de transporte ideal para moverse en la zona cero y llevar productos de cualquier \u00edndole a aquellas personas con dificultades. Hay que contar que las calles y los bajos de todos los edificios estaban devastados. Tambi\u00e9n llevamos y pusimos en marcha un generador y ayudamos a los vecinos en tareas de b\u00fasqueda de personas aisladas en sus domicilios en las localidades de Massanassa y La Torre.<\/p>\n<p>Durante estos d\u00edas hemos observado como la organizaci\u00f3n vecinal es la que ha funcionado para dar respuesta a la emergencia. Muchos de los vecinos en los municipios afectados son de origen humilde, abundan los guetos lo cual no ayuda en la organizaci\u00f3n, el tejido humano en los barrios ha cambiado durante los \u00faltimos a\u00f1os y la gente ya no se conoce, de ese modo dif\u00edcilmente se sabe a ciencia cierta qui\u00e9n est\u00e1 aislado o es vulnerable.<\/p>\n<p>A pesar de eso, la vecindad ha trabajado duro y se ha organizado utilizando los medios a su alcance, en las parroquias, en colectivos con organizaci\u00f3n previa como el de Parque Alcosa, que ya trabajaba contra la exclusi\u00f3n, pero tambi\u00e9n, como vimos en Massanassa, en una horchater\u00eda en unos bajos afectados pero que hab\u00edan adecentado como almac\u00e9n y oficina de coordinaci\u00f3n. Desde estos lugares los vecinos cogieron el toro por los cuernos d\u00e1ndose cuenta de que nadie m\u00e1s estaba haciendo lo que ellos hac\u00edan. Manten\u00edan contacto con la administraci\u00f3n con la que frecuentemente estaban enfadados pues se daban cuenta de la inutilidad de la burocracia. Trabajando con ellos en el descarte de los vulnerables o aislados nos dimos cuenta c\u00f3mo aprend\u00edan r\u00e1pido a recoger informaci\u00f3n y as\u00ed a distribuir los productos seg\u00fan las necesidades.<\/p>\n<p>Es una l\u00e1stima la escasa presencia de ganchos organizativos y pol\u00edticos previos, partidos u organizaciones sindicales que aunaran esa masa de gente trabajadora. Esperemos que la experiencia sirva como ejemplo de que las cosas se pueden hacer desde abajo sin la injerencia de pol\u00edticos. Hablando con alg\u00fan activista en el centro de distribuci\u00f3n de La rambleta en Valencia nos dec\u00edan que los valencianos de las zonas afectadas eran en su mayor\u00eda votantes del PP as\u00ed que los descartaban como colectivo del que se pudiese obtener un cambio. Nosotros pensamos que no es as\u00ed pero sabemos que ser\u00e1 dif\u00edcil hacer visible lo que han conseguido esos votantes del PP actuando colectivamente.<\/p>\n<p>En cuanto a los servicios de emergencia p\u00fablicos, coincidimos con muchos compa\u00f1eros bomberos de otros lugares de Espa\u00f1a, todos han acudido de forma voluntaria. Algunos de ellos, como en el caso de una unidad de b\u00fasqueda de Baleares, con unidad canina, drones, etc hab\u00edan tenido que cambiar sus guardias con alg\u00fan compa\u00f1ero para poder acudir. El resumen es que la palabra \u00abvoluntariado\u00bb es lo que sostiene las emergencias en Espa\u00f1a. La prevenci\u00f3n y la pedagog\u00eda para la poblaci\u00f3n es escasa por no decir inexistente.<\/p>\n<p>Un ejemplo est\u00e1n dando los voluntarios de todas partes que trabajan en las calles y bajos de las casas, gente muy joven que han transmitido y contagiado optimismo a todos. A destacar la presencia de mujeres que abundan tanto o m\u00e1s que los hombres en esas tareas duras.<\/p>\n<p>Bueno, hasta aqu\u00ed este breve reporte de la experiencia. Gracias amigos de Espai Marx por el inter\u00e9s.<\/p>\n<p>Jos\u00e9 Luis<\/p>\n","protected":false},"excerpt":{"rendered":"<p>Uno de los compa\u00f1eros que participa en nuestro grupo de debate, miembro tambi\u00e9n de Bombers Indignats, acaba de volver de<\/p>\n","protected":false},"author":5,"featured_media":16598,"comment_status":"open","ping_status":"open","sticky":false,"template":"","format":"standard","meta":{"footnotes":""},"categories":[3,1563],"tags":[],"class_list":["post-16596","post","type-post","status-publish","format-standard","has-post-thumbnail","hentry","category-condiciones-de-vida","category-crisis-ecosocial"],"aioseo_notices":[],"_links":{"self":[{"href":"https:\/\/espai-marx.net\/index.php?rest_route=\/wp\/v2\/posts\/16596","targetHints":{"allow":["GET"]}}],"collection":[{"href":"https:\/\/espai-marx.net\/index.php?rest_route=\/wp\/v2\/posts"}],"about":[{"href":"https:\/\/espai-marx.net\/index.php?rest_route=\/wp\/v2\/types\/post"}],"author":[{"embeddable":true,"href":"https:\/\/espai-marx.net\/index.php?rest_route=\/wp\/v2\/users\/5"}],"replies":[{"embeddable":true,"href":"https:\/\/espai-marx.net\/index.php?rest_route=%2Fwp%2Fv2%2Fcomments&post=16596"}],"version-history":[{"count":2,"href":"https:\/\/espai-marx.net\/index.php?rest_route=\/wp\/v2\/posts\/16596\/revisions"}],"predecessor-version":[{"id":16600,"href":"https:\/\/espai-marx.net\/index.php?rest_route=\/wp\/v2\/posts\/16596\/revisions\/16600"}],"wp:featuredmedia":[{"embeddable":true,"href":"https:\/\/espai-marx.net\/index.php?rest_route=\/wp\/v2\/media\/16598"}],"wp:attachment":[{"href":"https:\/\/espai-marx.net\/index.php?rest_route=%2Fwp%2Fv2%2Fmedia&parent=16596"}],"wp:term":[{"taxonomy":"category","embeddable":true,"href":"https:\/\/espai-marx.net\/index.php?rest_route=%2Fwp%2Fv2%2Fcategories&post=16596"},{"taxonomy":"post_tag","embeddable":true,"href":"https:\/\/espai-marx.net\/index.php?rest_route=%2Fwp%2Fv2%2Ftags&post=16596"}],"curies":[{"name":"wp","href":"https:\/\/api.w.org\/{rel}","templated":true}]}}