{"id":1660,"date":"2011-10-07T00:00:00","date_gmt":"2011-10-07T00:00:00","guid":{"rendered":"https:\/\/espai-marx.net\/?p=1660"},"modified":"2020-02-21T11:32:05","modified_gmt":"2020-02-21T10:32:05","slug":"de-rics-jokers-i-trampes","status":"publish","type":"post","link":"https:\/\/espai-marx.net\/?p=1660","title":{"rendered":"De rics, &#8216;j\u00f2kers&#8217; i trampes"},"content":{"rendered":"<p>La dreta catalana en el poder, la pol\u00edtica, per\u00f2 tamb\u00e9 la financera, empresarial i medi\u00e0tica, \u00e9s c\u00ednica i prepotent. \u00c9s el paper que li correspon, hist\u00f2ricament, per fidelitat de classe i manteniment de privilegis. El seu portaveu, el president Artur, va dir fa uns dies al parlament que posaria un impost a les grans fortunes. Ja! \u00c9s un comod\u00ed molt vell que truen de \u201cfarol\u201d per apaivagar les cr\u00edtiques irades que provoquen les retallades antisocials. Nosaltres tamb\u00e9 pagarem m\u00e9s, venen a dir. Aquesta vegada, per\u00f2, en poques hores, es van desdir. L\u2019encarregat del tema, el senyor Mas Collell, va deixar ben clar que ells no es collen a ells mateixos, si alg\u00fa els vol collar, que els colli un altre. En concret: el govern catal\u00e0 no vol abordar la q\u00fcesti\u00f3, caldria resoldre-la a nivell europeu o espanyol. Tot seguit, el president Artur va afegir que, si es fes, seria un impost per a fer \u201cpedagogia\u201d m\u00e9s que no pas per augmentar sensiblement la recaptaci\u00f3. A qui s\u2019adre\u00e7ava? Als representants del poble o als socis del \u201cC\u00edrculo Ecuestre\u201d? Trilerisme pol\u00edtic. No nom\u00e9s incompleixen les lleis aprovades pel Parlament, com han fet amb el doblatge, sin\u00f3 que anuncien coses que no pensen fer. Pura propaganda. Ens prenen per imb\u00e8cils? Ben pensat, per\u00f2, potser s\u00ed que l\u2019impost hauria de ser europeu (o mundial) com ha dit el senyor encarregat, ja que com han demostrat constant i impunement, les grans fortunes catalanes solen estar a Su\u00efssa, Andorra, Liechtenstein o en d\u2019altres paradisos ex\u00f2tics, antics caus de pirates. Informava fa poc David Fern\u00e1ndez, a La Directa, que el frau fiscal a Catalunya quintuplica les retallades socials del govern Mas. Bon periodisme en temps de por a perdre la subvenci\u00f3, servilisme, frivolitat i proganda. Als sectors responsables de la crisi no se\u2019ls colla amb mesures econ\u00f2miques ni jur\u00eddiques. Ben al contrari, se\u2019ls ajuda. Encara que robin, se\u2019ls honora. La fuga de capitals, el blanqueig de diners i els delictes econ\u00f2mics de les classes que governen es toleren, entren dins la nostra normalitat de ciutadans de naci\u00f3 oprimida disposats a ser el millor estat del m\u00f3n. Estan en el projecte. S\u00f3n el projecte. Tamb\u00e9. Als Millets, Pret\u00f2ries, Nu\u00f1ez, Folchis, Carulles&#8230;. se\u2019ls mira amb ulls incr\u00e8duls i comprensius quan se\u2019ls acusa de delinquir. Fins i tot, en alguns casos, se\u2019ls defensa, se\u2019ls exculpa, inventant complots contra Catalunya. Ells s\u00f3n patriotes catalans. En el pitjor dels casos passen dues setmanetes a la pres\u00f3 i se\u2019n tornen cap a casa, a seguir amb l\u2019estiueig permanent i les seves trampes. O \u00e9s que en F\u00e8lix, el gran \u201cj\u00f2ker\u201d (fins i tot s\u2019hi assembla) no havia muntat una banda delictiva de la qual sucaven pol\u00edtics, burgesos i les seves fundacions? Aix\u00f2 s\u00ed, sempre pel b\u00e9 del pa\u00eds, que s\u00f3n ells, es declarin soberanistes o regionalistes, no ho oblidem. Aquest estiu, l\u2019encarregat de l\u2019ordre p\u00fablic, senyor Puig, posant com a exemple les bandes de peruans que actuen a les autopistes o els lladres de coure romanesos, ha dit \u201csense hipocresia\u201d, valent com \u00e9s ell, que \u201ca vegades hi ha uns col\u00b7lectius d&#8217;una proced\u00e8ncia determinada que tenen tend\u00e8ncia a caure en determinats \u00e0mbits delictius i s&#8217;organitzen en clans\u201d. Als exemples, podria haver afegit alguns cercles de la burgesia i l\u2019empresariat catal\u00e0 lligats al seu partit. El lladre no roba per ser d\u2019aqu\u00ed o d\u2019all\u00e0. El delicte no t\u00e9 p\u00e0tria. F\u00f3ra de la llei, la gent sol organitzar-se amb els de la seva confian\u00e7a i condici\u00f3. No va per pa\u00eds d\u2019origen, necess\u00e0riament. \u00c9s una q\u00fcesti\u00f3 de classe. Amb els delictes de la burgesia funciona \u201dl\u2019omert\u00e1\u201d. Ning\u00fa vol recordar, com ho fa La Directa, que el pare del president Artur tenia diners a Liechtenstein. I en Maci\u00e0 Alavedra, pobre, a Andorra. Els pobres roben coure. Els rics fan evasi\u00f3 de capitals. Als pobres, per\u00f2, generalment, els cal robar per viure. Als rics, no. Als pobres, la societat ja no els dona res. Als rics, massa. Fins i tot diner p\u00fablic, tr\u00e0fic d\u2019influ\u00e8ncies, trampes d\u2019enginyeria financera\u2026.i sobretot, sobretot, impunitat, la gran protagonista dels nostres temps. I poder. La veritat, per\u00f2, \u00e9s que l\u2019especulaci\u00f3 i el frau al m\u00e9s alt nivell, \u00e9s una de les causes que ha provocat la crisi actual. I no el robatori de coure que n\u2019\u00e9s, m\u00e9s aviat, una conseq\u00fc\u00e8ncia.<\/p>\n","protected":false},"excerpt":{"rendered":"<p>La dreta catalana en el poder, la pol\u00edtica, per\u00f2 tamb\u00e9 la financera, empresarial i medi\u00e0tica, \u00e9s c\u00ednica i prepotent. \u00c9s<\/p>\n","protected":false},"author":9,"featured_media":1661,"comment_status":"open","ping_status":"open","sticky":false,"template":"","format":"standard","meta":{"footnotes":""},"categories":[3],"tags":[],"class_list":["post-1660","post","type-post","status-publish","format-standard","has-post-thumbnail","hentry","category-condiciones-de-vida"],"aioseo_notices":[],"_links":{"self":[{"href":"https:\/\/espai-marx.net\/index.php?rest_route=\/wp\/v2\/posts\/1660","targetHints":{"allow":["GET"]}}],"collection":[{"href":"https:\/\/espai-marx.net\/index.php?rest_route=\/wp\/v2\/posts"}],"about":[{"href":"https:\/\/espai-marx.net\/index.php?rest_route=\/wp\/v2\/types\/post"}],"author":[{"embeddable":true,"href":"https:\/\/espai-marx.net\/index.php?rest_route=\/wp\/v2\/users\/9"}],"replies":[{"embeddable":true,"href":"https:\/\/espai-marx.net\/index.php?rest_route=%2Fwp%2Fv2%2Fcomments&post=1660"}],"version-history":[{"count":0,"href":"https:\/\/espai-marx.net\/index.php?rest_route=\/wp\/v2\/posts\/1660\/revisions"}],"wp:featuredmedia":[{"embeddable":true,"href":"https:\/\/espai-marx.net\/index.php?rest_route=\/wp\/v2\/media\/1661"}],"wp:attachment":[{"href":"https:\/\/espai-marx.net\/index.php?rest_route=%2Fwp%2Fv2%2Fmedia&parent=1660"}],"wp:term":[{"taxonomy":"category","embeddable":true,"href":"https:\/\/espai-marx.net\/index.php?rest_route=%2Fwp%2Fv2%2Fcategories&post=1660"},{"taxonomy":"post_tag","embeddable":true,"href":"https:\/\/espai-marx.net\/index.php?rest_route=%2Fwp%2Fv2%2Ftags&post=1660"}],"curies":[{"name":"wp","href":"https:\/\/api.w.org\/{rel}","templated":true}]}}