{"id":1667,"date":"2011-10-16T00:00:00","date_gmt":"2011-10-16T00:00:00","guid":{"rendered":"https:\/\/espai-marx.net\/?p=1667"},"modified":"2020-02-21T11:28:06","modified_gmt":"2020-02-21T10:28:06","slug":"telenoticies-antitermics","status":"publish","type":"post","link":"https:\/\/espai-marx.net\/?p=1667","title":{"rendered":"Telenot\u00edcies antit\u00e8rmics"},"content":{"rendered":"<p lang=\"es-ES\" style=\"margin-top: 0.49cm; margin-bottom: 0.49cm; text-align: left;\" align=\"CENTER\"><i>\u00a0(http:\/\/rogervilalta.wordpress.com\/)<\/i><\/p>\n<p lang=\"es-ES\" style=\"margin-top: 0.49cm; margin-bottom: 0.49cm;\" align=\"JUSTIFY\">Si una cosa va assolir satisfact\u00f2riament el moviment del 15-M a Catalunya va ser posar el poder pol\u00edtic del pa\u00eds en situaci\u00f3 d\u2019amena\u00e7ador escac. La frustrada temptativa de desallotjament -o neteja, segons pr\u00f2pies paraules dels inspiradors- del 27 de maig i l\u2019intent d\u2019aturar el Parlament per part dels \u2018indignats\u2019 el 15 de juny va ferir el govern de la Generalitat en dues \u00e0rees fonamentals. D\u2019una banda, aquests fets trasbalsaven la l\u00ednia estrat\u00e8gica que des que va agafar les regnes el president Mas perseguia prioritzar i potenciar tots els temes relacionats amb la seguretat a Catalunya i, en darrer terme, mostraven a l\u2019opini\u00f3 p\u00fablica de manera transparent que el Govern flaquejava en mat\u00e8ria de control de la informaci\u00f3.<\/p>\n<p lang=\"es-ES\" style=\"margin-top: 0.49cm; margin-bottom: 0.49cm;\" align=\"JUSTIFY\">En un marge de poques setmanes, una ciutadania tocada en major o menor grau per la crisi econ\u00f2mica i fatigada per la llunyania del discurs pol\u00edtic, va ser testimoni d\u2019una certa generalitzaci\u00f3 del desordre i la crispaci\u00f3, fins i tot, del conflicte social. Durant for\u00e7a dies, les imatges televisives de les places catalanes i de la resta de l\u2019estat compartien protagonisme amb la pla\u00e7a Sintagma de la capital d\u2019un pa\u00eds en fallida i ens recordaven -salvant les dist\u00e0ncies- les revoltes populars que s\u2019havien produ\u00eft a diversos indrets del nord d\u2019\u00c0frica i el Pr\u00f2xim Orient.<\/p>\n<p lang=\"es-ES\" style=\"margin-top: 0.49cm; margin-bottom: 0.49cm;\" align=\"JUSTIFY\">Des de la perspectiva del poder executiu, all\u00f2 era simplement intolerable. M\u00e9s intolerable encara, sabent que dins de les l\u00ednies estrat\u00e8giques d\u2019aquell poder es trobaven -i es troben, com sabem- unes imparables pol\u00edtiques de massives i doloroses retallades socials que dif\u00edcilment es poden a dur a terme enmig d\u2019un clima d\u2019agitaci\u00f3 ciutadana. Una situaci\u00f3 que se\u2019ls escapava perillosament de les mans ha hagut de ser urgentment redre\u00e7ada.<\/p>\n<p lang=\"es-ES\" style=\"margin-top: 0.49cm; margin-bottom: 0.49cm;\" align=\"JUSTIFY\">I s\u2019ha redre\u00e7at. D\u2019aleshores en\u00e7\u00e0, el govern d\u2019Artur Mas no ha perm\u00e8s que cap esdeveniment ni cap discurs al nostre pa\u00eds poguessin enterbolir l\u2019aplicaci\u00f3 de les mesures governamentals de la manera que havien estat planificades. Per a l\u2019exit\u00f3s desenlla\u00e7 d\u2019aquestes t\u00e0ctiques no cal dir que ha estat primordial recuperar el control de la informaci\u00f3, primer, i netejar la malmesa imatge dels cossos de seguretat, despr\u00e9s.<\/p>\n<h3 class=\"western\" lang=\"es-ES\" align=\"JUSTIFY\">Refredar el term\u00f2metre social<\/h3>\n<p lang=\"es-ES\" style=\"margin-top: 0.49cm; margin-bottom: 0.49cm;\" align=\"JUSTIFY\">No cal ser especialment perspica\u00e7 per endevinar que el control de la informaci\u00f3 per part d\u2019un govern necessita de la conniv\u00e8ncia majorit\u00e0ria dels mitjans de comunicaci\u00f3 del pa\u00eds. En el cas que ens ocupa, la complicitat medi\u00e0tica \u00e9s del tot natural en grups de comunicaci\u00f3 hist\u00f2ricament al\u00b7l\u00e8rgics als mots \u2018desordre\u2019 i \u2018inseguretat\u2019 (<strong>God\u00f3<\/strong>, al capdavant), probablement tamb\u00e9 en d\u2019altres m\u00e9s preocupats pels aven\u00e7os sobiranistes que no pas per les demandes socials (<strong>Hermes<\/strong>, grup propietari d\u2019<strong>El Punt Avui<\/strong>) i definitivament dif\u00edcil d\u2019aconseguir en grups de comunicaci\u00f3 d\u2019abast estatal i\/o d\u2019ideologia -diguem-ne- progressista (<strong>Zeta<\/strong>, <strong>Prisa<\/strong>\u2026).<\/p>\n<p lang=\"es-ES\" style=\"margin-top: 0.49cm; margin-bottom: 0.49cm;\" align=\"JUSTIFY\">El que s\u00ed que \u00e9s primordial \u00e9s controlar al m\u00e0xim els mitjans de comunicaci\u00f3 nacionals p\u00fablics del pa\u00eds, en aquest cas<strong>Catalunya R\u00e0dio<\/strong>, per\u00f2 sobretot <strong>TV3<\/strong>, at\u00e8s l\u2019intr\u00ednsec potencial d\u2019influ\u00e8ncia de la televisi\u00f3 en general i, de manera particular, per la consolidada imatge de credibilitat de la cadena p\u00fablica catalana.<\/p>\n<p lang=\"es-ES\" style=\"margin-top: 0.49cm; margin-bottom: 0.49cm;\" align=\"JUSTIFY\">Si hem anat seguint els espais informatius de refer\u00e8ncia de <strong>TV3<\/strong>haurem pogut comprovar que des que es van produir els fets del Parlament de Catalunya el 15 de juny, s\u2019han anat succeint tres fen\u00f2mens interessants. El primer, l\u2019estranya desaparici\u00f3 de la llum p\u00fablica (fins fa ben poques setmanes) de la figura pol\u00edtica que m\u00e9s s\u2019havia prodigat durant la calenta primavera catalana, el conseller d\u2019interior <strong>Felip Puig<\/strong>. El segon, el restabliment de la correcta imatge p\u00fablica dels <strong>Mossos d\u2019Esquadra <\/strong>a trav\u00e9s de la difusi\u00f3 -dia s\u00ed, dia tamb\u00e9- d\u2019innombrables i exitoses operacions anti-droga, o contra bandes especialitzades en robatoris, m\u00e0fies de la prostituci\u00f3 o furts en les zones tur\u00edstiques del pa\u00eds. I el tercer, la progressiva minva en la focalitzaci\u00f3 informativa de qualsevol esdeveniment que de manera directa o indirecta ens pogu\u00e9s recordar el recent passat convuls o transportar a places ocupades i a esl\u00f2gans subversius.<\/p>\n<p lang=\"es-ES\" style=\"margin-top: 0.49cm; margin-bottom: 0.49cm;\" align=\"JUSTIFY\">Com d\u00e8iem, des de la perspectiva de qui governa un pa\u00eds, sobretot en temps de crisi, \u00e9s simplement inacceptable que la ciutadania tingui la percepci\u00f3 que, u, el pa\u00eds \u00e9s un caos, i dos, que els encarregats de garantir la seguretat interior defensen \u00fanicament els interessos dels que ostenten el poder. I contrarestar aquestes dues circumst\u00e0ncies ha estat el que ha ocupat els darrers mesos bona part de la jornada laboral dels nostres dirigents. I sens dubte, se n\u2019han sortit amb escreix.<\/p>\n<p lang=\"es-ES\" style=\"margin-top: 0.49cm; margin-bottom: 0.49cm;\" align=\"JUSTIFY\">Les llargu\u00edssimes vacances d\u2019estiu del conseller <strong>Puig <\/strong>(vacances medi\u00e0tiques, s\u2019ent\u00e9n) i els triomfants relats que els cossos de seguretat del pa\u00eds han pogut col\u00b7locar en els principals mitjans de comunicaci\u00f3 -repeteixo, especialment a <strong>TV3<\/strong>-, tot plegat amanit amb la manera com se\u2019ns estan presentant les protestes contra les retallades dels diversos col\u00b7lectius professionals, han propiciat l\u2019assoliment d\u2019un clima ciutad\u00e0 acceptablement menys calent que el vam viure en la primavera. Imaginem-nos per un moment que les darreres intencions estalviadores de l\u2019Institut Catal\u00e0 de la Salut haguessin sortit a la llum p\u00fablica enmig d\u2019aquell enorme sidral reivindicatiu.<\/p>\n<p lang=\"es-ES\" style=\"margin-top: 0.49cm; margin-bottom: 0.49cm;\" align=\"JUSTIFY\">Tot i les temperatures estiuenques, tot i la profusi\u00f3 de dades socials i econ\u00f2miques negatives, \u00e9s indubtable que la perillosament oscil\u00b7lat\u00f2ria febre \u201crevolucion\u00e0ria\u201d s\u2019ha transformat en permanent -per\u00f2 controlable- febr\u00edcula. I aquest nou clima social ha propiciat no nom\u00e9s que el conseller d\u2019interior <strong>Felip Puig <\/strong>hagi reaparegut a la vida p\u00fablica catalana amb una completa neteja de cutis sin\u00f3 que ho hagi fet, a m\u00e9s, amb el total convenciment que les recomanacions -o subtils directrius- que va deixar anar el dia que presentava la col\u00b7laboraci\u00f3 del departament amb els municipis serien amablement recollides pel col\u00b7lectiu period\u00edstic:<\/p>\n<p class=\"western\" lang=\"es-ES\" style=\"margin-bottom: 0cm;\" align=\"JUSTIFY\">[la seguretat] \u00e9s un gran repte de pa\u00eds, i en aquest repte hi han d\u2019altres agents i actors. Tamb\u00e9 els mitjans de comunicaci\u00f3, i per tant estic conven\u00e7ut que tindrem capacitat d\u2019establir di\u00e0leg amb els mitjans sobre de quina manera podem traslladar aquest gran comprom\u00eds per a seguir tenint ciutadans plenament lliures i segurs<\/p>\n<p lang=\"es-ES\" style=\"margin-top: 0.49cm; margin-bottom: 0.49cm;\" align=\"JUSTIFY\">No m\u2019entretindr\u00e9 a detallar-vos el seguit de sentiments i records que em provoquen sent\u00e8ncies com aquesta. En cap cas no podria millorar el que ha expressat de manera clara el periodista <strong>DavidFern\u00e0ndez<\/strong>a <strong>Media.cat <\/strong>en el seu article <a href=\"http:\/\/wmail74.movistar.es\/cp\/ps\/Mail\/ExternalURLProxy?d=telefonica.net&amp;u=nandozc&amp;url=-119301696\" target=\"_blank\" rel=\"noopener noreferrer\"><i>Plomes o porres<\/i><\/a>:<\/p>\n<p class=\"western\" lang=\"es-ES\" style=\"margin-bottom: 0cm;\" align=\"JUSTIFY\">Sant tornem-hi. El requeriment de Puig suscita l\u2019etern debat vers l\u2019aporia d\u2019escriure amb ploma o amb porra. Els l\u00edmits precisos entre propaganda i informaci\u00f3, la frontera que separa el mercenari del periodista. Fet i desfet, en aquest pa\u00eds tan petit, la tensa i contradict\u00f2ria relaci\u00f3 entre filtraci\u00f3 polic\u00edaca i informaci\u00f3 lliure \u00e9s tristament prol\u00edfica (\u2026)<\/p>\n<p lang=\"es-ES\" style=\"margin-top: 0.49cm; margin-bottom: 0.49cm;\" align=\"JUSTIFY\">Tanmateix, s\u00ed que far\u00e9 notar que, a banda de l\u2019esmentat article de <strong>David Fern\u00e0ndez<\/strong>, aquestes -diguem-ne- recomanacions del conseller <strong>Puig<\/strong>nom\u00e9s han estat recollides pel diari digital <a href=\"http:\/\/wmail74.movistar.es\/cp\/ps\/Mail\/ExternalURLProxy?d=telefonica.net&amp;u=nandozc&amp;url=1569136924\" target=\"_blank\" rel=\"noopener noreferrer\"><i>e-not\u00edcies<\/i><\/a>, m\u2019imagino que per l\u2019habitual dedicaci\u00f3 d\u2019aquest mitj\u00e0 a difondre informacions que poden suscitar la pol\u00e8mica. Cap esment m\u00e9s en cap altre mitj\u00e0 de comunicaci\u00f3; cap expressi\u00f3 en 140 car\u00e0cters en els populars comptes de twitter dels encara m\u00e9s populars professionals de la informaci\u00f3; cap comunicat de queixa del nostre Col\u00b7legi de Periodistes de Catalunya (que s\u00ed havia <a href=\"http:\/\/wmail74.movistar.es\/cp\/ps\/Mail\/ExternalURLProxy?d=telefonica.net&amp;u=nandozc&amp;url=1503246783\" target=\"_blank\" rel=\"noopener noreferrer\"><b>reaccionat<\/b><\/a>, en canvi, davant les cr\u00edtiques del conseller a la cobertura informativa del desallotjament del 27 de maig).<\/p>\n<p lang=\"es-ES\" style=\"margin-top: 0.49cm; margin-bottom: 0.49cm;\" align=\"JUSTIFY\">Senyal que la informaci\u00f3 llen\u00e7ada pel titular d\u2019Interior de la Generalitat ha arribat de manera precisa a qui havia d\u2019arribar i que ha quallat: no ha estat filtrada a la sempre excessivament mal\u00b7leable opini\u00f3 p\u00fablica, sin\u00f3 que ha quedat ben custodiada per aquells que, sabent-se professionals d\u2019una tasca d\u2019enorme responsabilitat social, sens dubte sabran utilitzar-la amb el seny que correspon.<\/p>\n<h3 class=\"western\" lang=\"es-ES\" align=\"JUSTIFY\">El nostrat antit\u00e8rmic televisiu<\/h3>\n<p lang=\"es-ES\" style=\"margin-top: 0.49cm; margin-bottom: 0.49cm;\" align=\"JUSTIFY\">El dilluns 3 d\u2019octubre ens ha proporcionat l\u2019exemple perfecte d\u2019aquesta recuperaci\u00f3 del control informatiu per part dels gestors del nostre pa\u00eds. Farem una ullada detallada a l\u2019espai informatiu de refer\u00e8ncia de la cadena p\u00fablica catalana, el <strong>Telenot\u00edcies<\/strong>, afegint-hi unes pinzellades comparatives amb <strong>L\u2019Informatiu<\/strong>de <strong>TVE Catalunya<\/strong>.<\/p>\n<p lang=\"es-ES\" style=\"margin-top: 0.49cm; margin-bottom: 0.49cm;\" align=\"JUSTIFY\">Aquell dia, el protagonisme del panorama socialment bullici\u00f3s catal\u00e0 requeia, d\u2019una banda, en la sanitat p\u00fablica (augment de les llistes d\u2019espera de les operacions quir\u00fargiques i nou intent negociador entre l\u2019<strong>Institut Catala de la Salut <\/strong>i els sindicats), i de l\u2019altra, en l\u2019inici de les detencions dels pressumptes implicats en el bloqueig del Parlament de Catalunya el 15 de juny.<\/p>\n<p lang=\"es-ES\" style=\"margin-top: 0.49cm; margin-bottom: 0.49cm;\" align=\"JUSTIFY\"><strong>TV3<\/strong>, en el seu<a href=\"http:\/\/wmail74.movistar.es\/cp\/ps\/Mail\/ExternalURLProxy?d=telefonica.net&amp;u=nandozc&amp;url=-406593138\" target=\"_blank\" rel=\"noopener noreferrer\"><b>Telenot\u00edcies Vespre<\/b><\/a> ho va veure de la seg\u00fcent manera:<\/p>\n<p><strong>Not\u00edcies sobre la sanitat p\u00fablica<\/strong><\/p>\n<p lang=\"es-ES\" style=\"margin-top: 0.49cm; margin-bottom: 0.49cm;\" align=\"JUSTIFY\">El <strong>Telenot\u00edcies Vespre<\/strong>va obrir edici\u00f3 amb una not\u00edcia d\u2019indubtable inter\u00e8s per a la ciutadania, l\u2019augment de les llistes d\u2019espera en operacions quir\u00fargiques i les mesures que el Departament de Salut aplicaria per garantir uns terminis concrets d\u2019espera segons la urg\u00e8ncia de cada malaltia. La durada total de la not\u00edcia va ser de 3 minuts 49 segons (del 01:23 al 05:12) i va consistir en:<\/p>\n<p lang=\"es-ES\" style=\"margin-top: 0.49cm; margin-bottom: 0.49cm;\" align=\"JUSTIFY\">1.- Informaci\u00f3 pr\u00e8via de les actuals dades de temps d\u2019espera explicades pel conductor del <strong>TN<\/strong>, <strong>Ramon Pellicer<\/strong>, de la seg\u00fcent manera:<\/p>\n<p class=\"western\" lang=\"es-ES\" style=\"margin-bottom: 0cm;\" align=\"JUSTIFY\">(\u2026) Aquest estiu, al juny, les persones a l\u2019espera d\u2019operaci\u00f3 eren gaireb\u00e9 uns 70.000, un augment del 30,5%. La xifra s\u2019explica, a banda del tancament de quir\u00f2fans en horari de tarda, pel creixement vegetatiu de la poblaci\u00f3, segons dades del departament de Salut<\/p>\n<p lang=\"es-ES\" style=\"margin-top: 0.49cm; margin-bottom: 0.49cm;\" align=\"JUSTIFY\">Fixem-nos b\u00e9 en la informaci\u00f3. L\u2019augment del 30,5% de persones en espera d\u2019una operaci\u00f3 es deu a dos motius essencials: al tancament de quir\u00f2fans en horari de tarda i al creixement vegetatiu de la poblaci\u00f3. Explicat aix\u00ed, de forma concisa i transparent, el missatge arriba de manera di\u00e0fana a l\u2019audi\u00e8ncia. En canvi, quina \u00e9s l\u2019estructura triada pels serveis informatius de <strong>TV3 <\/strong>en el redactat d\u2019aquesta informaci\u00f3?: doncs una estupenda frase subordinada, \u00e9s a dir, una estructura poc o gens recomanable en redacci\u00f3 period\u00edstica, en general, per\u00f2 molt especialment en r\u00e0dio i televisi\u00f3, perqu\u00e8 provoca que el missatge arribi excessivament dif\u00fas al receptor. Com podem imaginar, aquesta tria no \u00e9s ni casual ni innocent. I menys encara, el fet que hagin escollit com a oraci\u00f3 principal de la informaci\u00f3 el motiu no atribuible a la gesti\u00f3 pol\u00edtica\u2026:<\/p>\n<p class=\"western\" lang=\"es-ES\" style=\"margin-bottom: 0cm;\" align=\"JUSTIFY\">La xifra s\u2019explica pel creixement vegetatiu de la poblaci\u00f3<\/p>\n<p lang=\"es-ES\" style=\"margin-top: 0.49cm; margin-bottom: 0.49cm;\" align=\"JUSTIFY\">\u2026i que hagin relegat a una posici\u00f3 secund\u00e0ria la conseq\u00fc\u00e8ncia de les mesures dictades pel govern de la Generalitat: el tancament de quir\u00f2fans en horari de tarda.<\/p>\n<p lang=\"es-ES\" style=\"margin-top: 0.49cm; margin-bottom: 0.49cm;\" align=\"JUSTIFY\">2.- V\u00eddeo amb el detall de les mesures de la conselleria i els temps d\u2019espera garantits per llei segons el tipus d\u2019operaci\u00f3, les declaracions del conseller de Salut <strong>Boi Ruiz <\/strong>i un petit reportatge d\u2019una pacient que fa nou mesos que espera una operaci\u00f3 de pr\u00f2tesi de genoll i que explica que en la darrera visita li van dir que no sabien si s\u2019hauria d\u2019esperar un any o dos anys m\u00e9s. La informaci\u00f3 sobre aquest exemple particular de llarga espera per a una operaci\u00f3 acaba amb la veu en off matitzant les pr\u00f2pies paraules de la pacient:<\/p>\n<p class=\"western\" lang=\"es-ES\" style=\"margin-bottom: 0cm;\" align=\"JUSTIFY\">Amb els canvis de gesti\u00f3 de les llistes d\u2019espera anunciats avui, l\u2019Assun [la pacient], te\u00f2ricament hauria de rebre atenci\u00f3 immediatament<\/p>\n<p lang=\"es-ES\" style=\"margin-top: 0.49cm; margin-bottom: 0.49cm;\" align=\"JUSTIFY\">I, tot seguit, ja a plat\u00f3, per si no ha li ha quedat suficientment clar a l\u2019audi\u00e8ncia, la conductora del <strong>TN, <\/strong>la <strong>Raquel Sans<\/strong>, torna a recordar-nos que<strong>:<\/strong><\/p>\n<p class=\"western\" lang=\"es-ES\" style=\"margin-bottom: 0cm;\" align=\"JUSTIFY\">Amb els canvis de gesti\u00f3 de les llistes d\u2019espera anunciats avui, l\u2019Assun, te\u00f2ricament -com els d\u00e8iem- hauria de rebre atenci\u00f3 immediatament. Ho acabem de veure en el v\u00eddeo explicatiu de fa nom\u00e9s uns segons<\/p>\n<p lang=\"es-ES\" style=\"margin-top: 0.49cm; margin-bottom: 0.49cm;\" align=\"JUSTIFY\">3.- La not\u00edcia pr\u00f2piament sobre l\u2019augment de les llistes d\u2019espera en operacions quir\u00fargiques es completa amb les garanties del departament de Salut respecte a l\u2019atenci\u00f3 de les malalties de risc (card\u00edaques i oncol\u00f2giques) dins dels terminis de seguretat i ens expliquen que el temps d\u2019espera per operacions en malalts de c\u00e0ncer a mes de juny de 2011 han estat en general menors als esmentats terminis de seguretat. \u00c9s clar que no ens diuen quines han estat les dades reals a finals d\u2019aquest estiu; aix\u00f2 s\u00ed, reconeixen que:<\/p>\n<p class=\"western\" lang=\"es-ES\" style=\"margin-bottom: 0cm;\" align=\"JUSTIFY\">(\u2026) s\u00f3n terminis que, probablement, s\u2019hauran allargat m\u00e9s durant aquest estiu perqu\u00e8 s\u2019ha redu\u00eft l\u2019activitat als quir\u00f2fans m\u00e9s de l\u2019habitual<\/p>\n<p lang=\"es-ES\" style=\"margin-top: 0.49cm; margin-bottom: 0.49cm;\" align=\"JUSTIFY\">O traduint els eufemismes emprats per la <strong>Raquel Sans<\/strong>:<\/p>\n<p class=\"western\" lang=\"es-ES\" style=\"margin-bottom: 0cm;\" align=\"JUSTIFY\">(\u2026) s\u00f3n terminis que, <strong>segur<\/strong>, s\u2019hauran allargat m\u00e9s durant aquest estiu <strong>per les mesures del departament de Salut que han obligat a tancar nombrosos quir\u00f2fans<\/strong><\/p>\n<p lang=\"es-ES\" style=\"margin-top: 0.49cm; margin-bottom: 0.49cm;\" align=\"JUSTIFY\">Aleshores, sense cap tall en la informaci\u00f3, el <strong>Telenot\u00edcies <\/strong>aborda l\u2019altra not\u00edcia important de la jornada en mat\u00e8ria sanit\u00e0ria: la represa de les negociacions entre Institut Catal\u00e0 de la Salut i sindicats i les noves protestes dels professionals m\u00e8dics. Total de la informaci\u00f3: 27 segons (minuts 05:13 a 05:40). A dreta llei, aplicant criteris de rabiosa actualitat, aquesta hagu\u00e9s hagut d\u2019apar\u00e8ixer com a informaci\u00f3 principal i hagu\u00e9s hagut de mer\u00e8ixer un tractament m\u00e9s extens. En canvi, tot i que ja havia estat a bastament tractada en l\u2019edici\u00f3 del migdia del propi <strong>Telenot\u00edcies<\/strong>, la not\u00edcia sobre les mesures adoptades per Salut en relaci\u00f3 a les llistes d\u2019espera \u00e9s la que es considera primordial tant en ordre d\u2019emissi\u00f3 com en durada (recordem, 3 minuts, 49 segons)<strong>.<\/strong><\/p>\n<p lang=\"es-ES\" style=\"margin-top: 0.49cm; margin-bottom: 0.49cm;\" align=\"JUSTIFY\">A banda de l\u2019impl\u00edcit significat de la relegaci\u00f3 del conflicte sanitari a un apartat residual del <strong>Telenot\u00edcies<\/strong>, cal no perdre detall de com est\u00e0 explicada la not\u00edcia.<\/p>\n<p lang=\"es-ES\" style=\"margin-top: 0.49cm; margin-bottom: 0.49cm;\" align=\"JUSTIFY\">Per comen\u00e7ar, la informaci\u00f3 \u00e9s de les que en televisi\u00f3 podem qualificar de baixa intensitat: consisteix en l\u2019emissi\u00f3 d\u2019imatges de les protestes explicades per una veu en off -en directe, des del plat\u00f3- del propi conductor.<\/p>\n<p lang=\"es-ES\" style=\"margin-top: 0.49cm; margin-bottom: 0.49cm;\" align=\"JUSTIFY\">Si ens centrem en les imatges, veurem que la concentraci\u00f3 dels professionals m\u00e8dics davant la seu de l\u2019<strong>Institut Catal\u00e0 de la Salut <\/strong>ha estat filmada des d\u2019una posici\u00f3 molt llunyana de la porta principal, lloc on es van produir diverses escenes de tensi\u00f3 i certa viol\u00e8ncia entre <strong>Mossos d\u2019Esquadra <\/strong>i manifestants. La resta de les imatges descriuen una marxa tranquil\u00b7la i pac\u00edfica dels manifestants per la Gran Via de les Corts Catalanes. Com \u00e9s l\u00f2gic, cap personalitzaci\u00f3 de la protesta, cap tall de veu de representants sindicals.<\/p>\n<p lang=\"es-ES\" style=\"margin-top: 0.49cm; margin-bottom: 0.49cm;\" align=\"JUSTIFY\">I el que no t\u00e9 cap mena de desperdici \u00e9s el redactat que acompanya les imatges insulses de la protesta i que <strong>Ramon Pellicer<\/strong>-talment com un lloro- llegeix des de plat\u00f3. Us en faig aqu\u00ed sota la transcripci\u00f3 literal del redactat tal i com ha estat verbalitzat pel veter\u00e0 periodista de <strong>TV3<\/strong>(us torno deixar <a href=\"http:\/\/wmail74.movistar.es\/cp\/ps\/Mail\/ExternalURLProxy?d=telefonica.net&amp;u=nandozc&amp;url=-406593138\" target=\"_blank\" rel=\"noopener noreferrer\"><b>aqu\u00ed<\/b><\/a>l\u2019enlla\u00e7 al Telenot\u00edcies perqu\u00e8 l\u2019escolteu amb atenci\u00f3; recordeu, minuts 05:13 a 05:40):<\/p>\n<p class=\"western\" lang=\"es-ES\" style=\"margin-bottom: 0cm;\" align=\"JUSTIFY\">Metges i infermeres s\u2019han tornat a manifestar, demanen als sindicats que no negoci\u00efn amb l\u2019Institut Catal\u00e0 de la Salut les retallades que hi ha sobre la taula si els 40.000 treballadors de l\u2019ICS no accepten reduir-se la paga extra de Nadal 1.500 interins deixaran de treballar durant tres mesos, o 6.000 treballaran una quarta part menys.<\/p>\n<p class=\"western\" lang=\"es-ES\" style=\"margin-bottom: 0cm;\" align=\"JUSTIFY\">Els sindicats afirmen que nom\u00e9s afectaran una baixada de sou si per escrit tenen confirmaci\u00f3 que no hi haur\u00e0 acomiadaments.<\/p>\n<p class=\"western\" lang=\"es-ES\" style=\"margin-bottom: 0cm;\" align=\"JUSTIFY\">Despr\u00e9s de dues hores la reuni\u00f3 ha acabat sense acord.<\/p>\n<p lang=\"es-ES\" style=\"margin-top: 0.49cm; margin-bottom: 0.49cm;\" align=\"JUSTIFY\">Fixeu-vos en el primer par\u00e0graf, que \u00e9s on apareixen totes les dades substancials de la not\u00edcia. En Pellicer recorda aquella c\u00e8lebre locuci\u00f3 del no menys c\u00e8lebre <strong>Alfredo Urdaci<\/strong>en temps de la <strong>TVE<\/strong>d\u2019<strong>Aznar<\/strong>, quan el periodista va haver de llegir una sent\u00e8ncia contr\u00e0ria a <strong>Radio Televisi\u00f3n Espa\u00f1ola<\/strong>i favorable al sindicat <strong>Comissions Obreres<\/strong>(a qui ell es va referir com a C.C.O.O.).<\/p>\n<p lang=\"es-ES\" style=\"margin-top: 0.49cm; margin-bottom: 0.49cm;\" align=\"JUSTIFY\">En aquest cas, la t\u00e8cnica que empra el periodista de <strong>TV3<\/strong>per locutar el primer i transcendent par\u00e0graf \u00e9s eliminar els signes de puntuaci\u00f3 tant com li ha estat possible, de manera que:<\/p>\n<ol>\n<li>\n<p lang=\"es-ES\" style=\"margin-top: 0.49cm; margin-bottom: 0cm;\" align=\"JUSTIFY\">on hauria d\u2019haver-hi hagut un punt i seguit, existeix una subtil inflexi\u00f3 de veu que generosament he tradu\u00eft com una coma (\u201cMetges i infermeres s\u2019han tornat a manifestar,\u2026\u201d)<\/p>\n<\/li>\n<li>\n<p lang=\"es-ES\" style=\"margin-bottom: 0cm;\" align=\"JUSTIFY\">on hauria d\u2019haver-hi hagut un altre punt i seguit, no hi ha cap signe de puntuaci\u00f3 (rere el mot \u2018Salut\u2019 en la frase \u201cdemanen als sindicats que no negoci\u00efn amb l\u2019Institut Catal\u00e0 de la Salut\u201d)<\/p>\n<\/li>\n<li>\n<p lang=\"es-ES\" style=\"margin-bottom: 0.49cm;\" align=\"JUSTIFY\">tamb\u00e9 desapareix la pausa imprescindible en locuci\u00f3 radiof\u00f2nica o televisiva entre dues frases condicionades: entre la frase causal: \u201csi els 40.000 treballadors de l\u2019ICS no accepten reduir-se la paga extra de Nadal\u201d i la seva conseq\u00fc\u00e8ncia: \u201c1.500 interins deixaran de treballar durant tres mesos, o 6.000 treballaran una quarta part menys\u201d<\/p>\n<\/li>\n<\/ol>\n<p lang=\"es-ES\" style=\"margin-top: 0.49cm; margin-bottom: 0.49cm;\" align=\"JUSTIFY\">En resum, un par\u00e0graf absolutament inintel\u00b7ligible que, altre cop, no \u00e9s producte de la casualitat ni de la incompet\u00e8ncia (el senyor <strong>Ramon Pellicer <\/strong>coneix amb escreix la teoria de la locuci\u00f3 radiof\u00f2nica, que ha transm\u00e8s a no pocs alumnes de la UAB). L\u2019embarbussament \u00e9s del tot intencionat, i busca minimitzar encara m\u00e9s una informaci\u00f3 que, ja de per s\u00ed, ha merescut un tractament visual molt pobre.<\/p>\n<p lang=\"es-ES\" style=\"margin-top: 0.49cm; margin-bottom: 0.49cm;\" align=\"JUSTIFY\">Per acabar de confirmar aquestes subtils manipulacions televisives dirigides totes elles a allunyar l\u2019audi\u00e8ncia de la percepci\u00f3 de permanent conflicte en el m\u00f3n sanitari, podeu fer un cop d\u2019ull a l\u2019edici\u00f3 del vespre de <a href=\"http:\/\/wmail74.movistar.es\/cp\/ps\/Mail\/ExternalURLProxy?d=telefonica.net&amp;u=nandozc&amp;url=170839632\" target=\"_blank\" rel=\"noopener noreferrer\"><i>L\u2019Informatiu<\/i><\/a>de <strong>TVE Catalunya<\/strong>, els serveis informatius de la qual segueixen unes directrius -en espera de l\u2019inevitable canvi de \u201cr\u00e8gim\u201d a nivell estatal- del tot divergents amb les de la cadena catalana.<\/p>\n<p lang=\"es-ES\" style=\"margin-top: 0.49cm; margin-bottom: 0.49cm;\" align=\"JUSTIFY\">Veureu que, a parer de <strong>TVE Catalunya<\/strong>, la not\u00edcia principal ha de ser la m\u00e9s actual (les protestes del col\u00b7lectiu sanitari), i com a conseq\u00fc\u00e8ncia, la informaci\u00f3 mereix un tractament molt m\u00e9s extens (3 minuts, 12 segons: del 01:52 al 04:14). A m\u00e9s, aqu\u00ed s\u00ed que apareixen reflectides les escenes de tensi\u00f3 que es van produir a les portes de l\u2019<strong>ICS<\/strong>, escenes que, per a centenars de milers de catalans seguidors dels <strong>Telenot\u00edcies<\/strong>, mai no s\u2019han arribat a produir. I tamb\u00e9, aqu\u00ed s\u00ed que la massa informe de manifestants que v\u00e8iem a TV3 adquireix una configuraci\u00f3 m\u00e9s personalitzada, gr\u00e0cies als dos talls de veu de sengles sindicalistes.<\/p>\n<p><strong>Not\u00edcia sobre la detenci\u00f3 de bloquejadors del Parlament<\/strong><\/p>\n<p lang=\"es-ES\" style=\"margin-top: 0.49cm; margin-bottom: 0.49cm;\" align=\"JUSTIFY\">L\u2019altra informaci\u00f3 destacada del dia amb rerefons de conflictivitat social \u00e9s la que es referia a la detenci\u00f3 de quatre de les vint-i-dues persones identificades per la policia com a agressors de diputats del Parlament de Catalunya en l\u2019intent de bloqueig d\u2019aquesta instituci\u00f3 el passat 15 de juny.<\/p>\n<p lang=\"es-ES\" style=\"margin-top: 0.49cm; margin-bottom: 0.49cm;\" align=\"JUSTIFY\">A <strong>TV3<\/strong>li donen car\u00e0cter preeminent a la not\u00edcia, com demostra el fet que obre bloc informatiu. Aix\u00f2 s\u00ed, per tal d\u2019evitar la conjunci\u00f3 de massa informacions amb evidents i perilloses derivades cap al conflicte social, separen el problema sanitari i l\u2019afer dels \u2018indignats\u2019 amb m\u00e9s de 10 minuts d\u2019emissi\u00f3 de not\u00edcies de caire ben divers. Com \u00e9s l\u00f2gic d\u2019imaginar, els serveis informatius de <strong>TVE Catalunya <\/strong>utilitzen l\u2019estrat\u00e8gia oposada a <a href=\"http:\/\/wmail74.movistar.es\/cp\/ps\/Mail\/ExternalURLProxy?d=telefonica.net&amp;u=nandozc&amp;url=170839632\" target=\"_blank\" rel=\"noopener noreferrer\"><b>L\u2019Informatiu<\/b><\/a>: no nom\u00e9s no separen aquestes dues informacions sin\u00f3 que a m\u00e9s n\u2019hi afegeixen una altra entremig que tamb\u00e9 mostra malestar professional contra les retallades, en aquest cas a la universitat.<\/p>\n<p lang=\"es-ES\" style=\"margin-top: 0.49cm; margin-bottom: 0.49cm;\" align=\"JUSTIFY\">Tornant al <a href=\"http:\/\/wmail74.movistar.es\/cp\/ps\/Mail\/ExternalURLProxy?d=telefonica.net&amp;u=nandozc&amp;url=-406593138\" target=\"_blank\" rel=\"noopener noreferrer\"><i>Telenot\u00edcies<\/i><\/a>, el bloc dedicat als afers del Parlament s\u2019inicia al minut 16:38 i finalitza al minut 18:13. Total, 1 minut 35 segons d\u2019una informaci\u00f3 que consta de:<\/p>\n<ol>\n<li>\n<p lang=\"es-ES\" style=\"margin-top: 0.49cm; margin-bottom: 0cm;\" align=\"JUSTIFY\">unes primeres imatges de la posada en llibertat dels quatre joves despr\u00e9s d\u2019haver-los pres declaraci\u00f3<\/p>\n<\/li>\n<li>\n<p lang=\"es-ES\" style=\"margin-bottom: 0cm;\" align=\"JUSTIFY\">un recordatori dels fragments m\u00e9s violents i clarament inculpatoris del bloqueig del Parlament<\/p>\n<\/li>\n<li>\n<p lang=\"es-ES\" style=\"margin-bottom: 0cm;\" align=\"JUSTIFY\">unes declaracions de l\u2019advocat dels joves en qu\u00e8 afirma que les detencions tenen finalitat \u201cd\u2019escarni p\u00fablic\u201d i que persegueixen \u201cenviar un missatge de contund\u00e8ncia\u201d, immediatament contrarestades pel propi conseller d\u2019Interior, <strong>Felip Puig<\/strong>, amb la reducci\u00f3 a motivacions de just\u00edcia i seguretat<\/p>\n<\/li>\n<li>\n<p lang=\"es-ES\" style=\"margin-bottom: 0.49cm;\" align=\"JUSTIFY\">i unes darreres imatges -altre cop en posici\u00f3 residual- de la informaci\u00f3 m\u00e9s novedosa: les protestes dels \u2018indignats\u2019 a la pla\u00e7a de Catalunya contra aquestes detencions (tot i que es recull el posicionament oficial del moviment, tampoc aqu\u00ed no existeix cap personalitzaci\u00f3 de la protesta ni es d\u00f3na veu a cap dels seus participants)<\/p>\n<\/li>\n<\/ol>\n<p lang=\"es-ES\" style=\"margin-top: 0.49cm; margin-bottom: 0.49cm;\" align=\"JUSTIFY\">Per cert, ni en el <strong>Telenot\u00edcies de TV3 <\/strong>ni tampoc a <strong>L\u2019Informatiu de TVE Catalunya <\/strong>no hi trobem ni una sola refer\u00e8ncia al fet que les detencions dels \u2018indignats\u2019 que van participar en els fets del Parlament s\u00f3n el resultat de la tramitaci\u00f3 de la den\u00fancia interposada pel grup <strong>Manos Limpias <\/strong>(tan sols <a href=\"http:\/\/wmail74.movistar.es\/cp\/ps\/Mail\/ExternalURLProxy?d=telefonica.net&amp;u=nandozc&amp;url=2089023376\" target=\"_blank\" rel=\"noopener noreferrer\"><b>BTV<\/b><\/a>, en el seu informatiu vespre d\u2019aquell dia, i diversos mitjans escrits alternatius, com explica <a href=\"http:\/\/wmail74.movistar.es\/cp\/ps\/Mail\/ExternalURLProxy?d=telefonica.net&amp;u=nandozc&amp;url=-265860950\" target=\"_blank\" rel=\"noopener noreferrer\"><b>Media.cat<\/b><\/a>, es fan ress\u00f2 d\u2019aquest fet).<\/p>\n<p lang=\"es-ES\" style=\"margin-top: 0.49cm; margin-bottom: 0.49cm;\" align=\"JUSTIFY\">Per\u00f2 a banda del propi tractament d\u2019aquesta informaci\u00f3, subtilment dirigida a combregar amb les tesis del departament d\u2019Interior, el que aqu\u00ed acaba de confirmar l\u2019oberta conniv\u00e8ncia dels actuals serveis informatius de la televisi\u00f3 p\u00fablica catalana amb els responsables governamentals del nostre pa\u00eds, \u00e9s la not\u00edcia que s\u2019emet just a continuaci\u00f3 de la dels \u2018indignats\u2019 detinguts.<\/p>\n<p lang=\"es-ES\" style=\"margin-top: 0.49cm; margin-bottom: 0.49cm;\" align=\"JUSTIFY\">I aquesta informaci\u00f3 no \u00e9s cap altra que un detallat i triomfant relat d\u2019una nova i exitosa operaci\u00f3 policial; en aquest cas, el dispositiu de prevenci\u00f3 de robatoris al metro de Barcelona, dut a terme durant l\u2019estiu per <strong>Mossosd\u2019Esquadra<\/strong>i <strong>Gu\u00e0rdia Urbana, <\/strong>i que hi ha perm\u00e8s reduir el nombre de furts.<\/p>\n<p lang=\"es-ES\" style=\"margin-top: 0.49cm; margin-bottom: 0.49cm;\" align=\"JUSTIFY\">Com en el cas de les protestes del col\u00b7lectiu m\u00e8dic davant l\u2019<strong>Institut Catal\u00e0 de la Salut<\/strong>, tamb\u00e9 aqu\u00ed s\u2019opta per l\u2019emissi\u00f3 d\u2019unes imatges del dispositiu policial al metro de <strong>Barcelona <\/strong>acompanyades de la veu en off en directe del propi <strong>Ramon Pellicer<\/strong>. La gran difer\u00e8ncia entre una i altra \u00e9s que, aqu\u00ed s\u00ed, el veter\u00e0 periodista de <strong>TV3<\/strong>trasllada al seu exercici professional el seu bast coneixement en mat\u00e8ria de locuci\u00f3: aqu\u00ed no hi trobem precipitaci\u00f3, respirem com toca gr\u00e0cies a les pauses escaients, i sobretot s\u2019ens enfatitza responsablement i convenient les dades m\u00e9s significatives de la informaci\u00f3.<\/p>\n<p lang=\"es-ES\" style=\"margin-top: 0.49cm; margin-bottom: 0.49cm;\" align=\"JUSTIFY\">I com a darrer apunt, destacar que en <strong>L\u2019Informatiu <\/strong>de<strong>TVE Catalunya <\/strong>el bloc de conflictes socials (retallades a la sanitat m\u00e9s llistes d\u2019espera, retallades a la universitat i \u2018indignats\u2019 detinguts), que finalitza al minut 07:40, queda del tot separat de la not\u00edcia de l\u2019\u00e8xit policial al metro de Barcelona, que s\u2019inicia al minut 16:40.<\/p>\n<p lang=\"es-ES\" style=\"margin-top: 0.49cm; margin-bottom: 0.49cm;\" align=\"JUSTIFY\">Aquest darrer detall de la t\u00e0ctica informativa de l\u2019ens estatal a Catalunya ens corrobora la transcend\u00e8ncia de l\u2019elaboraci\u00f3 de l\u2019escaleta d\u2019un informatiu i ens confirma -per oposici\u00f3- que els serveis informatius de <strong>TV3 <\/strong>han optat, ja definitivament, per fer seves les recomanacions o -com en d\u00e8iem?- subtils directrius que el conseller <strong>Felip Puig <\/strong>va adre\u00e7ar oportunament al col\u00b7lectiu period\u00edstic i que recoll\u00edem a l\u2019inici d\u2019aquest post.<\/p>\n<p lang=\"es-ES\" style=\"margin-top: 0.49cm; margin-bottom: 0.49cm;\" align=\"JUSTIFY\">No deixa de ser curi\u00f3s que l\u2019abs\u00e8ncia de neutralitat que Puig pregava als periodistes sigui recollida pels periodistes de <strong>TV3 <\/strong>en sentit totalment oposat als interessos dels propis professionals de la cadena televisiva de la Corporaci\u00f3 Catalana de Mitjans Audiovisuals, un col\u00b7lectiu professional que -recordem-ho- es troba en una situaci\u00f3 similar a la dels treballadors p\u00fablics de la sanitat o de l\u2019ensenyament, \u00e9s a dir, gaudint d\u2019un meravell\u00f3s dia a dia farcit de retallades de plantilla i salarials.<\/p>\n<p class=\"western\" lang=\"es-ES\" style=\"margin-bottom: 0cm;\" align=\"JUSTIFY\">\n","protected":false},"excerpt":{"rendered":"<p>\u00a0(http:\/\/rogervilalta.wordpress.com\/) Si una cosa va assolir satisfact\u00f2riament el moviment del 15-M a Catalunya va ser posar el poder pol\u00edtic del<\/p>\n","protected":false},"author":9,"featured_media":0,"comment_status":"open","ping_status":"open","sticky":false,"template":"","format":"standard","meta":{"footnotes":""},"categories":[14],"tags":[],"class_list":["post-1667","post","type-post","status-publish","format-standard","hentry","category-democracia-republica"],"aioseo_notices":[],"_links":{"self":[{"href":"https:\/\/espai-marx.net\/index.php?rest_route=\/wp\/v2\/posts\/1667","targetHints":{"allow":["GET"]}}],"collection":[{"href":"https:\/\/espai-marx.net\/index.php?rest_route=\/wp\/v2\/posts"}],"about":[{"href":"https:\/\/espai-marx.net\/index.php?rest_route=\/wp\/v2\/types\/post"}],"author":[{"embeddable":true,"href":"https:\/\/espai-marx.net\/index.php?rest_route=\/wp\/v2\/users\/9"}],"replies":[{"embeddable":true,"href":"https:\/\/espai-marx.net\/index.php?rest_route=%2Fwp%2Fv2%2Fcomments&post=1667"}],"version-history":[{"count":0,"href":"https:\/\/espai-marx.net\/index.php?rest_route=\/wp\/v2\/posts\/1667\/revisions"}],"wp:attachment":[{"href":"https:\/\/espai-marx.net\/index.php?rest_route=%2Fwp%2Fv2%2Fmedia&parent=1667"}],"wp:term":[{"taxonomy":"category","embeddable":true,"href":"https:\/\/espai-marx.net\/index.php?rest_route=%2Fwp%2Fv2%2Fcategories&post=1667"},{"taxonomy":"post_tag","embeddable":true,"href":"https:\/\/espai-marx.net\/index.php?rest_route=%2Fwp%2Fv2%2Ftags&post=1667"}],"curies":[{"name":"wp","href":"https:\/\/api.w.org\/{rel}","templated":true}]}}