{"id":16680,"date":"2024-11-24T05:00:27","date_gmt":"2024-11-24T04:00:27","guid":{"rendered":"https:\/\/espai-marx.net\/?p=16680"},"modified":"2024-11-25T09:47:07","modified_gmt":"2024-11-25T08:47:07","slug":"contra-el-olvido-interesado","status":"publish","type":"post","link":"https:\/\/espai-marx.net\/?p=16680","title":{"rendered":"Contra el olvido interesado"},"content":{"rendered":"<p>Rese\u00f1a de: Luis Puigcerc\u00fas, <i>Imborrables. Las v\u00edctimas ignoradas de la transici\u00f3n (1976-1983)<\/i>. Sarri\u00f3n: Mu\u00f1oz Moya editores, 2023, 306 p\u00e1ginas<\/p>\n<p><a href=\"https:\/\/espai-marx.net\/wp-content\/uploads\/2024\/11\/Imborrables.jpg\"><img loading=\"lazy\" decoding=\"async\" class=\"alignleft wp-image-16681\" src=\"https:\/\/espai-marx.net\/wp-content\/uploads\/2024\/11\/Imborrables.jpg\" alt=\"\" width=\"200\" height=\"290\" srcset=\"https:\/\/espai-marx.net\/wp-content\/uploads\/2024\/11\/Imborrables.jpg 400w, https:\/\/espai-marx.net\/wp-content\/uploads\/2024\/11\/Imborrables-207x300.jpg 207w\" sizes=\"auto, (max-width: 200px) 100vw, 200px\" \/><\/a>La historia de la transici\u00f3n, se\u00f1ala Luis Puigcerc\u00fas [LP], la han escrito los vencedores, pero existe \u00abuna infrahistoria desconocida colmada de mentiras, conspiraciones, guerras sucias, corrupci\u00f3n y cr\u00edmenes de Estado, en la que trabajadores, estudiantes y pueblo llano, pagaron un precio muy elevado\u00bb. Un precio pagado con \u00abmuertos, heridos, torturados o presos que quedaron en \u00abtierra de nadie\u00bb, sin ning\u00fan tipo de reconocimiento\u00bb. <i>Imborrables<\/i> arroja luz sobre esa infrahistoria desconocida plagada de mentiras y olvidos interesados. El objetivo del trabajo: \u00abponer nombres y apellidos y rendir el debido homenaje a todas las v\u00edctimas abandonadas de aquella Transici\u00f3n\u00bb. Salvo en acontecimientos de singular trascendencia pol\u00edtica (Vitoria, Atocha, caso Almer\u00eda, Montejurra, Lasa y Zabala), \u00abmuchas solo perviven en la memoria de sus parientes y amigos.\u00bb<\/p>\n<p>P\u00e1ginas, sentidas y documentadas, para luchar contra el olvido de las v\u00edctimas de la transici\u00f3n, 318 personas muertas entre los a\u00f1os 1976 y 1983 (en su mayor parte, j\u00f3venes y trabajadores, no todos ellos militantes). Las fuentes usadas para esta recopilaci\u00f3n \u00abin\u00e9dita y exhaustiva\u00bb: dossier del Grupo Libertario Pensamiento Cr\u00edtico, Asociaci\u00f3n Mesa de Memoria Hist\u00f3rica del distrito de Latina, fundaciones como Euskal Memoria, Archivo de la Transici\u00f3n de algunos partidos pol\u00edticos (entre ellos el PCE), de organizaciones sindicales como CNT, CGT y CCOO, de Queimada Ediciones y de otras agrupaciones antirepresivas, a los que LP ha incorporado casos documentados por Gonzalo Wilhelmi, David Ballester (y su libro), Eder Mitxelena, Alfredo Grimaldos (y su libro), la Asociaci\u00f3n de Amigos de la Costa y de otras fuentes, familiares y compa\u00f1eros de las v\u00edctimas (que forman parte del colectivo por lxs Olvidadxs de la Transici\u00f3n, COT).<\/p>\n<p>Una breve semblanza del autor: nacido en el bario de Chamber\u00ed en el seno de una familia trabajadora, Luis Puigcerc\u00fas V\u00e1zquez, \u00abPutxi\u00bb, estudi\u00f3 artes gr\u00e1ficas en la Universidad Laboral de Tarragona. Un ejemplo de su amor por el \u00aboficio\u00bb de la p\u00e1gina 307: \u00abEste libro ha sido compuesto con el tipo Palatino Linotype, creado en 1948 por Herman Zapf e inspirado en el escritor del siglo XVI Giambattista Palatino. Tipograf\u00eda de corte renacentista, imita las formas creadas por la pluma al escribir, con lo que se consigue el aire de caligraf\u00eda de las tipograf\u00edas llamadas humanistas. Este libro se termin\u00f3 de imprimir en el mes de diciembre de 2023.\u00bb<\/p>\n<p>A los 18 a\u00f1os, LP comenz\u00f3 su militancia antifranquista en el PCE (m-l), organizaci\u00f3n que form\u00f3 parte (vector dirigente m\u00e1s bien) del FRAP. Detenido en 1972 como responsable de una imprenta del partido en el interior que imprim\u00eda <i>Vanguardia Obrera,<\/i> el \u00f3rgano de expresi\u00f3n del PCE(m-l), y otros materiales, fue juzgado y encarcelado cuatro a\u00f1os por asociaci\u00f3n il\u00edcita y propaganda ilegal. Tras la muerte de Franco, milit\u00f3 en el Movimiento ciudadano, en CCOO (fue delegado sindical durante cuatro a\u00f1os) y en asociaciones de solidaridad con Cuba (ha participado en tres Brigadas Internacionales de Trabajo Voluntario en la isla). En 2013, form\u00f3 parte del n\u00facleo fundador de La Comuna (ex presos del franquismo). Ha publicado hasta la fecha nueve libros. Entre ellos dos sobre su experiencia con el ictus y el c\u00e1ncer. En la actualidad, as\u00ed nos informa \u00e9l mismo, \u00abest\u00e1 preparando un trabajo de ficci\u00f3n sobre la ejecuci\u00f3n de un conocido torturador\u00bb.<\/p>\n<p>Componen <i>Imborrables<\/i> la dedicatoria (a Algredo Grimaldos, Jon Idigoras, Marcos Ana, Gabriel Garc\u00eda M\u00e1rquez, Huey Percy Newton), la semblanza de LP a la que hemos hecho referencia, los agradecimientos, textos de presentaci\u00f3n de las asociaciones que han ayudado a la edici\u00f3n del libro (Archivo de la Transici\u00f3n, I\u00f1aki Ega\u00f1a de la Fundaci\u00f3n Euskal Memoria, Javier Almaz\u00e1n Luna de la COT,\u2026), el pr\u00f3logo del autor (\u00abV\u00edctimas de la Transici\u00f3n, luchando contra el silencio y el olvido\u00bb), cuatro cap\u00edtulos (1. Organizaciones al servicio de la represi\u00f3n. 2. Represi\u00f3n, CIA, Servicios de Inteligencia de la OTAN y MOSAD (de especial inter\u00e9s pol\u00edtico), 3. Una transici\u00f3n marcada por la guerra sucia, 4. Muertos de la transici\u00f3n. Abecedario del horror), un listado de v\u00edctimas por la fecha de su muerte, otro listado de v\u00edctimas por apellidos, un glosario, bibliograf\u00eda y fuentes.<\/p>\n<p>Para LP, los id\u00edlicos relatos de la transici\u00f3n no se corresponden con la realidad real (coincido con su punto de vista). La transici\u00f3n no fue tan pac\u00edfica ni tan mod\u00e9lica como se afirma usualmente. Fue sangrienta, muy sangrienta. \u00abDesde el primero de enero de 1976 hasta el 31 de diciembre de 1983 m\u00e1s de 300 personas perdieron la vida, otras 700 fueron heridas y casi 2.000 padecieron torturas, unas cifras que superan en n\u00famero de muertos a las provocadas los \u00faltimos a\u00f1os de vida del dictador y que siguieron la estela de represi\u00f3n acrecentada a partir de 1969\u00bb. La mayor parte de estas v\u00edctimas se produjeron \u00abpor las intervenciones de las Fuerzas de Orden P\u00fablico contra manifestantes pac\u00edficos o huelguistas, y tambi\u00e9n como resultado de criminales agresiones y atentados protagonizados por bandas fascistas y parapoliciales.\u00bb<\/p>\n<p>Los cr\u00edmenes expuestos en el libro fueron todos ellos ejecutados (tambi\u00e9n en su \u00e1mbito privado) por las llamadas fuerzas y cuerpos de seguridad del Estado y miembros de fuerzas parapoliciales de extrema derecha. En todos los c\u00e1lculos se usa como referencia la cifra de 318 asesinados que engloba todos los casos en los que no hay ninguna duda, aunque la relaci\u00f3n, nos advierte LP, no se puede dar por cerrada: \u00abM\u00e1s all\u00e1 de aclarar la docena de casos catalogados como dudosos, es m\u00e1s que probable que tras la exhaustiva y compleja b\u00fasqueda de datos, y la detallada y minuciosa recogida de testimonios llevados a cabo, se haya pasado alg\u00fan nombre a la hora de elaborar estos listados.\u00bb.<\/p>\n<p>La perspectiva de LP: \u00abalguien podr\u00eda pensar que se trata de un estudio sesgado por no recoger las muertes de polic\u00edas, pol\u00edticos, guardias civiles, militares o personas vinculadas a la derecha, pero esas v\u00edctimas han sido tratadas con holgura por los medios de comunicaci\u00f3n y las autoridades, y sus responsables juzgados o eliminados\u00bb. El trabajo de LP se centra \u00aben los olvidados, en los borrados de la conciencia colectiva en aras de un relato id\u00edlico de la restauraci\u00f3n mon\u00e1rquica\u00bb. La mayor parte de las personas que aparecen en \u00abeste tr\u00e1gico abecedario del terror\u00bb fueron v\u00edctimas mortales en manifestaciones, controles policiales y actuaciones de polic\u00edas, guardias civiles, miembros de la BPS o grupos de ultraderecha y parapoliciales. Se adjuntan tambi\u00e9n \u00abuna decena de casos de personas que murieron mientras eran torturadas por las Fuerzas de Orden P\u00fablico o como consecuencia de las lesiones sufridas en situaciones tremendamente espantosas\u00bb.<\/p>\n<p>LP da cuenta de las 318 personas asesinadas con una peque\u00f1a fotograf\u00eda (en la mayor\u00eda de los casos) y con una breve informaci\u00f3n sobre su muerte y las fuentes usadas. Los clasifica en dos grupos: los asesinados por motivaciones pol\u00edticas (1976: 24; 1977: 30; 1978: 32; 1979: 38; 1980: 41; 1981: 18; 1982: 8; 1983: 6) y los ejecutados por \u00abgatillo f\u00e1cil\u00bb (1976: 15; 1977: 20; 1978: 16; 1979: 18; 1980: 25; 1981: 18; 1982: 11; 1983:1) de las fuerzas de (in)seguridad.<\/p>\n<p>Cuatro ejemplos:<\/p>\n<p>1. Carlos Hern\u00e1ndez Exp\u00f3sito, 29 a\u00f1os. Escayolista. Mientras paseaba con dos amigos por las inmediaciones de un cuartel de la Guardia Civil en el madrile\u00f1o Puente de Segovia, fueron conminados a detenerse. Lejos de acatar la orden emprendieron la huida perseguidos por los disparos de dos guardias. Poco despu\u00e9s apareci\u00f3 el cuerpo sin vida de Carlos en un descampado de la calle Ramiro Molina con un impacto de bala.<\/p>\n<p>2. Ram\u00f3n Egea G\u00f3mez, de 45 a\u00f1os. Empleado de mantenimiento. El 15 de enero de 1978 la CNT organiz\u00f3 una manifestaci\u00f3n en Barcelona contra la firma de los Pactos de la Moncloa que aglutin\u00f3 a 10.000 trabajadores. Al terminar tuvo lugar un ataque con c\u00f3cteles Molotov por un grupo de ultraderechistas contra la sala de fiestas Scala. El resultado fue la muerte de cuatro trabajadores: Diego Montoro, Bernab\u00e9 Bravo, Ram\u00f3n Egea (el autor de esta rese\u00f1a fue profesor de bachillerato de su hijo Antonio) y Juan Manuel L\u00f3pez. Tres de los cuales eran afiliados a la CNT.<\/p>\n<p>3. Ana Teresa Barrueta \u00c1lvarez, de 19 a\u00f1os y natural de Bilbao. Estudiaba scretariado y trabajaba cuidando ni\u00f1os, a los que ense\u00f1aba euskera, en Algorta. Despu\u00e9s de salir de la ikastola de Sondica (Vizcaya), donde asist\u00eda a clases de euskera, fue secuestrada por miembros de los Grupos Armados Espa\u00f1oles (GAE). Su cuerpo desnudo estaba materialmente cosido a pu\u00f1aladas, con el cr\u00e1neo aplastado y con evidentes huellas de haber sido torturada y violada. Para rematar su agon\u00eda la hab\u00edan estrangulado con el cintur\u00f3n de su abrigo. Apareci\u00f3 en el barrio de Sagroniz, a 200 metros de su hogar.<\/p>\n<p>4. Mar\u00eda Asensio Morales, de 32 a\u00f1os y vecina de Hu\u00e9rcal-Overa (Almer\u00eda). Agricultora. Los hechos sucedieron durante una manifestaci\u00f3n convocada pidiendo agua para los cultivos, mayoritariamente de c\u00edtricos. Un centenar de mujeres y ni\u00f1os formaron una barrera para impedir el paso de los camiones de la empresa Explotaciones Agr\u00edcolas Cuevas de Almanzora, que pretend\u00edan extraer el agua de los pozos de la zona. La GC carg\u00f3 disparando botes de humo y pelotas de goma, despu\u00e9s de la orden lanzada por uno de los mandos: \u00ab\u00a1fuego!, \u00a1adelante!\u00bb Mar\u00eda muri\u00f3 a consecuencia del impacto de una pelota de goma disparada a corta distancia por antidisturbios de la GC. Lae abrieron la cabeza \u00abcomo si fuera una granada y se estaba desangrando\u00bb afirm\u00f3 un testigo. El entonces capit\u00e1n que dirigi\u00f3 el operativo, Antonio Torrado, llegar\u00eda en 2003 a general de brigada de la GC, siendo nombrado m\u00e1ximo responsable del cuerpo en las Islas Canarias.<\/p>\n<p>Libro de consulta e investigaci\u00f3n para activistas, estudiosos y ciudadanos en general, libro m\u00e1s que recomendable. Una duda de este lector: \u00bfpor qu\u00e9 entre 1976 y 1983? \u00bfno hubiera sido razonable incluir tambi\u00e9n algunos otros asesinados durante estos a\u00f1os de transici\u00f3n (aunque hayan sido menos olvidados)?<\/p>\n","protected":false},"excerpt":{"rendered":"<p>Rese\u00f1a de: Luis Puigcerc\u00fas, Imborrables. Las v\u00edctimas ignoradas de la transici\u00f3n (1976-1983). Sarri\u00f3n: Mu\u00f1oz Moya editores, 2023, 306 p\u00e1ginas La<\/p>\n","protected":false},"author":5,"featured_media":16682,"comment_status":"open","ping_status":"open","sticky":false,"template":"","format":"standard","meta":{"footnotes":""},"categories":[46],"tags":[2191,2190,917],"class_list":["post-16680","post","type-post","status-publish","format-standard","has-post-thumbnail","hentry","category-memoria-historica","tag-imborrables-las-victimas-ignoradas-de-la-transicion-1976-1983","tag-luis-puigcercus","tag-resenas"],"aioseo_notices":[],"_links":{"self":[{"href":"https:\/\/espai-marx.net\/index.php?rest_route=\/wp\/v2\/posts\/16680","targetHints":{"allow":["GET"]}}],"collection":[{"href":"https:\/\/espai-marx.net\/index.php?rest_route=\/wp\/v2\/posts"}],"about":[{"href":"https:\/\/espai-marx.net\/index.php?rest_route=\/wp\/v2\/types\/post"}],"author":[{"embeddable":true,"href":"https:\/\/espai-marx.net\/index.php?rest_route=\/wp\/v2\/users\/5"}],"replies":[{"embeddable":true,"href":"https:\/\/espai-marx.net\/index.php?rest_route=%2Fwp%2Fv2%2Fcomments&post=16680"}],"version-history":[{"count":3,"href":"https:\/\/espai-marx.net\/index.php?rest_route=\/wp\/v2\/posts\/16680\/revisions"}],"predecessor-version":[{"id":16690,"href":"https:\/\/espai-marx.net\/index.php?rest_route=\/wp\/v2\/posts\/16680\/revisions\/16690"}],"wp:featuredmedia":[{"embeddable":true,"href":"https:\/\/espai-marx.net\/index.php?rest_route=\/wp\/v2\/media\/16682"}],"wp:attachment":[{"href":"https:\/\/espai-marx.net\/index.php?rest_route=%2Fwp%2Fv2%2Fmedia&parent=16680"}],"wp:term":[{"taxonomy":"category","embeddable":true,"href":"https:\/\/espai-marx.net\/index.php?rest_route=%2Fwp%2Fv2%2Fcategories&post=16680"},{"taxonomy":"post_tag","embeddable":true,"href":"https:\/\/espai-marx.net\/index.php?rest_route=%2Fwp%2Fv2%2Ftags&post=16680"}],"curies":[{"name":"wp","href":"https:\/\/api.w.org\/{rel}","templated":true}]}}