{"id":16716,"date":"2024-11-29T05:00:55","date_gmt":"2024-11-29T04:00:55","guid":{"rendered":"https:\/\/espai-marx.net\/?p=16716"},"modified":"2024-11-29T04:38:27","modified_gmt":"2024-11-29T03:38:27","slug":"la-crisis-de-volkswagen-es-la-crisis-de-alemania","status":"publish","type":"post","link":"https:\/\/espai-marx.net\/?p=16716","title":{"rendered":"La crisis de Volkswagen es la crisis de Alemania"},"content":{"rendered":"<p>La industria automovil\u00edstica alemana se ve acosada peri\u00f3dicamente por crisis, cada una peor que la anterior y con intervalos cada vez m\u00e1s cortos. A estas alturas, no es de extra\u00f1ar que sea necesaria una transici\u00f3n y, sin embargo, tanto las empresas como los gobiernos han hecho poco por adaptarse m\u00e1s r\u00e1pidamente y tener en cuenta las verdaderas necesidades sociales: centrarse en la fabricaci\u00f3n de veh\u00edculos m\u00e1s peque\u00f1os y asequibles con cero emisiones, as\u00ed como en una producci\u00f3n que apoye la expansi\u00f3n de la red de transporte p\u00fablico. Ahora, como en 2009 y 2020, la industria automovil\u00edstica -y sobre todo VW- puede necesitar ser rescatada con fondos p\u00fablicos. Pero los Dem\u00f3cratas Libres (FDP) se mantuvieron firmes en el mantenimiento de las provisiones para el freno de la deuda, lo que finalmente provoc\u00f3 el colapso de la coalici\u00f3n del sem\u00e1foro y la destituci\u00f3n de Christian Lindner y el FDP del Gobierno.<\/p>\n<p class=\"yiv1398964234ydpf9cd928fyiv0492504024ydp61bc0990normal1\">Se trata de la competencia, de los mercados y de las cuotas de mercado, de la creaci\u00f3n y posterior destrucci\u00f3n de capacidad en una situaci\u00f3n en la que los mercados se contraen y en la que amplios segmentos de la poblaci\u00f3n han visto disminuir su poder adquisitivo. La industria automovil\u00edstica alemana est\u00e1 firmemente orientada a la exportaci\u00f3n y depende en gran medida de los mercados chino y estadounidense. Tambi\u00e9n hay que tener en cuenta que varios actores nuevos y tecnol\u00f3gicamente avanzados se han establecido en China y se est\u00e1n expandiendo por los mercados mundiales. Despu\u00e9s de 40 a\u00f1os haciendo buenos negocios en China, las cifras de ventas de Volkswagen, BMW y Mercedes-Benz han ca\u00eddo dr\u00e1sticamente.<sup><span class=\"yiv1398964234ydpf9cd928fyiv0492504024ydp61bc0990MsoFootnoteReference\">1<\/span><\/sup><\/p>\n<p class=\"yiv1398964234ydpf9cd928fyiv0492504024ydp61bc0990normal1\"><strong>Una crisis de empleo <\/strong><\/p>\n<p class=\"yiv1398964234ydpf9cd928fyiv0492504024ydp61bc0990normal1\">En primer lugar, la crisis afecta a los puestos de trabajo, no a los beneficios. En los \u00faltimos cinco a\u00f1os, la industria automovil\u00edstica alemana, junto con sus proveedores locales, ha suprimido 60.000 puestos de trabajo. Ford cierra su planta de Saarlouis, VW su f\u00e1brica de Bruselas y Stellantis sus centros de producci\u00f3n de Bielsko-Bia\u0142a y Tur\u00edn. Casi a diario surgen nuevos informes de deslocalizaciones o cierres por parte de Bosch, Conti, ZF, Schaeffler y muchos otros proveedores m\u00e1s peque\u00f1os. De 2016 a 2023, la producci\u00f3n nacional de autom\u00f3viles cay\u00f3 de 5,7 millones a 4,1 millones de unidades.<\/p>\n<p class=\"yiv1398964234ydpf9cd928fyiv0492504024ydp61bc0990normal1\">En aparente contradicci\u00f3n con este exceso de capacidad, los beneficios han seguido aumentando, hasta alcanzar los 50.000 millones de euros en el caso de las Tres Grandes alemanas, con unos beneficios no distribuidos que ascienden a la incre\u00edble cifra de 250.000 millones de euros. Los coches de lujo y los todoterrenos de gran potencia generan menos volumen de negocio que los veh\u00edculos peque\u00f1os e inteligentes, pero tienen mayores m\u00e1rgenes de beneficio. Un ejemplo de Volkswagen lo ilustra muy claramente: a diferencia de la l\u00ednea que la empresa afirma p\u00fablicamente y que los periodistas est\u00e1n encantados de repetir, las p\u00e9rdidas financieras no son en absoluto el problema. Para los propietarios y directivos, un margen de beneficios del 3,5% para la marca Volkswagen no es suficiente, sino que quieren un 6,5% para la marca y un 10% para la empresa, es decir, 30.000 millones de euros de beneficios, en lugar de los 22.000 millones del a\u00f1o anterior.<\/p>\n<h5 class=\"yiv1398964234ydpf9cd928fyiv0492504024ydp61bc0990normal1\">Tabla 1: Beneficios y ganancias retenidas de VW, Mercedes-Benz y BMW en 2023<\/h5>\n<div class=\"yiv1398964234ydpf9cd928fyiv0492504024ydp61bc0990data-table\">\n<table class=\"yiv1398964234ydpf9cd928fyiv0492504024ydp61bc0990contenttable yiv1398964234ydpf9cd928fyiv0492504024ydp85cc1fdfyahoo-compose-table-card yiv1398964234ydpf9cd928fyiv0492504024yahoo-compose-table-card yiv1398964234yahoo-compose-table-card\" cellspacing=\"0\">\n<tbody>\n<tr>\n<td>\n<p class=\"yiv1398964234ydpf9cd928fyiv0492504024ydp61bc0990normal1\">\n<\/td>\n<td>\n<p class=\"yiv1398964234ydpf9cd928fyiv0492504024ydp61bc0990normal1\"><strong>Beneficios de 2023 en euros<\/strong><\/p>\n<\/td>\n<td>\n<p class=\"yiv1398964234ydpf9cd928fyiv0492504024ydp61bc0990normal1\"><strong>Resultados en euros<\/strong><\/p>\n<\/td>\n<\/tr>\n<tr>\n<td>\n<p class=\"yiv1398964234ydpf9cd928fyiv0492504024ydp61bc0990normal1\"><strong>Volkswagen<\/strong><\/p>\n<\/td>\n<td>\n<p class=\"yiv1398964234ydpf9cd928fyiv0492504024ydp61bc0990normal1\">22.000 millones<\/p>\n<\/td>\n<td>\n<p class=\"yiv1398964234ydpf9cd928fyiv0492504024ydp61bc0990normal1\">147.000 millones<\/p>\n<\/td>\n<\/tr>\n<tr>\n<td>\n<p class=\"yiv1398964234ydpf9cd928fyiv0492504024ydp61bc0990normal1\"><strong>Mercedes<\/strong><\/p>\n<\/td>\n<td>\n<p class=\"yiv1398964234ydpf9cd928fyiv0492504024ydp61bc0990normal1\">15.000 millones<\/p>\n<\/td>\n<td>\n<p class=\"yiv1398964234ydpf9cd928fyiv0492504024ydp61bc0990normal1\">21.000 millones<\/p>\n<\/td>\n<\/tr>\n<tr>\n<td>\n<p class=\"yiv1398964234ydpf9cd928fyiv0492504024ydp61bc0990normal1\"><strong>BMW<\/strong><\/p>\n<\/td>\n<td>\n<p class=\"yiv1398964234ydpf9cd928fyiv0492504024ydp61bc0990normal1\">12.000 millones<\/p>\n<\/td>\n<td>\n<p class=\"yiv1398964234ydpf9cd928fyiv0492504024ydp61bc0990normal1\">85 mil millones<\/p>\n<\/td>\n<\/tr>\n<\/tbody>\n<\/table>\n<\/div>\n<p class=\"yiv1398964234ydpf9cd928fyiv0492504024ydp61bc0990normal1\"><em>(Fuente: informes de las empresas)<\/em><\/p>\n<p class=\"yiv1398964234ydpf9cd928fyiv0492504024ydp61bc0990normal1\">La demanda de autom\u00f3viles en Alemania y en Europa en general lleva cayendo desde 2016. En ello han influido mucho las guerras en curso y la competencia mundial, una atm\u00f3sfera internacional vol\u00e1til, las carreras armament\u00edsticas, los recortes de los servicios sociales, el debate en torno al cambio a los veh\u00edculos el\u00e9ctricos y el deterioro de las infraestructuras. De 2017 a 2020, la producci\u00f3n mundial de autom\u00f3viles cay\u00f3 de 73 millones a 55 millones de unidades, antes de volver a subir a 67 millones en 2023. Ese mismo a\u00f1o se vendieron 2 millones de coches menos que cinco a\u00f1os antes, lo que equivale a la producci\u00f3n de cuatro grandes f\u00e1bricas de autom\u00f3viles o a las ventas mundiales de Audi y Peugeot juntas. Este desplome de la facturaci\u00f3n afecta sobre todo a los fabricantes de grandes vol\u00famenes, como Volkswagen, cuyo balance s\u00f3lo en Europa tiene ahora un agujero del tama\u00f1o de 500.000 veh\u00edculos vendidos.<\/p>\n<p class=\"yiv1398964234ydpf9cd928fyiv0492504024ydp61bc0990normal1\">El exceso de capacidad que se cre\u00f3 supuso un gran coste. Hasta hace poco, VW segu\u00eda aspirando a imitar a Tesla en la construcci\u00f3n de una \u00abgigafactor\u00eda\u00bb para nuevos veh\u00edculos de lujo, que se bautizar\u00eda como \u00abTrinity\u00bb. El consejo de administraci\u00f3n dio luz verde a su construcci\u00f3n en Wolfsburgo en marzo de 2022. Dos a\u00f1os despu\u00e9s, los debates se centran ahora en los despidos masivos y el cierre de f\u00e1bricas. Mientras que el comit\u00e9 de empresa, el sindicato IG Metall y el gobierno del estado de Baja Sajonia quer\u00edan tener la planta de Trinity en Wolfsburgo, es en parte gracias al movimiento de transici\u00f3n de la movilidad que esta mala inversi\u00f3n, que habr\u00eda costado m\u00e1s de 2.000 millones de euros, fue finalmente cancelada en oto\u00f1o de 2023. En la reuni\u00f3n de la f\u00e1brica de Wolfsburg del 4 de septiembre, el jefe de VW declar\u00f3 que \u00abnos faltan unos 500.000 coches en t\u00e9rminos de ventas, lo que equivale aproximadamente a la producci\u00f3n de dos f\u00e1bricas. Sencillamente, ya no hay mercado\u00bb. Anteriormente, el exceso de capacidad siempre se presentaba como un problema de otros fabricantes; \u00e9sta era la primera vez que se reconoc\u00eda la existencia de un exceso de capacidad en la propia empresa.<sup><span class=\"yiv1398964234ydpf9cd928fyiv0492504024ydp61bc0990MsoFootnoteReference\">2<\/span><\/sup><\/p>\n<p class=\"yiv1398964234ydpf9cd928fyiv0492504024ydp61bc0990normal1\">En los \u00faltimos a\u00f1os, la simultaneidad de la crisis clim\u00e1tica y la batalla por el futuro de la industria automovil\u00edstica y cientos de miles de puestos de trabajo ha demostrado ser una combinaci\u00f3n explosiva. El giro general a la derecha y los altos promedios en las encuestas de la ultraderechista Alternative f\u00fcr Deutschland (AfD) en las regiones productoras de autom\u00f3viles de Sajonia, Baden-W\u00fcrttemberg, Hesse y Baja Sajonia son extremadamente preocupantes. Existe el peligro de que se produzca una reacci\u00f3n violenta en el sector del transporte que agrave la crisis clim\u00e1tica, haga que se despilfarren miles de millones en rescates y ponga en peligro a\u00fan m\u00e1s puestos de trabajo.<\/p>\n<p class=\"yiv1398964234ydpf9cd928fyiv0492504024ydp61bc0990normal1\">La construcci\u00f3n de nuevas autopistas y las subvenciones absurdamente elevadas que van a parar a las arcas de la industria automovil\u00edstica constituyen una redistribuci\u00f3n de abajo arriba. Aunque la gente sigue dependiendo del coche debido a la falta de buenas opciones de transporte p\u00fablico, la densidad de autom\u00f3viles y las emisiones est\u00e1n disminuyendo notablemente, al igual que los ingresos de los hogares. En lugar de responder a las demandas de la mayor\u00eda del pa\u00eds, como la limitaci\u00f3n de la velocidad y la reducci\u00f3n de las subvenciones, el Gobierno se muestra m\u00e1s bien favorable a la industria automovil\u00edstica y refuerza las pol\u00edticas centradas en el autom\u00f3vil. Incluso la transici\u00f3n fuera del motor de combusti\u00f3n est\u00e1 siendo cuestionada una vez m\u00e1s por fuerzas antiecol\u00f3gicas como el FDP, los Dem\u00f3crata-Cristianos (CDU), el AfD y la Alianza Sahra Wagenknecht (BSW), todos los cuales parecen decididos a tirar por la borda tanto el clima como la transici\u00f3n de la movilidad.<\/p>\n<p class=\"yiv1398964234ydpf9cd928fyiv0492504024ydp61bc0990normal1\"><strong>Romper los convenios colectivos<\/strong><\/p>\n<p class=\"yiv1398964234ydpf9cd928fyiv0492504024ydp61bc0990normal1\">En los \u00faltimos cinco a\u00f1os, la industria automovil\u00edstica y de proveedores alemana ha suprimido unos 60.000 puestos de trabajo. Se han cerrado plantas de producci\u00f3n de VW, como la de Bruselas. Las f\u00e1bricas de VW en Emden, Zwickau, Wolfsburg, Hannover, Salzgitter, Chemnitz, Osnabruck y Dresde tambi\u00e9n funcionan por debajo de su capacidad, lo que se traduce en m\u00e1rgenes estrechos y beneficios reducidos.<\/p>\n<p class=\"yiv1398964234ydpf9cd928fyiv0492504024ydp61bc0990normal1\">En septiembre de 2024, la junta directiva de VW suprimi\u00f3 el convenio colectivo sobre seguridad en el empleo para estar en condiciones de responder a la crisis de sobreproducci\u00f3n con despidos masivos y cierres de f\u00e1bricas. Esta postura amenazadora no pretende evitar p\u00e9rdidas, sino lograr mayores beneficios. Cualquiera que se preocupe por las dificultades a las que se enfrentan los accionistas de VW puede estar tranquilo: 4.500 millones de euros de los beneficios de la empresa en 2023 se pagaron como dividendos, y casi la mitad fue directamente a la familia Porsche-Pi\u00ebch. Esto corresponde casi exactamente a la cantidad que se supone que ahorrar\u00e1n las medidas que acabamos de describir. El anuncio de despidos masivos y cierres de f\u00e1bricas representa una suspensi\u00f3n de la pr\u00e1ctica anterior de colaboraci\u00f3n social.<\/p>\n<p class=\"yiv1398964234ydpf9cd928fyiv0492504024ydp61bc0990normal1\">VW ha desechado los siguientes convenios colectivos:<\/p>\n<ul>\n<li class=\"yiv1398964234ydpf9cd928fyiv0492504024ydp61bc0990normal1\">El convenio colectivo sobre seguridad en el empleo &#8211; para facilitar despidos masivos y cierres de f\u00e1bricas; .<\/li>\n<li class=\"yiv1398964234ydpf9cd928fyiv0492504024ydp61bc0990normal1\">El convenio colectivo de salarios &#8211; con el objetivo de reducir los salarios en un 10 por ciento de forma generalizada;.<\/li>\n<li class=\"yiv1398964234ydpf9cd928fyiv0492504024ydp61bc0990normal1\">El convenio colectivo que obliga a la contrataci\u00f3n de aprendices que completen con \u00e9xito su formaci\u00f3n;.<\/li>\n<li class=\"yiv1398964234ydpf9cd928fyiv0492504024ydp61bc0990normal1\">El convenio colectivo relativo a la contrataci\u00f3n temporal, que regulaba la retribuci\u00f3n de los trabajadores temporales.<\/li>\n<li class=\"yiv1398964234ydpf9cd928fyiv0492504024ydp61bc0990normal1\">El acuerdo que garantizaba el derecho del comit\u00e9 de empresa a participar en las decisiones relativas a la retribuci\u00f3n del personal altamente cualificado no sujeto a convenio colectivo.<\/li>\n<\/ul>\n<p class=\"yiv1398964234ydpf9cd928fyiv0492504024ydp61bc0990normal1\">Enfrentar a los mayores contra los j\u00f3venes, la oficina contra la cadena de montaje, Emden contra Zwickau: este es el plan de la direcci\u00f3n. El Director General de VW, Oliver Blume, intent\u00f3 adoptar un tono sentimental en su mensaje: \u00abEstamos llevando a VW de vuelta al lugar al que pertenece la marca: es responsabilidad de todos nosotros. Soy de la regi\u00f3n y llevo 30 a\u00f1os trabajando para la empresa. Pueden contar conmigo, y yo cuento con ustedes. Somos Volkswagen\u00bb. Sin embargo, los miles de trabajadores presentes en la sala de reuniones respondieron con un audaz c\u00e1ntico: \u00ab\u00a1Nosotros somos Volkswagen, pero vosotros no!\u00bb.<\/p>\n<p class=\"yiv1398964234ydpf9cd928fyiv0492504024ydp61bc0990normal1\"><strong>Responsabilidad hist\u00f3rica frente a avaricia<\/strong><\/p>\n<p class=\"yiv1398964234ydpf9cd928fyiv0492504024ydp61bc0990normal1\">El anuncio de despidos masivos y cierres de f\u00e1bricas en VW llev\u00f3 a muchos miles de trabajadores de todas las sedes a expresar su descontento. Daniela Cavallo, presidenta del comit\u00e9 de empresa general, <a href=\"https:\/\/www.igm-bei-vw.de\/meldung\/daniela-cavallo-bekraeftigt-machtanspruch-der-mitbestimmung-bei-vw\" target=\"_blank\" rel=\"nofollow noopener noreferrer\">anunci\u00f3<\/a> que se opondr\u00edan a las medidas y afirm\u00f3 que los trabajadores ten\u00edan derecho a la propiedad de la empresa: \u00abVolkswagen no s\u00f3lo pertenece a sus accionistas. Volkswagen tambi\u00e9n pertenece a su plantilla\u00bb. Hizo referencia a la historia de la empresa: VW fue creada por los nazis con los beneficios de la venta de activos confiscados a los sindicatos. Despu\u00e9s de 1945, los sindicatos no hicieron valer sus derechos de propiedad porque los derechos ampliados de participaci\u00f3n de los trabajadores se garantizaron dura\u00bbnte la privatizaci\u00f3n parcial de la empresa en 1960 mediante la Ley Volkswagen. De ah\u00ed se deriva el derecho de los trabajadores de VW a la coparticipaci\u00f3n econ\u00f3mica y a los derechos sociales globales, como subray\u00f3 Cavallo:<\/p>\n<blockquote class=\"yiv1398964234ydpf9cd928fyiv0492504024ydp61bc0990blockquote-reduced\">\n<p class=\"yiv1398964234ydpf9cd928fyiv0492504024ydp61bc0990normal1\">130 millones de Reichsmarks corresponden a &#8230; un poder adquisitivo actual de casi 700 millones de euros. Teniendo en cuenta los tipos de inter\u00e9s medios, este capital que los nazis robaron entonces al movimiento obrero habr\u00eda superado hace tiempo los mil millones de euros. Este dinero -nuestro dinero- est\u00e1 ahora contenido en VW. Por lo tanto, est\u00e1 claro que el turbo capitalismo nunca tendr\u00e1 cabida en Volkswagen. Por el contrario, en Volkswagen, sus trabajadores, sus familias y las regiones donde est\u00e1n ubicados siempre tendr\u00e1n una voz fuerte.<\/p>\n<\/blockquote>\n<p class=\"yiv1398964234ydpf9cd928fyiv0492504024ydp61bc0990normal1\">El presidente del comit\u00e9 de empresa de Kassel, Carsten B\u00fcchling, ten\u00eda <a href=\"https:\/\/www.fr.de\/wirtschaft\/wasser-auf-die-muehlen-der-afd-93281901.html\" target=\"_blank\" rel=\"nofollow noopener noreferrer\">esto que a\u00f1adir<\/a>:<\/p>\n<blockquote class=\"yiv1398964234ydpf9cd928fyiv0492504024ydp61bc0990blockquote-reduced\">\n<p class=\"yiv1398964234ydpf9cd928fyiv0492504024ydp61bc0990normal1\">El hecho de que los despidos operativos y los cierres de plantas est\u00e9n actualmente en el aire es molienda para el molino de la AfD. &#8230; Si tuvi\u00e9ramos m\u00e1s influencia sobre las decisiones estrat\u00e9gicas relativas a la producci\u00f3n, se podr\u00edan evitar estas &#8230; escaladas. &#8230; Nuestro objetivo debe ser que los trabajadores tengan poder de decisi\u00f3n sobre la producci\u00f3n. Los trabajadores deben convertirse en copropietarios de las f\u00e1bricas.<\/p>\n<\/blockquote>\n<p class=\"yiv1398964234ydpf9cd928fyiv0492504024ydp61bc0990normal1\">Decenas de miles de trabajadores participaron en las reuniones del comit\u00e9 de empresa de VW que se celebraron en septiembre de 2024 en todas las sedes de la empresa. El ambiente estaba caldeado. Un trabajador de Emden cont\u00f3 que \u00abManni [Manfred Wulff, presidente del comit\u00e9 de empresa] ten\u00eda la esperanza de que el volumen de ventas volviera a aumentar pronto. No tengo ni idea de d\u00f3nde viene este optimismo\u00bb. Mientras tanto, un trabajador de Zwickau informaba de que \u00abel jefe de marca Sch\u00e4fer fue recibido con silbidos y abucheos. El ambiente en la reuni\u00f3n de empresa estaba en ebullici\u00f3n. La gente sospecha que VW s\u00f3lo la celebr\u00f3 para cobrar m\u00e1s subvenciones\u00bb.<\/p>\n<p class=\"yiv1398964234ydpf9cd928fyiv0492504024ydp61bc0990normal1\">El consejero delegado de Volkswagen, Oliver Blume, declar\u00f3 al <em>Bild am Sonntag<\/em> que no ve\u00eda alternativa a los duros recortes. La debilidad de la demanda en Europa y el descenso de los ingresos en el mercado chino hab\u00edan puesto de manifiesto problemas estructurales que VW arrastraba desde hac\u00eda d\u00e9cadas. Por esta raz\u00f3n, argument\u00f3, hab\u00eda que reducir dr\u00e1sticamente los costes en Alemania. Gunnar Kilian, miembro de la junta directiva de VW, socialdem\u00f3crata y antiguo miembro del comit\u00e9 de empresa de Wolfsburg, explic\u00f3 que se avecinaba un \u00abcambio de rumbo hist\u00f3rico\u00bb, que implicaba que el personal deb\u00eda estar preparado \u00abpara aceptar recortes\u00bb. El FDP denunci\u00f3 a viva voz que el gobierno de Baja Sajonia quer\u00eda retirarse del consejo de supervisi\u00f3n de VW. El primer ministro de Baja Sajonia, Stephan Weil (SPD), espera que se presenten alternativas al cierre de plantas.<\/p>\n<p class=\"yiv1398964234ydpf9cd928fyiv0492504024ydp61bc0990normal1\">Por el contrario, la presidenta del IG Metall <a href=\"https:\/\/www.faz.net\/aktuell\/wirtschaft\/unternehmen\/vw-krise-ig-metall-fordert-viertagewoche-als-loesung-19964918.html\" target=\"_blank\" rel=\"nofollow noopener noreferrer\">Christiane Benner<\/a> ve como posibilidades la reducci\u00f3n de la jornada laboral y la semana de cuatro d\u00edas: \u00abNo debemos descartar ninguna idea sobre c\u00f3mo podemos salvaguardar los puestos de trabajo y las instalaciones de producci\u00f3n\u00bb.<\/p>\n<p class=\"yiv1398964234ydpf9cd928fyiv0492504024ydp61bc0990normal1\"><strong>El \u00abprivilegio de trabajar en VW\u00bb<\/strong><\/p>\n<p class=\"yiv1398964234ydpf9cd928fyiv0492504024ydp61bc0990normal1\">Muchos peri\u00f3dicos y revistas alemanes, entre ellos <em>Die Zeit<\/em>, <em>Stern<\/em>, y <em>Fokus<\/em>, se han apresurado a escribir art\u00edculos complacientes afirmando que los trabajadores de Volkswagen viven en el lujo y est\u00e1n sobrepagados, y que IG Metall es perjudicial tanto para los trabajadores como para las empresas.<\/p>\n<p class=\"yiv1398964234ydpf9cd928fyiv0492504024ydp61bc0990normal1\">Los hechos, sin embargo, cuentan una historia diferente: en los a\u00f1os 2022 a 2024, la inflaci\u00f3n se situ\u00f3 entre el 4 y el 7 por ciento anual, y el precio de los alimentos aument\u00f3 a un ritmo a\u00fan mayor. Entre 2019 y 2021, los salarios en VW se congelaron. De 2022 a 2024, aumentaron un 2,3% durante un periodo de 17 meses, y durante periodos m\u00e1s cortos un 5,2% y un 3,3% respectivamente; en conjunto, estas subidas ni siquiera igualan la tasa de inflaci\u00f3n.<\/p>\n<p class=\"yiv1398964234ydpf9cd928fyiv0492504024ydp61bc0990normal1\">El crecimiento de los salarios en VW en los \u00faltimos diez a\u00f1os s\u00f3lo ha seguido, en el mejor de los casos, el ritmo de los convenios colectivos en otros sectores de la industria metal\u00fargica y el\u00e9ctrica. La introducci\u00f3n de la semana laboral de 28,8 horas y el acuerdo de seguridad laboral de 1994 se produjeron a costa de un decimotercer mes de salario, primas de Navidad y complementos por turnos. Diez a\u00f1os m\u00e1s tarde, la semana laboral hab\u00eda aumentado a 33 horas, sin pago adicional. En su lugar, el personal recib\u00eda dividendos calculados en funci\u00f3n del nivel de beneficios de VW.<\/p>\n<p class=\"yiv1398964234ydpf9cd928fyiv0492504024ydp61bc0990normal1\">Un trabajador de la l\u00ednea de montaje tiene esto que decir: \u00abEn los \u00faltimos a\u00f1os no hemos hecho m\u00e1s que concesiones. Las cadenas de montaje est\u00e1n tan reglamentadas que no puedes ni sonarte la nariz sin que te den por detr\u00e1s. Todo lo que hacemos por unos 27 euros la hora multiplicado por 140 horas al mes s\u00f3lo da como resultado unos 3.700 euros brutos al mes, lo que dependiendo de tu nivel impositivo significa que te llevas a casa entre 2.200 y 2.700 euros netos.\u00bb<\/p>\n<p class=\"yiv1398964234ydpf9cd928fyiv0492504024ydp61bc0990normal1\">En el mismo periodo, los dividendos a los accionistas ascendieron a unos 20.000 millones de euros; el esc\u00e1ndalo de las emisiones, por su parte, cost\u00f3 a la empresa m\u00e1s de 30.000 millones.<\/p>\n<p class=\"yiv1398964234ydpf9cd928fyiv0492504024ydp61bc0990normal1\"><strong>Alianzas para la protecci\u00f3n del clima, buenos empleos y una buena vida para todos<\/strong><\/p>\n<p class=\"yiv1398964234ydpf9cd928fyiv0492504024ydp61bc0990normal1\">Ver.di y Fridays for Future han adoptado un frente unido para luchar por la ampliaci\u00f3n de la red de transporte p\u00fablico, as\u00ed como por mejores condiciones laborales para los trabajadores del transporte p\u00fablico. Sindicatos y organizaciones ecologistas y sociales se han unido para fundar la Alianza para la Transici\u00f3n a una Movilidad Socialmente Responsable, mientras que activistas por la justicia clim\u00e1tica han interrumpido actos como el Sal\u00f3n Internacional del Autom\u00f3vil de Alemania. Tales esfuerzos demuestran que las demandas de reestructuraci\u00f3n de la industria y de transici\u00f3n de la movilidad pueden ser complementarias, permitiendo la formaci\u00f3n de nuevas alianzas a favor de la transformaci\u00f3n socioecol\u00f3gica.<\/p>\n<p class=\"yiv1398964234ydpf9cd928fyiv0492504024ydp61bc0990normal1\">En la pr\u00e1ctica, sin embargo, se ha hecho demasiado poco hincapi\u00e9 en las reivindicaciones conjuntas de los sindicatos y la izquierda. Corresponde a la izquierda resolver la aparente contradicci\u00f3n entre proteger el medio ambiente y preservar el empleo, y conectar el inter\u00e9s justificado de los trabajadores por un buen empleo y una buena calidad de vida con la transici\u00f3n de la movilidad.<\/p>\n<p class=\"yiv1398964234ydpf9cd928fyiv0492504024ydp61bc0990normal1\">Varios estudios recientes han demostrado que una aut\u00e9ntica transici\u00f3n hacia la movilidad encierra un gran potencial para proporcionar buenos puestos de trabajo. Podr\u00edan crearse cientos de miles de puestos de trabajo en la fabricaci\u00f3n de trenes, as\u00ed como en los ferrocarriles y la explotaci\u00f3n de la red de transporte p\u00fablico, si estos sectores reciben seguridad de planificaci\u00f3n. Si tambi\u00e9n se tiene en cuenta la necesidad de trabajadores para cubrir puestos en los sectores de la asistencia, la sanidad y la educaci\u00f3n -todos los cuales requieren expansi\u00f3n- y se considera el potencial laboral y social de una reducci\u00f3n de la semana laboral a 28 horas o el \u00abempleo abreviado a tiempo completo para todos\u00bb, como pide el antiguo l\u00edder de Die Linke Bernd Riexinger, queda claro que se puede ganar mucho: buenos puestos de trabajo, una buena calidad de vida y un futuro digno para las generaciones venideras. A trav\u00e9s de este proceso, es importante dar seguridad a los trabajadores, entre otras cosas mediante una formaci\u00f3n y un perfeccionamiento profesional legalmente garantizados, garant\u00edas de empleo y los llamados \u00absubsidios de transformaci\u00f3n\u00bb.<\/p>\n<p class=\"yiv1398964234ydpf9cd928fyiv0492504024ydp61bc0990normal1\">Esto requiere que los sindicatos y Die Linke se tomen en serio el aprovechamiento de la energ\u00eda proporcionada por el movimiento de justicia clim\u00e1tica y las iniciativas de transici\u00f3n de la movilidad. Requiere que los sindicatos cumplan su mandato en apoyo de una transformaci\u00f3n socioecol\u00f3gica. Y requiere que los numerosos enfoques y consideraciones \u00fatiles que los propios trabajadores de la industria del autom\u00f3vil de diversos lugares han planteado dejen de ser ignorados por la direcci\u00f3n y, en su lugar, sean retomados por acad\u00e9micos, sindicatos y pol\u00edticos de izquierdas, consolidados e inyectados con fuerza en los debates sociales y pol\u00edticos.<\/p>\n<p class=\"yiv1398964234ydpf9cd928fyiv0492504024ydp61bc0990normal1\"><strong>Un programa de reconstrucci\u00f3n ecol\u00f3gica<\/strong><\/p>\n<p class=\"yiv1398964234ydpf9cd928fyiv0492504024ydp61bc0990normal1\">Naturalmente, hay que hacer algo con el exceso de capacidad existente, preferiblemente mediante conversiones que permitan la producci\u00f3n para una movilidad p\u00fablica sostenible. La adopci\u00f3n de medidas r\u00e1pidas y a gran escala para acortar los tiempos de trabajo &#8211; a una semana de cuatro d\u00edas o de 28 horas &#8211; podr\u00eda ayudar en este sentido.<\/p>\n<p class=\"yiv1398964234ydpf9cd928fyiv0492504024ydp61bc0990normal1\">Los convenios colectivos son la expresi\u00f3n de la relaci\u00f3n de fuerzas entre el capital y el trabajo. Esto significa que lo que se necesita es una resistencia liderada por los sindicatos, en todas las empresas, contra la simple mejora de las instalaciones de producci\u00f3n al tiempo que se recortan los servicios sociales, junto con esfuerzos conjuntos de los sindicatos, el movimiento por la justicia clim\u00e1tica y las iniciativas de transporte para luchar por la participaci\u00f3n y la codeterminaci\u00f3n en relaci\u00f3n con las decisiones empresariales estrat\u00e9gicas y la reconversi\u00f3n de la industria automovil\u00edstica.<\/p>\n<p class=\"yiv1398964234ydpf9cd928fyiv0492504024ydp61bc0990normal1\">En un pa\u00eds rico como el nuestro, el dinero necesario para la reconversi\u00f3n de la industria automovil\u00edstica est\u00e1 disponible. Esta reconversi\u00f3n ofrece una alternativa a la creciente competencia mundial, los recortes de los servicios sociales, los despidos masivos y el cierre de f\u00e1bricas. Nuestras propuestas centrales son las siguientes:<\/p>\n<ol>\n<li class=\"yiv1398964234ydpf9cd928fyiv0492504024ydp61bc0990normal1\"><em>Un aumento de la inversi\u00f3n p\u00fablica<\/em>es posible y necesario. En lugar de dar a la industria automovil\u00edstica miles de millones en subvenciones, habr\u00eda que redirigir los beneficios destin\u00e1ndolos a la transici\u00f3n hacia la movilidad. El Gobierno federal puede crear un fondo especial de 200.000 millones de euros para invertir en infraestructuras y en el desarrollo de la capacidad de producci\u00f3n de veh\u00edculos de transporte p\u00fablico (desde vagones de tren hasta autobuses inteligentes) si prescinde del freno de la deuda y elimina los obst\u00e1culos a la innovaci\u00f3n.<\/li>\n<li class=\"yiv1398964234ydpf9cd928fyiv0492504024ydp61bc0990normal1\"><em>La creaci\u00f3n de consejos regionales de transformaci\u00f3n, con miembros procedentes de los sindicatos, la pol\u00edtica regional, asociaciones medioambientales y de transporte, e iniciativas de transici\u00f3n energ\u00e9tica y de movilidad, que inicien foros sociales y ejerzan una influencia directa en la transformaci\u00f3n socioecol\u00f3gica de toda la industria de la movilidad. La financiaci\u00f3n de estos consejos regionales de transformaci\u00f3n proceder\u00e1 del Fondo del Futuro de la Industria del Autom\u00f3vil. <\/em><\/li>\n<li class=\"yiv1398964234ydpf9cd928fyiv0492504024ydp61bc0990normal1\"><em>Acelerar y apoyar las iniciativas y alianzas locales <\/em>para la transformaci\u00f3n socioecol\u00f3gica de la industria del autom\u00f3vil y la movilidad.<\/li>\n<li class=\"yiv1398964234ydpf9cd928fyiv0492504024ydp61bc0990normal1\"><em>La creaci\u00f3n y expansi\u00f3n de (<\/em><em>empresas p\u00fablicas, democr\u00e1ticas)<\/em>que cubran las lagunas existentes en la industria de la movilidad en torno al transporte inteligente de autobuses y trenes, as\u00ed como de mercanc\u00edas: esto proporcionar\u00eda <em>compensaciones razonables<\/em> por la p\u00e9rdida de puestos de trabajo en otras \u00e1reas. Adem\u00e1s: la socializaci\u00f3n de las empresas que intenten bloquear la transici\u00f3n a la movilidad, de acuerdo con los art\u00edculos 14 y 15 de la Ley Fundamental alemana.<\/li>\n<li class=\"yiv1398964234ydpf9cd928fyiv0492504024ydp61bc0990normal1\">Reformas a la regulaci\u00f3n del tr\u00e1fico y leyes que faculten a los ayuntamientos para adoptar y aplicar medidas socioecol\u00f3gicas como l\u00edmites de velocidad y carriles bus..<\/li>\n<li class=\"yiv1398964234ydpf9cd928fyiv0492504024ydp61bc0990normal1\"><em>Una pol\u00edtica industrial a escala europea para la creaci\u00f3n de una industria europea de la movilidad <\/em>que facilite la necesaria construcci\u00f3n de autobuses y trenes. Debe preservarse la posibilidad de que la red de transporte p\u00fablico tenga una obligaci\u00f3n de servicio p\u00fablico.<\/li>\n<\/ol>\n<p class=\"yiv1398964234ydpf9cd928fyiv0492504024ydp61bc0990normal1\">La consiguiente transici\u00f3n del transporte y la movilidad formar\u00eda parte de una transformaci\u00f3n de la producci\u00f3n y la prestaci\u00f3n de servicios en nuestro pa\u00eds que los reoriente hacia las necesidades de las personas. Es necesario dar un giro a la econom\u00eda, acabar con la actividad econ\u00f3mica socioecol\u00f3gicamente nociva y poner la creatividad humana y los recursos sociales al servicio de un alto nivel de vida. La transici\u00f3n hacia la movilidad es a la vez la piedra angular y el resultado de dicha transformaci\u00f3n, al tiempo que proporciona una v\u00eda democr\u00e1tica para salir de la crisis de empleo cada vez m\u00e1s grave en la que nos encontramos, con todas sus consecuencias pol\u00edticas y sociales.<\/p>\n<p><strong>Notas<\/strong><\/p>\n<p class=\"yiv1398964234ydpf9cd928fyiv0492504024ydp61bc0990normal1\"><span class=\"yiv1398964234ydpf9cd928fyiv0492504024ydp61bc0990FootnoteCharacters\">1<\/span> Cada crisis peri\u00f3dica est\u00e1 marcada por la tendencia a la eliminaci\u00f3n de competidores y los pasos hacia la monopolizaci\u00f3n. Las amenazas de cierre de f\u00e1bricas y los despidos masivos en Volkswagen, el cierre de la f\u00e1brica de Opel en Bochum y de la f\u00e1brica de Ford en Saarlouis, as\u00ed como de cientos de peque\u00f1os proveedores, son ejemplos de eliminaci\u00f3n de competidores, mientras que la creaci\u00f3n de Stellantis, que combina Peugeot, Citro\u00ebn, Opel, Fiat y Chrysler, es un ejemplo de monopolizaci\u00f3n. Nuevos competidores como Tesla y BYD han entrado en el mercado y est\u00e1n expulsando a otros fabricantes.<\/p>\n<p>El exceso de capacidad tambi\u00e9n se utiliza para aprovechar los beneficios de las econom\u00edas de escala a trav\u00e9s de mayores cantidades, y para impulsar mayores vol\u00famenes de productos en el mercado, expulsando as\u00ed a la competencia. Tesla tambi\u00e9n est\u00e1 siguiendo una estrategia similar en un intento de ganar ventaja.<\/p>\n<p><em>Stephan Krull\u00a0fue miembro del comit\u00e9 de empresa de la planta de VW en Wolfsburg y participa activamente en el grupo de trabajo de Attac ArbeitFairTeilen.<\/em><\/p>\n<p><em>Mario Candeias es Asesor Principal de Investigaci\u00f3n sobre Transformaciones Socialistas y Estrategias y Partidos de Izquierda en la Fundaci\u00f3n Rosa Luxemburg.<\/em><\/p>\n<p>Fuente: <em>Rosa Luxemburg Stiftung<\/em> (<a href=\"https:\/\/www.rosalux.de\/en\/news\/id\/52713\/volkswagens-crisis-is-germanys-crisis\">https:\/\/www.rosalux.de\/en\/news\/id\/52713\/volkswagens-crisis-is-germanys-crisis<\/a>)<br \/>\nImagen de portada: Coches nuevos aparcados frente a la planta de Volkswagen en Wolfsburgo. Hasta hace poco, VW quer\u00eda utilizar este emplazamiento para construir una \u00abgigafactor\u00eda\u00bb de nuevos veh\u00edculos de lujo similar a la instalaci\u00f3n hom\u00f3nima de Tesla, pero la crisis de ventas hace que ahora se planifiquen severas medidas de recorte de costes Foto: picture alliance \/ Jochen Eckel.<\/p>\n","protected":false},"excerpt":{"rendered":"<p>La industria automovil\u00edstica alemana se ve acosada peri\u00f3dicamente por crisis, cada una peor que la anterior y con intervalos cada<\/p>\n","protected":false},"author":5,"featured_media":16717,"comment_status":"open","ping_status":"open","sticky":false,"template":"","format":"standard","meta":{"footnotes":""},"categories":[1922,1563,44],"tags":[],"class_list":["post-16716","post","type-post","status-publish","format-standard","has-post-thumbnail","hentry","category-alemania","category-crisis-ecosocial","category-economia"],"aioseo_notices":[],"_links":{"self":[{"href":"https:\/\/espai-marx.net\/index.php?rest_route=\/wp\/v2\/posts\/16716","targetHints":{"allow":["GET"]}}],"collection":[{"href":"https:\/\/espai-marx.net\/index.php?rest_route=\/wp\/v2\/posts"}],"about":[{"href":"https:\/\/espai-marx.net\/index.php?rest_route=\/wp\/v2\/types\/post"}],"author":[{"embeddable":true,"href":"https:\/\/espai-marx.net\/index.php?rest_route=\/wp\/v2\/users\/5"}],"replies":[{"embeddable":true,"href":"https:\/\/espai-marx.net\/index.php?rest_route=%2Fwp%2Fv2%2Fcomments&post=16716"}],"version-history":[{"count":4,"href":"https:\/\/espai-marx.net\/index.php?rest_route=\/wp\/v2\/posts\/16716\/revisions"}],"predecessor-version":[{"id":16721,"href":"https:\/\/espai-marx.net\/index.php?rest_route=\/wp\/v2\/posts\/16716\/revisions\/16721"}],"wp:featuredmedia":[{"embeddable":true,"href":"https:\/\/espai-marx.net\/index.php?rest_route=\/wp\/v2\/media\/16717"}],"wp:attachment":[{"href":"https:\/\/espai-marx.net\/index.php?rest_route=%2Fwp%2Fv2%2Fmedia&parent=16716"}],"wp:term":[{"taxonomy":"category","embeddable":true,"href":"https:\/\/espai-marx.net\/index.php?rest_route=%2Fwp%2Fv2%2Fcategories&post=16716"},{"taxonomy":"post_tag","embeddable":true,"href":"https:\/\/espai-marx.net\/index.php?rest_route=%2Fwp%2Fv2%2Ftags&post=16716"}],"curies":[{"name":"wp","href":"https:\/\/api.w.org\/{rel}","templated":true}]}}