{"id":16745,"date":"2024-12-05T05:00:19","date_gmt":"2024-12-05T04:00:19","guid":{"rendered":"https:\/\/espai-marx.net\/?p=16745"},"modified":"2024-12-05T03:34:50","modified_gmt":"2024-12-05T02:34:50","slug":"en-defensa-de-la-causa-saharaui-testimonios-de-denuncia-resistencia-y-solidaridad-de-luis-portillo-pasqual-del-riquelme-voz-a-las-victimas-denuncia-de-los-culpables","status":"publish","type":"post","link":"https:\/\/espai-marx.net\/?p=16745","title":{"rendered":"<i>En defensa de la causa saharaui. Testimonios de denuncia, resistencia y solidaridad<\/i> de Luis Portillo Pasqual del Riquelme. Voz a las v\u00edctimas, denuncia de los culpables"},"content":{"rendered":"<p><em><a href=\"https:\/\/espai-marx.net\/wp-content\/uploads\/2024\/12\/en-defensa-de-la-causa-saharaui.jpg\"><img loading=\"lazy\" decoding=\"async\" class=\"alignleft wp-image-16746\" src=\"https:\/\/espai-marx.net\/wp-content\/uploads\/2024\/12\/en-defensa-de-la-causa-saharaui.jpg\" alt=\"\" width=\"200\" height=\"294\" srcset=\"https:\/\/espai-marx.net\/wp-content\/uploads\/2024\/12\/en-defensa-de-la-causa-saharaui.jpg 1392w, https:\/\/espai-marx.net\/wp-content\/uploads\/2024\/12\/en-defensa-de-la-causa-saharaui-204x300.jpg 204w, https:\/\/espai-marx.net\/wp-content\/uploads\/2024\/12\/en-defensa-de-la-causa-saharaui-696x1024.jpg 696w, https:\/\/espai-marx.net\/wp-content\/uploads\/2024\/12\/en-defensa-de-la-causa-saharaui-768x1130.jpg 768w, https:\/\/espai-marx.net\/wp-content\/uploads\/2024\/12\/en-defensa-de-la-causa-saharaui-1044x1536.jpg 1044w, https:\/\/espai-marx.net\/wp-content\/uploads\/2024\/12\/en-defensa-de-la-causa-saharaui-1320x1942.jpg 1320w\" sizes=\"auto, (max-width: 200px) 100vw, 200px\" \/><\/a>En defensa de la causa saharaui<\/em>\u00a0es una recopilaci\u00f3n de buena parte de los art\u00edculos publicados por el autor desde hace m\u00e1s de tres lustros sobre el S\u00e1hara Occidental y la lucha del pueblo saharaui. Incluye tambi\u00e9n diversos escritos \u2014como cartas al director, a periodistas y acad\u00e9micos, a diputados, eurodiputados y senadores, a los miembros del Consejo de Seguridad y al Enviado Personal del secretario general de la ONU, etc\u00e9tera\u2014, algunos de los cuales no hab\u00edan sido publicados con anterioridad.<\/p>\n<p>El autor ha querido titularlo as\u00ed porque el Pueblo Saharaui viene siendo objeto de innumerables ataques por parte de quienes pretenden negar su existencia como pueblo, su identidad nacional, y denigrar la justa causa de ese pueblo hermano. Raz\u00f3n por la que manifiesta su verg\u00fcenza e indignaci\u00f3n por el incalificable comportamiento de los gobernantes espa\u00f1oles en este asunto, desde la firma de los nefastos Acuerdos Tripartitos de Madrid, todav\u00eda hoy sin abolir, hasta las reiteradas traiciones de los dirigentes del PSOE, que se han doblegado a los chantajes alauitas, abandonando a los presos pol\u00edticos saharauis, ninguneando la jurisprudencia de la Uni\u00f3n Europea y las resoluciones de la ONU e, incluso, deportando a Marruecos a ciudadanos saharauis susceptibles de ser perseguidos, torturados y encarcelados,<\/p>\n<p>Los trabajos aqu\u00ed reunidos \u2014m\u00e1s de un centenar y una veintena de mapas\u2014 constituyen un conjunto de testimonios de denuncia, resistencia y solidaridad, de apoyo a la causa saharaui, que el autor ha querido poner a disposici\u00f3n de cualquier persona interesada para que pueda documentarse y utilizarlos, en su caso, en apoyo de la causa saharaui. Est\u00e1n ordenados por orden cronol\u00f3gico de publicaci\u00f3n, pero pueden ser abordados en el orden que cada lector desee. El abanico de temas que abarca el periodo de tiempo contemplado, desde 2007 hasta el momento actual, 2024, es muy amplio: la refutaci\u00f3n de las pretensiones alauitas, el expolio de los recursos naturales del S\u00e1hara Occidental, la realizaci\u00f3n de actividades ilegales en ciudades saharauis ocupadas, las andanzas del\u00a0<em>lobby<\/em>\u00a0promarroqu\u00ed espa\u00f1ol, la falsa alarma terrorista del Gobierno espa\u00f1ol en los campamentos de refugiados, las traiciones de los\u00a0<em>socialistas<\/em>\u00a0espa\u00f1oles, las artima\u00f1as contra Aminetu Haidar, la falsedad de la sedicente pol\u00edtica exterior feminista, los olvidos y olvidados de nuestra\u00a0<em>mod\u00e9lica<\/em>\u00a0transici\u00f3n y de la Ley de Memoria Democr\u00e1tica, los chantajes de los gobernantes marroqu\u00edes, el incumplimiento de las resoluciones de la ONU, las carencias de la MINURSO, la desinformaci\u00f3n sobre la causa saharaui, la inexistencia de una c\u00e1tedra universitaria sobre el S\u00e1hara Occidental, las argucias de la prensa, el papel de Estados Unidos y la complicidad de Francia, el silencio\u00a0<em>progresista<\/em>\u00a0ante los desmanes de los ocupantes contra Sultana Jaya, el acoso judicial marroqu\u00ed contra el periodista Ignacio Cembrero, el regalo del Mundial de Futbol 2030 a Marruecos, el silencio c\u00f3mplice sobre el S\u00e1hara Occidental, los dirigentes saharauis que se han ido, el ninguneo de la jurisprudencia del TJUE, el criminal abandono de los presos pol\u00edticos saharauis en c\u00e1rceles marroqu\u00edes, el bochornoso silencio del ministro Albares y el presidente S\u00e1nchez, la ruin deportaci\u00f3n de ciudadanos saharauis a Marruecos\u2026 Todo ello completado, en muchos casos, con abundantes notas y referencias bibliogr\u00e1ficas que constituyen una documentaci\u00f3n adicional para los lectores interesados en este tema tan popular y transversal.<\/p>\n<p>Esta recopilaci\u00f3n de art\u00edculos y testimonios deber\u00eda contribuir a que se conozcan mejor las razones de la larga lucha del pueblo saharaui por su libertad e independencia, que tanto recuerda a la del pueblo sudafricano contra el r\u00e9gimen del Apartheid, como denunci\u00f3 en su momento el vicepresidente de la MINURSO, Frank Ruddy.<\/p>\n<p>Con estos trabajos de difusi\u00f3n y denuncia no solo se pretende dar voz a los propios saharauis despose\u00eddos de tierra derechos y libertad, sino tambi\u00e9n, y principalmente, desenmascarar a los responsables de esta situaci\u00f3n y exigir a nuestros gobernantes que cumplan con sus obligaciones, se pongan del lado de la justicia y defiendan los derechos de un pueblo al que jam\u00e1s debieron abandonar y con el que han contra\u00eddo una inmensa deuda.<\/p>\n<p>Puedes comprar el libro en l\u00ednea <em><strong><a href=\"https:\/\/libros.cc\/EN-DEFENSA-DE-LA-CAUSA-SAHARAUI.htm?isbn=9788410739819\" target=\"_blank\" rel=\"noopener\">aqu\u00ed<\/a><\/strong><\/em><\/p>\n<p>Fuente: <em>La casa de mi t\u00eda<\/em>, 20 de\u00a0 noviembre de 2024 (<a href=\"https:\/\/www.lacasademitia.es\/articulo\/politica\/defensa-causa-saharaui-testimonios-denuncia-resistencia-solidaridad-luis-portillo-pasqual-riquelme-voz-victimas-denuncia-culpables\/20241120072503163072.html\">https:\/\/www.lacasademitia.es\/articulo\/politica\/defensa-causa-saharaui-testimonios-denuncia-resistencia-solidaridad-luis-portillo-pasqual-riquelme-voz-victimas-denuncia-culpables\/20241120072503163072.html<\/a>)<\/p>\n","protected":false},"excerpt":{"rendered":"<p>En defensa de la causa saharaui\u00a0es una recopilaci\u00f3n de buena parte de los art\u00edculos publicados por el autor desde hace<\/p>\n","protected":false},"author":5,"featured_media":16747,"comment_status":"open","ping_status":"open","sticky":false,"template":"","format":"standard","meta":{"footnotes":""},"categories":[1173,1808],"tags":[2196,2197],"class_list":["post-16745","post","type-post","status-publish","format-standard","has-post-thumbnail","hentry","category-experiencias-politicas-por-una-nueva-cultura-2012","category-sahara-occidental","tag-en-defensa-de-la-causa-saharaui-testimonios-de-denuncia-resistencia-y-solidaridad","tag-luis-portillo-pasqual-del-riquelme"],"aioseo_notices":[],"_links":{"self":[{"href":"https:\/\/espai-marx.net\/index.php?rest_route=\/wp\/v2\/posts\/16745","targetHints":{"allow":["GET"]}}],"collection":[{"href":"https:\/\/espai-marx.net\/index.php?rest_route=\/wp\/v2\/posts"}],"about":[{"href":"https:\/\/espai-marx.net\/index.php?rest_route=\/wp\/v2\/types\/post"}],"author":[{"embeddable":true,"href":"https:\/\/espai-marx.net\/index.php?rest_route=\/wp\/v2\/users\/5"}],"replies":[{"embeddable":true,"href":"https:\/\/espai-marx.net\/index.php?rest_route=%2Fwp%2Fv2%2Fcomments&post=16745"}],"version-history":[{"count":2,"href":"https:\/\/espai-marx.net\/index.php?rest_route=\/wp\/v2\/posts\/16745\/revisions"}],"predecessor-version":[{"id":16749,"href":"https:\/\/espai-marx.net\/index.php?rest_route=\/wp\/v2\/posts\/16745\/revisions\/16749"}],"wp:featuredmedia":[{"embeddable":true,"href":"https:\/\/espai-marx.net\/index.php?rest_route=\/wp\/v2\/media\/16747"}],"wp:attachment":[{"href":"https:\/\/espai-marx.net\/index.php?rest_route=%2Fwp%2Fv2%2Fmedia&parent=16745"}],"wp:term":[{"taxonomy":"category","embeddable":true,"href":"https:\/\/espai-marx.net\/index.php?rest_route=%2Fwp%2Fv2%2Fcategories&post=16745"},{"taxonomy":"post_tag","embeddable":true,"href":"https:\/\/espai-marx.net\/index.php?rest_route=%2Fwp%2Fv2%2Ftags&post=16745"}],"curies":[{"name":"wp","href":"https:\/\/api.w.org\/{rel}","templated":true}]}}