{"id":1678,"date":"2011-11-02T00:00:00","date_gmt":"2011-11-02T00:00:00","guid":{"rendered":"https:\/\/espai-marx.net\/?p=1678"},"modified":"2020-02-21T11:25:23","modified_gmt":"2020-02-21T10:25:23","slug":"las-imborrables-palabras-de-eulalia-lluch","status":"publish","type":"post","link":"https:\/\/espai-marx.net\/?p=1678","title":{"rendered":"Las (imborrables) palabras de Eul\u00e0lia Lluch"},"content":{"rendered":"<p>En mayo de 2003, Maria Joao Pires hizo unas declaraciones que fueron recogidas por J. Ruiz Mantilla, del entonces \u201cdiario independiente\u201d de las ma\u00f1anas. Un fragmento de sus reflexiones: \u201c[\u2026] No me siento vencedora en nada, no quiero vencer a nadie, s\u00f3lo quiero encontrar mi lugar en el mundo y en la m\u00fasica sin que ello suponga una competici\u00f3n. La palabra vencedora no va conmigo. Pretendo ser verdadera, no enga\u00f1ar [&#8230;] \u00bfPor qu\u00e9 nuestras manos son m\u00e1s importantes que las de alguien que trabaja la tierra? Nosotros s\u00f3lo hacemos pasar el rato a 2.000 personas en una sala y ellos nos dan de comer. \u00bfPor qu\u00e9 nos tienen que asegurar la manos a los pianistas y no a un agricultor? No debemos guardar nuestras manos, tenemos que ponerlas en acci\u00f3n\u201d.<\/p>\n<p>\u00a1La palabra vencedora no va conmigo! \u00a1Poner nuestras manos en acci\u00f3n! Nuestras manos, nuestras palabras y nuestros sentimientos; intentar lo mejor de nosotros.<\/p>\n<p>Eul\u00e0lia Lluch lo consigui\u00f3 (y nos ense\u00f1\u00f3 a hacerlo) en la noche del 21 de octubre. No era f\u00e1cil, en absoluto.<\/p>\n<p>En un programa de la televisi\u00f3n p\u00fablica catalana en el que tambi\u00e9n intervinieron August Gil Matemala, ex dirigente universitario del PSUC [1], el soci\u00f3logo Javier Elzo y un analista vasco cuyo nombre no puedo precisar [2], Lluch habl\u00f3 \u2013y se congratul\u00f3- del important\u00edsimo paso adelante dado el jueves 20 de octubre, anim\u00f3 a la sociedad vasca \u2013sin referirse a pol\u00edticos profesionales, a la clase pol\u00edtica en bloque o a las fuerzas pol\u00edticas institucionalizas- para hablar y dialogar sin deseos de venganza sobre el futuro abierto, insisti\u00f3 en que personas como ella s\u00f3lo pod\u00edan desear lo mejor para todos en el tiempo que se abr\u00eda y que quer\u00eda transmitir toda su energ\u00eda positiva para recorrer el camino pendiente. Quer\u00eda ayudar, no presionar ni dirigir hacia ninguna parte.<\/p>\n<p>Ninguna palabra de m\u00e1s, ninguna manifestaci\u00f3n de odio, ninguna descalificaci\u00f3n innecesaria, nada de que nadie se pudriera en ninguna c\u00e1rcel. Dijo en alg\u00fan momento, y lo apunt\u00f3 con la m\u00e1xima humildad y prudencia, que, desde su punto de vista, lo que ahora parec\u00eda abonarse y apoyarse por casi todos -o cuanto menos por muchos- era lo que su padre defendi\u00f3 con tenacidad y coraje, y con mucha incomprensi\u00f3n. No le faltaba raz\u00f3n.<\/p>\n<p>Eul\u00e0lia Lluch, innecesario es decirlo, es hija de Ernest Lluch, asesinado por ETA hace m\u00e1s de diez a\u00f1os en una de sus acciones m\u00e1s cobardes e infames.<\/p>\n<p>Notas:<\/p>\n<p>[1] Pueden verse sus reflexiones, sus imprescindibles reflexiones sobre aquel per\u00edodo en \u201cIntegral Sacrist\u00e1n\u201d de Xavier Juncosa (El Viejo Topo, Matar\u00f3 (Barcelona), 2006).<\/p>\n<p>[2] El analista en cuesti\u00f3n intervino en un excelente catal\u00e1n.<\/p>\n","protected":false},"excerpt":{"rendered":"<p>En mayo de 2003, Maria Joao Pires hizo unas declaraciones que fueron recogidas por J. Ruiz Mantilla, del entonces \u201cdiario<\/p>\n","protected":false},"author":9,"featured_media":0,"comment_status":"open","ping_status":"open","sticky":false,"template":"","format":"standard","meta":{"footnotes":""},"categories":[13],"tags":[],"class_list":["post-1678","post","type-post","status-publish","format-standard","hentry","category-la-izquierda-a-debate"],"aioseo_notices":[],"_links":{"self":[{"href":"https:\/\/espai-marx.net\/index.php?rest_route=\/wp\/v2\/posts\/1678","targetHints":{"allow":["GET"]}}],"collection":[{"href":"https:\/\/espai-marx.net\/index.php?rest_route=\/wp\/v2\/posts"}],"about":[{"href":"https:\/\/espai-marx.net\/index.php?rest_route=\/wp\/v2\/types\/post"}],"author":[{"embeddable":true,"href":"https:\/\/espai-marx.net\/index.php?rest_route=\/wp\/v2\/users\/9"}],"replies":[{"embeddable":true,"href":"https:\/\/espai-marx.net\/index.php?rest_route=%2Fwp%2Fv2%2Fcomments&post=1678"}],"version-history":[{"count":0,"href":"https:\/\/espai-marx.net\/index.php?rest_route=\/wp\/v2\/posts\/1678\/revisions"}],"wp:attachment":[{"href":"https:\/\/espai-marx.net\/index.php?rest_route=%2Fwp%2Fv2%2Fmedia&parent=1678"}],"wp:term":[{"taxonomy":"category","embeddable":true,"href":"https:\/\/espai-marx.net\/index.php?rest_route=%2Fwp%2Fv2%2Fcategories&post=1678"},{"taxonomy":"post_tag","embeddable":true,"href":"https:\/\/espai-marx.net\/index.php?rest_route=%2Fwp%2Fv2%2Ftags&post=1678"}],"curies":[{"name":"wp","href":"https:\/\/api.w.org\/{rel}","templated":true}]}}