{"id":16786,"date":"2024-12-12T05:00:53","date_gmt":"2024-12-12T04:00:53","guid":{"rendered":"https:\/\/espai-marx.net\/?p=16786"},"modified":"2024-12-12T04:05:21","modified_gmt":"2024-12-12T03:05:21","slug":"spain-la-propaganda-franquista-en-londres","status":"publish","type":"post","link":"https:\/\/espai-marx.net\/?p=16786","title":{"rendered":"<i>Spain<\/i>, la propaganda franquista en Londres"},"content":{"rendered":"<p><span data-contrast=\"auto\">Nada m\u00e1s producirse la rebeli\u00f3n militar y triunfar en algunas ciudades y territorios, la Rep\u00fablica comprendi\u00f3 la importancia de la opini\u00f3n p\u00fablica internacional y lo mismo lo comprendieron los anarquistas quienes, antes de mitad de agosto ya hab\u00edan organizado una Oficina de Propaganda. M\u00e1s lento fue el Gobierno de la Rep\u00fablica que no organiza su Oficina de Prensa Extranjera hasta el mes de octubre. A\u00fan pasar\u00e1 un mes hasta la creaci\u00f3n del Ministerio de Propaganda de corta vida porque desaparec\u00eda en mayo del a\u00f1o siguiente, 1937.<\/span><\/p>\n<p>L<span data-contrast=\"auto\">os militares sublevados tardaron bastante m\u00e1s en comprender la importancia que la opini\u00f3n mundial pod\u00eda tener en la marcha de los asuntos internos de Espa\u00f1a. De hecho, las primeras semanas se jactaban de sus actos hasta que llegaron a Badajoz y las cr\u00f3nicas enviadas por distintos periodistas extranjeros y, sobre todo, las demoledoras im\u00e1genes que Ren\u00e9 Brut hizo de los fusilados, les desenga\u00f1aron. A partir de entonces tuvieron m\u00e1s inter\u00e9s en proporcionar su propia versi\u00f3n y, para ello, ejercieron un r\u00edgido control de qui\u00e9nes acced\u00edan a los lugares de lucha y lo que despu\u00e9s escrib\u00edan. Las acciones no se limitaron a la censura lleg\u00e1ndose al encarcelamiento de algunos reporteros. No fue hasta m\u00e1s que mediado 1937, ya en 1938, que los rebeldes prestaron m\u00e1s atenci\u00f3n a la propaganda, una vez realizada la uni\u00f3n de Falange y Requet\u00e9s bajo la denominaci\u00f3n de Falange Tradicionalista y de las JONS. Los primeros pasos, no obstante, se dieron en enero de 1937 con la creaci\u00f3n de la Delegaci\u00f3n del Estado para prensa y Propaganda, por decreto de 14 de enero de ese a\u00f1o. La Delegaci\u00f3n estaba radicada en Salamanca y all\u00ed permaneci\u00f3 durante todo el conflicto. Vino a sustituir a la Oficina de Prensa y Propaganda que se hab\u00eda instalado en el Palacio Anaya y que era dependiente del Gabinete de Prensa de la Junta de Defensa Nacional<\/span><span data-contrast=\"auto\"><sup class=\"modern-footnotes-footnote modern-footnotes-footnote--expands-on-desktop \" data-mfn=\"1\" data-mfn-post-scope=\"000000006632ca0800000000134cde33_97874\"><a title=\"Conviene distinguir este organismo ligado a la Junta T\u00e9cnica o Junta de Defensa de otras entidades similares que organizaron Falange, carlistas y la propia Iglesia Cat\u00f3lica.\" role=\"button\" aria-pressed=\"false\" aria-describedby=\"mfn-content-000000006632ca0800000000134cde33_97874-1\">1<\/a><\/sup>.<\/span><\/p>\n<p><span data-contrast=\"auto\">En abril del 1937, poco despu\u00e9s del Decreto de Unificaci\u00f3n de Falange y Requet\u00e9s, se reestructura la Delegaci\u00f3n y pasa a estar dirigida por el comandante Arias Paz, en lo que resulta una coincidencia significativa. La llegada de Arias Paz da un impulso a la propaganda en el exterior y aumenta su eficacia. La Junta T\u00e9cnica nombra en Londres al Duque de Alba como agente de Franco y con \u00e9l se nombra tambi\u00e9n a Juan Mata y Mil\u00e1. En noviembre de ese a\u00f1o, Inglaterra env\u00eda con el mismo cargo a Burgos a sir Robert Hodgson.<\/span><\/p>\n<p><span data-contrast=\"auto\">Juntos Alba y Mata crear\u00e1n la empresa <em>Spanish Press Services Ltd.<\/em> que ser\u00e1 la encargada de publicar folletos, postales y publicaciones peri\u00f3dicas en Gran Breta\u00f1a. La primera publicaci\u00f3n ser\u00e1 un bolet\u00edn diario dirigido por H. C. O\u2019Neill y F. Bowen, que se distribuir\u00e1 de agosto del 37 a abril de 1939. Un mes m\u00e1s tarde aparecer\u00e1 su proyecto m\u00e1s ambicioso, la revista <\/span><i><span data-contrast=\"auto\">Spain.<\/span><\/i><\/p>\n<p><span data-contrast=\"auto\">Los medios y t\u00e1cticas utilizadas para difundir su ideolog\u00eda fuera de Espa\u00f1a fueron similares a ambos lados de las trincheras: publicaci\u00f3n de panfletos, postales, exposiciones y prensa, tambi\u00e9n cine. En el apartado de prensa hay que distinguir entre los peri\u00f3dicos que ya exist\u00edan y que se decantaron hacia uno u otro bando y que inser\u00edan art\u00edculos cuyo origen se hallaba en las correspondientes oficinas de propaganda y que estaban dirigidos a decantar a su favor la opini\u00f3n del pa\u00eds en cuesti\u00f3n, y los que se publicaban por iniciativa de los propios rotativos tomando partido por la Rep\u00fablica o por los militares de acuerdo con su ideolog\u00eda o l\u00ednea editorial.<\/span><\/p>\n<p>Tanto republicanos como franquistas sintieron que Inglaterra era una plaza de primer orden en la que influir, especialmente cuando encabez\u00f3 el Comit\u00e9 de \u00abNo intervenci\u00f3n\u00bb que tan nefasto result\u00f3 ser para la Rep\u00fablica y porque, en aquel momento la hegemon\u00eda pol\u00edtica mundial todav\u00eda se consideraba que la ostentaba el Reino Unido. Era importante revertir esa pol\u00edtica para los republicanos mientras que, en el bando sedicioso, esa misma pol\u00edtica le resultaba muy beneficiosa.<\/p>\n<p><span data-contrast=\"auto\">El impacto del conflicto espa\u00f1ol en la opini\u00f3n p\u00fablica de las Islas Brit\u00e1nicas fue extraordinario, como dijo K.W. Watkins, \u00abprobablemente ning\u00fan <em>acontecimiento exterior<\/em> ha dividido de modo tan agudo al pueblo brit\u00e1nico desde la Revoluci\u00f3n francesa\u00bb<\/span><span data-contrast=\"auto\"><sup class=\"modern-footnotes-footnote modern-footnotes-footnote--expands-on-desktop \" data-mfn=\"2\" data-mfn-post-scope=\"000000006632ca0800000000134cde33_97874\"><a title=\"WATKINS, Keneth W: Britain divided. The effect of the Spanish Civil War on British Political Opinion. Citado por MORADIELLOS, Enrique en \u201cAnother Country. Las im\u00e1genes sobre Espa\u00f1a en Gran Breta\u00f1a durante la Guerra Civil espa\u00f1ola\u201d en Historia del Presente, II, 2008\/I, pp. 45-60\" role=\"button\" aria-pressed=\"false\" aria-describedby=\"mfn-content-000000006632ca0800000000134cde33_97874-2\">2<\/a><\/sup><\/span><span data-contrast=\"auto\">. En esa conmoci\u00f3n la Rep\u00fablica pareci\u00f3 ganar la batalla de la opini\u00f3n, la mayor\u00eda de la sociedad tom\u00f3 partido por el gobierno leg\u00edtimo. Es esta una opini\u00f3n asentada en muchos historiadores, pero, sin embargo, seg\u00fan avanza el conflicto, conviene matizarla porque m\u00e1s de un intelectual se neg\u00f3 a firmar manifiestos, especialmente despu\u00e9s de los <em>Hechos de mayo<\/em>\u00a0de 1937. Es lo que ocurre con el carism\u00e1tico George Orwell quien vivi\u00f3 los acontecimientos de mayo en primera persona y queda profundamente decepcionado.<\/span><\/p>\n<p><span data-contrast=\"auto\">La batalla definitiva se resolver\u00e1 a favor de los franquistas quienes tuvieron a su lado los principales peri\u00f3dicos como <\/span><i><span data-contrast=\"auto\">The Times<\/span><\/i><span data-contrast=\"auto\">, y la mayor\u00eda de las clases altas inglesas. Los franquistas acabaron imponiendo su visi\u00f3n del conflicto que llega incluso a la actualidad, como lo demuestra que, en trabajos recientes, m\u00e1s de 40 a\u00f1os despu\u00e9s de tener una nueva Constituci\u00f3n, se siga designado como <em>Nacionales<\/em>\u00a0a quienes se levantaron contra el gobierno leg\u00edtimo, despojando de nacionalidad y expulsando simb\u00f3licamente de Espa\u00f1a a quienes no lucharon en sus filas.<\/span><\/p>\n<p><span data-contrast=\"auto\">La opini\u00f3n conservadora qued\u00f3 en buena parte, sobrecogida por dos factores que se supo explotar convenientemente. El primero fue la imagen de la religi\u00f3n perseguida. Las noticias que se expand\u00edan de incendios de iglesias, saqueos y destrucci\u00f3n de bienes religiosos eran observadas con muy diferentes ojos fuera de Espa\u00f1a a la interpretaci\u00f3n que le daban\u00a0 algunos revolucionarios. Estas noticias influyeron decisivamente en los cat\u00f3licos ingleses, una minor\u00eda que se sent\u00eda perseguida tambi\u00e9n en la Isla y que no tuvo muchas dudas a la hora de decidir con qui\u00e9n alinearse.<\/span><\/p>\n<p><span data-contrast=\"auto\">En mi opini\u00f3n, el factor m\u00e1s decisivo de la propaganda franquista fue presentarse como la contenci\u00f3n del comunismo. Esta caracter\u00edstica anticomunista servir\u00e1 al r\u00e9gimen para, poco a poco, ir normalizando su situaci\u00f3n con el resto de potencias durante la guerra fr\u00eda y lo convert\u00eda, ya desde el primer minuto, en un elemento valioso para el anticomunismo de las clases conservadoras de los pa\u00edses occidentales. Por otra parte, las doctrinas totalitarias eran vistas con agrado por buena parte de las clases altas inglesas del momento, era algo que iba m\u00e1s all\u00e1 de Oswald Mosley y sus agresivos partidarios, era un fluido que impregnaba sectores de poblaci\u00f3n con gran poder de presi\u00f3n pol\u00edtica. El rechazo a cuanto estaba pasando en Espa\u00f1a nos lo describe bien Pablo de Azc\u00e1rate, embajador de la Rep\u00fablica en Inglaterra en sus memorias de esos a\u00f1os, <\/span><i><span data-contrast=\"auto\">Mi embajada en Londres durante la Guerra Civil Espa\u00f1ola <\/span><\/i><span data-contrast=\"auto\">cuando explica su primer encuentro con Churchill, reci\u00e9n nombrado embajador, en que este se neg\u00f3 a darle la mano y a tener relaci\u00f3n con Azc\u00e1rate mientras se alejaba murmurando: \u00ab\u00a1sangre, sangre!\u00bb<\/span><span data-contrast=\"auto\"><sup class=\"modern-footnotes-footnote modern-footnotes-footnote--expands-on-desktop \" data-mfn=\"3\" data-mfn-post-scope=\"000000006632ca0800000000134cde33_97874\"><a title=\"AZC\u00c1RATE, Pablo de: Mi embajada en Londres durante la Guerra Civil Espa\u00f1ola, Madrid, 2012, p. 35\" role=\"button\" aria-pressed=\"false\" aria-describedby=\"mfn-content-000000006632ca0800000000134cde33_97874-3\">3<\/a><\/sup><\/span><span data-contrast=\"auto\">. Ejemplo claro de la visi\u00f3n que ten\u00eda ese segmento de la sociedad brit\u00e1nica, precisamente, el m\u00e1s influyente y que expresa bien el sentir de uno de los hombres con m\u00e1s predicamento pol\u00edtico en la Inglaterra de aquel momento si no el que m\u00e1s.<\/span><\/p>\n<p><b><span data-contrast=\"auto\">La representaci\u00f3n franquista<\/span><\/b><\/p>\n<p><span data-contrast=\"auto\">Pr\u00e1cticamente desde el minuto cero de la contienda, los generales sublevados estuvieron representados en Gran Breta\u00f1a por el Duque de Alba. Concentrados como estaban en las operaciones militares, no se preocuparon de dar un sesgo formal a la presencia del Duque hasta 1937, cuando fue oficialmente designado como representante del bando franquista con el t\u00edtulo de <em>agente<\/em>.<\/span><\/p>\n<p><span data-contrast=\"auto\">Jacobo Fitz-James Stuart y Falc\u00f3 era Duque de Alba y Duque de Berwick, lo que le convert\u00eda en un elemento valioso para defender los intereses de los sublevados puesto que se mov\u00eda entre la nobleza y clases altas brit\u00e1nicas con absoluta naturalidad. En mayo de 1937 fue nombrado <em>agente<\/em><\/span><span data-contrast=\"none\"> dando a su presencia en Londres el car\u00e1cter m\u00e1s oficial del que carec\u00eda hasta ese momento<sup class=\"modern-footnotes-footnote modern-footnotes-footnote--expands-on-desktop \" data-mfn=\"4\" data-mfn-post-scope=\"000000006632ca0800000000134cde33_97874\"><a title=\"En el Real Diccionario Biogr\u00e1fico se dice que fue nombrado embajador. En cambio, Moradiellos habla de \u201cJefe de la Delegaci\u00f3n oficiosa del Gobierno Nacional de Espa\u00f1a\u201d. Tampoco Hugo Garc\u00eda le da el t\u00edtulo de Embajador, sino de representante. Son nombramientos que tienen m\u00e1s sentido porque Gran Breta\u00f1a no reconoci\u00f3 oficialmente al gobierno de Burgos hasta 1939.\" role=\"button\" aria-pressed=\"false\" aria-describedby=\"mfn-content-000000006632ca0800000000134cde33_97874-4\">4<\/a><\/sup><\/span><span data-contrast=\"none\">. A partir de ese momento las acciones e iniciativas a favor de Burgos se multiplican, especialmente cuando la Junta nombra a Juan Mata y Mila como <\/span><span data-contrast=\"auto\">jefe de la oficina de propaganda en Londres.<\/span><\/p>\n<p><span data-contrast=\"auto\"><a href=\"https:\/\/espai-marx.net\/wp-content\/uploads\/2024\/12\/spain-revista-franquista.png\"><img loading=\"lazy\" decoding=\"async\" class=\"alignleft wp-image-16787\" src=\"https:\/\/espai-marx.net\/wp-content\/uploads\/2024\/12\/spain-revista-franquista.png\" alt=\"\" width=\"200\" height=\"197\" srcset=\"https:\/\/espai-marx.net\/wp-content\/uploads\/2024\/12\/spain-revista-franquista.png 650w, https:\/\/espai-marx.net\/wp-content\/uploads\/2024\/12\/spain-revista-franquista-300x295.png 300w\" sizes=\"auto, (max-width: 200px) 100vw, 200px\" \/><\/a>Una de las iniciativas m\u00e1s importantes de Juan Mata fue la publicaci\u00f3n del semanario <\/span><i><span data-contrast=\"auto\">Spain<\/span><\/i><span data-contrast=\"auto\">, que se publicaba en ingl\u00e9s. No era la primera publicaci\u00f3n peri\u00f3dica en tierras brit\u00e1nicas a favor de los sublevados. Al estallar la conflagraci\u00f3n Falange y los Carlistas movilizaron a sus simpatizantes y seguidores fuera de Espa\u00f1a. Los seguidores de Falange fueron especialmente activos en Am\u00e9rica del Sur. En Inglaterra contaban con representantes muy comprometidos en Glasgow, Rafael Jorro, y F\u00e9lix George Sturrup en Londres. Igualmente activo era Stuton y ten\u00edan publicaciones de reducida difusi\u00f3n. La <em>formalizaci\u00f3n<\/em> de la representaci\u00f3n de Alba dio lugar a desencuentros que sirvieron para reducir el protagonismo de Falange y reforzar la autoridad de Salamanca y Burgos. Alba pidi\u00f3 expresamente que se negaran fondos a una revista que Falange ten\u00eda pensado publicar en el Reino Unido y que esos fondos reforzaran la financiaci\u00f3n de <\/span><i><span data-contrast=\"auto\">Spain<\/span><\/i><i><span data-contrast=\"auto\"><sup class=\"modern-footnotes-footnote modern-footnotes-footnote--expands-on-desktop \" data-mfn=\"5\" data-mfn-post-scope=\"000000006632ca0800000000134cde33_97874\"><a title=\"Carta del Duque de Alba al comandante Manuel Arias Paz Londres, 27 noviembre 1937. En AGA.\" role=\"button\" aria-pressed=\"false\" aria-describedby=\"mfn-content-000000006632ca0800000000134cde33_97874-5\">5<\/a><\/sup><\/span><\/i><i><span data-contrast=\"auto\">. <\/span><\/i><span data-contrast=\"auto\">Incluso se opuso a la publicaci\u00f3n de un fasc\u00edculo con el Fuero del Trabajo, contra la opini\u00f3n de Falange<\/span><span data-contrast=\"auto\"><sup class=\"modern-footnotes-footnote modern-footnotes-footnote--expands-on-desktop \" data-mfn=\"6\" data-mfn-post-scope=\"000000006632ca0800000000134cde33_97874\"><a title=\"Carta al Ministro de Asuntos Exteriores, 20 julio 1938. AGA.\" role=\"button\" aria-pressed=\"false\" aria-describedby=\"mfn-content-000000006632ca0800000000134cde33_97874-6\">6<\/a><\/sup>.<\/span><\/p>\n<p><b><span data-contrast=\"auto\">Spain<\/span><\/b><\/p>\n<p><i><span data-contrast=\"auto\">Spain <\/span><\/i><span data-contrast=\"auto\">fue una iniciativa personal de Juan Mata que desarroll\u00f3 una intensa y eficaz actividad en la organizaci\u00f3n y gesti\u00f3n de la oficina de propaganda que se cre\u00f3 al ser nombrado el Duque de Alba representante de Franco en Inglaterra.<\/span><\/p>\n<p><span data-contrast=\"auto\">Juan Mata y Mila declara ser profesional del comercio en el pasaporte expedido en Barcelona en 1936. Una informaci\u00f3n quiz\u00e1s poco exacta porque, en realidad, pertenec\u00eda a una importante familia industrial de Catalu\u00f1a. Su t\u00edo-abuelo fue Lorenzo Mata y Pons quien abandon\u00f3 el comercio de algod\u00f3n para fundar, junto con sus sobrinos, en 1910 la compa\u00f1\u00eda F\u00e1bricas L. Mata y Pons que continu\u00f3 su actividad hasta 1980. Adem\u00e1s era hijo de Alfredo Mata i Juli\u00e0 quien fundar\u00eda el Centro Algodonero de Barcelona en 1903 y llegar\u00eda a ser tesorero de dicha entidad<sup class=\"modern-footnotes-footnote modern-footnotes-footnote--expands-on-desktop \" data-mfn=\"7\" data-mfn-post-scope=\"000000006632ca0800000000134cde33_97874\"><a title=\"La informaci\u00f3n de su familia me la ha facilitado el Archivo de Foment del Treball en correo de 4 octubre 2024. Cuando en 1940 regrese a Barcelona, residir\u00e1 en la finca de La Tamarita, hoy en d\u00eda parque p\u00fablico.\" role=\"button\" aria-pressed=\"false\" aria-describedby=\"mfn-content-000000006632ca0800000000134cde33_97874-7\">7<\/a><\/sup>. <\/span><span data-contrast=\"auto\">Hugo Garc\u00eda mantiene que las actividades de la Oficina de Londres se financiaron en parte con la fortuna de Juan Mata<\/span><span data-contrast=\"auto\"><sup class=\"modern-footnotes-footnote modern-footnotes-footnote--expands-on-desktop \" data-mfn=\"8\" data-mfn-post-scope=\"000000006632ca0800000000134cde33_97874\"><a title=\"GARC\u00cdA, Hugo: Mentiras necesarias, Madrid, 2014, p\u00e1g. 71\" role=\"button\" aria-pressed=\"false\" aria-describedby=\"mfn-content-000000006632ca0800000000134cde33_97874-8\">8<\/a><\/sup><\/span><span data-contrast=\"auto\">, all\u00ed mostr\u00f3 sus cualidades de organizador muy especialmente con <\/span><i><span data-contrast=\"auto\">Spain<\/span><\/i><span data-contrast=\"auto\">. Esta revista se empez\u00f3 a publicar el 11 de septiembre de 1937 y se acaba de publicar en 1951, una vez acabadas ambas guerras y desde 1939, sin Juan Mata, que hab\u00eda regresado a Espa\u00f1a en 1940. La periodicidad no es constante, los primeros n\u00fameros, hasta diciembre de 1937, se publican cada 15 d\u00edas y luego la revista pasa a ser semanal. Solo he consultado hasta el final de la guerra, pero parece ser que, a partir de 1948, pasa a ser mensual.<\/span><\/p>\n<p><span data-contrast=\"auto\">Como queda dicho, la empresa la publicaba era la <em>Spanish Press Services Ltd.<\/em>, previamente <\/span><span data-contrast=\"none\">creada. <\/span><span data-contrast=\"auto\">El precio era de 7 peniques y el formato muy manejable (30&#215;20), m\u00e1s o menos un folio. Fue una publicaci\u00f3n hecha con mimo, con muy buenas fotograf\u00edas y buen papel. En los primeros meses encontramos una mayor\u00eda de firmas inglesas que se van espaciando seg\u00fan avanzamos en el tiempo. Entre los autores espa\u00f1oles encontramos algunos nombres importantes como P\u00edo Baroja, no tan inesperados son los de Eduardo Marquina y Wenceslao Fern\u00e1ndez Florez. Hay firmas sorprendentes como la de Joan Ventosa haciendo un an\u00e1lisis del estajanovismo sovi\u00e9tico. Muchos trabajos son originales, pero no todos. Tenemos el interesado art\u00edculo \u2013 interesado por el prestigio que el antiguo Rector de la Universidad de Salamanca prestaba a la causa rebelde -de Unamuno, quien ya hac\u00eda m\u00e1s de 9 meses que hab\u00eda muerto hablando de \u00abCivilisation versus Barbarism\u00bb. M\u00e1s oportunista y sorprendente a\u00fan resulta la reproducci\u00f3n de la opini\u00f3n de Trotsky sobre el conflicto espa\u00f1ol que hallamos en el n\u00famero de 22 de marzo de 1938. Al llegar el verano de 1938 la reproducci\u00f3n de trabajos ya aparecidos en la prensa espa\u00f1ola es cada vez m\u00e1s intensa.<\/span><\/p>\n<p><span data-contrast=\"auto\">La revista ofrece la imagen de la Espa\u00f1a franquista m\u00e1s favorable al nuevo estado tal como se pide desde Salamanca, que es donde reside el principal \u00f3rgano de propaganda franquista. El primer n\u00famero y sucesivos, ofrecen en su portada una fotograf\u00eda a toda plana donde se ve un grupo de soldados descansando al pie del Naranco de Bulnes, monta\u00f1a m\u00edtica por las dificultades que presenta su ascenso, asociando la causa de los generales con el esfuerzo y el sacrificio a la par que la voluntad del sacrificio necesario para alcanzar la finalidad de recuperar los valores eternos de Espa\u00f1a.<\/span><\/p>\n<p><span data-contrast=\"auto\">Hay una repetici\u00f3n de trabajos dedicados a describir la vida en la retaguardia, muy especialmente de plumas inglesas. En esos escritos se presenta la vida en ciudades como Salamanca, feliz y alegre, lejos de cualquier preocupaci\u00f3n, incluso se subraya la ausencia de militares en la poblaci\u00f3n cuya presencia es poco menos que testimonial, algo que sorprende al cronista al considerar la situaci\u00f3n de guerra. Un relato que lleva por oposici\u00f3n a lo que se dice pasa en el lado republicano y que legitima el golpe por contraste con la falta de autoridad e impiedad de lo que dentro de las fronteras se llamaba la <em>Anti-Espa\u00f1a<\/em>.<\/span><\/p>\n<p><span data-contrast=\"auto\">Naturalmente se exaltan las victorias militares acompa\u00f1ando cada uno de los \u00e9xitos poniendo el acento en la tranquilidad y orden que la entrada del ej\u00e9rcito rebelde llevaba a las poblaciones. Destaca en este apartado el extenso espacio que se concede a un relato de la toma de Sevilla hecho en primera persona por Queipo del Llano, con todo lujo de detalles y an\u00e9cdotas. Se publican fotograf\u00edas de militares cuidadosamente escenificadas, en escenarios como el del primer n\u00famero, pero siempre lejos de donde est\u00e1 la acci\u00f3n y en ellas los militares que aparecen est\u00e1n en actitud relajada, huyendo del dramatismo y de las im\u00e1genes que puedan impactar por su crueldad.<\/span><\/p>\n<p><span data-contrast=\"auto\">Los otros grandes temas a los que se vuelve una y otra vez son el comunismo, el ate\u00edsmo de la Espa\u00f1a republicana y se hace hincapi\u00e9 en todo aquello que pueda descreditar al gobierno republicano. Convencer de que Espa\u00f1a se ha convertido en un ap\u00e9ndice de la Uni\u00f3n Sovi\u00e9tica es uno de los objetivos principales. Incluso se llega a decir que cuanto est\u00e1 ocurriendo forma parte de un proyecto que Lenin habr\u00eda elaborado en fecha tan temprana como 1919. Unas afirmaciones que pod\u00edan acercar las motivaciones de los franquistas a las de un pa\u00eds d\u00f3nde se tem\u00eda m\u00e1s al comunismo que a los totalitarismos que ya casi cubr\u00edan el continente europeo.<\/span><\/p>\n<p><span data-contrast=\"auto\">No es tan directa la revista en su defensa de los valores religiosos, pese a que la mayor\u00eda de cat\u00f3licos ingleses se colocaron al lado de los franquistas ante las im\u00e1genes que llegaron en las primeras semanas de la fuerte reacci\u00f3n anticlerical que se produjo en la Espa\u00f1a leal. Aqu\u00ed la propaganda fue m\u00e1s sutil, se deslizaba en los reportajes que se hac\u00edan de las zonas conquistadas y en donde se ve\u00eda la normalizaci\u00f3n del culto y sus manifestaciones p\u00fablicas. Casi siempre encontramos im\u00e1genes del clero o de fieles colaborando en actos civiles o militares y situados en lugares relevantes.<\/span><\/p>\n<p><span data-contrast=\"auto\">Desacreditar la Rep\u00fablica y reclamar la legitimidad del gobierno de Burgos constituye la base de un buen n\u00famero de escritos contundentes y que no dudan en recurrir a datos muy cuestionables, como m\u00ednimo. Es as\u00ed cuando se quiere demostrar la ayuda que el gobierno de Valencia recibe, al publicar una carta de Prieto de enero de 1937, donde comenta y da instrucciones para la recepci\u00f3n de armamento que viene de M\u00e9jico<\/span><span data-contrast=\"auto\"><sup class=\"modern-footnotes-footnote modern-footnotes-footnote--expands-on-desktop \" data-mfn=\"9\" data-mfn-post-scope=\"000000006632ca0800000000134cde33_97874\"><a title=\"\u201cSe\u00f1or Prieto and Non-Intervention\u201d, Spain, 15 febrero 1937. En Biblioteca Nacional de Espa\u00f1a.\" role=\"button\" aria-pressed=\"false\" aria-describedby=\"mfn-content-000000006632ca0800000000134cde33_97874-9\">9<\/a><\/sup><\/span><span data-contrast=\"auto\"> y que sirve descaradamente para afirmar que hay pa\u00edses que est\u00e1n suministrando armas al gobierno legal.<\/span><\/p>\n<p><span data-contrast=\"auto\">La carta de Prieto se usar\u00e1 para sembrar toda clase de dudas cuando el Comit\u00e9 brit\u00e1nico de No-intervenci\u00f3n haga una propuesta para retirar las tropas extranjeras. Burgos presentar\u00e1 su plan para retirar 10.000 combatientes, evitar los objetivos civiles en los bombardeos y crear una zona de libre comercio. Tan magn\u00edficos prop\u00f3sitos son inmediatamente rechazados en el mismo texto, bajo la sospecha de un comportamiento deshonesto por parte de las autoridades de Barcelona a quienes se acusa de doblez y ocultaci\u00f3n de los Brigadistas que hay en sus filas utilizando subterfugios como el de concederles la nacionalidad espa\u00f1ola.<\/span><\/p>\n<p><span data-contrast=\"auto\">Hubo otras propuestas de paz que fueron rechazadas de manera m\u00e1s agresiva al tiempo que introducen la idea expl\u00edcita de su propia legitimidad y legalidad frente a una Rep\u00fablica que habr\u00eda puesto en peligro la existencia de la misma Espa\u00f1a traicionando sus sacrosantas esencias sagradas y seculares, dispuesta a entregarla al comunismo. No importa qui\u00e9n sea el que intenta intermediar. La propuesta del Comit\u00e9 para la paz civil y religiosa en Espa\u00f1a, a cuyo frente se halla el fil\u00f3sofo cat\u00f3lico Jacques Maritain, merece la m\u00e1s firme repulsa y condena dejando, as\u00ed, constancia de que la \u00fanica Iglesia que pod\u00eda aspirar a ser obedecida era la Iglesia dispuesta a adoptar y defenderlos valores de los insurrectos<sup class=\"modern-footnotes-footnote modern-footnotes-footnote--expands-on-desktop \" data-mfn=\"10\" data-mfn-post-scope=\"000000006632ca0800000000134cde33_97874\"><a title=\"\u201cSe\u00f1or Prieto and Non-Intervention\u201d, Spain, 15 febrero 1937. En Biblioteca Nacional de Espa\u00f1a.\" role=\"button\" aria-pressed=\"false\" aria-describedby=\"mfn-content-000000006632ca0800000000134cde33_97874-10\">10<\/a><\/sup>.<\/span><span data-contrast=\"auto\"> La repulsa y rechazo de Maritain ya ven\u00eda de antes de cuando \u00e9ste y otros intelectuales cat\u00f3licos como Bernanos se negaron a aceptar el t\u00e9rmino de Cruzada para lo que estaba sucediendo en Espa\u00f1a, calificativo que negaba el mismo Vaticano. En ese mismo n\u00famero de 7 de junio el Duque de Maura dejaba claro cu\u00e1l era la \u00fanica condici\u00f3n que aceptaban los insurgentes, la rendici\u00f3n sin condiciones de la Rep\u00fablica<\/span><span data-contrast=\"auto\"><sup class=\"modern-footnotes-footnote modern-footnotes-footnote--expands-on-desktop \" data-mfn=\"11\" data-mfn-post-scope=\"000000006632ca0800000000134cde33_97874\"><a title=\"The Duke of Maura: \u201cWhy Peace is imposible without unconditional surrender\u201d. Spain, 7 JUNIO 1938.\" role=\"button\" aria-pressed=\"false\" aria-describedby=\"mfn-content-000000006632ca0800000000134cde33_97874-11\">11<\/a><\/sup><\/span><span data-contrast=\"auto\">, haciendo evidente que cualquier intento de mediaci\u00f3n era ocioso.<\/span><\/p>\n<p><span data-contrast=\"auto\">Igualmente encontramos una entrada, solo una pero altamente significativa, reivindicando la espa\u00f1olidad de las Islas Baleares, defendiendo su derecho a seguir perteneciendo a Espa\u00f1a enfrente de los movimientos de Mussolini cuyas ambiciones sobre el archipi\u00e9lago son bien conocidas y que aprovechaba la presencia de las tropas italianas que las ocuparon al principio de la guerra para reclamarlas. Claro que se estaba confrontando con un aliado fundamental, que hab\u00eda aportado hombres y material y el articulista retuerce su disertaci\u00f3n invocando la posici\u00f3n estrat\u00e9gica del archipi\u00e9lago que lo convierte en una plaza importante en el Mediterr\u00e1neo tambi\u00e9n para Francia.<\/span><\/p>\n<p><span data-contrast=\"auto\">Por \u00faltimo, no faltan los trabajos donde se exaltaba los militares golpistas y, naturalmente Franco cuya imagen providencial aparece en casi todos los momentos decisivos. Incluso su mujer, Carmen Polo, es objeto de una peque\u00f1a nota tomada de un diario h\u00fangaro, que no puede ser m\u00e1s aduladora<sup class=\"modern-footnotes-footnote modern-footnotes-footnote--expands-on-desktop \" data-mfn=\"12\" data-mfn-post-scope=\"000000006632ca0800000000134cde33_97874\"><a title=\"OTTO, Ernst: \u201cGeneral Franco\u2019s wife\u201d, aparecido en Ujsag de Budapest.\" role=\"button\" aria-pressed=\"false\" aria-describedby=\"mfn-content-000000006632ca0800000000134cde33_97874-12\">12<\/a><\/sup>.<\/span><\/p>\n<p><span data-contrast=\"auto\">En su trayectoria de esos a\u00f1os, la principal finalidad que se adivina es convencer a la sociedad inglesa de que el nuevo gobierno es fiable. El hecho de que los reportajes sobre las ciudades conquistadas sean de periodistas ingleses, dan a su opini\u00f3n un aire de objetividad y rigor que los hac\u00edan ser m\u00e1s convincentes. Una labor que se completa con trabajos como el dedicado a Riotinto donde se describe el contraste entre la situaci\u00f3n de conflictividad social en las primeras semanas posteriores al golpe, conflictividad que se hace arrancar de las\u00a0<em>inestables<\/em> etapas anteriores, con el trabajo estable y paz que hay en el momento de la redacci\u00f3n del trabajo. La intencionalidad se subraya porque en los \u00faltimos p\u00e1rrafos se hace gala de que, hasta el momento, se est\u00e1n cumpliendo con las obligaciones financieras y de pago a Inglaterra a pesar de la escasez de divisas que hab\u00eda en el bando de los generales, al fin y al cabo, Riotinto era en buena parte propiedad de inversores brit\u00e1nicos. La imagen de territorio libre de conflictos se complet\u00f3 cuando el mismo Serrano S\u00fa\u00f1er escribe en el peri\u00f3dico para informar y explicar la puesta en marcha de la \u00abRuta del Norte\u00bb, una iniciativa oficial desarrollada por Lu\u00eds Bol\u00edn a fin de atraer un turismo de guerra deseoso de impresiones <em>aut\u00e9nticas<\/em>\u00a0y <em>vivir<\/em>\u00a0de cerca lo que era un pa\u00eds en guerra, pero <\/span><i><span data-contrast=\"auto\">seguro<\/span><\/i><span data-contrast=\"auto\">.<\/span><\/p>\n<p><b><span data-contrast=\"auto\">Conclusiones<\/span><\/b><\/p>\n<p><span data-contrast=\"auto\">Una constataci\u00f3n que he podido hacer es que <\/span><i><span data-contrast=\"auto\">Spain and the World<\/span><\/i><span data-contrast=\"auto\"><sup class=\"modern-footnotes-footnote modern-footnotes-footnote--expands-on-desktop \" data-mfn=\"13\" data-mfn-post-scope=\"000000006632ca0800000000134cde33_97874\"><a title=\"SANTOS, Mar\u00eda-Cruz: \u201cSpain and The World\u201d, el intento de hacer llegar los logros anarquistas durante la Guerra de Espa\u00f1a a Londres (1936-1939)\u201d, Conversaciones sobre Historia, 4 diciembre 2022. https:\/\/conversacionsobrehistoria.info\/2022\/12\/04\/spain-and-the-world-el-intento-de-hacer-llegar-los-logros-anarquistas-durante-la-guerra-de-espana-a-londres-1936-1939\/\" role=\"button\" aria-pressed=\"false\" aria-describedby=\"mfn-content-000000006632ca0800000000134cde33_97874-13\">13<\/a><\/sup><\/span><span data-contrast=\"auto\">,<\/span><span data-contrast=\"auto\">\u00a0publicaci\u00f3n anarquista en Londres, y <\/span><i><span data-contrast=\"auto\">Spain<\/span><\/i><span data-contrast=\"auto\">, publicaci\u00f3n de los insurgentes, se ignoran mutuamente. No hay referencia de una a la otra en ninguna de las dos durante el tiempo que dur\u00f3 la guerra. El rechazo y la refutaci\u00f3n de los argumentos se hace siempre defendiendo o atacando los respectivos gobiernos.<\/span><\/p>\n<p><span data-contrast=\"auto\">La pasi\u00f3n que levant\u00f3 la Guerra civil espa\u00f1ola ha sido numerosas veces resaltada. Tambi\u00e9n en Gran Breta\u00f1a la divisi\u00f3n en la sociedad fue muy destacada. La mayor\u00eda de la poblaci\u00f3n politizada o comprometida sindicalmente se decant\u00f3 por la Rep\u00fablica, seg\u00fan Moreno Cantano, un 87% simpatiz\u00f3 con la causa republicana<sup class=\"modern-footnotes-footnote modern-footnotes-footnote--expands-on-desktop \" data-mfn=\"14\" data-mfn-post-scope=\"000000006632ca0800000000134cde33_97874\"><a title=\"MORENO CANTANO, Antonio C\u00e9sar: \u201cLos servicios de prensa extranjera en el primer franquismo (1936-1945)\u201d Tesis Doctoral, p\u00e1g.417. Consultada el 20 septiembre 2024 en https:\/\/dialnet.unirioja.es\/servlet\/tesis?codigo=24073\" role=\"button\" aria-pressed=\"false\" aria-describedby=\"mfn-content-000000006632ca0800000000134cde33_97874-14\">14<\/a><\/sup><\/span><span data-contrast=\"auto\">.<\/span><\/p>\n<p><span data-contrast=\"auto\">Los franquistas contaron con las clases conservadoras y buena parte de las clases altas. La atenci\u00f3n prestada a la propaganda por las fuerzas franquistas se inici\u00f3 tarde y tuvo muchas dificultades t\u00e9cnicas para desarrollarse y, con todo, fue esta propaganda la que obtuvo mayores r\u00e9ditos seg\u00fan Enrique Moradiellos:<\/span><\/p>\n<blockquote><p><span data-contrast=\"auto\">\u00abA pesar del mayor eco popular logrado por la Rep\u00fablica en sus esfuerzos propagand\u00edsticos, fue la propaganda franquista la que obtuvo mayores r\u00e9ditos pol\u00edticos y diplom\u00e1ticos en las esferas gubernamentales y oficiales\u00bb<sup class=\"modern-footnotes-footnote modern-footnotes-footnote--expands-on-desktop \" data-mfn=\"15\" data-mfn-post-scope=\"000000006632ca0800000000134cde33_97874\"><a title=\"MORADIELLOS, Enrique: \u201cUna guerra civil de tinta: la propaganda republicana y nacionalista en Gran Breta\u00f1a durante la guerra civil\u201d, Sistema, 164, 2001, p\u00e1g, 69. Le\u00edda el 24 octubre 2024. https:\/\/www.academia.edu\/24314865\/Una_guerra_civil_de_tinta_la_propaganda_republicana_y_nacionalista_en_Gran_Breta\u00f1a_durante_el_conflicto_espa\u00f1ol\" role=\"button\" aria-pressed=\"false\" aria-describedby=\"mfn-content-000000006632ca0800000000134cde33_97874-15\">15<\/a><\/sup>.<br \/>\n<\/span><\/p><\/blockquote>\n<p><span data-ccp-props=\"{&quot;335551550&quot;:6,&quot;335551620&quot;:6}\"> El primer impulso es pensar que estas esferas se refieren \u00fanicamente a los estamentos oficiales y clases altas, pero Tom Buchanan demuestra la falta de inter\u00e9s y el problema que representaba el conflicto espa\u00f1ol para los dirigentes de las <em>Trade Unions<\/em> del momento, Walter Cetrine y Ernest Bevin. Siguiendo a Buchanan, el problema espa\u00f1ol era un problema para el movimiento obrero ingl\u00e9s que nunca consider\u00f3 que la solidaridad tuviera que ir m\u00e1s all\u00e1 de la ayuda humanitaria \u00abon an almost charitable basis\u00bb (de manera casi caritativo):<\/span><\/p>\n<blockquote><p><span data-contrast=\"auto\">\u00ab<\/span>En el fondo de esas actitudes se encontraba la creencia de que la Guerra Civil no era m\u00e1s que eso, una lucha entre facciones en una sociedad atrasada y feudal que pod\u00eda tener poca relevancia para Gran Breta\u00f1a y que distra\u00eda la atenci\u00f3n de la amenaza real que supon\u00eda el resurgimiento de Alemania. As\u00ed pues, la Guerra Civil no hab\u00eda hecho m\u00e1s que poner de manifiesto que Espa\u00f1a se encontraba en una sociedad intr\u00ednsecamente violenta y antidemocr\u00e1tica<span data-contrast=\"auto\">\u00bb<\/span><sup class=\"modern-footnotes-footnote modern-footnotes-footnote--expands-on-desktop \" data-mfn=\"16\" data-mfn-post-scope=\"000000006632ca0800000000134cde33_97874\"><a title=\"BUCHANAN, Tom: The Spanish Civil War on the British Labour Movement, Cambridge, 1991.\" role=\"button\" aria-pressed=\"false\" aria-describedby=\"mfn-content-000000006632ca0800000000134cde33_97874-16\">16<\/a><\/sup>.<\/p><\/blockquote>\n<p><span data-contrast=\"auto\">Lo que ampl\u00eda el apoyo oficial m\u00e1s all\u00e1 de las instituciones gubernamentales y explica porque Inglaterra pudo mantener tan r\u00edgidamente la \u00abNo-intervenci\u00f3n\u00bb.<\/span><\/p>\n<p>El bando franquista cont\u00f3, adem\u00e1s, con el apoyo casi total de la clase obrera cat\u00f3lica. Las noticias que se difundieron en las primeras semanas del levantamiento, y que los peri\u00f3dicos ingleses no dudaron en divulgar asimilando esos actos con la visi\u00f3n del pa\u00eds no civilizado y semi feudal, que invoca Buchanan, impactaron en los cat\u00f3licos que asimilaron su propia condici\u00f3n de minor\u00eda perseguida con las im\u00e1genes que se les proporcionaban.<\/p>\n<p><span data-contrast=\"auto\">Por otro lado y muy especialmente, el acercamiento, que, por razones obvias, la Rep\u00fablica hizo a la Uni\u00f3n Sovi\u00e9tica, levant\u00f3 las alarmas entre las clases dirigentes las cuales prefer\u00edan el peligro alem\u00e1n a la <em>amenaza<\/em>\u00a0comunista. Un temor m\u00e1s cercano en tanto en cuanto todav\u00eda no hac\u00eda 20 a\u00f1os desde que una revoluci\u00f3n obrera hubiera triunfado en un pa\u00eds europeo.<\/span><\/p>\n<p><span data-contrast=\"auto\">Por \u00faltimo, pero no menos importante, estaba la cuesti\u00f3n econ\u00f3mica. Inglaterra era el principal pa\u00eds inversor extranjero en la Pen\u00ednsula. Esas inversiones parec\u00edan amenazadas por las colectivizaciones e incautaciones que las izquierdas realizaron en buena parte del territorio. De ah\u00ed el extenso art\u00edculo dedicado a Riotinto cuyas minas estaban en manos mayoritariamente inglesas y la atenci\u00f3n que se pone al hecho de que los pagos a los inversores se hacen puntualmente desde que las tropas franquistas se apoderaran del pueblo a pesar de las dificultades que hab\u00eda para conseguir divisa.<\/span><\/p>\n<p><i><span data-contrast=\"auto\">Spain <\/span><\/i><span data-contrast=\"auto\">se dise\u00f1\u00f3 para difundir las ventajas y virtudes del nuevo estado en el mundo anglosaj\u00f3n y del norte de Europa y convencer de su legitimidad. El mensaje enviado desde sus p\u00e1ginas no es una copia mim\u00e9tica de los valores y la cultura que se estaba construyendo en el interior de los territorios ocupados. La propaganda en el interior se forj\u00f3 en torno a la idea de naci\u00f3n como algo m\u00edstico cuya existencia trascend\u00eda cualquier otro hecho, una naci\u00f3n aglutinada alrededor de un caudillo, Franco, la misi\u00f3n del cual era recuperar las esencias morales frente a los peligros que representaban el <em>ate\u00edsmo<\/em>, el liberalismo y el comunismo lo que representaba, en definitiva, una amenaza a la propiedad privada<sup class=\"modern-footnotes-footnote modern-footnotes-footnote--expands-on-desktop \" data-mfn=\"17\" data-mfn-post-scope=\"000000006632ca0800000000134cde33_97874\"><a title=\"Amenaza que se avivaba en el mundo rural si bien, siguiendo a Ricardo Robledo, esa amenaza nunca existi\u00f3 en realidad. ROBLEDO, Ricardo: La Tierra es vuestra, 1900-1950. Barcelona, 2022.\" role=\"button\" aria-pressed=\"false\" aria-describedby=\"mfn-content-000000006632ca0800000000134cde33_97874-17\">17<\/a><\/sup><\/span><span data-contrast=\"auto\">. Estos peligros se hab\u00edan puesto de manifiesto en las acciones de protesta y des\u00f3rdenes llevados a cabo bajo el r\u00e9gimen republicano al que adem\u00e1s se reprochaba su ate\u00edsmo manifestado en la declaraci\u00f3n de estado laico.<\/span><\/p>\n<p><span data-contrast=\"auto\">La revista incidir\u00e1 sobre todo en los valores de paz ciudadana, la existencia de una retaguardia ordenada y sin conflictos que hac\u00edan a la nueva Espa\u00f1a un pa\u00eds fiable y en el anticomunismo del nuevo orden. Hay, as\u00ed, muy escasas referencias al anarquismo a pesar del protagonismo que tuvo en la derrota del golpe, un movimiento que hab\u00eda perdido importancia en el conjunto de Europa desde el triunfo de la Revoluci\u00f3n rusa y que, en Gran Breta\u00f1a, era muy marginal. La ausencia de conflictos en los nuevos lugares ocupados se utilizan para buscar la legitimidad del golpe, tal como se hace al reproducir la nota que Franco dirigi\u00f3 a la Sociedad de Naciones reclamando asistir a la XVIII Asamblea de la misma.<\/span><\/p>\n<p><span data-contrast=\"auto\">No obstante, no hay una referencia directa a la persecuci\u00f3n de los cat\u00f3licos y la represi\u00f3n de las pr\u00e1cticas religiosas, algo que paulatinamente fue desapareciendo en las poblaciones republicanas seg\u00fan avanza la guerra. Se evita cuidadosamente cualquier menci\u00f3n a una <em>Cruzada<\/em>. A la altura de 1937 ya hab\u00eda constancia de que ese t\u00e9rmino no gozaba de una buena aceptaci\u00f3n fuera de Espa\u00f1a, circunstancia que deb\u00eda ser bien conocida por el Duque quien, buen conocedor de la sociedad brit\u00e1nica, deb\u00eda pensar m\u00e1s en la mayor\u00eda de ingleses, que eran protestantes, que en los cat\u00f3licos. La revista, por ello, se dedica a mostrar la libertad para la pr\u00e1ctica religiosa silenciando que esa libertad alcanza \u00fanicamente a los cat\u00f3licos, callando las dificultades que ahora tienen las diferentes confesiones cristianas no cat\u00f3licas romanas para la celebraci\u00f3n de su culto.<\/span><\/p>\n<p><span data-contrast=\"auto\">Es dif\u00edcil valorar la incidencia de las publicaciones franquistas en Gran Breta\u00f1a. Seg\u00fan Moreno Cantano solo alcanz\u00f3 a tener 600 suscritores, pero la difusi\u00f3n no se limitaba a las Islas Brit\u00e1nicas, se difund\u00eda tambi\u00e9n por pa\u00edses n\u00f3rdicos, como Suecia y en la Am\u00e9rica anglosajona.<\/span><\/p>\n<p><span data-contrast=\"auto\">En el resultado final no parece que <\/span><span data-contrast=\"none\">el esfuerzo propagand\u00edstico fuera muy decisivo. Se impone la ret\u00f3rica franquista en Inglaterra porque gana la guerra y tiene varias d\u00e9cadas para insistir con sus consignas. Tambi\u00e9n y creo que es importante, porque existe una base lo suficientemente amplia a la que le interesa el triunfo de las fuerzas de derecha en Espa\u00f1a, pensemos en la posici\u00f3n de los l\u00edderes de las <em>Trade Unions<\/em>, Cetrine y Bevin. Los ideales de la Rep\u00fablica que son identificados por el imaginario colectivo y defendidos y que son recogidos por m\u00faltiples intelectuales e historiadores no tuvieron fuerza frente a los intereses de Estado y econ\u00f3micos y el temor que despertaba a buena parte de la sociedad brit\u00e1nica la pretendida o real amenaza rusa sobre la cultura occidental. <\/span><i><span data-contrast=\"none\">Spain <\/span><\/i><span data-contrast=\"none\">y el resto de actividades de la <em>Spanish Press Services Ltd. <\/em>tuvieron la inteligencia de callar los aspectos del nuevo r\u00e9gimen que pod\u00edan repugnar a la sociedad inglesa subrayando, en cambio, las facetas y valores caros a esa misma sociedad, no solo a las capas altas, tambi\u00e9n a las clases medias y las masas menos politizadas.<\/span><\/p>\n<p><strong>\u00a0Notas<\/strong><\/p>\n<p>1 Conviene distinguir este organismo ligado a la Junta T\u00e9cnica o Junta de Defensa de otras entidades similares que organizaron Falange, carlistas y la propia Iglesia Cat\u00f3lica.<\/p>\n<p>2 WATKINS, Keneth W: <em>Britain divided. The effect of the Spanish Civil War on British Political Opinion<\/em>. Citado por MORADIELLOS, Enrique en \u00abAnother Country. Las im\u00e1genes sobre Espa\u00f1a en Gran Breta\u00f1a durante la Guerra Civil espa\u00f1ola\u00bb en <em>Historia del Presente<\/em>, II, 2008\/I, pp. 45-60<\/p>\n<p>3 AZC\u00c1RATE, Pablo de: <em>Mi embajada en Londres durante la Guerra Civil Espa\u00f1ola<\/em>, Madrid, 2012, p. 35<\/p>\n<p>4 En el Real Diccionario Biogr\u00e1fico se dice que fue nombrado embajador. En cambio, Moradiellos habla de \u00abJefe de la Delegaci\u00f3n oficiosa del Gobierno Nacional de Espa\u00f1a\u00bb. Tampoco Hugo Garc\u00eda le da el t\u00edtulo de Embajador, sino de representante. Son <em>nombramientos<\/em> que tienen m\u00e1s sentido porque Gran Breta\u00f1a no reconoci\u00f3 oficialmente al gobierno de Burgos hasta 1939.<\/p>\n<p>5 Carta del Duque de Alba al comandante Manuel Arias Paz Londres, 27 noviembre 1937. En AGA.<\/p>\n<p>6 Carta al Ministro de Asuntos Exteriores, 20 julio 1938. AGA.<\/p>\n<p>7 La informaci\u00f3n de su familia me la ha facilitado el Archivo de Foment del Treball en correo de 4 octubre 2024. Cuando en 1940 regrese a Barcelona, residir\u00e1 en la finca de La Tamarita, hoy en d\u00eda parque p\u00fablico.<\/p>\n<p>8 GARC\u00cdA, Hugo: <em>Mentiras necesarias<\/em>, Madrid, 2014, p\u00e1g. 71<\/p>\n<p>9 \u00abSe\u00f1or Prieto and Non-Intervention\u00bb, <em>Spain<\/em>, 15 febrero 1937. En Biblioteca Nacional de Espa\u00f1a.<\/p>\n<p>10 \u00abSe\u00f1or Prieto and Non-Intervention\u00bb, <em>Spain<\/em>, 15 febrero 1937. En Biblioteca Nacional de Espa\u00f1a.<\/p>\n<p>11 The Duke of Maura: \u00abWhy Peace is imposible without unconditional surrender\u00bb. <em>Spain<\/em>, 7 JUNIO 1938.<\/p>\n<p>12 OTTO, Ernst: \u00abGeneral Franco\u2019s wife\u00bb, aparecido en <em>Ujsag<\/em> de Budapest.<\/p>\n<p>13 SANTOS, Mar\u00eda-Cruz: \u00abSpain and The World\u00bb, el intento de hacer llegar los logros anarquistas durante la Guerra de Espa\u00f1a a Londres (1936-1939)\u00bb, <em>Conversaciones sobre Historia<\/em>, 4 diciembre 2022. <a href=\"https:\/\/conversacionsobrehistoria.info\/2022\/12\/04\/spain-and-the-world-el-intento-de-hacer-llegar-los-logros-anarquistas-durante-la-guerra-de-espana-a-londres-1936-1939\/\">https:\/\/conversacionsobrehistoria.info\/2022\/12\/04\/spain-and-the-world-el-intento-de-hacer-llegar-los-logros-anarquistas-durante-la-guerra-de-espana-a-londres-1936-1939\/<\/a><\/p>\n<p>14 MORENO CANTANO, Antonio C\u00e9sar: \u00abLos servicios de prensa extranjera en el primer franquismo (1936-1945)\u00bb Tesis Doctoral, p\u00e1g.417. Consultada el 20 septiembre 2024 en <a href=\"https:\/\/dialnet.unirioja.es\/servlet\/tesis?codigo=24073\">https:\/\/dialnet.unirioja.es\/servlet\/tesis?codigo=24073<\/a><\/p>\n<p>15 MORADIELLOS, Enrique: \u00abUna guerra civil de tinta: la propaganda republicana y nacionalista en Gran Breta\u00f1a durante la guerra civil\u00bb, <em>Sistema<\/em>, 164, 2001, p\u00e1g, 69. Le\u00edda el 24 octubre 2024. <a href=\"https:\/\/www.academia.edu\/24314865\/Una_guerra_civil_de_tinta_la_propaganda_republicana_y_nacionalista_en_Gran_Breta\u00f1a_durante_el_conflicto_espa\u00f1ol\">https:\/\/www.academia.edu\/24314865\/Una_guerra_civil_de_tinta_la_propaganda_republicana_y_nacionalista_en_Gran_Breta\u00f1a_durante_el_conflicto_espa\u00f1ol<\/a><\/p>\n<p>16 BUCHANAN, Tom: <em>The Spanish Civil War on the British Labour Movement<\/em>, Cambridge, 1991.<\/p>\n<p>17 Amenaza que se avivaba en el mundo rural si bien, siguiendo a Ricardo Robledo, esa amenaza nunca existi\u00f3 en realidad. ROBLEDO, Ricardo: <em>La Tierra es vuestra<\/em>, 1900-1950. Barcelona, 2022.<\/p>\n<p><span data-ccp-props=\"{&quot;335551550&quot;:6,&quot;335551620&quot;:6,&quot;335559731&quot;:708}\"><em>Mar\u00eda Cruz Santos<\/em> es historiadora.<\/span><\/p>\n<p>Fuente: <em>Viento Sur<\/em>, 21 de noviembre de 2024 (<a href=\"https:\/\/vientosur.info\/spain-la-propaganda-franquista-en-londres\/\">https:\/\/vientosur.info\/spain-la-propaganda-franquista-en-londres\/<\/a>)<\/p>\n","protected":false},"excerpt":{"rendered":"<p>Nada m\u00e1s producirse la rebeli\u00f3n militar y triunfar en algunas ciudades y territorios, la Rep\u00fablica comprendi\u00f3 la importancia de la<\/p>\n","protected":false},"author":5,"featured_media":16788,"comment_status":"open","ping_status":"open","sticky":false,"template":"","format":"standard","meta":{"footnotes":""},"categories":[20,17],"tags":[],"class_list":["post-16786","post","type-post","status-publish","format-standard","has-post-thumbnail","hentry","category-guerra-civil-espanola","category-historia"],"aioseo_notices":[],"_links":{"self":[{"href":"https:\/\/espai-marx.net\/index.php?rest_route=\/wp\/v2\/posts\/16786","targetHints":{"allow":["GET"]}}],"collection":[{"href":"https:\/\/espai-marx.net\/index.php?rest_route=\/wp\/v2\/posts"}],"about":[{"href":"https:\/\/espai-marx.net\/index.php?rest_route=\/wp\/v2\/types\/post"}],"author":[{"embeddable":true,"href":"https:\/\/espai-marx.net\/index.php?rest_route=\/wp\/v2\/users\/5"}],"replies":[{"embeddable":true,"href":"https:\/\/espai-marx.net\/index.php?rest_route=%2Fwp%2Fv2%2Fcomments&post=16786"}],"version-history":[{"count":3,"href":"https:\/\/espai-marx.net\/index.php?rest_route=\/wp\/v2\/posts\/16786\/revisions"}],"predecessor-version":[{"id":16790,"href":"https:\/\/espai-marx.net\/index.php?rest_route=\/wp\/v2\/posts\/16786\/revisions\/16790"}],"wp:featuredmedia":[{"embeddable":true,"href":"https:\/\/espai-marx.net\/index.php?rest_route=\/wp\/v2\/media\/16788"}],"wp:attachment":[{"href":"https:\/\/espai-marx.net\/index.php?rest_route=%2Fwp%2Fv2%2Fmedia&parent=16786"}],"wp:term":[{"taxonomy":"category","embeddable":true,"href":"https:\/\/espai-marx.net\/index.php?rest_route=%2Fwp%2Fv2%2Fcategories&post=16786"},{"taxonomy":"post_tag","embeddable":true,"href":"https:\/\/espai-marx.net\/index.php?rest_route=%2Fwp%2Fv2%2Ftags&post=16786"}],"curies":[{"name":"wp","href":"https:\/\/api.w.org\/{rel}","templated":true}]}}