{"id":1679,"date":"2011-11-02T00:00:00","date_gmt":"2011-11-02T00:00:00","guid":{"rendered":"https:\/\/espai-marx.net\/?p=1679"},"modified":"2020-02-21T11:25:59","modified_gmt":"2020-02-21T10:25:59","slug":"ventas-y-mentiras-en-la-sanidad-catalana","status":"publish","type":"post","link":"https:\/\/espai-marx.net\/?p=1679","title":{"rendered":"Ventas y mentiras en la sanidad catalana"},"content":{"rendered":"<p align=\"JUSTIFY\">Carta al Director de Planificaci\u00f3n del Servei Catal\u00e0 de la Salut<\/p>\n<p align=\"JUSTIFY\">Estimado Dr. Josep Mar\u00eda Argimon,<\/p>\n<p align=\"JUSTIFY\">Como recordar\u00e1, no hace mucho, los representantes de las asociaciones del S\u00edndrome de la Fatiga Cr\u00f3nica\/Encefalitis Mi\u00e1lgica y Fibromialgia nos reunimos con usted en numerosas ocasiones.<\/p>\n<p align=\"JUSTIFY\">En esas reuniones, usted, con su talante contenido y pausado, nos ment\u00eda diciendo que los 250.000 catalanes con nuestras enfermedades ya estaban siendo atendidos mientras, en realidad, las listas de espera eran (y siguen siendo) de dos a\u00f1os y la atenci\u00f3n se limitaba (y se limita) a unas unidades \u201cfibro-parkings\u201d en las que dan informes, alguna medicaci\u00f3n prohibida y nociva (como la famosa Lyrica de Pfizer) y participaci\u00f3n en una terapia para pensar en positivo.<\/p>\n<p align=\"JUSTIFY\">Nada para nuestros sistemas inmunol\u00f3gicos estropeados, para los cuales tenemos que recurrir a la sanidad privada.<\/p>\n<p align=\"JUSTIFY\">He recordado esas reuniones y sus mentiras cuando le\u00ed en El P\u00fablico del 15 de octubre, un art\u00edculo sobre el cierre de las urgencias nocturnas en los CAPs, sobre las cuales usted dice: \u201cEs un aspecto de calidad, no econ\u00f3mico\u201d.<\/p>\n<p align=\"JUSTIFY\">Me pregunto si podr\u00e1 mantener su talante pausado cuando repita esa frase al familiar de alguna persona que, teniendo un infarto hubiera podido ser atendido a 5 minutos de su casa, pero al estar cerrada las Urgencias m\u00e1s cercana, tard\u00f3 en llegar al hospital m\u00e1s cercano 30 minutos.<\/p>\n<p align=\"JUSTIFY\">Y como sabe usted tiempo = m\u00fasculo, o sea, cu\u00e1nto m\u00e1s tiempo se tarda en intervenir en un infarto, m\u00e1s m\u00fasculo del coraz\u00f3n muere.<\/p>\n<p align=\"JUSTIFY\">No es calidad, es muerte.<\/p>\n<p align=\"JUSTIFY\">Todo lo que hacen ustedes es una cuesti\u00f3n pol\u00edtica para imponer medidas econ\u00f3micas que destruyen nuestro sistema sanitario y fuerzan a la poblaci\u00f3n a acudir a las mutuas y a la sanidad privada (en las que est\u00e1n implicados los nuevos altos cargos del Departament de Salut que planifican, con usted, los recortes).<\/p>\n<p align=\"JUSTIFY\">Para enriquecerse unos pocos a coste de muchos.<\/p>\n<p align=\"JUSTIFY\">Ayer, 19 de octubre, en El Pa\u00eds, ya se informa del plan para acabar de privatizar la sanidad catalana vendi\u00e9ndola a \u201cgrupos de inter\u00e9s\u201d y, en el proceso, \u201cflexibilizar la gesti\u00f3n de los recursos humanos\u201d, o sea, echar a la calle a los profesionales sanitarios que a los grupos de inter\u00e9s se les antojen, seguramente los que est\u00e1n protestando por los recortes.<\/p>\n<p align=\"JUSTIFY\">Tambi\u00e9n ustedes quieren \u201cflexibilizar los sistemas retributivos\u2026que ser\u00e1n un factor importante para estimular el personal\u201d.<\/p>\n<p align=\"JUSTIFY\">Claro, los m\u00e9dicos, profesionales de enfermer\u00eda y auxiliares que quieran comer y no perder su vivienda tendr\u00e1n que aceptar sueldos y condiciones inaceptables.<\/p>\n<p align=\"JUSTIFY\">El querer comer y querer tener un techo \u201cestimula\u201d mucho.<\/p>\n<p align=\"JUSTIFY\">\u00bfSabe usted que 10 a\u00f1os despu\u00e9s de la privatizaci\u00f3n de la sanidad p\u00fablica rusa la esperanza de vida en ese pa\u00eds baj\u00f3 10 a\u00f1os?<\/p>\n<p align=\"JUSTIFY\">Usted dir\u00e1 que Catalunya no es Rusia. Le propongo que hablemos de esto en 10 a\u00f1os (no se preocupe, ya s\u00e9 que usted no estar\u00e1 ya en el SCS sino en un alguna mutua con un sueldo digno de su talante, pero ya me las arreglar\u00e9 pare encontrarle).<\/p>\n<p align=\"JUSTIFY\">La otra pregunta que le har\u00e9 en 10 a\u00f1os es qu\u00e9 mentiras les tendr\u00e1 que contar usted a sus nietos, mir\u00e1ndoles a los ojos, para explicarles por qu\u00e9 hay tantos ni\u00f1os en Catalunya que no tienen acceso a atenci\u00f3n sanitaria ya que sus padres ni abuelos les pueden pagar una mutua.<\/p>\n<p align=\"JUSTIFY\">Y qu\u00e9 les dir\u00e1 usted a sus nietos sobre lo que usted estaba haciendo con la sanidad p\u00fablica catalana en 2011, que por qu\u00e9 vendi\u00f3 usted un bien com\u00fan, un bien por el que nuestros padres y abuelos lucharon.<\/p>\n<p align=\"JUSTIFY\">Estoy segura de que tendremos una conversaci\u00f3n interesante y no se preocupe, conmigo puede mentir, porque como le dije en nuestras reuniones, yo no me creo nada de lo que usted dice.<\/p>\n<p align=\"JUSTIFY\">Y como yo, tant\u00edsimos m\u00e1s. Porque ahora los catalanes est\u00e1n informados, indignados y no tienen miedo.<\/p>\n<p align=\"JUSTIFY\">Sinceramente,<\/p>\n<p align=\"JUSTIFY\">Clara Valverde<\/p>\n<p align=\"JUSTIFY\">Presidenta de la Liga SFC<\/p>\n","protected":false},"excerpt":{"rendered":"<p>Carta al Director de Planificaci\u00f3n del Servei Catal\u00e0 de la Salut Estimado Dr. Josep Mar\u00eda Argimon, Como recordar\u00e1, no hace<\/p>\n","protected":false},"author":9,"featured_media":1680,"comment_status":"open","ping_status":"open","sticky":false,"template":"","format":"standard","meta":{"footnotes":""},"categories":[3],"tags":[],"class_list":["post-1679","post","type-post","status-publish","format-standard","has-post-thumbnail","hentry","category-condiciones-de-vida"],"aioseo_notices":[],"_links":{"self":[{"href":"https:\/\/espai-marx.net\/index.php?rest_route=\/wp\/v2\/posts\/1679","targetHints":{"allow":["GET"]}}],"collection":[{"href":"https:\/\/espai-marx.net\/index.php?rest_route=\/wp\/v2\/posts"}],"about":[{"href":"https:\/\/espai-marx.net\/index.php?rest_route=\/wp\/v2\/types\/post"}],"author":[{"embeddable":true,"href":"https:\/\/espai-marx.net\/index.php?rest_route=\/wp\/v2\/users\/9"}],"replies":[{"embeddable":true,"href":"https:\/\/espai-marx.net\/index.php?rest_route=%2Fwp%2Fv2%2Fcomments&post=1679"}],"version-history":[{"count":0,"href":"https:\/\/espai-marx.net\/index.php?rest_route=\/wp\/v2\/posts\/1679\/revisions"}],"wp:featuredmedia":[{"embeddable":true,"href":"https:\/\/espai-marx.net\/index.php?rest_route=\/wp\/v2\/media\/1680"}],"wp:attachment":[{"href":"https:\/\/espai-marx.net\/index.php?rest_route=%2Fwp%2Fv2%2Fmedia&parent=1679"}],"wp:term":[{"taxonomy":"category","embeddable":true,"href":"https:\/\/espai-marx.net\/index.php?rest_route=%2Fwp%2Fv2%2Fcategories&post=1679"},{"taxonomy":"post_tag","embeddable":true,"href":"https:\/\/espai-marx.net\/index.php?rest_route=%2Fwp%2Fv2%2Ftags&post=1679"}],"curies":[{"name":"wp","href":"https:\/\/api.w.org\/{rel}","templated":true}]}}