{"id":1695,"date":"2011-11-13T00:00:00","date_gmt":"2011-11-13T00:00:00","guid":{"rendered":"https:\/\/espai-marx.net\/?p=1695"},"modified":"2020-02-21T11:20:30","modified_gmt":"2020-02-21T10:20:30","slug":"adios-a-europa","status":"publish","type":"post","link":"https:\/\/espai-marx.net\/?p=1695","title":{"rendered":"\u00bfAdi\u00f3s a Europa?"},"content":{"rendered":"<p>Nuestro \u201cnivel de vida y libertades\u201d reposa sobre un entramado muy fr\u00e1gil. El impulso ciudadano es la \u00fanica esperanza que le queda al proyecto europeo<\/p>\n<p>En Par\u00eds y Berl\u00edn la apuesta por la desolidarizaci\u00f3n ha dado un nuevo paso: ya abre la puerta de salida del euro y dibuja una Europa de dos categor\u00edas. El gobierno alem\u00e1n lo desmiente, pero ese programa para la desintegraci\u00f3n europea ser\u00e1 refrendado el lunes y martes por el congreso que la CDU de Merkel celebrar\u00e1 en Leipzig. Esto, que podr\u00eda equivaler a un adi\u00f3s a la Uni\u00f3n Europea, viene determinado por una mezcla de intereses pol\u00edticos cortoplacistas (elecciones en 2012 en Par\u00eds y en 2013 en Berl\u00edn), inercial sometimiento al poder financiero y sus recetas, y pura y simple incapacidad.<\/p>\n<p>En lo que llevamos de espiral neoliberal hacia abajo y desolidarizaci\u00f3n, Europa ha producido dos modelos de lucidez: la revuelta griega, ese nuevo \u201cOji\u201d de pa\u00eds retrasado y obstinado que recuerda la dignidad helena del principio de la \u00faltima guerra mundial, y la exitosa secuencia islandesa: la deuda no se paga, el gobierno implicado se derroca y los responsables a los tribunales. S\u00f3lo una medicina ciudadana de este tenor salvar\u00e1 el proyecto ciudadano europeo, secuestrado por la l\u00f3gica empresarial \u00bfQu\u00e9 es lo que est\u00e1 en juego?<\/p>\n<p>Nuestra normalidad social, econ\u00f3mica y pol\u00edtica, incluido \u201cnuestro nivel de vida y libertades\u201d, reposa sobre un entramado de lo m\u00e1s fr\u00e1gil. Basta que ese cremat\u00edstico y depredador entramado se hunda, basta entrar en recesi\u00f3n, para que todo cambie. Ahorros de una vida se convierten en papel sin valor, los liberales se transforman en ultraderechistas y las democracias en reg\u00edmenes duros. La actual precrisis ya est\u00e1 lanzando se\u00f1ales en esa direcci\u00f3n. Presten atenci\u00f3n a los discursos.<\/p>\n<p>Una de las noticias m\u00e1s sintom\u00e1ticas de los \u00faltimos d\u00edas ha sido la destituci\u00f3n de la plana mayor militar griega. El cese de esos generales tan \u00edntimamente relacionados, v\u00eda OTAN, con Estados Unidos, apenas ha sido evocado por la prensa de Washington y Nueva York, y s\u00f3lo rozada por la de Londres y Frankfurt \u00bfC\u00f3mo interpretarlo?<\/p>\n<p>Hace muy poco los gobiernos de pa\u00edses europeos como Grecia, Espa\u00f1a y Portugal no eran democracias. En Grecia mandaba una junta de coroneles, en Espa\u00f1a un general, y en Portugal un patriarca que se hundi\u00f3 con los \u00faltimos reductos de un imperio colonial. En la Europa m\u00e1s s\u00f3lida, la socialdemocracia s\u00f3lo lleg\u00f3 al poder tras haber jurado y demostrado su rechazo a cualquier veleidad transformadora fundamental. En Italia donde tal juramento no estaba claro, maquiav\u00e9licas tramas garantizaban que la oposici\u00f3n no llegase nunca al poder, y eternizaban a la Democracia Cristiana. Hasta anteayer, la Europa del Este ha estado dominada por el partido \u00fanico.<\/p>\n<p>Todo esto es para recordar que \u201cnuestro nivel de vida y libertades\u201d tiene que ver con determinadas condiciones hist\u00f3ricas que reposan sobre un fr\u00e1gil entramado.<\/p>\n<p>Esa es una verdad que se conoce bien en aquellas latitudes del mundo \u201cen desarrollo\u201d donde la crisis ha sido siempre norma y la vida cotidiana suele parecerse a un infierno. All\u00ed es donde Occidente, desde su bienestar, ha venido predicando democracia y derechos humanos selectivamente (porque a los dictadores amigos o complacientes se les perdona), algo casi siempre incompatible con su hegemon\u00eda. Ahora el momento del examen llega a Occidente: \u00bfsuperar\u00e1 la prueba? La respuesta est\u00e1 en una historia que se escribi\u00f3 a base de batallas sociales.<\/p>\n<p>Curiosamente, incluso la Europa del Sur, con la ventaja biogr\u00e1fica derivada de su experiencia reciente, parece perder de vista esa fragilidad que deber\u00eda estar en su memoria. La enorme confusi\u00f3n y ceguera que preside la hora actual, sugiere que el asfaltado intelectual de los \u00faltimos treinta a\u00f1os -las consecuencias mentales de nuestra \u201cmodernizaci\u00f3n\u201d europeizante- arras\u00f3 gran parte de aquella antigua lucidez de pa\u00eds retrasado.<\/p>\n<p>Nadie deber\u00eda dar por supuesto otro medio siglo de paz y prosperidad en Europa\u201d, dijo la canciller alemana Angela Merkel. Esa frase que le pusieron de adorno sus asesores fue la m\u00e1s notable de su discurso del 26 de octubre ante el Bundestag, donde enunci\u00f3 un programa para la desintegraci\u00f3n europea: que la diversidad continental marque el paso de la err\u00e1tica austeridad germana.<\/p>\n<p>Conforme los pol\u00edticos del Gosplan europeo demuestran cada d\u00eda su incapacidad -en el mejor de los casos- o su completo alineamiento con el programa neoliberal de regreso al siglo XIX -en el peor-, la sensaci\u00f3n de que la soluci\u00f3n s\u00f3lo puede venir a partir de fuertes impulsos ciudadanos desde abajo, se hace m\u00e1s y m\u00e1s indiscutible.<\/p>\n<p><a href=\"http:\/\/blogs.lavanguardia.com\/berlin\/\u00bfadios-a-europa\/#more-200\">http:\/\/blogs.lavanguardia.com\/berlin\/%C2%BFadios-a-europa\/#more-200<\/a><\/p>\n","protected":false},"excerpt":{"rendered":"<p>Nuestro \u201cnivel de vida y libertades\u201d reposa sobre un entramado muy fr\u00e1gil. El impulso ciudadano es la \u00fanica esperanza que<\/p>\n","protected":false},"author":9,"featured_media":1696,"comment_status":"open","ping_status":"open","sticky":false,"template":"","format":"standard","meta":{"footnotes":""},"categories":[14,41],"tags":[],"class_list":["post-1695","post","type-post","status-publish","format-standard","has-post-thumbnail","hentry","category-democracia-republica","category-europa"],"aioseo_notices":[],"_links":{"self":[{"href":"https:\/\/espai-marx.net\/index.php?rest_route=\/wp\/v2\/posts\/1695","targetHints":{"allow":["GET"]}}],"collection":[{"href":"https:\/\/espai-marx.net\/index.php?rest_route=\/wp\/v2\/posts"}],"about":[{"href":"https:\/\/espai-marx.net\/index.php?rest_route=\/wp\/v2\/types\/post"}],"author":[{"embeddable":true,"href":"https:\/\/espai-marx.net\/index.php?rest_route=\/wp\/v2\/users\/9"}],"replies":[{"embeddable":true,"href":"https:\/\/espai-marx.net\/index.php?rest_route=%2Fwp%2Fv2%2Fcomments&post=1695"}],"version-history":[{"count":0,"href":"https:\/\/espai-marx.net\/index.php?rest_route=\/wp\/v2\/posts\/1695\/revisions"}],"wp:featuredmedia":[{"embeddable":true,"href":"https:\/\/espai-marx.net\/index.php?rest_route=\/wp\/v2\/media\/1696"}],"wp:attachment":[{"href":"https:\/\/espai-marx.net\/index.php?rest_route=%2Fwp%2Fv2%2Fmedia&parent=1695"}],"wp:term":[{"taxonomy":"category","embeddable":true,"href":"https:\/\/espai-marx.net\/index.php?rest_route=%2Fwp%2Fv2%2Fcategories&post=1695"},{"taxonomy":"post_tag","embeddable":true,"href":"https:\/\/espai-marx.net\/index.php?rest_route=%2Fwp%2Fv2%2Ftags&post=1695"}],"curies":[{"name":"wp","href":"https:\/\/api.w.org\/{rel}","templated":true}]}}