{"id":16984,"date":"2025-01-12T05:06:35","date_gmt":"2025-01-12T04:06:35","guid":{"rendered":"https:\/\/espai-marx.net\/?p=16984"},"modified":"2025-01-12T05:06:35","modified_gmt":"2025-01-12T04:06:35","slug":"vida-y-praxis-de-un-companero-imprescindible","status":"publish","type":"post","link":"https:\/\/espai-marx.net\/?p=16984","title":{"rendered":"Vida y praxis de un compa\u00f1ero imprescindible"},"content":{"rendered":"<p>Rese\u00f1a de: Joan Rodr\u00edguez Mart\u00ednez, <i>\u00bfEl precio de la legalidad?, <\/i> Barcelona: La Natural Coopmunicaci\u00f3, 2023, 272 p\u00e1ginas (pr\u00f3logo de Marij\u00f3 Riba i Huguet; introducci\u00f3n de Francisco Molina)<\/p>\n<p>&nbsp;<\/p>\n<p>Advertencia: no es libro para lectores\/as que no est\u00e9n dispuestas a leer-sentir con (\u00a1muchos!) nudos en la garganta.<\/p>\n<p>Lo esencial: lectura imprescindible para cualquier persona que quiera acercarse a la vida de uno de los trabajadores (tambi\u00e9n trabajadoras por supuesto) que entregaron una buena parte de su vida (no es una met\u00e1fora gastada) a la lucha antifranquista desde posiciones comunistas insumisas y democr\u00e1ticas, y con la honestidad y el riesgo por alma y bandera.<\/p>\n<p>La portada: una fotograf\u00eda del autor al lado de Gregorio L\u00f3pez Raimundo. En la parte superior tres banderas: la republicana (III Rep\u00fablica), la del PSUC-viu y la se\u00f1era. Toda una declaraci\u00f3n de intenciones y finalidades.<\/p>\n<p>\u00bfQu\u00e9 es lo que el lector tendr\u00e1 delante suyo cuando tenga el libro entre sus manos? Con palabras de Francisco Molina (de una tarde de Frimario [\u2018escarcha\u2019 en castellano, tercer mes del calendario republicano franc\u00e9s] de 2021): \u00abMemorias escritas sin resentimiento y llenas de sentido cr\u00edtico, humanista y respeto. Que pas\u00e9is una entretenida y os prometo que ser\u00e1 fecunda lectura. Que su reflexi\u00f3n convierta vuestras ideas en pensamiento. Gracias por todo ello, Kosako. Salud y Rep\u00fablica\u00bb. Es eso.<\/p>\n<p>Una semblanza del autor: Juan (Joan) Rodr\u00edguez Mart\u00ednez nace en Abrucena (a 68 km de la capital, Almer\u00eda) en 1938, en plena guerra civil. Como tantos otros trabajadoras almerienses, tuvo que irse a vivir a Catalu\u00f1a en busca de trabajo y con nada en sus bolsillos. Lleg\u00f3 a Terrassa con 15 a\u00f1os. Ingres\u00f3 en el PSUC en 1963 a los 25 y poco tiempo despu\u00e9s form\u00f3 parte de su comit\u00e9 local y se implic\u00f3 en la fundaci\u00f3n de las CCOO del ramo de la construcci\u00f3n. En 1971 se instal\u00f3 en Vilanova i la Geltr\u00fa. All\u00ed continu\u00f3 su militancia pol\u00edtico-sindical, y al poco form\u00f3 parte tambi\u00e9n de su comit\u00e9 local. Fue en Vilanova donde fue elegido concejal en las primeras elecciones municipales, abril de 1979.<\/p>\n<p>Conocido como \u00abel Cosaco\u00bb, el Cosaco sufri\u00f3 la represi\u00f3n de la dictadura franquista y, como tantos otros comunistas que participaron en la arriesgada lucha antifascista, fue detenido en varias ocasiones. Tambi\u00e9n se ha implicado en comisiones de solidaridad viajando a Nicaragua y El Savador en calidad de observador en procesos electorales de estos pa\u00edses.<\/p>\n<p>Joan Rodr\u00edguez est\u00e1 vinculado actualmente -como el rayo de Hern\u00e1ndez, el Cosaco nunca cesa- a la Asociaci\u00f3n Catalana de Personas Ex-presos pol\u00edticos y en colectivos de recuperaci\u00f3n de la memoria hist\u00f3rica. Reside actualmente en Les Roquetes de Sant Pere de Ribes donde, por supuesto, contin\u00faa su lucha. A sus 86 a\u00f1os, estuvo manifest\u00e1ndose en Barcelona el pasado 1\u00ba de Mayo de 2024. All\u00ed coincidimos.<\/p>\n<p>Componen<i> \u00bfEl precio de la legalidad?,<\/i> escrito en catal\u00e1n y castellano, el pr\u00f3logo y la introducci\u00f3n citados, 25 cap\u00edtulos y un largo anexo que no hay que saltarse: entrevistas, fotograf\u00edas (de Paco T\u00e9llez, Tomasa Cuevas, Maruja, Pasionaria, Camacho), art\u00edculos y portadas de diarios, cartas de y al autor, recuerdos de luchas, etc.<\/p>\n<p>Destaco entre los cap\u00edtulos: \u00abLos or\u00edgenes y sus causas\u00bb, \u00abMi estancia en El Canario y la vuelta a \u00abcasa\u00bb\u00bb, \u00abHacia Terrassa\u00bb, \u00abManuel Gerena en Vilanova i la Geltr\u00fa\u00bb, \u00abHacia la legalizaci\u00f3n del PSUC\u00bb, \u00abEl precio de una legalidad\u00bb, \u00abComienzan las diferencias\u00bb, \u00abLa \u00faltima reflexi\u00f3n\u00bb. De mucho inter\u00e9s para comprender lo que para muchos trabajadores de larga militancia signific\u00f3 el V Congreso del PSUC, la posterior hivernaci\u00f3n del PSUC y su transformaci\u00f3n en ICV. Joan Rodr\u00edguez, como L\u00f3pez Raimundo, milit\u00f3 posteriormente en el PSUC-viu.<\/p>\n<p>El autor finaliza su ep\u00edlogo con estas palabras (que hago m\u00edas): \u00abA modo de homenaje a toda la militancia, he recogido algunos nombres (pp. 189-198) de luchadores de una generaci\u00f3n que lo dieron todo a cambio de nada [\u00e9l es un ejemplo destacado]\u00bb. Esta lista de mujeres y hombres, a\u00f1ade, \u00abrepresenta todas aquellas personas que so\u00f1aban un mundo y una sociedad diferentes. Mujeres y hombres que son ejemplo para las futuras generaciones. Siempre y solidariamente, en el recuerdo. Sin embargo, \u00a1vali\u00f3 la pena!\u00bb.<\/p>\n<p>No dudemos: han sido, son, lo mejor de nuestra historia.<\/p>\n","protected":false},"excerpt":{"rendered":"<p>Rese\u00f1a de: Joan Rodr\u00edguez Mart\u00ednez, \u00bfEl precio de la legalidad?, Barcelona: La Natural Coopmunicaci\u00f3, 2023, 272 p\u00e1ginas (pr\u00f3logo de Marij\u00f3<\/p>\n","protected":false},"author":5,"featured_media":16985,"comment_status":"open","ping_status":"open","sticky":false,"template":"","format":"standard","meta":{"footnotes":""},"categories":[46],"tags":[2207,917,2208],"class_list":["post-16984","post","type-post","status-publish","format-standard","has-post-thumbnail","hentry","category-memoria-historica","tag-joan-rodriguez-martinez","tag-resenas","tag-el-precio-de-la-legalidad"],"aioseo_notices":[],"_links":{"self":[{"href":"https:\/\/espai-marx.net\/index.php?rest_route=\/wp\/v2\/posts\/16984","targetHints":{"allow":["GET"]}}],"collection":[{"href":"https:\/\/espai-marx.net\/index.php?rest_route=\/wp\/v2\/posts"}],"about":[{"href":"https:\/\/espai-marx.net\/index.php?rest_route=\/wp\/v2\/types\/post"}],"author":[{"embeddable":true,"href":"https:\/\/espai-marx.net\/index.php?rest_route=\/wp\/v2\/users\/5"}],"replies":[{"embeddable":true,"href":"https:\/\/espai-marx.net\/index.php?rest_route=%2Fwp%2Fv2%2Fcomments&post=16984"}],"version-history":[{"count":1,"href":"https:\/\/espai-marx.net\/index.php?rest_route=\/wp\/v2\/posts\/16984\/revisions"}],"predecessor-version":[{"id":16986,"href":"https:\/\/espai-marx.net\/index.php?rest_route=\/wp\/v2\/posts\/16984\/revisions\/16986"}],"wp:featuredmedia":[{"embeddable":true,"href":"https:\/\/espai-marx.net\/index.php?rest_route=\/wp\/v2\/media\/16985"}],"wp:attachment":[{"href":"https:\/\/espai-marx.net\/index.php?rest_route=%2Fwp%2Fv2%2Fmedia&parent=16984"}],"wp:term":[{"taxonomy":"category","embeddable":true,"href":"https:\/\/espai-marx.net\/index.php?rest_route=%2Fwp%2Fv2%2Fcategories&post=16984"},{"taxonomy":"post_tag","embeddable":true,"href":"https:\/\/espai-marx.net\/index.php?rest_route=%2Fwp%2Fv2%2Ftags&post=16984"}],"curies":[{"name":"wp","href":"https:\/\/api.w.org\/{rel}","templated":true}]}}