{"id":1706,"date":"2011-11-25T00:00:00","date_gmt":"2011-11-25T00:00:00","guid":{"rendered":"https:\/\/espai-marx.net\/?p=1706"},"modified":"2020-02-21T11:11:15","modified_gmt":"2020-02-21T10:11:15","slug":"gano-rajoy-gobernaran-los-mismos","status":"publish","type":"post","link":"https:\/\/espai-marx.net\/?p=1706","title":{"rendered":"Gan\u00f3 Rajoy: gobernar\u00e1n los mismos"},"content":{"rendered":"<p style=\"margin-top: 0.15cm; margin-bottom: 0.15cm; line-height: 150%;\" align=\"JUSTIFY\">La contundente victoria del Partido Popular en las elecciones del 20N no hace otra cosa sino poner m\u00e1s claramente que nunca de manifiesto el profundo d\u00e9ficit democr\u00e1tico que presenta tanto el Estado Espa\u00f1ol como el conjunto de la Uni\u00f3n Europea. Esto se traduce en la paradoja de que mientras que se ha producido una de las m\u00e1s amplias mayor\u00edas absolutas de la democracia, el gobierno que formar\u00e1 Mariano Rajoy tendr\u00e1 casi absolutamente limitada su capacidad de actuaci\u00f3n y no podr\u00e1 hacer otra cosa que seguir los dictados-con toda seguridad de muy buena gana- del Banco Central Europeo y de los llamados \u201cmercados\u201d.<\/p>\n<p style=\"margin-top: 0.15cm; margin-bottom: 0.15cm; line-height: 150%;\" align=\"JUSTIFY\">Por lo tanto, los especuladores, los financieros y los tecn\u00f3cratas de la U.E., a los que nadie ha elegido, ser\u00e1n los que sigan teniendo en sus manos el destino de los ciudadanos del Estado Espa\u00f1ol. Parece evidente que muchos trabajadores, de un modo muy primario, y expresando dram\u00e1ticas situaciones personales, han otorgado su voto al Partido Popular pensando que era necesario un cambio. Por desgracia, con toda seguridad, estas expectativas se ver\u00e1n muy pronto frustradas. No podemos esperar otra cosa que la aceleraci\u00f3n del programa neoliberal de recortes, liquidaci\u00f3n de los Servicios P\u00fablicos, precarizaci\u00f3n del trabajo y pago de la crisis por los m\u00e1s desfavorecidos. Adem\u00e1s, el hecho de que el PP -un partido que recoge desde la derecha liberal a sectores de la extrema derecha postfranquista- domine tanto la mayor\u00eda de ayuntamientos como casi todas las comunidades aut\u00f3nomas y el gobierno central, no augura demasiado buen futuro para las libertades y la democracia en nuestro pa\u00eds.<\/p>\n<p style=\"margin-top: 0.15cm; margin-bottom: 0.15cm; line-height: 150%;\" align=\"JUSTIFY\">El fuerte varapalo electoral sufrido por el PSOE pone de manifiesto una significativa p\u00e9rdida de confianza en un partido que no ha aplicado pol\u00edticas socialdem\u00f3cratas y que se ha entregado en brazos del neoliberalismo y de los mercados. Salvo las primeras medidas de la era Zapatero, como el matrimonio homosexual o la ampliaci\u00f3n del derecho al aborto, el resto de su mandato se ha distinguido por su sumisi\u00f3n a las pol\u00edticas econ\u00f3micas neoliberales y por su falta de decisi\u00f3n para enfrentarse a los poderes fuertes. El intento desesperado de Rubalcaba de \u201cvolver a los or\u00edgenes\u201d y presentarse como un fiel defensor de las pol\u00edticas sociales ha sido un rotundo fracaso. Los ciudadanos no han ca\u00eddo en la trampa y parecen reclamar una mayor coherencia a los socialistas. No es posible ni honesto hacer lo contrario de lo que se dice. Tampoco es ni mucho menos previsible el surgimiento de sectores en ruptura, al estilo Oskar Lafontaine en Alemania, que se aproximen a Izquierda Unida. En el PSOE no existen ya sectores importantes que defiendan un pensamiento socialdem\u00f3crata fuerte. Los desgraciados a\u00f1os de Felipe Gonz\u00e1lez al frente del partido liquidaron cualquier veleidad izquierdista en el socialismo espa\u00f1ol.<\/p>\n<p style=\"margin-top: 0.15cm; margin-bottom: 0.15cm; line-height: 150%;\" align=\"JUSTIFY\">El ascenso del populismo -de 1 a 5 diputados- encarnado en UpyD, fundamentalmente nutrido de votos del desencanto socialista, y muy localizado en Madrid, es una consecuencia l\u00f3gica de la crisis. Los momentos de desesperaci\u00f3n y de falta de confianza en el futuro, tienen por consecuencia que importantes sectores depositen sus expectativas en proyectos guiados por lideres m\u00e1s o menos carism\u00e1ticos- en este caso la ex-socialista Rosa D\u00edez- que dicen a cada ciudadano lo que quiere o\u00edr. La mezcla de liberalismo econ\u00f3mico, populismo espa\u00f1olista y gui\u00f1os a los movimientos sociales de UpyD no deber\u00eda ,pese a este ascenso, tener un largo recorrido. Creo muy necesario remarcar que UpyD mantiene posturas que superan por la derecha al PP en lo que se refiere a la relaci\u00f3n del Estado Central con las Comunidades Aut\u00f3nomas, y ha sido el \u00fanico partido que no ha valorado positivamente el cese de la actividad armada de ETA. Su autoproclamaci\u00f3n como \u201ctransversales\u201d no hace otra cosa sino levantar sospechas sobre su aut\u00e9ntica ideolog\u00eda. No es casual que la mayor\u00eda del voto de UpyD sea \u201cmadrile\u00f1o\u201d, 4 de sus 5 diputados los ha conseguido en esta Comunidad. Este hecho revela que su discurso anti-autonom\u00edas y anti-ETA tiene un p\u00fablico muy concreto y muy localizado geogr\u00e1ficamente.<\/p>\n<p style=\"margin-top: 0.15cm; margin-bottom: 0.15cm; line-height: 150%;\" align=\"JUSTIFY\">En el campo de la izquierda, es muy destacable el importante, de 2 a 11 diputados, ascenso de Izquierda Unida. Este buen resultado, m\u00e1s que a un concienzudo trabajo social o en los movimientos, se debe tanto al descenso del PSOE como a un creciente rechazo popular al bipartidismo y al discurso \u00fanico neoliberal. De todos modos este resultado ni se aproxima a los \u201ctiempos dulces\u201d de Julio Anguita (21 diputados) como l\u00edder de IU. Una profunda crisis econ\u00f3mica como la que afronta el Estado Espa\u00f1ol deber\u00eda contar con un grupo de izquierda a\u00fan mucho m\u00e1s fuerte y cohesionado. El reto de Izquierda Unida debe ser tratar de constituirse en un aut\u00e9ntico movimiento pol\u00edtico y social, abordar una aut\u00e9ntica refundaci\u00f3n y convertirse en una herramienta \u00fatil para los movimientos sociales. Si no, volveremos al p\u00e9ndulo, y un nuevo ascenso del PSOE supondr\u00e1 el descenso de IU. Una IU sin aut\u00e9ntica implantaci\u00f3n social quedar\u00e1 siempre supeditada a los altibajos del PSOE.<\/p>\n<p style=\"margin-top: 0.15cm; margin-bottom: 0.15cm; line-height: 150%;\" align=\"JUSTIFY\">Por \u00faltimo, y en el campo de la izquierda estatal, los muy modestos resultados de \u201cla izquierda de la izquierda\u201d, Anticapitalistas (el equivalente de Sinistra Critica en Italia) y el PCPE (Partido Comunista de los Pueblos de Espa\u00f1a), que obtienen 50.000 votos entre los dos, se\u00f1alan la necesidad de establecer una profunda reflexi\u00f3n sobre la necesidad o no de presentarse a las elecciones y sobre lo imprescindible de unir fuerzas y de no tratar de buscar atajos. Creo que es necesario empe\u00f1arse en el trabajo en la base, construyendo a partir de las nuevas subjetividades, sin prisas pero sin pausa. S\u00f3lo un proyecto pol\u00edtico que surja a partir del conflicto social ser\u00e1 capaz de representar realmente los intereses de los que pretenden cambiar el Sistema. Alguno de estos grupos, en concreto el PCPE, han despreciado movimientos como el de los indignados, y se han refugiado en un esencialismo obrerista que, en mi opini\u00f3n, tiene un muy corto recorrido. Por otro lado, Anticapitalistas, que si tiene un trabajo m\u00e1s profundo en los movimientos sociales, ha elaborado su candidatura de un modo demasiado apresurado y sin esperar a que se fraguasen procesos unitarios de una solidez a la altura de las circunstancias.<\/p>\n<p style=\"margin-top: 0.15cm; margin-bottom: 0.15cm; line-height: 150%;\" align=\"JUSTIFY\">Con respecto a los verdes de Equo, el resultado ha sido muy modesto. El \u00fanico diputado que han conseguido es, en realidad, fruto de su acuerdo con la formaci\u00f3n valenciana Compromis, que a su vez proviene de una ruptura en IU. Me parece indispensable aclarar que Equo surge directamente de una apuesta de los verdes alemanes que pretenden \u201cpatrocinar\u201d a este grupo en el Estado Espa\u00f1ol. Equo se ha venido nutriendo, tambi\u00e9n, de los sectores m\u00e1s moderados, cercanos a Gaspar Llamazares, que han roto con IU por la derecha.<\/p>\n<p style=\"margin-top: 0.15cm; margin-bottom: 0.15cm; line-height: 150%;\" align=\"JUSTIFY\">Una de las mayores novedades de esta cita electoral es la potente irrupci\u00f3n de Amaiur en el Parlamento Espa\u00f1ol. Los 7 diputados conseguidos por la formaci\u00f3n de la izquierda abertzale suponen un gran \u00e9xito y la consolidaci\u00f3n de un proyecto pol\u00edtico alejado del uso de la violencia. La salida negociada y democr\u00e1tica al llamado \u201cconflicto vasco\u201d parece m\u00e1s irreversible que nunca. La victoria de Amaiur en Gipuzkoa, y la amplia mayor\u00eda que se conformar\u00eda con un acuerdo entre Amaiur y la derecha nacionalista, PNV, ponen seriamente en cuesti\u00f3n el actual gobierno vasco fruto de el acuerdo entre PP y PSOE. Un futuro con Arnaldo Otegi como lehendakari no parece demasiado aventurado. De todos modos, el sentido de la votaci\u00f3n ha dejado claramente demostrado que la realidad pol\u00edtica de Euskal Herria es bien distinta a la del resto del Estado. Como retos que se abren, a mi juicio, para la izquierda abertzale se encuentra el de saber combinar su clara apuesta soberanista con el contenido social y de izquierdas de su programa pol\u00edtico. Creo que ser\u00e1 muy interesante seguir como se aborda esa contradicci\u00f3n que pueden suponer los acuerdos con fuerzas en las que se coincide, m\u00e1s o menos, en la cuesti\u00f3n nacional, pero no en el programa de transformaci\u00f3n social.<\/p>\n<p style=\"margin-top: 0.15cm; margin-bottom: 0.15cm; line-height: 150%;\" align=\"JUSTIFY\">En Catalunya nos encontramos con la sorpresa del espectacular ascenso de CIU (derecha nacionalista) -por primera vez es la fuerza m\u00e1s votada en unas Elecciones Generales- que est\u00e1 gobernando all\u00ed y que est\u00e1 aplicando una pol\u00edtica de recortes brutales, especialmente en sanidad y educaci\u00f3n. Parece que para los catalanes ha pesado m\u00e1s la necesidad de dar un castigo al PSOE y afirmarse en su identidad nacional, que mostrar su oposici\u00f3n a las pol\u00edticas neoliberales llevadas a cabo por CIU en su comunidad.<\/p>\n<p style=\"margin-top: 0.15cm; margin-bottom: 0.15cm; line-height: 150%;\" align=\"JUSTIFY\">Volviendo al marco estatal, la necesidad de huir del asfixiante bipartidismo, la capacidad de organizarse al margen de las estructuras tradicionales expresada por el 15M, o los potentes procesos de subjetivizaci\u00f3n que se est\u00e1n dando al calor de la resistencia a los recortes y la precariedad, hacen que una arrolladora victoria de la derecha nos deje algunos signos de esperanza en el horizonte. No importa cuales sean las siglas que representen esas nuevas subjetividades, lo crucial es que sean ellas mismas las que elaboren el programa alternativo que se traduzca en un proyecto pol\u00edtico de transformaci\u00f3n social. S\u00f3lo as\u00ed podr\u00e1 existir una opci\u00f3n pol\u00edtica que supere el abismo existente, al menos en el Estado Espa\u00f1ol, entre conflicto social y representaci\u00f3n pol\u00edtica. No se trata de abordar una nueva suma de siglas de grupos de izquierda sino de construir en estrecha ligaz\u00f3n con las luchas reales y con los problemas reales de los trabajadores y de las capas m\u00e1s golpeadas por la crisis capitalista.<\/p>\n<p style=\"margin-top: 0.15cm; margin-bottom: 0.15cm; line-height: 150%;\" align=\"JUSTIFY\">Se abren importantes retos para la izquierda: nos encontraremos de nuevo con intento del PSOE de capitalizar las movilizaciones y tratar de apropiarse la bandera de la izquierda, veremos cu\u00e1l es la direcci\u00f3n que toman unos sindicatos mayoritarios -CC.OO y UGT- que han perdido casi toda su capacidad de movilizaci\u00f3n, ser\u00e1 necesario que el sindicalismo alternativo se desarrolle y se consolide, habr\u00e1 que seguir muy de cerca los procesos de maduraci\u00f3n pol\u00edtica de los nuevos activistas surgidos a partir del Movimiento 15M, y tendremos que comprobar si los distintos grupos de una izquierda fragmentada y muy d\u00e9bil, son capaces de renunciar al sectarismo y buscar la unidad. En resumen, muchas posibilidades abiertas y pocas certezas en el futuro, hacer posible una alternativa real a la avalancha de la derecha y del neoliberalismo depende del trabajo de todos nosotros.<\/p>\n<p style=\"margin-top: 0.15cm; margin-bottom: 0.15cm; line-height: 150%;\" align=\"JUSTIFY\"><i>Carlos Guti\u00e9rrez (militante comunista, del Movimiento de Izquierda Alternativa y de Espai Marx)<\/i><\/p>\n<p style=\"margin-top: 0.15cm; margin-bottom: 0.15cm; line-height: 150%;\" align=\"JUSTIFY\">\n","protected":false},"excerpt":{"rendered":"<p>La contundente victoria del Partido Popular en las elecciones del 20N no hace otra cosa sino poner m\u00e1s claramente que<\/p>\n","protected":false},"author":9,"featured_media":0,"comment_status":"open","ping_status":"open","sticky":false,"template":"","format":"standard","meta":{"footnotes":""},"categories":[14],"tags":[],"class_list":["post-1706","post","type-post","status-publish","format-standard","hentry","category-democracia-republica"],"aioseo_notices":[],"_links":{"self":[{"href":"https:\/\/espai-marx.net\/index.php?rest_route=\/wp\/v2\/posts\/1706","targetHints":{"allow":["GET"]}}],"collection":[{"href":"https:\/\/espai-marx.net\/index.php?rest_route=\/wp\/v2\/posts"}],"about":[{"href":"https:\/\/espai-marx.net\/index.php?rest_route=\/wp\/v2\/types\/post"}],"author":[{"embeddable":true,"href":"https:\/\/espai-marx.net\/index.php?rest_route=\/wp\/v2\/users\/9"}],"replies":[{"embeddable":true,"href":"https:\/\/espai-marx.net\/index.php?rest_route=%2Fwp%2Fv2%2Fcomments&post=1706"}],"version-history":[{"count":0,"href":"https:\/\/espai-marx.net\/index.php?rest_route=\/wp\/v2\/posts\/1706\/revisions"}],"wp:attachment":[{"href":"https:\/\/espai-marx.net\/index.php?rest_route=%2Fwp%2Fv2%2Fmedia&parent=1706"}],"wp:term":[{"taxonomy":"category","embeddable":true,"href":"https:\/\/espai-marx.net\/index.php?rest_route=%2Fwp%2Fv2%2Fcategories&post=1706"},{"taxonomy":"post_tag","embeddable":true,"href":"https:\/\/espai-marx.net\/index.php?rest_route=%2Fwp%2Fv2%2Ftags&post=1706"}],"curies":[{"name":"wp","href":"https:\/\/api.w.org\/{rel}","templated":true}]}}