{"id":17064,"date":"2025-01-20T05:00:34","date_gmt":"2025-01-20T04:00:34","guid":{"rendered":"https:\/\/espai-marx.net\/?p=17064"},"modified":"2025-01-20T07:41:43","modified_gmt":"2025-01-20T06:41:43","slug":"campana-por-el-centenario-de-manuel-sacristan","status":"publish","type":"post","link":"https:\/\/espai-marx.net\/?p=17064","title":{"rendered":"Lanzamiento de la campa\u00f1a por el centenario de Manuel Sacrist\u00e1n (1925-2025)"},"content":{"rendered":"<p><b>La campa\u00f1a abarca la p\u00e1gina web\u00a0<\/b><u><a href=\"http:\/\/www.sacristan2025.org\/\" target=\"_new\"><b>www.Sacristan2025.org<\/b><\/a><\/u><b>\u00a0y un conjunto de logos dise\u00f1ados para su uso descentralizado.<\/b><\/p>\n<p>En el a\u00f1o 2025 se cumplen cien a\u00f1os del nacimiento de Manuel Sacrist\u00e1n Luz\u00f3n, una figura imprescindible del pensamiento marxista y ecologista en Espa\u00f1a. Fil\u00f3sofo, traductor y militante, Sacrist\u00e1n fue un referente tanto en el \u00e1mbito te\u00f3rico como en el pol\u00edtico. Su compromiso con el socialismo y su capacidad para articular una cr\u00edtica marxista con preocupaciones ecol\u00f3gicas lo convierten en un pensador profundamente relevante para los retos contempor\u00e1neos.<\/p>\n<p>Con motivo de este centenario, se ha lanzado la campa\u00f1a\u00a0<u><a href=\"http:\/\/www.sacristan2025.org\/\" target=\"_new\"><b>www.Sacristan2025.org<\/b><\/a><\/u>, una iniciativa colectiva y descentralizada que tiene como objetivo celebrar y divulgar el legado de este pensador. La p\u00e1gina web, dise\u00f1ada como un espacio de encuentro y difusi\u00f3n, pone a disposici\u00f3n del p\u00fablico textos in\u00e9ditos, reflexiones y herramientas gr\u00e1ficas para que cualquier colectivo, instituci\u00f3n o persona interesada pueda sumarse de manera activa.<\/p>\n<h3 class=\"western\">Un pensador para la emancipaci\u00f3n ecosocialista<\/h3>\n<p>Manuel Sacrist\u00e1n Luz\u00f3n (Madrid, 5 de septiembre de 1925 &#8211; Barcelona, 27 de agosto de 1985) fue uno de los fil\u00f3sofos m\u00e1s influyentes de la segunda mitad del siglo XX en Espa\u00f1a y una figura clave en la introducci\u00f3n del marxismo en el pensamiento filos\u00f3fico del pa\u00eds. Su obra destaca por su profundidad intelectual y por su compromiso con la transformaci\u00f3n social y pol\u00edtica, que lo llev\u00f3 a articular una cr\u00edtica marxista coherente con las preocupaciones ecol\u00f3gicas y democr\u00e1ticas.<\/p>\n<p>Sacrist\u00e1n vivi\u00f3 gran parte de su vida en Barcelona, ciudad a la que se traslad\u00f3 en 1940 tras la Guerra Civil. Criado en una familia cuyo padre apoyaba al r\u00e9gimen franquista, en sus a\u00f1os universitarios comenz\u00f3 un proceso de ruptura ideol\u00f3gica. Tras romper con el falangismo, dio inicio a un recorrido vital profundamente marcado por el pensamiento cr\u00edtico y el activismo pol\u00edtico. Este giro lo llev\u00f3 a implicarse activamente en el Partido Comunista de Espa\u00f1a (PCE) y en su rama catalana, el PSUC, donde ocup\u00f3 importantes responsabilidades en la clandestinidad.<\/p>\n<p>Acad\u00e9micamente, Sacrist\u00e1n realiz\u00f3 estudios en derecho y filosof\u00eda en Barcelona y m\u00e1s tarde se especializ\u00f3 en l\u00f3gica matem\u00e1tica y filosof\u00eda de la ciencia durante una estancia en M\u00fcnster (Alemania). A su regreso, se convirti\u00f3 en profesor en la Universidad de Barcelona, donde imparti\u00f3 cursos de fundamentos de filosof\u00eda y metodolog\u00eda de las ciencias. Sin embargo, su carrera acad\u00e9mica estuvo plagada de dificultades debido a su oposici\u00f3n al r\u00e9gimen franquista. En 1965 fue expulsado de la universidad, y solo pudo reincorporarse como docente con normalidad tras la muerte de Franco. Durante sus \u00faltimos a\u00f1os, fue catedr\u00e1tico de Metodolog\u00eda de las Ciencias Sociales y tambi\u00e9n ense\u00f1\u00f3 en instituciones internacionales, como la Universidad Nacional Aut\u00f3noma de M\u00e9xico (UNAM).<\/p>\n<p>La actividad intelectual de Sacrist\u00e1n abarc\u00f3 m\u00faltiples campos, desde la traducci\u00f3n y edici\u00f3n de obras fundamentales hasta la escritura de ensayos filos\u00f3ficos y pol\u00edticos. Traductor de m\u00e1s de 80 libros, entre ellos textos de autores como Marx, Engels, Gramsci, Luk\u00e1cs o Adorno, Sacrist\u00e1n destac\u00f3 por su rigor y su capacidad para poner al alcance del p\u00fablico espa\u00f1ol las ideas m\u00e1s avanzadas del pensamiento cr\u00edtico. Entre sus obras como autor destaca <em>Introducci\u00f3n a la l\u00f3gica y al an\u00e1lisis formal<\/em>\u00a0(1969), as\u00ed como numerosos ensayos y art\u00edculos reunidos en la colecci\u00f3n p\u00f3stuma\u00a0<em>Panfletos y materiales<\/em>.<\/p>\n<p>El compromiso de Sacrist\u00e1n no se limit\u00f3 al \u00e1mbito acad\u00e9mico. Fue impulsor de revistas como\u00a0<em>mientras tanto<\/em>, un espacio de reflexi\u00f3n donde se abordaban temas como la ecolog\u00eda, el feminismo y la cr\u00edtica marxista en di\u00e1logo con las transformaciones sociales y pol\u00edticas de su tiempo. A finales de los a\u00f1os setenta, se implic\u00f3 en el movimiento ecopacifista, participando activamente en campa\u00f1as antinucleares y contra la OTAN.<\/p>\n<p>Hasta su muerte en 1985, Manuel Sacrist\u00e1n se mantuvo como una figura central en el pensamiento cr\u00edtico y emancipador, dejando un legado que sigue siendo referencia obligada para quienes luchan por una sociedad m\u00e1s justa, democr\u00e1tica y sostenible.<\/p>\n<h3 class=\"western\">Difusi\u00f3n de textos de Sacrist\u00e1n<\/h3>\n<p>Como parte de la campa\u00f1a, cada viernes se reproducir\u00e1 en la web del centenario la selecci\u00f3n de textos de Manuel Sacrist\u00e1n que est\u00e1 publicando Espai Marx, organizados cronol\u00f3gica y tem\u00e1ticamente para facilitar su consulta. Estos textos, en su mayor\u00eda in\u00e9ditos o de dif\u00edcil acceso, forman parte de la selecci\u00f3n que Espai Marx est\u00e1 publicando cada viernes durante 2025, para contribuir a su difusi\u00f3n m\u00e1s amplia.<\/p>\n<p>Adem\u00e1s de esta iniciativa semanal, la web del centenario tiene como objetivo ir construyendo un repositorio integral y de referencia sobre la obra y el pensamiento de Sacrist\u00e1n. Por ello, el espacio se ir\u00e1 enriqueciendo con otros materiales diversos: libros, art\u00edculos, v\u00eddeos de conferencias, entrevistas y una amplia variedad de contenidos relacionados con su vida y legado.<\/p>\n<p>De esta manera, la p\u00e1gina web no solo ser\u00e1 un canal de difusi\u00f3n vinculado al centenario, sino que aspira a configurarse como un archivo digital que perdure en el tiempo, facilitando el acceso a recursos esenciales para el estudio y la reflexi\u00f3n sobre uno de los pensadores marxistas m\u00e1s destacados de la tradici\u00f3n filos\u00f3fica espa\u00f1ola.<\/p>\n<p>Puedes consultar los textos y materiales en constante actualizaci\u00f3n aqu\u00ed:\u00a0<u><a href=\"https:\/\/espai-marx.net\/sacristan\/?page_id=28\" target=\"_new\">https:\/\/espai-marx.net\/sacristan\/?page_id=28<\/a><\/u><\/p>\n<h3 class=\"western\">Actividades programadas<\/h3>\n<p>El programa de la campa\u00f1a incluye una serie de eventos acad\u00e9micos y culturales que tendr\u00e1n lugar a lo largo del a\u00f1o en diversas ciudades y universidades. Entre otras, est\u00e1n confirmadas actividades en instituciones como la Universidad Aut\u00f3noma de Madrid (UAM), Universidad de Barcelona (UB), Universidad de Granada (UGR), Universidad Complutense de Madrid (UCM), Universidad de Salamanca (USAL), Universidad Pompeu Fabra (UPF) y Universidad de Valencia (UV), adem\u00e1s de actividades previstas en localidades como Huelva, Sevilla y otras muchas a\u00fan en preparaci\u00f3n.<\/p>\n<p>La agenda completa de actividades, que se ir\u00e1 ampliando progresivamente, puede consultarse aqu\u00ed:\u00a0<u><a href=\"https:\/\/espai-marx.net\/sacristan\/?post_type=tribe_events\" target=\"_new\">https:\/\/espai-marx.net\/sacristan\/?post_type=tribe_events<\/a><\/u><\/p>\n<h3 class=\"western\">Materiales gr\u00e1ficos y recursos de libre acceso<\/h3>\n<p>Con el fin de fomentar una participaci\u00f3n inclusiva y descentralizada, la campa\u00f1a pone a disposici\u00f3n una familia de logotipos y materiales gr\u00e1ficos de libre uso. Estas herramientas est\u00e1n dirigidas a colectivos, sindicatos, universidades y otras organizaciones interesadas en organizar actividades vinculadas al centenario.<\/p>\n<p>Se ha dise\u00f1ado un manual de uso que facilita la integraci\u00f3n de estos materiales en iniciativas locales y regionales, promoviendo una coordinaci\u00f3n amplia y colaborativa.<\/p>\n<p>Los recursos est\u00e1n disponibles para su descarga aqu\u00ed:\u00a0<u><a href=\"https:\/\/espai-marx.net\/sacristan\/?page_id=28\" target=\"_new\">https:\/\/espai-marx.net\/sacristan\/?page_id=28<\/a><\/u><\/p>\n<h3 class=\"western\">Presencia en redes sociales<\/h3>\n<p>La campa\u00f1a tambi\u00e9n contar\u00e1 con una estrategia de difusi\u00f3n en redes sociales para ampliar su alcance. A trav\u00e9s de estas plataformas, se compartir\u00e1n noticias, reflexiones y actualizaciones sobre las actividades programadas.<\/p>\n<ul>\n<li><b>Twitter\/X:<\/b>\u00a0@Sacristan2025<\/li>\n<li><b>Instagram:<\/b>\u00a0<u><a href=\"https:\/\/www.instagram.com\/sacristan2025?utm_source=qr&amp;igsh=MW9uaG5wNHZtanljYg%3D%3D\" target=\"_new\">https:\/\/www.instagram.com\/sacristan2025<\/a><\/u><\/li>\n<\/ul>\n<h3 class=\"western\">Una iniciativa con el apoyo de Espai Marx<\/h3>\n<p>Esta campa\u00f1a, impulsada por un grupo motor de activistas y estudiosos, cuenta con el apoyo t\u00e9cnico de\u00a0<b>Espai Marx<\/b>, que ha proporcionado alojamiento y asesoramiento para la web. Sin embargo, los contenidos de dicha web son gestionados de forma independiente por el grupo promotor, en consonancia con el car\u00e1cter abierto y plural de la iniciativa.<\/p>\n<p>Para\u00a0<b>Espai Marx<\/b>, esta colaboraci\u00f3n t\u00e9cnica refleja nuestro compromiso con la difusi\u00f3n de pensamiento cr\u00edtico y emancipatorio. Invitamos a nuestras lectoras y lectores a explorar la web <u><a href=\"http:\/\/www.sacristan2025.org\/\" target=\"_new\"><b>www.Sacristan2025.org<\/b><\/a><\/u>, participar en las actividades propuestas y utilizar los materiales disponibles para seguir profundizando en las ideas de un autor que, desde su militancia y reflexi\u00f3n, sigue iluminando caminos para construir un mundo m\u00e1s justo, democr\u00e1tico y sostenible.<\/p>\n<p>Para m\u00e1s informaci\u00f3n, visita la p\u00e1gina oficial o contacta directamente con el grupo motor a trav\u00e9s de los medios indicados en la web o en <u><a href=\"mailto:sacristan2025@gmail.com\">sacristan2025@gmail.com<\/a><\/u><\/p>\n","protected":false},"excerpt":{"rendered":"<p>La campa\u00f1a abarca la p\u00e1gina web\u00a0www.Sacristan2025.org\u00a0y un conjunto de logos dise\u00f1ados para su uso descentralizado. En el a\u00f1o 2025 se<\/p>\n","protected":false},"author":5,"featured_media":17065,"comment_status":"open","ping_status":"open","sticky":false,"template":"","format":"standard","meta":{"footnotes":""},"categories":[880,10],"tags":[],"class_list":["post-17064","post","type-post","status-publish","format-standard","has-post-thumbnail","hentry","category-actividades","category-manuel-sacristan"],"aioseo_notices":[],"_links":{"self":[{"href":"https:\/\/espai-marx.net\/index.php?rest_route=\/wp\/v2\/posts\/17064","targetHints":{"allow":["GET"]}}],"collection":[{"href":"https:\/\/espai-marx.net\/index.php?rest_route=\/wp\/v2\/posts"}],"about":[{"href":"https:\/\/espai-marx.net\/index.php?rest_route=\/wp\/v2\/types\/post"}],"author":[{"embeddable":true,"href":"https:\/\/espai-marx.net\/index.php?rest_route=\/wp\/v2\/users\/5"}],"replies":[{"embeddable":true,"href":"https:\/\/espai-marx.net\/index.php?rest_route=%2Fwp%2Fv2%2Fcomments&post=17064"}],"version-history":[{"count":8,"href":"https:\/\/espai-marx.net\/index.php?rest_route=\/wp\/v2\/posts\/17064\/revisions"}],"predecessor-version":[{"id":17078,"href":"https:\/\/espai-marx.net\/index.php?rest_route=\/wp\/v2\/posts\/17064\/revisions\/17078"}],"wp:featuredmedia":[{"embeddable":true,"href":"https:\/\/espai-marx.net\/index.php?rest_route=\/wp\/v2\/media\/17065"}],"wp:attachment":[{"href":"https:\/\/espai-marx.net\/index.php?rest_route=%2Fwp%2Fv2%2Fmedia&parent=17064"}],"wp:term":[{"taxonomy":"category","embeddable":true,"href":"https:\/\/espai-marx.net\/index.php?rest_route=%2Fwp%2Fv2%2Fcategories&post=17064"},{"taxonomy":"post_tag","embeddable":true,"href":"https:\/\/espai-marx.net\/index.php?rest_route=%2Fwp%2Fv2%2Ftags&post=17064"}],"curies":[{"name":"wp","href":"https:\/\/api.w.org\/{rel}","templated":true}]}}