{"id":17194,"date":"2025-02-08T05:00:15","date_gmt":"2025-02-08T04:00:15","guid":{"rendered":"https:\/\/espai-marx.net\/?p=17194"},"modified":"2025-02-08T23:41:47","modified_gmt":"2025-02-08T22:41:47","slug":"una-nota-sobre-el-47","status":"publish","type":"post","link":"https:\/\/espai-marx.net\/?p=17194","title":{"rendered":"Una nota sobre <i>El 47<\/i>"},"content":{"rendered":"<p><span style=\"font-size: 10pt;\"><em>T\u00edtulo original<\/em>: El 47. <em>A\u00f1o<\/em>: 2024. <em>Duraci\u00f3n<\/em>: 110 min. <em>Pa\u00eds<\/em>: Espa\u00f1a. <em>Direcci\u00f3n<\/em>: Marcel Barrena. <em>Guion<\/em>: Marcel Barrena, Alberto Marini. Reparto: Eduard Fern\u00e1ndez, Salva Reina, Carlos Cuevas, Zoe Bonafonte, Clara Segura, \u00d3scar de la Fuente, Lolo Herrero, David Verdaguer, Vicente Romero, Mar\u00eda Morera.<\/span><br \/>\n<span style=\"font-size: 10pt;\"><em>Sinopsis<\/em>: <em>El 47<\/em> cuenta la historia de un acto de disidencia pac\u00edfica y el movimiento vecinal de base que en 1978 transform\u00f3 Barcelona y cambi\u00f3 la imagen de sus suburbios para siempre. Manolo Vital era un conductor de autob\u00fas que se adue\u00f1aba del bus de la l\u00ednea 47 para desmontar una mentira que el Ayuntamiento se empe\u00f1aba en repetir: los autobuses no pod\u00edan subir las cuestas del distrito de Torre Bar\u00f3. Un acto de rebeld\u00eda que demostr\u00f3 ser un catalizador para el cambio, de que las personas se enorgullecen de sus ra\u00edces, de una lucha del vecindario, de la clase trabajadora que ayud\u00f3 a crear la Barcelona moderna de los a\u00f1os 70.(Filmaffinity)<\/span><\/p>\n<div>\n<p>En primer lugar, debo decir que me resulta muy curiosa la opini\u00f3n, la vivencia \u00edntima de lo que cuenta la pel\u00edcula, dir\u00eda m\u00e1s bien, tan diferente seg\u00fan la experiencia personal de cada cual, incluida la m\u00eda. Los juicios relativos a\u00a0las intenciones\u00a0de los realizadores, productores, directores, y el gusto est\u00e9tico de cada quien los dejo al margen, porque siendo determinantes en la filia o fobia desarrollada hacia\u00a0esta cinta, creo que no son lo esencial del asunto.<\/p>\n<p>Yo soy de los que no quer\u00eda verla porque era del tal Roures, y porque al personaje extreme\u00f1o, Vital, semianalfabeto, se le hace chapurrear catal\u00e1n, cosa que sin conocer la realidad tal cual fue, no me encajaba (porque eso no era as\u00ed en los barrios que YO conoc\u00ed, ni en los militantes pol\u00edticos o populares que YO conoc\u00ed&#8230;pero vete t\u00fa a saber) y me sonaba a operaci\u00f3n t\u00edpica y t\u00f3pica manipulatoria para vender un refrito del pasado, tamizado de nacionalismo incipiente incardinado\u00a0en nuestra historia popular reciente, la del antifranquismo, la de las luchas populares, la de los inmigrantes, la de los miserables.<\/p>\n<p>Creo que debe dejarse de lado, tambi\u00e9n y desde luego s\u00f3lo hasta cierto punto, la veracidad de ciertos momentos que se recrean en la pel\u00edcula y que pueden ajustarse m\u00e1s o menos a la realidad. Se han mencionado varios, es posible que fueran as\u00ed o no, que lo fuesen en parte, a medias. Aqu\u00ed el espectador ignorante de los hechos concretos (yo), hace una evaluaci\u00f3n acorde con su experiencia personal por asimilaci\u00f3n; en mi caso la m\u00eda, cada cual la suya.<\/p>\n<p>El asunto de la falta de veracidad, digamos que es el precio que hay que pagar por ver cine comercial, que es todo el que vemos (alguna excepci\u00f3n hay); efectivamente es cine comercial, hecho para ganar dinero y de rond\u00f3n difundir una determinada visi\u00f3n de ciertos acontecimientos y \u00e9pocas, hecho al gusto del que paga, el productor. Como todo cine. Como el que vemos habitualmente, como el de Hollywood. Como tanta obra de arte. En realidad tambi\u00e9n es, en parte, el problema del arte, una recreaci\u00f3n de la vida, con verdad, con falsedad, con intenci\u00f3n, adem\u00e1s de con magia y talento para expresar, para impresionar, para evocar, para incitar. Hay que andarse con mucho ojo con toda obra de arte.<\/p>\n<p>Pero debemos, de m\u00e1s est\u00e1 decirlo entre cin\u00e9filos avezados como muchos de nosotros, intentar\u00a0leer entre l\u00edneas, exprimirle el jugo a la narraci\u00f3n cinematogr\u00e1fica, ver lo no evidente, lo que no reside en la estructura narrativa, ni en la \u00f3ptica m\u00e1s o menos distorsionada del productor o el director, hasta cierto punto presentista: el catal\u00e1n, el individualismo, tal escena, tal elipsis, esto o lo otro.<\/p>\n<p>Cuando vi la pel\u00edcula, cuando decid\u00ed verla, era porque la daban en la tele y no ten\u00eda ganas de perder tiempo escogiendo algo m\u00e1s digno de mi categor\u00eda como cin\u00e9filo. Ten\u00eda un prejuicio que era negativo hacia la misma, por las primeras impresiones que hab\u00eda le\u00eddo de algunos compa\u00f1eros, por la antipat\u00eda hacia los productores y hacedores de la obra (excepci\u00f3n hecha de los magn\u00edficos actores, magn\u00edficos de quitarse el sombrero, merecedores de unos premios Vel\u00e1zquez,\u2013no confundir con los Goya\u2013) y el ambientillo adverso generado en ciertos \u00e1mbitos, incluido el nuestro.<br \/>\nY hete aqu\u00ed que vi la pel\u00edcula. Y me emocion\u00f3 hasta los tu\u00e9tanos.<\/p>\n<p>Vi a mis padres, a mis camaradas, a mis vecinos, padres de mis amigos, a gente que reconoc\u00eda perfectamente. Gente ya muerta. Gente que ya no existe. Y lo que es peor y terrible, tipos, perfiles\u00a0de individualidad que ya no existen, de culturas, de formas de vida que ya no existen ni existir\u00e1n. Habr\u00e1 otras mejores o peores, pero no aquellas. \u00bfMelancol\u00eda, nostalgia? Creo que no, s\u00f3lo un poco. Vi a gente que s\u00e9 c\u00f3mo pensaban, c\u00f3mo actuaban, c\u00f3mo amaban, c\u00f3mo sufr\u00edan, c\u00f3mo luchaban. Y os confesar\u00e9 la verdad: me gustaron mucho, me enamoraron. Me gust\u00f3 mucho el amigo de Vital, el cordob\u00e9s, de Puente Genil ( ya sab\u00e9is&#8230;de Puente Genil a Lucena&#8230;), mis padres son de ah\u00ed cerca. Qu\u00e9 se le va a hacer, as\u00ed es el amor. Sus hijos, sin embargo, ya no somos as\u00ed. Yo ya no soy as\u00ed. Aquello se perdi\u00f3, forma parte de otra historia m\u00e1s de las miles de la Historia, una ya periclitada, desaparecida, gloriosa para los que tuvimos el privilegio de observarla\u00a0y de sentirla, incluso de participar modestamente, en mi caso en estado de hijo-ni\u00f1o-adolescente, premilitante. Puede ser que por eso la recuerde tan v\u00edvidamente.<\/p>\n<p>De donde yo vengo las asambleas s\u00ed se organizaban, tambi\u00e9n,\u00a0 espont\u00e1neamente, en las esquinas de las calles, en las puertas de los colegios, en las plazas de los pueblos, bueno, en aquellos descampados de tierra aplanada que llam\u00e1bamos plazas. Luego hab\u00eda reuniones en la asociaci\u00f3n de vecinos y esas cosas m\u00e1s formales. La gente hablaba desordenadamente y cada uno de lo que le parec\u00eda, me record\u00f3 mucho a un documental sobre las Madres de la Plaza de Mayo, en que Hebe de Bonafini se quejaba risue\u00f1amente de que al principio, en las reuniones que dieron lugar al poderoso movimiento, aquello era una charla de mam\u00e1s y abuelas, cada una con su cuento, hasta que se llegaban a las cosas comunes, a lo que se pod\u00eda hacer.<br \/>\nAs\u00ed se consiguieron escuelas, sem\u00e1foros, asfalto y ambulatorios. Las manifestaciones, las concentraciones, eran pac\u00edficas, cuidadosamente moderadas y pac\u00edficas hasta en los lemas que se coreaban: \u00a1Vecino, \u00fanete, el problema es de todos! En vez del m\u00e1s asilvestrado \u00a1Vecinos mirones, bajad de los balcones! La cuesti\u00f3n es que hab\u00eda madres y ni\u00f1os, abuelos y abuelas incluso, y no se trataba de que molieran a palos a nadie, si era posible. En esas condiciones, si hab\u00eda polic\u00eda era dif\u00edcil responder como aguerridos luchadores. La cosa funcionaba de otra manera, eran otros contextos sociales. As\u00ed pues, yo no veo en la pel\u00edcula otra cosa que lucha por la vida, por la colectividad, por la dignidad, \u00a1por la dignidad!<\/p>\n<p>Y s\u00ed, queridos amigos, mi madre y otras vecinas iban al ayuntamiento y preguntaban con qui\u00e9n se ten\u00eda que hablar para tal o cual tema:\u00a0la piscina para los ni\u00f1os en verano, las aulas en barracones provisionales de las prometidas escuelas p\u00fablicas, la ampliaci\u00f3n del consultorio, el asfaltado, qu\u00e9 s\u00e9 yo&#8230; Y esper\u00e1bamos como tontos pueblerinos en cualquier vest\u00edbulo de mierda el tiempo que hiciera falta hasta ser recibidos por el repugnante funcionario de turno (mucho peor que el de la pel\u00edcula);\u00a0 o si la cosa estaba caliente hasta por alg\u00fan cargo importante, puede que hasta el alcalde del consistorio cuando el asunto ya quemaba. Yo he ido con mi madre y lo he visto. Normalmente las mam\u00e1s no iban solas , sino en grupito, cuando menos dos, nunca solas.<br \/>\nNo s\u00e9 si Vital era tan individualista o un simple h\u00e9roe de barrio, el m\u00e1s lanzado del barrio, aquel con la idea genial, o simplemente el que por su horario pod\u00eda ir a buscarse la vida en los entresijos de la burocracia municipal. S\u00ed, a m\u00ed eso de ir como tontos pueblerinos y preguntar d\u00f3nde hay que ir para solucionar tal o cual tema s\u00ed me suena, me resuena, lo he hecho, bueno, lo hac\u00eda mi mam\u00e1, y me llevaba con ella cuando no pod\u00eda dejarme con nadie, porque mi pap\u00e1 estaba trabajando en la SEAT. All\u00ed, en la SEAT,\u00a0 a veces se pegaban tiros, con resultado de muerte definitiva, en alguna ocasi\u00f3n, muerte para siempre; as\u00ed que a las manifestaciones iban ellos, los trabajadores, sin su familia; normalmente, las m\u00e1s de las veces terminaban escapando de la polic\u00eda; pocas o ninguna vez, que yo recuerde, pudiendo cometer heroicidades, m\u00e1s bien corriendo como liebres para que por mala suerte no les fueran a pegar otro tiro suelto. En San Adri\u00e1n, donde viv\u00edamos, ya se hab\u00edan cargado a Manuel Fern\u00e1ndez M\u00e1rquez, al otro lado del r\u00edo. Se ten\u00eda mucho respeto a la polic\u00eda. En el cuartelillo de la Guardia Civil, justo al lado de mi casa hab\u00edamos contemplado algunas escenas poco edificantes con detenidos,\u00a0 que a\u00fan los guardias se permit\u00edan el lujo de representar en p\u00fablico. Yo no s\u00e9 qu\u00e9 pas\u00f3, ni me importa realmente, en el final de la escena del autob\u00fas, la detenci\u00f3n. Pero me resuena, me resuena en el alma. A veces se era heroico, las menos, otras tocaba tener \u00a1coneixement!<\/p>\n<p>Igual que Vital cuando el poli hijo de puta le lleva a su ni\u00f1a a casa despu\u00e9s de pillarla haciendo pintadas, reclamando agradecimiento por haberla salvado de una paliza&#8230;o de algo peor: \u00a1Qu\u00e9 verg\u00fcensa, qu\u00e9 verg\u00fcensa\u00a0Vital! Vital, prudent\u00edsimo,\u00a0frena a su mujer y le agradece el gesto al poli fascista, cuid\u00e1ndose mucho de no perder el temple: \u00a1Conocimiento, conocimiento! \u00a1Coneixement!<\/p>\n<p>S\u00ed, el barrio y las gentes y las cosas de la pel\u00edcula me recordaron much\u00edsimo a las gentes y las cosas del m\u00edo.<\/p>\n<p><iframe loading=\"lazy\" title=\"EL 47 - Tr\u00e1iler Oficial\" width=\"800\" height=\"450\" src=\"https:\/\/www.youtube.com\/embed\/pfaG5OXWMEc?feature=oembed\" frameborder=\"0\" allow=\"accelerometer; autoplay; clipboard-write; encrypted-media; gyroscope; picture-in-picture; web-share\" referrerpolicy=\"strict-origin-when-cross-origin\" allowfullscreen><\/iframe><\/p>\n","protected":false},"excerpt":{"rendered":"<p>T\u00edtulo original: El 47. A\u00f1o: 2024. Duraci\u00f3n: 110 min. Pa\u00eds: Espa\u00f1a. Direcci\u00f3n: Marcel Barrena. Guion: Marcel Barrena, Alberto Marini. Reparto:<\/p>\n","protected":false},"author":5,"featured_media":17195,"comment_status":"open","ping_status":"open","sticky":false,"template":"","format":"standard","meta":{"footnotes":""},"categories":[6],"tags":[],"class_list":["post-17194","post","type-post","status-publish","format-standard","has-post-thumbnail","hentry","category-cine"],"aioseo_notices":[],"_links":{"self":[{"href":"https:\/\/espai-marx.net\/index.php?rest_route=\/wp\/v2\/posts\/17194","targetHints":{"allow":["GET"]}}],"collection":[{"href":"https:\/\/espai-marx.net\/index.php?rest_route=\/wp\/v2\/posts"}],"about":[{"href":"https:\/\/espai-marx.net\/index.php?rest_route=\/wp\/v2\/types\/post"}],"author":[{"embeddable":true,"href":"https:\/\/espai-marx.net\/index.php?rest_route=\/wp\/v2\/users\/5"}],"replies":[{"embeddable":true,"href":"https:\/\/espai-marx.net\/index.php?rest_route=%2Fwp%2Fv2%2Fcomments&post=17194"}],"version-history":[{"count":5,"href":"https:\/\/espai-marx.net\/index.php?rest_route=\/wp\/v2\/posts\/17194\/revisions"}],"predecessor-version":[{"id":17304,"href":"https:\/\/espai-marx.net\/index.php?rest_route=\/wp\/v2\/posts\/17194\/revisions\/17304"}],"wp:featuredmedia":[{"embeddable":true,"href":"https:\/\/espai-marx.net\/index.php?rest_route=\/wp\/v2\/media\/17195"}],"wp:attachment":[{"href":"https:\/\/espai-marx.net\/index.php?rest_route=%2Fwp%2Fv2%2Fmedia&parent=17194"}],"wp:term":[{"taxonomy":"category","embeddable":true,"href":"https:\/\/espai-marx.net\/index.php?rest_route=%2Fwp%2Fv2%2Fcategories&post=17194"},{"taxonomy":"post_tag","embeddable":true,"href":"https:\/\/espai-marx.net\/index.php?rest_route=%2Fwp%2Fv2%2Ftags&post=17194"}],"curies":[{"name":"wp","href":"https:\/\/api.w.org\/{rel}","templated":true}]}}