{"id":17206,"date":"2025-02-10T05:00:23","date_gmt":"2025-02-10T04:00:23","guid":{"rendered":"https:\/\/espai-marx.net\/?p=17206"},"modified":"2025-02-10T04:56:03","modified_gmt":"2025-02-10T03:56:03","slug":"no-a-trump-no-a-la-guerra-y-si-al-socialismo-sobre-la-clase-trabajadora-y-la-militarizacion-de-europa-sobre-la-clase-trabajadora-y-la-militarizacion-de-europa-sobre-la-clase-tr","status":"publish","type":"post","link":"https:\/\/espai-marx.net\/?p=17206","title":{"rendered":"\u00abNo a Trump, no a la guerra, y s\u00ed al socialismo\u00bb. Sobre la clase trabajadora y la militarizaci\u00f3n de Europa"},"content":{"rendered":"<p><em>Peter Mertens, La Habana 31 de enero de 2025, 6\u00aa Conferencia Internacional por el Equilibrio Mundial.<\/em><br \/>\n<em>A continuaci\u00f3n figura el texto \u00edntegro de su discurso.<\/em><\/p>\n<p class=\"western\"><strong>\u00a01. <\/strong><span style=\"font-size: medium;\"><span lang=\"es-CU\"><strong>Los mayoristas del miedo<\/strong><\/span><\/span><\/p>\n<p class=\"western\">\u00ab<span style=\"font-size: medium;\"><span lang=\"es-CU\">Entre los j\u00f3venes, el temor por la guerra ha aumentado enormemente.\u00bb Onno, vicepresidente del movimiento juvenil RedFox no est\u00e1 tranquilo. \u00abEn TikTok se puede encontrar una avalancha de videos sobre \u2018c\u00f3mo prepararse para la guerra\u2019, dice. \u2018La guerra se acerca\u2019, \u2018ya estamos en guerra\u2019, \u2018prep\u00e1rate\u2019; todo estos mensajes causan una gran impresi\u00f3n.\u00bb<\/span><\/span><\/p>\n<p class=\"western\"><span style=\"font-size: medium;\"><span lang=\"es-CU\">Lise tiene el mismo sentimiento. Ella es doctora en Medicina para el Pueblo en Hoboken (Amberes). \u00abEscucho de personas del sector de ayuda familiar que todos sus pacientes est\u00e1n preparando una reserva de comida y bebida en caso de guerra.\u00bb, cuenta Lise.\u00a0<\/span><\/span><\/p>\n<p class=\"western\"><span style=\"font-size: medium;\"><span lang=\"es-CU\">Camille, que trabaja como secretaria sindical, se reuni\u00f3 recientemente con sindicalistas en Alemania durante la Conferencia Rosa Luxemburgo. \u00abHe escuchado a personas preocupadas con las propuestas para obligar a los desempleados a unirse al ej\u00e9rcito, con el aumento de la publicidad del ej\u00e9rcito en bolsas de pan, con las visitas de soldados a las escuelas, y con el n\u00famero de empresas que se est\u00e1n transformando para la producci\u00f3n militar. Va r\u00e1pido, all\u00ed en Alemania\u00bb, dice ella.<\/span><\/span><\/p>\n<p class=\"western\"><span style=\"font-size: medium;\"><span lang=\"es-CU\">Una cosa es segura: en Europa los mayoristas del miedo se est\u00e1n entrometiendo. Y tienen v\u00eda libre en la televisi\u00f3n. El miedo vende, y nada es tan bueno para los fabricantes de ca\u00f1ones como el miedo. El miedo a la guerra se utiliza como palanca para hacer pasar gigantescos presupuestos de guerra, a la vez que el desmantelamiento de la seguridad social, el cuidado y las pensiones.\u00a0<\/span><\/span><\/p>\n<p class=\"western\"><span style=\"font-size: medium;\"><span lang=\"es-CU\">La juventud no quiere guerra, las enfermeras no quieren guerra, los trabajadores no quieren guerra. Sin embargo, estos d\u00edas, s\u00f3lo escuchan el discurso de personas como Mark Rutte, ecretario general de la OTAN, inculcando d\u00eda s\u00ed y otro tambi\u00e9n que que la guerra quiz\u00e1 sea inevitable, y que lo mejor que puede hacer Europa es prepararse. Bueno, no es una fatalidad inevitable que esa guerra se avecine. Pero la la tarea que tenemos delante es la de hacer todo lo posible para mantener la paz, en lugar de echar m\u00e1s le\u00f1a a un fuego ya sobrecalentado.\u00a0<\/span><\/span><\/p>\n<p class=\"western\"><span style=\"font-size: medium;\"><span lang=\"es-CU\"><strong>2.<\/strong> <strong>El mundo se inclina<\/strong><\/span><\/span><\/p>\n<p class=\"western\"><span style=\"font-size: medium;\"><span lang=\"es-CU\">Todo el mundo los ha visto en la primera fila, durante la toma de posesi\u00f3n de la Presidencia de Trump. Un multimillonario al lado del otro. Es una oligarqu\u00eda, acaban de comprar un gobierno, y est\u00e1n orgullosos de ello. Se presentan como la encarnaci\u00f3n de la historia misma. \u00abFui salvado por Dios para hacer a Estados Unidos grande de nuevo\u00bb, dijo Donald Trump. Mientras, Elon Musk vende su misi\u00f3n a Marte como la salvaci\u00f3n de la humanidad.\u00a0<\/span><\/span><\/p>\n<p class=\"western\"><span style=\"font-size: medium;\"><span lang=\"es-CU\">De vuelta a la Tierra, son sobretodo los multimillonarios los que pueden contar con la redenci\u00f3n. Nueve de ellos han recibido puestos en el gabinete de Trump. Nueve multimillonarios. Uno de esos hombres, ya que son casi todos hombres, ser\u00e1 el nuevo ministro de Finanzas. Su nombre es Scott Bessent, director ejecuctivo de un fondo especulativo. Lo primero que va a hacer, dice \u00e9l mismo, es continuar la serie de medidas fiscales lanzadas ya anteriormente y que son un regalo para los millonarios. Esas medidas fueron introducidas en diciembre de 2017, bajo Trump e iban a expirar este a\u00f1o. Bessent les dar\u00e1 continuidad, premiando a sus amigos multimillonarios y a s\u00ed mismo con un enorme regalo. Sin ning\u00fan tipo de escr\u00fapulos. Estamos frente a un capitalismo carro\u00f1ero sin escr\u00fapulos.<\/span><\/span><\/p>\n<p class=\"western\"><span style=\"font-size: medium;\"><span lang=\"es-CU\">Esa misma actitud tambi\u00e9n se ve en el \u00e1mbito internacional. En el gabinete de Trump ves a algunas figuras que ven el mundo como un conjunto de recursos que realmente pertenecen a los Estados Unidos. Debido a alg\u00fan tipo de destino divino, &#8216;a manifest destiny&#8217;.\u00a0<\/span><\/span><\/p>\n<p class=\"western\"><span style=\"font-size: medium;\"><span lang=\"es-CU\">\u00abPanam\u00e1 es nuestro\u00bb, \u00abCanad\u00e1 es nuestro\u00bb, \u00abel golfo de M\u00e9xico es nuestro\u00bb\u00ab, \u00abVenezuela es nuestra\u00bb, \u00abCuba es nuestra\u00bb\u00ab, \u00abGroenlandia es nuestra\u00bb, un lenguaje de <em>cowboys<\/em>. Imperialismo sin escr\u00fapulos.\u00a0<\/span><\/span><\/p>\n<p class=\"western\"><span style=\"font-size: medium;\"><span lang=\"es-CU\">Nosotros decimos: \u00a1manos fuera de Panam\u00e1, manos fuera de M\u00e9xico, manos fuera de Venezuela, manos fuera de Canad\u00e1, manos fuera de Groenlandia, manos fuera de Cuba! <\/span><\/span><span style=\"font-size: medium;\"><span lang=\"es-CU\">Trump es un espasmo del pasado. Trump es tambi\u00e9n un s\u00edntoma de una gran potencia que no est\u00e1 dispuesta a renunciar f\u00e1cilmente a su hegemon\u00eda.\u00a0<\/span><\/span><\/p>\n<p class=\"western\"><span style=\"font-size: medium;\"><span lang=\"es-CU\">\u00bfQu\u00e9 est\u00e1 pasando? Despu\u00e9s de quinientos a\u00f1os de dominaci\u00f3n occidental, que tuvo su origen en el saqueo y la esclavitud, el centro de gravedad econ\u00f3mico de nuestro tiempo se est\u00e1 desplazando hacia Asia. Eso es lo que est\u00e1 pasando. Y est\u00e1 sucediendo en sacudidas. Las placas tect\u00f3nicas de esta tierra se deslizan, y en la escala de Richter esas sacudidas son mayores de lo que hemos conocido en las \u00faltimas tres d\u00e9cadas. \u2018El mundo se inclina\u2019, ese es el subt\u00edtulo de mi libro <em>Mot\u00edn<\/em>, y ese proceso est\u00e1 en marcha.<\/span><\/span><\/p>\n<p class=\"western\"><span style=\"font-size: medium;\"><span lang=\"es-CU\">Nunca en su historia reciente de superpotencia los Estados Unidos han conocido un \u2018adversario\u2019 mayor que China hoy. La China de hoy tanto tecnol\u00f3gica y econ\u00f3micamente es mucho m\u00e1s fuerte de lo que la Uni\u00f3n Sovi\u00e9tica alguna vez fue capaz, y eso es bastante impresionante si se considera el poco tiempo que ha necesitado China para lograr eso..<\/span><\/span><\/p>\n<p class=\"western\"><span style=\"font-size: medium;\"><span lang=\"es-CU\">Por supuesto, los Estados Unidos siguen siendo la mayor potencia militar y financiera del mundo, y \u2013seg\u00fan los c\u00e1lculos\u2013 la mayor o segunda mayor potencia econ\u00f3mica del mundo. Washington lucha por todos los medios posibles para mantener su poder, y quiere arrastrar al mundo entero a una l\u00f3gica de guerra fr\u00eda contra Pek\u00edn y contra todos los pa\u00edses que quieran seguir su propio rumbo de manera aut\u00f3noma.<\/span><\/span><\/p>\n<p class=\"western\"><span style=\"font-size: medium;\"><span lang=\"es-CU\">En ese contexto, la Uni\u00f3n Europea lucha por su supervivencia. Tanto econ\u00f3micamente, como democr\u00e1ticamente y pol\u00edticamente. El cambio a una econom\u00eda militar agudiza todas las tensiones dentro del viejo continente. Tensiones entre los estados miembros, y tensiones dentro de los propios estados miembros cuya ciudadan\u00eda ya no tolera el alza del coste de vida, la falta de democracia y de perspectivas.<\/span><\/span><\/p>\n<p class=\"western\"><span style=\"font-size: medium;\"><span lang=\"es-CU\"><strong>3.<\/strong> <strong>La Uni\u00f3n Europea nunca fue una potencia de paz<\/strong><\/span><\/span><\/p>\n<p class=\"western\"><span style=\"font-size: medium;\"><span lang=\"es-CU\">Desde su fundaci\u00f3n, la Uni\u00f3n Europea ha tratado de presentarse como una fuerza de paz, pero ese es un traje que no le queda bien.<\/span><\/span><\/p>\n<p class=\"western\"><span style=\"font-size: medium;\"><span lang=\"es-CU\">Hasta el siglo XV, Europa no es m\u00e1s que una provincia en el mundo, una provincia que en t\u00e9rminos de desarrollo no est\u00e1 mucho m\u00e1s avanzada que otros continentes. El asunto solo cambia cuando las potencias europeas pasan a un imperio mundial colonial basado en el comercio de esclavos y el saqueo de otros continentes. La acumulaci\u00f3n primitiva que el capital en Europa necesit\u00f3 para poner el capitalismo en marcha en el mundo surgi\u00f3 a costa de un mar de sangre en el resto del mundo.<\/span><\/span><\/p>\n<p class=\"western\"><span style=\"font-size: medium;\"><span lang=\"es-CU\">Hasta finales del siglo XIX, los brit\u00e1nicos son la mayor potencia imperialista. Otras potencias imperialistas, como Francia, Alemania, Jap\u00f3n, B\u00e9lgica, Pa\u00edses Bajos y Portugal, a menudo se enfrentan entre s\u00ed, pero finalmente deciden en la Conferencia Colonial de Berl\u00edn (1884-1886) de dividir \u00c1frica entre ellos, como si se tratara de un trozo de pastel que les corresponde.<\/span><\/span><\/p>\n<p class=\"western\"><span style=\"font-size: medium;\"><span lang=\"es-CU\">A principios del siglo XX, Alemania tambi\u00e9n se desarrolla lenta pero seguramente como una gran potencia. Pero Alemania, a diferencia de sus rivales, pr\u00e1cticamente no tiene colonias. Eso es un gran inconveniente para la \u00e9lite alemana que necesita colonias como mercado para sus productos terminados, por un lado, y como proveedor de materias primas baratas, por otro. La redistribuci\u00f3n del mundo y la caza de colonias constituyen la base econ\u00f3mica de la Primera Guerra Mundial.<\/span><\/span><\/p>\n<p class=\"western\"><span style=\"font-size: medium;\"><span lang=\"es-CU\">Despu\u00e9s de esa Primera Guerra Mundial, crece especialmente en Alemania la demanda de crear un mercado interno europeo m\u00e1s grande. El conde Coudenhove-Kalegri es el primero en proponer la transformaci\u00f3n de Alemania en una gran Europa alemana. En 1923 lanza su \u2018concepto paneuropeo\u2019. Eso no es en absoluto un proyecto de paz, sino un proyecto imperialista a medida de Berl\u00edn, con una Europa que se extender\u00eda desde Petsamo en Finlandia hasta Katanga en el Congo. Una gran Europa alemana, con un gran imperio colonial. El conde no logra su objetivo, y finalmente Hitler intenta conquistar el continente con violencia y barbarie para su propia versi\u00f3n de la &#8216;Nueva Europa&#8217;, una &#8216;Neuropa&#8217;. Sesenta millones de muertos despu\u00e9s, fracas\u00f3 tambi\u00e9n el proyecto fascista.\u00a0<\/span><\/span><\/p>\n<p class=\"western\"><span style=\"font-size: medium;\"><span lang=\"es-CU\">Las naciones de Europa, reci\u00e9n escapadas de la prisi\u00f3n de los nazis, no tienen la intenci\u00f3n de renunciar inmediatamente a su independencia recuperada en pos de una nueva aventura europea. El impulso decisivo para la unificaci\u00f3n europea viene de otro lugar. En particular de Washington. En Bretton Woods, uno de los eventos econ\u00f3micos clave del siglo veinte, los Estados Unidos determinan que el comercio mundial a partir de ahora se realizar\u00e1 en d\u00f3lares. Los estadounidenses quieren un mercado europeo de capitales y bienes completamente abierto para ellos. \u00abViva Europa\u00bb, grita Washington, y a trav\u00e9s del Plan Marshall resuelven su propia crisis de exportaci\u00f3n y atan a Europa al capital estadounidense.<\/span><\/span><span style=\"font-size: medium;\"><span lang=\"es-CU\"><sup>1<\/sup><\/span><\/span><\/p>\n<p class=\"western\"><span style=\"font-size: medium;\"><span lang=\"es-CU\">Es Washington quien impone las condiciones bajo las cuales se organiza el regreso de Alemania a la econom\u00eda mundial. Entonces los Estados Unidos consideraron que Alemania no pod\u00eda ser demasiado d\u00e9bil, ya que de lo contrario podr\u00eda caer presa de los comunistas. Alemania debe poder exportar nuevamente carb\u00f3n y acero de la regi\u00f3n del Ruhr, y con ese fin se establece en 1951 la Comunidad Europea del Carb\u00f3n y del Acero (CECA).\u00a0<\/span><\/span><\/p>\n<p class=\"western\"><span style=\"font-size: medium;\"><span lang=\"es-CU\">La integraci\u00f3n de los estados europeos no se basa en la prevenci\u00f3n de la guerra. Desde el principio se trata de un proyecto bajo las alas del Pent\u00e1gono, dentro del marco de una estrategia militar contra la Uni\u00f3n Sovi\u00e9tica. Los estadounidenses quieren hacer operativo nuevamente al ej\u00e9rcito alem\u00e1n, aunque con material estadounidense, y dentro del marco de la OTAN. La intenci\u00f3n fue recuperar control a largo plazo de la zona de influencia sovi\u00e9tica.\u00a0<\/span><\/span><\/p>\n<p class=\"western\"><span style=\"font-size: medium;\"><span lang=\"es-CU\">Para los franceses, brit\u00e1nicos, holandeses y belgas es dif\u00edcil de asimilar que Washington est\u00e9 ocupado en volver a poner a los alemanes un uniforme militar. Pero en aquella \u00e9poca los estados europeos tuvieron que resignarse a un papel secundario como socio menor de los Estados Unidos. Con los acuerdos de Bretton Woods (en 1944) el d\u00f3lar se convierte en la moneda mundial, en Indochina el colonialismo franc\u00e9s sufre una gran derrota (en 1954), y en el canal de Suez los brit\u00e1nicos y franceses son humillados (en 1956).<\/span><\/span><\/p>\n<p class=\"western\"><span style=\"font-size: medium;\"><span lang=\"es-CU\">Desde el principio, la idea de la unificaci\u00f3n europea es un pensamiento colonial. Cuatro de los seis miembros fundadores de la Comunidad Econ\u00f3mica Europea (CEE), incluyendo Francia y B\u00e9lgica, todav\u00eda son estados coloniales, y en el Tratado de Roma de 1957 no se puede leer ning\u00fan p\u00e1rrafo sobre la descolonizaci\u00f3n. Por el contrario, seg\u00fan el mapa de la CEE de entonces, la mayor\u00eda del territorio europeo se encuentra en&#8230; \u00c1frica.\u00a0<\/span><\/span><\/p>\n<p class=\"western\"><span style=\"font-size: medium;\"><span lang=\"es-CU\">S\u00ed, el presidente ghan\u00e9s Kwame Nkrumah ten\u00eda raz\u00f3n cuando dijo: \u00abEl neocolonialismo del per\u00edodo franc\u00e9s ahora se fusiona con el neocolonialismo colectivo del Mercado Com\u00fan Europeo\u00bb.<\/span><\/span><span style=\"font-size: medium;\"><span lang=\"es-CU\"><sup>2<\/sup><\/span><\/span><\/p>\n<p class=\"western\"><span style=\"font-size: medium;\"><span lang=\"es-CU\">Ya sea que las ambiciones coloniales o neocoloniales de las potencias europeas se presentan como \u2018misiones civilizadoras\u2019, \u2018misiones civiles\u2019, o \u2018misiones geopol\u00edticas\u2019, la esencia nunca ha cambiado: antiguos estados imperialistas que buscan una nueva forma de preservar su antigua gloria. De 1957 hasta ahora, la \u00abEuropa de la paz\u00bb ha librado guerras desde el Congo de Lumumba hasta el genocidio en Ruanda, desde Libia hasta las numerosas intervenciones en la \u00c1frica al sur del Sahara, desde Irak y Afganist\u00e1n hasta la antigua Yugoslavia. No, la Uni\u00f3n Europea nunca ha sido una fuerza de paz.<\/span><\/span><\/p>\n<p class=\"western\"><span style=\"font-size: medium;\"><span lang=\"es-CU\"><strong>4. Geo-estrategia y econom\u00eda de guerra<\/strong><\/span><\/span><\/p>\n<p class=\"western\"><span style=\"font-size: medium;\"><span lang=\"es-CU\">Seg\u00fan Ursula Von der Leyen, la presidenta de la Comisi\u00f3n Europea, la Uni\u00f3n Europea debe convertirse en un importante \u00abactor geopol\u00edtico\u00bb, y el caos y la crisis exigen que la Uni\u00f3n \u00abaprenda a hablar el lenguaje del poder\u00bb.\u00a0<\/span><\/span><\/p>\n<p class=\"western\">\u00ab<span style=\"font-size: medium;\"><span lang=\"es-CU\">Aprender a hablar el lenguaje del poder\u00bb, como si las potencias europeas nunca lo hubieran hecho antes. Von der Leyen dijo esto en una sesi\u00f3n plenaria del Parlamento Europeo, en noviembre de 2019. Eso es fue m\u00e1s de dos a\u00f1os antes de la invasi\u00f3n rusa a Ucrania.<\/span><\/span><\/p>\n<p class=\"western\"><span style=\"font-size: medium;\"><span lang=\"es-CU\">Desde la guerra en Ucrania, &#8216;geopol\u00edtica&#8217; es la palabra de moda en la Uni\u00f3n Europea, y &#8216;econom\u00eda de guerra&#8217; el lema del d\u00eda.\u00a0<\/span><\/span><\/p>\n<p class=\"western\"><span style=\"font-size: medium;\"><span lang=\"es-CU\">Las palabras del presidente europeo Charles Michel habla en la conferencia anual de la Agencia Europea de Defensa (EDA) en noviembre de 2023 no pudieron ser m\u00e1s honestas. Cito: \u00abHemos roto innumerables tab\u00faes desde que Rusia invadi\u00f3 Ucrania. Hemos hecho lo que unas semanas antes hubiera sido impensable: adquirir conjuntamente equipamiento militar, usar el presupuesto de la UE para apoyar el aumento de nuestra producci\u00f3n militar y financiar conjuntamente investigaci\u00f3n y desarrollo en el \u00e1mbito de la defensa.\u00ab<\/span><\/span><span style=\"font-size: medium;\"><span lang=\"es-CU\"><sup>3<\/sup><\/span><\/span><span style=\"font-size: medium;\"><span lang=\"es-CU\"> Fin de la cita del presidente europeo. Hemos utilizado el polvo de la guerra en Rusia para romper todos los tab\u00faes.<\/span><\/span><\/p>\n<p class=\"western\"><span style=\"font-size: medium;\"><span lang=\"es-CU\">Los estados miembros europeos est\u00e1n gastando actualmente 326 mil millones de euros en armamento, lo que equivale a aproximadamente el 1,9 por ciento del producto interiorbruto. Hace diez a\u00f1os era de 147 mil millones. Una duplicaci\u00f3n en menos de diez a\u00f1os. Eso no es suficiente, asegura comisario europeo de Defensa, el ex primer ministro lituano Andrius Kubilius. El Comisario Kubilius quiere que la industria de defensa se ampl\u00ede a\u00fan m\u00e1s con pr\u00e9stamos favorables del Banco Central Europeo (BCE) y fondos estatales. Cuando se trata de financiar la m\u00e1quina de guerra, no falta creatividad.<\/span><\/span><\/p>\n<p class=\"western\"><span style=\"font-size: medium;\"><span lang=\"es-CU\">\u00bfPor qu\u00e9 los hospitales en Europa no reciben pr\u00e9stamos favorables del Banco Central Europeo? \u00bfPor qu\u00e9 las escuelas en Europa no reciben apoyo de instrumentos fuera del presupuesto como el Instrumento Europeo para la Paz? El anterior ministro de exteriores europeo, Josep Borrell, da la respuesta: \u00abPrefiero la mantequilla a los ca\u00f1ones, pero sin ca\u00f1ones adecuados pronto nos quedaremos tambi\u00e9n sin mantequilla\u00bb.<\/span><\/span><span style=\"font-size: medium;\"><span lang=\"es-CU\"><sup>4<\/sup><\/span><\/span><span style=\"font-size: medium;\"><span lang=\"es-CU\">\u00a0<\/span><\/span><\/p>\n<p class=\"western\"><span style=\"font-size: medium;\"><span lang=\"es-CU\">M\u00e1s ca\u00f1ones, esa es la &#8216;geoestrategia&#8217; reinventada de la Uni\u00f3n Europea. &#8216;Geoestrategia&#8217; que se traduce en &#8216;la primac\u00eda de la pol\u00edtica exterior y de seguridad&#8217; a la que de ahora en adelante todos los dem\u00e1s dominios est\u00e1n subordinados.<\/span><\/span><\/p>\n<p class=\"western\"><span style=\"font-size: medium;\"><span lang=\"es-CU\">El ministro de defensa alem\u00e1n Boris Pistorius, del SPD, habla sin rodeos sobre la necesidad de volver a hacer que Alemania est\u00e9 &#8216;lista para la guerra&#8217;, en contra de las &#8216;generaciones mimadas por la paz&#8217; como si fuera un privilegio no merecido crecer y envejecer sin el terror de los bombardeos y el miedo a la guerra. A toda velocidad, toda la sociedad se militariza. Desde la publicidad de Rheinmetall en paradas de autob\u00fas y estadios de f\u00fatbol hasta mensajes de Bundeswehr en cajas de pizza. En algunos L\u00e4nder alemanes, la ley establece que los soldados deben poder ense\u00f1ar en las aulas y que las escuelas no pueden prohibirlo. El \u00abd\u00eda de los veteranos\u00ab anual ahora debe anclar el pensamiento militarista en la vida cotidiana.\u00a0<\/span><\/span><\/p>\n<p class=\"western\"><span style=\"font-size: medium;\"><span lang=\"es-CU\">La guerra tambi\u00e9n se prepara pr\u00e1cticamente. En el \u00faltimo ejercicio de la OTAN de 2024, Streadfast Defender, participan 90.000 tropas de 32 pa\u00edses \u00abpara demostrar que la OTAN es capaz de realizar y sostener operaciones complejas multidominio durante varios meses, a trav\u00e9s de miles de kil\u00f3metros y en todas las condiciones, desde el extremo norte hasta Europa Central y del Este.\u00bb<\/span><\/span><span style=\"font-size: medium;\"><span lang=\"es-CU\"><sup>5<\/sup><\/span><\/span><\/p>\n<p class=\"western\"><span style=\"font-size: medium;\"><span lang=\"es-CU\">\u00abPor tr\u00e1gica que sea la guerra en Ucrania\u00bb, escribe el peri\u00f3dico financiero alem\u00e1n <em>Handelsblatt<\/em> en agosto de 2024, \u00abla empresa de defensa Rheinmetall y su director ejecutivo Armin Papperger se han enriquecido con ella\u00bb.<\/span><\/span><span style=\"font-size: medium;\"><span lang=\"es-CU\"><sup>6<\/sup><\/span><\/span><span style=\"font-size: medium;\"><span lang=\"es-CU\"> Papperger es presentado como el chico de portada bajo el t\u00edtulo \u00abThe Tank Man\u00bb. No solo la amenaza rusa vende material militar, sino tambi\u00e9n la propia amenaza de Trump. \u00abLo mejor que le pudo pasar a Europa fue la elecci\u00f3n de Trump\u00bb, explica el director ejecutivo de la empresa belga de defensa Syensqo.<\/span><\/span><span style=\"font-size: medium;\"><span lang=\"es-CU\"><sup>7<\/sup><\/span><\/span><span style=\"font-size: medium;\"><span lang=\"es-CU\"> Mientras se atemoriza a la poblaci\u00f3n con consejos para paquetes de supervivencia, los fabricantes de armas cuentan con creces sus ganancias.\u00a0<\/span><\/span><\/p>\n<p class=\"western\"><span style=\"font-size: medium;\"><span lang=\"es-CU\"><strong>5. Guerra contra la clase trabajadora<\/strong><\/span><\/span><\/p>\n<p class=\"western\">\u00ab<span style=\"font-size: medium;\"><span lang=\"es-CU\">En general, gastar m\u00e1s en defensa significa gastar menos en otras prioridades\u00bb, explica Mark Rutte a los miembros del Parlamento Europeo. El hombre que ha dejado a los Pa\u00edses Bajos en un caos pol\u00edtico, entregado a los caprichos del payaso de extrema derecha Geert Wilders, ahora es secretario general de la OTAN. Y tiene una misi\u00f3n clara, porque quiere que todos los pa\u00edses gasten el 3,5 por ciento de toda su riqueza en la OTAN.\u00a0<\/span><\/span><\/p>\n<p class=\"western\"><span style=\"font-size: medium;\"><span lang=\"es-CU\">Rutte tambi\u00e9n sabe d\u00f3nde debe buscarse ese dinero. Escucha: \u00abEn promedio, los pa\u00edses europeos gastan f\u00e1cilmente hasta una cuarta parte de su ingreso nacional en pensiones, atenci\u00f3n m\u00e9dica y seguridad social. Solo necesitamos una peque\u00f1a fracci\u00f3n de ese dinero para fortalecer la defensa\u00bb.<\/span><\/span><span style=\"font-size: medium;\"><span lang=\"es-CU\"><sup>8<\/sup><\/span><\/span><\/p>\n<p class=\"western\"><span style=\"font-size: medium;\"><span lang=\"es-CU\">As\u00ed es como va. El jefe de la OTAN va a contarles a los parlamentarios que el dinero de las pensiones, el dinero de la atenci\u00f3n m\u00e9dica y el dinero de la seguridad social deber\u00eda ir a la guerra. \u00abPara hacerlo un poco tangible, la cantidad solicitada corresponde a aproximadamente una reducci\u00f3n del veinte por ciento de todas las pensiones\u00bb, explica un economista belga en la televisi\u00f3n p\u00fablica.<\/span><\/span><span style=\"font-size: medium;\"><span lang=\"es-CU\"><sup>9<\/sup><\/span><\/span><\/p>\n<p class=\"western\"><span style=\"font-size: medium;\"><span lang=\"es-CU\">No solo las pensiones deben ceder. Todo, realmente todo se sacrifica para dar el giro militar. La Uni\u00f3n Europea ha enterrado su \u2018Green Deal\u2019. Los 10 mil millones de euros previstos para el Fondo de Soberan\u00eda, la respuesta europea a la Inflation Reduction Act (IRA) de los Estados Unidos, se reducen a una m\u00edsera cifra de mil quinientos millones.\u00a0<\/span><\/span><\/p>\n<p class=\"western\"><span style=\"font-size: medium;\"><span lang=\"es-CU\">Alemania, como se escucha en Washington, debe convertirse en el centro para la guerra hacia el este, el pa\u00eds a trav\u00e9s del cual se transportan tropas y material. Hoy, los instigadores de la guerra exigen que se restrinja el derecho de huelga en los ferrocarriles, y se eliminen los horarios fijos de trabajo de los trabajadores ferroviarios, los cuidadores y todos los servicios civiles que puedan estar involucrados en los esfuerzos militares.\u00a0<\/span><\/span><\/p>\n<p class=\"western\"><span style=\"font-size: medium;\"><span lang=\"es-CU\">No solo los derechos sindicales est\u00e1n bajo presi\u00f3n, tambi\u00e9n la libertad de expresi\u00f3n. Los belicistas se presentan como pacifistas y acusan a los activistas por la paz de ser una especie de quinta columna del \u2018enemigo\u2019. Ese mecanismo ya se utiliza hoy en varios pa\u00edses contra cualquiera que alce su voz frente al genocidio en Gaza y la complicidad criminal de los pa\u00edses que suministran las armas para ello.<\/span><\/span><\/p>\n<p class=\"western\"><span style=\"font-size: medium;\"><span lang=\"es-CU\">Mientras tanto, incluso la propia econom\u00eda se sacrifica en el altar de la guerra. Uno de los mayores actos de autodestrucci\u00f3n de las \u00faltimas tres d\u00e9cadas, \u2013quiz\u00e1s el m\u00e1s grande\u2013 fue la desconexi\u00f3n de la industria alemana y europea del gas ruso. Una victoria monumental para Washington que pod\u00eda as\u00ed atar a Europa al car\u00edsimo y sucio gas de esquisto de los Estados Unidos. Una derrota autoimpuesta para los estados miembros europeos donde los precios del gas y la energ\u00eda todav\u00eda son cuatro veces m\u00e1s caros que al otro lado del oc\u00e9ano. Adem\u00e1s, los grandes monopolios de alimentos, distribuci\u00f3n y transporte han aprovechado el polvo de la guerra para aumentar sus precios, buscando m\u00e1rgenes de ganancia m\u00e1ximos. Los precios alt\u00edsimos de los alimentos y la energ\u00eda son el resultado.\u00a0<\/span><\/span><\/p>\n<p class=\"western\"><span style=\"font-size: medium;\"><span lang=\"es-CU\">Mientras los gobiernos anuncian un plan de ahorro tras otro, no hay l\u00edmite para el gasto militar. Los 32 pa\u00edses de la OTAN ya gastan ocho veces m\u00e1s dinero en defensa que Rusia, pero sus listas de compras militares siguen siendo inagotables. Y sobre todo car\u00edsimo, como la compra de los aviones F-35 estadounidenses que atar\u00edan nuestro pa\u00eds al complejo militar-industrial de EE.UU. durante a\u00f1os. Un tanque cuesta unos pocos millones de euros. Un solo disparo del nuevo sistema de defensa Mells cuesta 100.000 euros.\u00a0<\/span><\/span><\/p>\n<p class=\"western\"><span style=\"font-size: medium;\"><span lang=\"es-CU\">Un sistema que gasta miles de millones de euros para saciar el hambre de la industria armament\u00edstica, mientras millones de personas hacen fila en bancos de alimentos, tienen que combinar dos o tres trabajos y no pueden pagar m\u00e1s el cuidado de sus padres o hijos, est\u00e1 podrido hasta el n\u00facleo.<\/span><\/span><\/p>\n<p class=\"western\"><span style=\"font-size: medium;\"><span lang=\"es-CU\"><strong>6. Con cada paso, la Uni\u00f3n se hunde m\u00e1s en el barro<\/strong><\/span><\/span><\/p>\n<p class=\"western\"><span style=\"font-size: medium;\"><span lang=\"es-CU\">Alguna vez se pens\u00f3 que la Uni\u00f3n Europea se formar\u00eda de la misma manera que, digamos, Alemania se hab\u00eda convertido en un estado naci\u00f3n. Primero una uni\u00f3n aduanera, y luego lentamente, a trav\u00e9s de conflictos y divergencias de intereses, hacia una unificaci\u00f3n pol\u00edtica. Pero los estados naci\u00f3n europeos nunca han logrado superar sus propias contradicciones internas. Los pasos hacia la integraci\u00f3n se dan bajo presi\u00f3n externa, y mientras tanto reina el caos.<\/span><\/span><\/p>\n<p class=\"western\"><span style=\"font-size: medium;\"><span lang=\"es-CU\">Hace seis a\u00f1os, en 2019, todav\u00eda prevalec\u00eda un cierto optimismo entre la clase dominante sobre las posibilidades de la Uni\u00f3n Europea y programas como el Green Deal. Hoy, la presidenta de la Comisi\u00f3n europea Von der Leyen intenta evitar la depresi\u00f3n colectiva, con un discurso motivacional y un acuerdo global sobre defensa. El eje este Alemania-Polonia-estados b\u00e1lticos, mientras tanto, est\u00e1 completamente en l\u00ednea con los Estados Unidos, y defiende una Uni\u00f3n que yace a los pies de Washington.\u00a0<\/span><\/span><\/p>\n<p class=\"western\"><span style=\"font-size: medium;\"><span lang=\"es-CU\">Casi ninguna econom\u00eda de la zona euro crece m\u00e1s de un uno por ciento al a\u00f1o. El promedio es apenas del 0,2 por ciento. Teniendo en cuenta las amenaza de Trum de aumentar los aranceles de importaci\u00f3n, eso tambi\u00e9n tendr\u00e1 consecuencias para Europa y su econom\u00eda. \u00abLa Uni\u00f3n Europea es muy, muy mala para nosotros\u00bb, dijo Trump durante su inauguraci\u00f3n. \u00abVamos a penalizarlos en lo que respecta a aranceles de importaci\u00f3n\u00bb.<\/span><\/span><span style=\"font-size: medium;\"><span lang=\"es-CU\"><sup>10<\/sup><\/span><\/span><\/p>\n<p class=\"western\"><span style=\"font-size: medium;\"><span lang=\"es-CU\">La mayor econom\u00eda, Alemania, lleva dos a\u00f1os en recesi\u00f3n y se arrastra hacia las nuevas elecciones con la esperanza de que alguien pueda revivir la industria alemana. La segunda econom\u00eda, Francia, est\u00e1 completamente estancada pol\u00edticamente. Macron se ha encadenado a s\u00ed mismo a Le Pen con un gobierno minoritario. El gobierno holand\u00e9s se arrastra a los caprichos de Geert Wilders. Italia, la tercera econom\u00eda de Europa, est\u00e1 dirigida por Meloni, que quiere ser muy amiga de Donald Trump. Y tambi\u00e9n en Austria parece que la puerta a la extrema derecha del FP\u00d6 est\u00e1 abierta.\u00a0<\/span><\/span><\/p>\n<p class=\"western\"><span style=\"font-size: medium;\"><span lang=\"es-CU\">Europa se ha atado cada vez m\u00e1s a las cadenas de la OTAN y Washington, y cuanto m\u00e1s lo hace, m\u00e1s le cuesta en terminos de liderazgos europeos . \u00bfD\u00f3nde est\u00e1n hoy los l\u00edderes europeos? \u00bfD\u00f3nde est\u00e1n hoy los l\u00edderes estatales? No est\u00e1n, y Europa no experimentar\u00e1 en breve ning\u00fan nuevo momento hist\u00f3rico a la De Gaulle.<\/span><\/span><\/p>\n<p class=\"western\"><span style=\"font-size: medium;\"><span lang=\"es-CU\">Francia todav\u00eda se ve a s\u00ed misma como un estado P-5, un miembro permanente del Consejo de Seguridad con sus propias armas nucleares. Pero mientras tanto, el imperialismo franc\u00e9s ha mordido el polvo en el Sahel, Par\u00eds se enfrenta a la ira popular desde Martinica hasta Mayotte, y los franceses han fracasado en el acuerdo Aukus, en el que la entrega de submarinos nucleares a Australia finalmente se hizo al Reino Unido. Lo \u00fanico que le queda a Par\u00eds es una reivindicaci\u00f3n sobre el liderazgo de la pol\u00edtica de defensa de la Uni\u00f3n Europea.\u00a0<\/span><\/span><\/p>\n<p class=\"western\"><span style=\"font-size: medium;\"><span lang=\"es-CU\">Pero tambi\u00e9n Rheinmetall y el \u00e9lite alem\u00e1n quieren presentarse como l\u00edderes del nuevo \u00abpoder geopol\u00edtico europeo\u00bb. Y por lo tanto, las diferencias entre Alemania y Francia siguen siendo grandes, tanto en t\u00e9rminos de energ\u00eda como de desarrollo militar. Sin una nueva integraci\u00f3n m\u00e1s profunda, la Uni\u00f3n seguir\u00e1 debilit\u00e1ndose o desmoron\u00e1ndose. Pero cada paso hacia una mayor integraci\u00f3n da lugar a profundas contradicciones: sobre c\u00f3mo establecer &#8216;ingresos propios&#8217; o no, sobre si establecer o no Eurobonos para distribuir la deuda, sobre aranceles contra productos chinos, sobre la independencia del proyecto de defensa europeo, y as\u00ed sucesivamente. Trump no dejar\u00e1 de jugar con los estados miembros de la Uni\u00f3n Europea, y Elon Musk ya ha comenzado con eso.\u00a0<\/span><\/span><\/p>\n<p class=\"western\"><span style=\"font-size: medium;\"><span lang=\"es-CU\">La Uni\u00f3n Europea lucha contra su desaparici\u00f3n, pero con cada nuevo paso se hunde m\u00e1s en el barro. Esta Uni\u00f3n es una uni\u00f3n de crisis y guerra, y no es \u2018reformable\u2019. Necesitamos una Europa totalmente diferente.<\/span><\/span><\/p>\n<p class=\"western\"><span style=\"font-size: medium;\"><span lang=\"es-CU\"><strong>7. Movilizarse contra el militarismo y el chauvinismo<\/strong><\/span><\/span><\/p>\n<p class=\"western\"><span style=\"font-size: medium;\"><span lang=\"es-CU\">Sumergirnos un poco en el tiempo. A finales de julio de 1914, los l\u00edderes del poderoso movimiento cooperativo socialista en B\u00e9lgica se reunieron en la sala de fiestas de Vooruit en Gante, que acababa de ser inaugurada. El l\u00edder socialista Louis Bertrand se permiti\u00f3 interrumpir las discusiones del congreso cooperativo con el anuncio de que la guerra hab\u00eda estallado. Propuso al congreso adoptar una moci\u00f3n solicitando \u00abque los pueblos se esforzaran por desviar el espectro de la guerra que destruir\u00eda las obras cooperativas.\u00bb<\/span><\/span><span style=\"font-size: medium;\"><span lang=\"es-CU\"><sup>11<\/sup><\/span><\/span><span style=\"font-size: medium;\"><span lang=\"es-CU\"> La moci\u00f3n fue aprobada, y la discusi\u00f3n continu\u00f3 sobre dividendos, jarabe y vinagre. Sobre el desastre de la guerra, que unos d\u00edas despu\u00e9s tambi\u00e9n afectar\u00eda a B\u00e9lgica, ni una palabra.<\/span><\/span><\/p>\n<p class=\"western\"><span style=\"font-size: medium;\"><span lang=\"es-CU\">La an\u00e9cdota dice mucho. El Partido Obrero Belga (POB), el entonces partido socialdem\u00f3crata en B\u00e9lgica, se hab\u00eda constituido como un fuerte partido de la clase trabajadora, con un gran poder sindical y la experiencia de tres grandes huelgas generales en su haber, posiblemente las primeras huelgas generales del mundo. El POB hab\u00eda ganado terreno entre la joven clase trabajadora a trav\u00e9s de la cooperativa socialista Vooruit, centrada en la panader\u00eda donde se pod\u00eda conseguir pan bueno y barato.\u00a0<\/span><\/span><\/p>\n<p class=\"western\"><span style=\"font-size: medium;\"><span lang=\"es-CU\">Finalmente, la preservaci\u00f3n de las cooperativas se convirti\u00f3 en el alfa y el omega del POB, y el inicio de la Primera Guerra Mundial incluso se vio bajo esa luz. Todo puede suceder, siempre y cuando nuestra cooperativa no sea destruida. No fue la cooperativa la que fue destruida, sino las vidas de innumerables hijos de trabajadores y campesinos que fueron molidos como si de una picadora de carne industrial se tratase. La Primera Guerra Mundial fue la estaci\u00f3n final de millones de j\u00f3venes que a\u00fan deb\u00edan empezar con sus vidas.\u00a0<\/span><\/span><\/p>\n<p class=\"western\"><span style=\"font-size: medium;\"><span lang=\"es-CU\">Durante la poderosa huelga general de marzo de 1913, cuando m\u00e1s de 400,000 huelguistas salieron a las calles, casi no se dijo nada sobre el chauvinismo y el militarismo, y sobre la amenaza de una guerra inminente.<\/span><\/span><\/p>\n<p class=\"western\"><span style=\"font-size: medium;\"><span lang=\"es-CU\">Sin embargo, esa cuesti\u00f3n estaba en la agenda de casi todos los congresos de la Segunda Internacional, donde el POB estaba representado. All\u00ed se acord\u00f3 movilizar a la poblaci\u00f3n contra el militarismo, el chauvinismo y la guerra. La guerra mundial que viene ser\u00e1 imperialista, afirmaron los delegados de la Segunda Internacional, se trata de la divisi\u00f3n del mundo, se trata de conquista y colonias, donde los trabajadores y campesinos comunes pagar\u00e1n el precio. Pero la direcci\u00f3n del POB se hab\u00eda identificado tanto con el estado belga que vot\u00f3 sin reservas por los cr\u00e9ditos de guerra.\u00a0<\/span><\/span><\/p>\n<p class=\"western\"><span style=\"font-size: medium;\"><span lang=\"es-CU\">\u00bfDe qu\u00e9 sirve ser el mejor partido sobre reembolsos, jarabe y vinagre; si luego todo es arrasado por una guerra devastadora?<\/span><\/span><\/p>\n<p class=\"western\"><span style=\"font-size: medium;\"><span lang=\"es-CU\">La primera respuesta es: sirve. Un partido de la clase trabajadora debe ser el mejor representante para la sal y el aceite de la clase trabajadora, y como tal tambi\u00e9n debe ser reconocido por la clase trabajadora por ello. Ya se trate de pensiones o salarios, de condiciones laborales o de vida, de vivienda o precios de energ\u00eda, de guarder\u00edas o cuidado de ancianos, el partido de la clase trabajadora debe estar involucrado en la pol\u00edtica de clases.<\/span><\/span><\/p>\n<p class=\"western\"><span style=\"font-size: medium;\"><span lang=\"es-CU\">Y eso significa: hacer encuestas, escuchar, recopilar propuestas, tomar acci\u00f3n y cambiar cosas junto con la gente. Y eso a\u00f1o tras a\u00f1o, con lluvia y viento. Ese es el trabajo esencial, y ese trabajo no se puede omitir. Tampoco se puede reemplazar por todo tipo de \u2018declaraciones\u2019 sobre la clase trabajadora, o \u2018resoluciones\u2019 aqu\u00ed o all\u00e1. Tienes que hacerlo. Es la base, pero no es suficiente.<\/span><\/span><\/p>\n<p class=\"western\">\u00a0<span style=\"font-size: medium;\"><span lang=\"es-CU\"><strong>8. Socialismo en lugar de guerra<\/strong><\/span><\/span><\/p>\n<p class=\"western\"><span style=\"font-size: medium;\"><span lang=\"es-CU\">Hay una furia, &#8216;una rabia&#8217; entre la clase trabajadora, tanto en Europa como en los Estados Unidos. La gente est\u00e1 enojada, no se siente escuchada, ni vista, ni representada, y tiene raz\u00f3n. No debemos tener miedo al polvo que vuela, ni a las opiniones que giran en un torbellino en todas las direcciones porque la gente no ha recibido ning\u00fan marco de an\u00e1lisis al que aferrarse.\u00a0<\/span><\/span><\/p>\n<p class=\"western\"><span style=\"font-size: medium;\"><span lang=\"es-CU\">Los marxistas no deben temer a los tiempos turbulentos que se avecinan, sino ver la voluntad de cambio radical y aprovecharla. Las fuerzas que mejor se hayan preparado para los tiempos de conmoci\u00f3n ser\u00e1n las m\u00e1s capaces de dar direcci\u00f3n a esos choques. Eso es lo que Naomi Klein nos ense\u00f1\u00f3 en su <em>Doctrina del shock<\/em>, y tiene raz\u00f3n.<\/span><\/span><\/p>\n<p class=\"western\"><span style=\"font-size: medium;\"><span lang=\"es-CU\">No somos espectadores de lo que est\u00e1 sucediendo, sino que estamos en medio de un pedazo de historia y debemos ser un motor para inclinar los choques hacia el lado correcto.\u00a0<\/span><\/span><\/p>\n<p class=\"western\"><span style=\"font-size: medium;\"><span lang=\"es-CU\">Creo que debemos desarrollar un proyecto con una visi\u00f3n a largo plazo, y no solo mirar el pr\u00f3ximo mes o el pr\u00f3ximo a\u00f1o. Un proyecto para construir partidos de trabajadores y trabajadoras para luchar por el socialismo, un proyecto que irradie confianza en s\u00ed mismo. Construir un partido toma tiempo, mucho esfuerzo, disciplina, y el arte de la estrategia y la t\u00e1ctica. Pero es posible si somos pacientes y capaces de dar confianza a las trabajadoras y trabajadores en el partido, si trabajamos en la educaci\u00f3n y la unificaci\u00f3n, y si nos atrevemos a hablar desde la fuerza de nuestra convicci\u00f3n.\u00a0<\/span><\/span><\/p>\n<p class=\"western\"><span style=\"font-size: medium;\"><span lang=\"es-CU\">Llevar a cabo la lucha socioecon\u00f3mica es un asunto. Sin embargo, no es suficiente. Es igualmente importante politizar esa lucha y hacer que las personas sean conscientes del marco en el que vivimos. La contradicci\u00f3n entre trabajo y capital es una contradicci\u00f3n sist\u00e9mica, una contradicci\u00f3n del propio capitalismo. En su b\u00fasqueda de la m\u00e1xima ganancia, el capitalismo lleva a colisiones y crisis, y a la guerra.\u00a0<\/span><\/span><\/p>\n<p class=\"western\"><span style=\"font-size: medium;\"><span lang=\"es-CU\">El deterioro clim\u00e1tico, la crisis alimentaria, las aplastantes crisis de deuda, las guerras econ\u00f3micas y militares, la explotaci\u00f3n y los desequilibrios globales sacuden nuestro planeta. El capitalismo no puede ofrecer una salida a los grandes desaf\u00edos que nos esperan. S\u00f3lo el socialismo puede.<\/span><\/span><\/p>\n<p class=\"western\"><span style=\"font-size: medium;\"><span lang=\"es-CU\">La gente quiere ser parte de la ola de la historia. M\u00e1s a\u00fan: la gente quiere y puede crear esas olas por s\u00ed misma. No para mover una coma, sino para cambiar el mundo. Se trata de irradiar eso. La izquierda debe querer luchar para ganar, y realmente querer ganar. Nadie se une a los perdedores.<\/span><\/span><\/p>\n<p class=\"western\"><span style=\"font-size: medium;\"><span lang=\"es-CU\">El proyecto social de los Trumpistas, Bolsonaristas, Voxianos u otros AfD no tiene nada que ofrecer a la clase trabajadora. Es un proyecto de divide y vencer\u00e1s, un proyecto de odio y racismo, un proyecto de militarizaci\u00f3n y autoritarismo, hecho a medida para la clase dominante. \u00bfPor qu\u00e9 deber\u00edamos dejar a la clase trabajadora en manos de los flautistas de Hamel\u00edn de extrema derecha? La clase trabajadora es nuestra clase; es ah\u00ed donde debemos estar, trabajar y organizar, concienciar y movilizar, caer y levantarnos de nuevo. Nuestro modelo de sociedad es el de la emancipaci\u00f3n del trabajo, es la \u00fanica respuesta positiva que puede dar un giro positivo a la furia de la clase trabajadora.<\/span><\/span><\/p>\n<p class=\"western\"><span style=\"font-size: medium;\"><span lang=\"es-CU\">Todo depende de nosotros. De nuestra capacidad para aprovechar las nuevas oportunidades. De nuestra confianza en la capacidad de las personas para movilizarse, organizarse y buscar una perspectiva socialista.\u00a0<\/span><\/span><\/p>\n<p class=\"western\"><span style=\"font-size: medium;\"><span lang=\"es-CU\">Les agradezco su atenci\u00f3n, gracias<\/span><\/span><\/p>\n<p class=\"western\"><span style=\"font-size: medium;\"><span lang=\"es-CU\">Peter Mertens es secretario general del PVDA-PTB,\u00a0<\/span><\/span><br \/>\n<span style=\"font-size: medium;\"><span lang=\"es-CU\">y miembro del parlamento federal en B\u00e9lgica<\/span><\/span><\/p>\n<p class=\"western\"><strong>Notas<\/strong><\/p>\n<div id=\"sdfootnote1\">\n<p class=\"sdfootnote-western\"><sup>1<\/sup> Peter Mertens, <em>De klassensamenwerking tijdens en na de Tweede Wereldoorlog: de Belgische vakverenigingen in internationale context.<\/em> Universiteit Gent, 1993, blz. 21-24<\/p>\n<\/div>\n<div id=\"sdfootnote2\">\n<p class=\"sdfootnote-western\"><sup>2 <\/sup>Kwame Nkrumah. <em><span lang=\"en-GB\">Neo-Colonialism: The Last Stage of Imperialism<\/span><\/em>. New York, International Publishers, 1965, p. 19<\/p>\n<\/div>\n<div id=\"sdfootnote3\">\n<p class=\"sdfootnote-western\"><sup>3<\/sup> <span lang=\"en-GB\">\u00abA European Defence for our Geopolitical Union\u00bb : speech by President Charles Michel at the EDA annual conference. <\/span><span lang=\"es-ES\">European Concil<\/span><span lang=\"es-ES\">, 30 Noviembre de 2020. <\/span><a href=\"https:\/\/www.consilium.europa.eu\/en\/press\/press-releases\/2023\/11\/30\/a-european-defence-for-our-geopolitical-union-speech-by-president-charles-michel-at-the-eda-annual-conference\/\"><span style=\"color: #0563c1;\"><span lang=\"es-ES\"><u>https:\/\/www.consilium.europa.eu\/en\/press\/press-releases\/2023\/11\/30\/a-european-defence-for-our-geopolitical-union-speech-by-president-charles-michel-at-the-eda-annual-conference\/<\/u><\/span><\/span><\/a><span lang=\"es-ES\">\u00a0<\/span><\/p>\n<\/div>\n<div id=\"sdfootnote4\">\n<p class=\"sdfootnote-western\"><sup>4<\/sup><span lang=\"en-GB\"> Borrell: to secure peace, the EU to be ready to defend itself, Defense Industry Europe, 4 de febrero de 2024. <\/span><a href=\"https:\/\/defence-industry.eu\/borrell-to-secure-peace-the-eu-needs-to-be-ready-to-defend-itself\/\"><span style=\"color: #0563c1;\"><u>https:\/\/defence-industry.eu\/borrell-to-secure-peace-the-eu-to-be-ready-to-defend-itself\/<\/u><\/span><\/a><\/p>\n<\/div>\n<div id=\"sdfootnote5\">\n<p class=\"sdfootnote-western\"><sup>5<\/sup><span lang=\"en-GB\"> Liz Payne, \u00ab<\/span><span lang=\"en-GB\">Peace on Earth rings hollow this year\u00bb<\/span><em><span lang=\"en-GB\">.<\/span><\/em><span lang=\"en-GB\"> The Morning Star, 24 de diciembre de 2024. <\/span><a href=\"https:\/\/morningstaronline.co.uk\/article\/peace-on-earth-rings-hollow-this-year\"><span style=\"color: #0563c1;\"><span lang=\"en-GB\"><u>https:\/\/morningstaronline.co.uk\/article\/peace-on-earth-rings-hollow-this-year<\/u><\/span><\/span><\/a><span lang=\"en-GB\">\u00a0<\/span><\/p>\n<\/div>\n<div id=\"sdfootnote6\">\n<p class=\"sdfootnote-western\"><sup>6<\/sup><span lang=\"en-GB\"> Martin Murphy, Roman Tyborski, \u00ab<\/span><span lang=\"en-GB\">Dieser Mann wil den Umsatz von Rheinmetall vervierfachen\u00bb.<\/span> <span lang=\"es-ES\"><em>Handelsblatt<\/em>, 22 de agosto de 2024. <\/span><a href=\"https:\/\/www.handelsblatt.com\/unternehmen\/industrie\/ruestung-dieser-mann-will-den-umsatz-von-rheinmetall-vervierfachen\/100061438.html\"><span style=\"color: #0563c1;\"><span lang=\"es-ES\"><u>https:\/\/www.handelsblatt.com\/unternehmen\/industrie\/ruestung-dieser-mann-will-den-umsatz-von-rheinmetall-vervierfachen\/100061438.html<\/u><\/span><\/span><\/a><span lang=\"es-ES\">\u00a0<\/span><\/p>\n<\/div>\n<div id=\"sdfootnote7\">\n<p class=\"sdfootnote-western\"><sup>7<\/sup> Pascal Dendooven, \u00abDe vele veldslagen van de Europese defensiesector\u00bb. <em>De Standaard<\/em>, 24 enero de 2023. p. 18<\/p>\n<\/div>\n<div id=\"sdfootnote8\">\n<p class=\"sdfootnote-western\"><sup>8 <\/sup>YouTube, <em>LIVE: NATO Secretary General Mark Rutte speaks at European Parliament<\/em>, 13 enero de 2025. <a href=\"https:\/\/www.youtube.com\/watch?v=UAR5hi-ChyA\"><span style=\"color: #0563c1;\"><u>https:\/\/www.youtube.com\/watch?v=UAR5hi-ChyA<\/u><\/span><\/a><\/p>\n<\/div>\n<div id=\"sdfootnote9\">\n<p class=\"sdfootnote-western\"><sup>9 <\/sup>Gert Peersman en <em>Terzake<\/em>, \u00abMeer investeren in defensie en minder in sociale zekerheid?\u00bb, 15 januari 2025. <a href=\"https:\/\/www.vrt.be\/vrtmax\/a-z\/terzake\/2025\/terzake-d20250115\/\"><span style=\"color: #0563c1;\"><u>https:\/\/www.vrt.be\/vrtmax\/a-z\/terzake\/2025\/terzake-d20250115\/<\/u><\/span><\/a><\/p>\n<\/div>\n<div id=\"sdfootnote10\">\n<p class=\"sdfootnote-western\"><sup>10<\/sup><span lang=\"en-GB\"> Reuters, \u00ab<\/span><span lang=\"en-GB\">Trump delivers fresh tariff threats against EU and China\u00bb<\/span><span lang=\"en-GB\">, 22 enero 2025. <\/span><a href=\"https:\/\/www.reuters.com\/world\/trump-says-he-is-discussing-10-tariff-china-feb-1-2025-01-21\/\"><span style=\"color: #0563c1;\"><u>https:\/\/www.reuters.com\/world\/trump-says-he-is-discussing-10-tariff-china-feb-1-2025-01-21\/<\/u><\/span><\/a><\/p>\n<\/div>\n<div id=\"sdfootnote11\">\n<p class=\"sdfootnote-western\"><sup>11 <\/sup>Leo Michielsen. <em>Geschiedenis van de Europese arbeidersbeweging. Deel I: tot 1914<\/em>. Gante, Masereelfonds, 1980, p\u00e1g. 234.<\/p>\n<p>Fuente: p\u00e1gina oficial del PVDA-PTB, 4 de febrero de 2025 (<a href=\"https:\/\/international.pvda-ptb.be\/es\/articles\/no-trump-no-la-guerra-y-si-al-socialismo-sobre-la-clase-trabajadora-y-la-militarizacion-de\">https:\/\/international.pvda-ptb.be\/es\/articles\/no-trump-no-la-guerra-y-si-al-socialismo-sobre-la-clase-trabajadora-y-la-militarizacion-de<\/a>)<\/p>\n<\/div>\n","protected":false},"excerpt":{"rendered":"<p>Peter Mertens, La Habana 31 de enero de 2025, 6\u00aa Conferencia Internacional por el Equilibrio Mundial. A continuaci\u00f3n figura el<\/p>\n","protected":false},"author":5,"featured_media":17207,"comment_status":"open","ping_status":"open","sticky":false,"template":"","format":"standard","meta":{"footnotes":""},"categories":[29,1548],"tags":[],"class_list":["post-17206","post","type-post","status-publish","format-standard","has-post-thumbnail","hentry","category-internacional","category-politica"],"aioseo_notices":[],"_links":{"self":[{"href":"https:\/\/espai-marx.net\/index.php?rest_route=\/wp\/v2\/posts\/17206","targetHints":{"allow":["GET"]}}],"collection":[{"href":"https:\/\/espai-marx.net\/index.php?rest_route=\/wp\/v2\/posts"}],"about":[{"href":"https:\/\/espai-marx.net\/index.php?rest_route=\/wp\/v2\/types\/post"}],"author":[{"embeddable":true,"href":"https:\/\/espai-marx.net\/index.php?rest_route=\/wp\/v2\/users\/5"}],"replies":[{"embeddable":true,"href":"https:\/\/espai-marx.net\/index.php?rest_route=%2Fwp%2Fv2%2Fcomments&post=17206"}],"version-history":[{"count":4,"href":"https:\/\/espai-marx.net\/index.php?rest_route=\/wp\/v2\/posts\/17206\/revisions"}],"predecessor-version":[{"id":17209,"href":"https:\/\/espai-marx.net\/index.php?rest_route=\/wp\/v2\/posts\/17206\/revisions\/17209"}],"wp:featuredmedia":[{"embeddable":true,"href":"https:\/\/espai-marx.net\/index.php?rest_route=\/wp\/v2\/media\/17207"}],"wp:attachment":[{"href":"https:\/\/espai-marx.net\/index.php?rest_route=%2Fwp%2Fv2%2Fmedia&parent=17206"}],"wp:term":[{"taxonomy":"category","embeddable":true,"href":"https:\/\/espai-marx.net\/index.php?rest_route=%2Fwp%2Fv2%2Fcategories&post=17206"},{"taxonomy":"post_tag","embeddable":true,"href":"https:\/\/espai-marx.net\/index.php?rest_route=%2Fwp%2Fv2%2Ftags&post=17206"}],"curies":[{"name":"wp","href":"https:\/\/api.w.org\/{rel}","templated":true}]}}