{"id":1722,"date":"2011-12-18T00:00:00","date_gmt":"2011-12-18T00:00:00","guid":{"rendered":"https:\/\/espai-marx.net\/?p=1722"},"modified":"2020-02-21T10:36:38","modified_gmt":"2020-02-21T09:36:38","slug":"sobre-izquierda-unida-de-extremadura-y-el-magnifico-embrollo-de-los-presupuestos-regionales","status":"publish","type":"post","link":"https:\/\/espai-marx.net\/?p=1722","title":{"rendered":"Sobre Izquierda Unida de Extremadura y el magn\u00edfico embrollo de los Presupuestos regionales"},"content":{"rendered":"<p style=\"margin-bottom: 0cm;\" align=\"JUSTIFY\">[1] &#8211; Izquierda Unida de Extremadura ha hecho bien retirando su enmienda a la totalidad (que en realidad nunca debi\u00f3 presentar), y aceptando unos presupuestos regionales para 2012 con recortes finales que no superan el 3% (muy por debajo de la funesta media espa\u00f1ola y europea). Ten\u00eda raz\u00f3n Monago (mal que nos joda que el PP esgrima las verdades&#8230; con que el PSOE le arma): si el 4% de recorte del PP es de derechas, \u00bfno ser\u00eda de extrema derecha el 7% del PSOE del a\u00f1o pasado? Con un endeudamiento p\u00fablico de casi 450 millones (ahora quiz\u00e1s m\u00e1s, tras los compromisos adquiridos con IU), la pol\u00edtica econ\u00f3mica de la Junta sigue siendo, de momento, un islote de keynesianismo (de m\u00ednimos, pero keynesianismo) en el adverso contexto europeo: no ha habido \u201cterapia de shock\u201d ultraliberal en los presupuestos de la Junta de Extremadura para 2012. Y adem\u00e1s, son presupuestos con una fuerte carga de gasto social, incluyendo los comprometidos 100 millones para dotar el embri\u00f3n de la futura Renta B\u00e1sica de Ciudadan\u00eda. No son unos buenos presupuestos. Pero en esta coyuntura no me imagino unos mejores con un gobierno neoliberal del PP o del PSOE. Esto es obra de la presencia y el trabajo de los diputados de IU-Ex. Pero esto, e igual de bien, pod\u00edamos haberlo hecho a trav\u00e9s de 7, 70 o 700 enmiendas parciales, que hubieran ahorrado a la ciudadan\u00eda extreme\u00f1a el nada edificante sainete diput\u00e1mbrico de estos d\u00edas. Hubiera sido lo m\u00e1s coherente con la l\u00ednea estrat\u00e9gica previa de IU-Ex en la Asamblea, hubiera tenido la misma eficacia y, sobre todo, hubiera evitado a la ciudadan\u00eda extreme\u00f1a el grotesco espect\u00e1culo de cinismo y mendacidad desplegado por la oposici\u00f3n socialista y su siempre chipiritifl\u00e1utico portavoz parlamentario. (Apostilla: es lamentable la p\u00e9rdida de los empleos de sus trabajadores de base, pero el desmontaje de estructuras clientelares del \u00abpartido de bienestar\u00bb socialista extreme\u00f1o de los \u00faltimos 30 a\u00f1os es, adem\u00e1s de una necesidad econ\u00f3mica, una prioridad pol\u00edtica; el GPEX, Marca Extremadura o el Gabinete de Iniciativa Joven nunca fueron aut\u00e9nticos emprendimientos p\u00fablicos productivos, sino chiringuitos de propaganda y cooptaci\u00f3n absolutamente t\u00f3xicos en su proselitismo pol\u00edtico-cultural-empresarial. Esa austeridad S\u00cd es oportuna).<\/p>\n<p style=\"margin-bottom: 0cm;\" align=\"JUSTIFY\">\n<p style=\"margin-bottom: 0cm;\" align=\"JUSTIFY\">[2] &#8211; El electrizante thriller de negociaciones nocturnas y enmiendas voladoras de estos d\u00edas ha dado sus frutos, pero no deber\u00eda repetirse a menudo. El trabajo de los diputados de IU solo muy ocasional y justificadamente debe pasar por el \u00abregate corto\u00bb y dem\u00e1s tahur\u00edas que tanto emputecen la vida pol\u00edtica e irritan a los ciudadanos (y cuando lo que hacemos no podemos contarlo, a veces ni a los de casa, quiz\u00e1s es que no debi\u00e9ramos estar haci\u00e9ndolo). Y tras este per\u00edodo de emergencia permanente impuesto por el calendario (auton\u00f3micas, consulta, investidura, generales, presupuestos) ha llegado el momento de que grupo parlamentario devuelva la iniciativa pol\u00edtica a las bases de esta organizaci\u00f3n, que en junio pasado demostraron su capacidad intelectual y militante para tomar buenas decisiones y llevarlas a cabo. \u00abIzquierda Unida de Extremadura no consulta a sus bases, ES sus bases\u00bb, se nos dijo en junio. Muy bien, ahora eso hay que cumplirlo, y no s\u00f3lo en d\u00edas de fiesta, sino cotidianamente. Esto no es asamblearismo \u00e1crata ni perroflautismo 15-M, sino simplemente tomarse la democracia en serio. Porque nos tomamos la democracia en serio ganamos la decisi\u00f3n de junio y nos hemos hecho mejores en ella. Y ante las cuestiones importantes (por sustancia, como los presupuestos, o por notoriedad, como la dichosa CEXMA) que inciden directamente sobre la l\u00ednea pol\u00edtica o la percepci\u00f3n p\u00fablica de la organizaci\u00f3n, el an\u00e1lisis y la decisi\u00f3n no pueden estar s\u00f3lo en manos de los diputados, ni de los \u00f3rganos de direcci\u00f3n, sino de las bases. Somos los militantes de base y las asambleas locales quienes respondemos cada d\u00eda a las inquietudes de los electores y conciudadanos que nos han confiado esos esca\u00f1os en la Asamblea. Y no puede ser que reiteradamente no podamos hacerlo porque nuestra vanguardia parlamentaria nos ha dejado atr\u00e1s en sus rapid\u00edsimos regates y pirotecnias. Y si para que vayamos todos juntos hay que ir m\u00e1s despacio y hacer menos cosas, se va m\u00e1s despacio y se hacen menos cosas, pero se hacen bien, para que sirvan y duren. \u201cVamos despacio\u201d, dicen los compas del 15-M, \u201cporque vamos muy lejos\u201d. Reforzar la democracia directa y el mandato imperativo, la autonom\u00eda y la soberan\u00eda, puertas adentro de IU-Ex, es tan importante como gestionar estrat\u00e9gicamente la correlaci\u00f3n de fuerzas en las instituciones. S\u00f3lo una organizaci\u00f3n viva puede hacer una pol\u00edtica viva, s\u00f3lo una organizaci\u00f3n fuerte puede respaldar una pol\u00edtica fuerte. Sin legitimidad, hasta las mejores decisiones son d\u00e9biles. Con legitimidad, las buenas decisiones son invencibles (\u00bfverdad, Cayo?).<\/p>\n<p style=\"margin-bottom: 0cm;\" align=\"JUSTIFY\">\n<p style=\"margin-bottom: 0cm;\" align=\"JUSTIFY\">[3] &#8211; He dicho devolver la iniciativa a las bases, no a las camarillas, clanes, conjuras y amancebamientos transversales varios que siempre a\u00f1aden su punto de miseria e indecencia a la vida pol\u00edtica org\u00e1nica. La capacidad de decisi\u00f3n en cuestiones de pol\u00edtica regional corresponde al conjunto sin exclusi\u00f3n de los militantes y simpatizantes activos de esta organizaci\u00f3n regional, y si inaceptable ser\u00eda una monarqu\u00eda diputadocr\u00e1tica, no menos inaceptable ser\u00eda una oligarqu\u00eda concejalocr\u00e1tica. Si el grupo parlamentario ha abusado por momentos de su autonom\u00eda (yo as\u00ed lo creo, por mucho que valore positivamente los resultados obtenidos) a quien el grupo parlamentario debe pedir excusas y devolver las riendas es a las bases, no a un selecto club de cargos p\u00fablicos y cuadros locales y org\u00e1nicos con m\u00e1s ganas de meter la cuchara en la sopa pol\u00edtica regional que de trabajarse seriamente sus respectivas responsabilidades y territorios (y evitar as\u00ed, por ejemplo, que UPyD nos adelante por la extrema derecha en el voto urbano). As\u00ed que cada uno a lo suyo, o al menos y sobre todo, a no joder a los dem\u00e1s. Las minor\u00edas tienen plena libertad de expresi\u00f3n y propuesta, pero la libre expresi\u00f3n y propuesta es una cosa muy distinta del libelo, del sabotaje, de la emboscada, y en suma, de ese peculiar estalinismo de minor\u00eda (alguien dijo que el estalinismo es una secta trotskista, nada m\u00e1s lo dejo caer) que, ante la imposibilidad de imponer democr\u00e1ticamente sus decisiones, se dedica a hacer imposible el desarrollo de las decisiones democr\u00e1ticas de los dem\u00e1s (para empezar, sacando todos los d\u00edas al Sant\u00edsimo Cristo Fraccional y Escisionario en procesi\u00f3n, para regocijo de redactores y propietarios de la prensa burguesa regional y madrile\u00f1a). Pero las bases de la izquierda extreme\u00f1a dijeron abstenci\u00f3n en junio y dicen abstenci\u00f3n en diciembre, y en su hoja de ruta no est\u00e1 ni hacerle una moci\u00f3n de censura al PP ni hostigarle hasta forzar unas elecciones anticipadas que hoy Monago ganar\u00eda con mayor\u00eda absoluta (oposici\u00f3n de trinchera, saco terrero y campa\u00f1a electoral permanente del PSOE, y sin m\u00e1s beneficiario posible que el PSOE), sino frenar el alcance e impacto de las pol\u00edticas neoliberales del PP (aquel revolucionario \u201ctirar del freno de emergencia\u201d que dec\u00eda Walter Benjamin) y, all\u00e1 donde sea posible, consolidar elementos del programa de IU, en el endiabladamente complejo escenario pol\u00edtico extreme\u00f1o que se\u00f1alaron las urnas del 22-M. Que no es el escenario que m\u00e1s le gusta al PSOE, es cierto (y tampoco a nosotros, claro), pero es el que mandaron las urnas y los extreme\u00f1os que las llenaron. Y que el PSOE gobierne no es, que se sepa, un compromiso program\u00e1tico de Izquierda Unida. No en Extremadura, al menos. No con nuestros electores. No en su nombre, ni en el nuestro.<\/p>\n<p style=\"margin-bottom: 0cm;\" align=\"JUSTIFY\">Y no abundar\u00e9 hoy, aunque me quedo con ganas, en el papel de la direcci\u00f3n federal de IU en esta crisis interna de IU-Ex, que tambi\u00e9n lo tiene, y no est\u00e1 siendo, claro, ni honrado ni saludable.<\/p>\n<p style=\"margin-bottom: 0cm;\" align=\"JUSTIFY\">Un fraternal saludo,<\/p>\n<p style=\"margin-bottom: 0cm;\" align=\"JUSTIFY\">\n<p style=\"margin-bottom: 0cm;\" align=\"JUSTIFY\"><i>J\u00f3natham F. Moriche (afiliado de IU-Ex, hablando a t\u00edtulo estrict\u00edsimamente individual y personal)<\/i><\/p>\n","protected":false},"excerpt":{"rendered":"<p>[1] &#8211; Izquierda Unida de Extremadura ha hecho bien retirando su enmienda a la totalidad (que en realidad nunca debi\u00f3<\/p>\n","protected":false},"author":9,"featured_media":1723,"comment_status":"open","ping_status":"open","sticky":false,"template":"","format":"standard","meta":{"footnotes":""},"categories":[14,13],"tags":[],"class_list":["post-1722","post","type-post","status-publish","format-standard","has-post-thumbnail","hentry","category-democracia-republica","category-la-izquierda-a-debate"],"aioseo_notices":[],"_links":{"self":[{"href":"https:\/\/espai-marx.net\/index.php?rest_route=\/wp\/v2\/posts\/1722","targetHints":{"allow":["GET"]}}],"collection":[{"href":"https:\/\/espai-marx.net\/index.php?rest_route=\/wp\/v2\/posts"}],"about":[{"href":"https:\/\/espai-marx.net\/index.php?rest_route=\/wp\/v2\/types\/post"}],"author":[{"embeddable":true,"href":"https:\/\/espai-marx.net\/index.php?rest_route=\/wp\/v2\/users\/9"}],"replies":[{"embeddable":true,"href":"https:\/\/espai-marx.net\/index.php?rest_route=%2Fwp%2Fv2%2Fcomments&post=1722"}],"version-history":[{"count":0,"href":"https:\/\/espai-marx.net\/index.php?rest_route=\/wp\/v2\/posts\/1722\/revisions"}],"wp:featuredmedia":[{"embeddable":true,"href":"https:\/\/espai-marx.net\/index.php?rest_route=\/wp\/v2\/media\/1723"}],"wp:attachment":[{"href":"https:\/\/espai-marx.net\/index.php?rest_route=%2Fwp%2Fv2%2Fmedia&parent=1722"}],"wp:term":[{"taxonomy":"category","embeddable":true,"href":"https:\/\/espai-marx.net\/index.php?rest_route=%2Fwp%2Fv2%2Fcategories&post=1722"},{"taxonomy":"post_tag","embeddable":true,"href":"https:\/\/espai-marx.net\/index.php?rest_route=%2Fwp%2Fv2%2Ftags&post=1722"}],"curies":[{"name":"wp","href":"https:\/\/api.w.org\/{rel}","templated":true}]}}