{"id":17348,"date":"2025-03-04T05:00:48","date_gmt":"2025-03-04T04:00:48","guid":{"rendered":"https:\/\/espai-marx.net\/?p=17348"},"modified":"2025-03-04T02:08:00","modified_gmt":"2025-03-04T01:08:00","slug":"entrevista-a-inaki-vazquez-alvarez-sobre-el-homenaje-a-manuel-sacristan-luzon-de-noviembre-de-2005","status":"publish","type":"post","link":"https:\/\/espai-marx.net\/?p=17348","title":{"rendered":"Entrevista a I\u00f1aki V\u00e1zquez \u00c1lvarez sobre el Homenaje a Manuel Sacrist\u00e1n Luz\u00f3n de noviembre de 2005"},"content":{"rendered":"<p>\u00ab<b>En ning\u00fan momento percib\u00ed ninguna retribuci\u00f3n por mi trabajo. M\u00e1s que generosidad, fue militancia pol\u00edtica, algo muy habitual en nuestra tradici\u00f3n, y a lo que tampoco hay darle m\u00e1s valor que el que tiene.\u00bb<\/b><\/p>\n<p>I\u00f1aki V\u00e1zquez \u00c1lvarez, actual profesor Serra H\u00fanter en el Departamento de Organizaci\u00f3n de Empresas de la <i>Universitat Polit\u00e8cnica de Catalunya<\/i>, fue el responsable de la creaci\u00f3n, y organizaci\u00f3n del Homenaje a Manuel Sacrist\u00e1n que tuvo lugar los d\u00edas 23, 24, y 25 de noviembre de 2005 en Barcelona.<\/p>\n<p>Hace 21 a\u00f1os el entrevistado trabajaba en la hosteler\u00eda y en la Cadena de librer\u00edas Crisol, militaba en la Fundaci\u00f3n de Investigaciones Marxistas (FIM), y recibi\u00f3 el encargo de su responsable pol\u00edtico de organizar un homenaje a un intelectual-militante comunista del que casi no sab\u00eda nada. Esa persona result\u00f3 ser Manuel Sacrist\u00e1n Luz\u00f3n.<\/p>\n<p><b>Se cumplir\u00e1n dentro de muy poco 20 a\u00f1os del Homenaje a Manuel Sacrist\u00e1n que se organiz\u00f3 (\u00a1que organizaste!) a finales de noviembre de 2005 en la Universidad de Barcelona. \u00bfDe qui\u00e9n parti\u00f3 la idea?<\/b><\/p>\n<p>Sin querer extenderme, creo que es interesante explicar al lector de esta entrevista que el Homenaje a Manuel Sacrist\u00e1n que se organiz\u00f3 en el a\u00f1o 2005 fue un evento de ingenier\u00eda pol\u00edtica, en la que consigui\u00f3 dos cosas: 1. Que la Fundaci\u00f3n de Investigaciones Marxistas (FIM), la <i>Associaci\u00f3 Catalana d\u2019Investigacions Marxistes<\/i> (en aquel tiempo FCIM) y las cuatro universidades p\u00fablicas de Barcelona (UPC, UB, UAB, UPF) establecieran una serie de convenios de colaboraci\u00f3n y financiaci\u00f3n de dicha actividad. 2. Que colaboraran o impulsaran el evento m\u00e1s de veintis\u00e9is organizaciones pol\u00edticas, asociaciones, colectivos, revistas, plataformas de informaci\u00f3n, editoriales, algunas de las cuales ten\u00edan intereses contrapuestos.<\/p>\n<p>Este homenaje se desarroll\u00f3 durante tres d\u00edas: el primero con un acto inaugural en el Paraninfo de la UB al que asistieron m\u00e1s de 300 personas, y posteriormente dos d\u00edas en la Facultad de Econom\u00eda y Empresa de la Universidad de Barcelona. Durante esos dos d\u00edas, se organizaron cinco mesas de an\u00e1lisis de la figura pol\u00edtica, social y filos\u00f3fica del homenajeado, en las que participaron m\u00e1s de cuarenta ponentes, con una media de 80 asistentes por d\u00eda.<\/p>\n<figure id=\"attachment_17352\" aria-describedby=\"caption-attachment-17352\" style=\"width: 640px\" class=\"wp-caption aligncenter\"><a href=\"https:\/\/espai-marx.net\/wp-content\/uploads\/2025\/03\/jornada_inagural.png\"><img loading=\"lazy\" decoding=\"async\" class=\"wp-image-17352 size-full\" src=\"https:\/\/espai-marx.net\/wp-content\/uploads\/2025\/03\/jornada_inagural.png\" alt=\"\" width=\"640\" height=\"455\" srcset=\"https:\/\/espai-marx.net\/wp-content\/uploads\/2025\/03\/jornada_inagural.png 640w, https:\/\/espai-marx.net\/wp-content\/uploads\/2025\/03\/jornada_inagural-300x213.png 300w\" sizes=\"auto, (max-width: 640px) 100vw, 640px\" \/><\/a><figcaption id=\"caption-attachment-17352\" class=\"wp-caption-text\"><span style=\"font-size: 10pt;\">Jornada inaugural (23-11-2005).<br \/><\/span><\/figcaption><\/figure>\n<p><b>Nos recuerdas los nombres de algunos de esos ponentes.<\/b><\/p>\n<p>Claro que s\u00ed, aunque antes es importante se\u00f1alar que en la elecci\u00f3n de los intervinientes se tuvo en cuenta que hubiera un equilibrio entre diferentes sensibilidades pol\u00edticas e interpretaciones de la obra de Manuel Sacrist\u00e1n. En esta elecci\u00f3n se tuvo en cuenta quienes eran disc\u00edpulos directos, y quienes pon\u00edan su inter\u00e9s en el Sacrist\u00e1n ecologista, el pacifista, el feminista, el obrerista, o aquellos que abordaban su figura desde un punto de vista m\u00e1s acad\u00e9mico y\/o personal.<\/p>\n<p>Por se\u00f1alar algunos nombres, que posiblemente les suenen a nuestros lectores, citar\u00e9 a Paco Fern\u00e1ndez Buey, Juan-Ram\u00f3n Capella, Antoni Dom\u00e8nech, Joan Mart\u00ednez Alier, F\u00e9lix Ovejero, Rafael Grasa, Jaume Botey, Gabriel Vargas Lozano (que vino desde M\u00e9xico), Miguel Candel, Enric Tello, Laureano Bonet, Salvador L\u00f3pez Arnal, Paco Mart\u00ednez, Jordi Gracia y un largo etc\u00e9tera.<\/p>\n<p>Sin \u00e1nimo de hacer diferencias, y dejando constancia que todas las intervenciones fueron de un gran nivel, s\u00ed que me gustar\u00eda resaltar una serie de ponentes que personalmente me impactaron, ya fueran por lo que dijeron, por el favor que nos hicieron para cubrir una vacante con muy pocos d\u00edas de antelaci\u00f3n, o por ser fiel reflejo de la \u00e9tica y compromiso comunistas. Por ejemplo, recuerdo a un joven Giaime Pala aceptando sustituir a Josep Fontana, la pol\u00e9mica intervenci\u00f3n de Jos\u00e9 Mar\u00eda Ripalda, la meticulosa preparaci\u00f3n de Guillermo Lusa, la desacomplejada participaci\u00f3n de Gonzalo Pont\u00f3n en la que habl\u00f3 sin tapujos de la enfermedad mental que comparti\u00f3 con el homenajeado. Tambi\u00e9n recuerdo la humildad de Joaqu\u00edn Miras, Joan Pellis\u00e9, Luis Vega Re\u00f1\u00f3n, Joaquim Sempere y Alfons Barcel\u00f3, la claridad en la exposici\u00f3n de Mar\u00eda Dolores Albiach, o al entonces muy joven \u00c1lvaro Ceballos que vino directamente de Alemania para participar en el homenaje.<\/p>\n<figure id=\"attachment_17353\" aria-describedby=\"caption-attachment-17353\" style=\"width: 640px\" class=\"wp-caption aligncenter\"><a href=\"https:\/\/espai-marx.net\/wp-content\/uploads\/2025\/03\/sesiones.png\"><img loading=\"lazy\" decoding=\"async\" class=\"wp-image-17353 size-full\" src=\"https:\/\/espai-marx.net\/wp-content\/uploads\/2025\/03\/sesiones.png\" alt=\"\" width=\"640\" height=\"452\" srcset=\"https:\/\/espai-marx.net\/wp-content\/uploads\/2025\/03\/sesiones.png 640w, https:\/\/espai-marx.net\/wp-content\/uploads\/2025\/03\/sesiones-300x212.png 300w\" sizes=\"auto, (max-width: 640px) 100vw, 640px\" \/><\/a><figcaption id=\"caption-attachment-17353\" class=\"wp-caption-text\"><span style=\"font-size: 10pt;\">Participantes en las cuatro mesas de especialistas sobre Manuel Sacrist\u00e1n y su obra. (24 y 25 del 11-2005)<\/span><\/figcaption><\/figure>\n<p>Tambi\u00e9n tengo en la memoria otras personas que no fueron invitadas a participar y que hubieran podido enriquecer mucho las mesas.<\/p>\n<p><b>\u00bfA qui\u00e9nes te refieres? \u00bfPor qu\u00e9 no fueron invitadas?<\/b><\/p>\n<p>Es dif\u00edcil dar nombres y motivos, y no quiero perjudicar a nadie. Pero creo que todos tenemos sesgos, desde el comit\u00e9 cient\u00edfico que vet\u00f3 alg\u00fan nombre, hasta el propio Salvador L\u00f3pez Arnal al proponer unas personas en lugar de otras. En descargo del Comit\u00e9 cient\u00edfico, y de Salvador, dir\u00e9 que al final el m\u00e1ximo responsable de que no estuvieran esas personas fui yo, las variables que establec\u00ed: 1. Criterios de disponibilidad de los ponentes; 2. Presupuesto econ\u00f3mico; 3. Log\u00edstica; y, 4. Equilibrios pol\u00edticos o tem\u00e1ticos.<\/p>\n<p>No quiero equivocarme, pero el sistema que segu\u00ed para concretar la parte de contenidos del homenaje fue el siguiente:<\/p>\n<p>1\u00ba. Paco Fern\u00e1ndez Buey me sugiri\u00f3 un Comit\u00e9 Cient\u00edfico, que modifiqu\u00e9 puntalmente, y me deriv\u00f3 a Salvador, el cual deber\u00eda haber formado parte de dicho comit\u00e9, pero que por una pol\u00e9mica derivada por la publicaci\u00f3n de un libro suyo no era persona grata para algunas sensibilidades.<\/p>\n<p>2\u00ba. Me reun\u00ed con Salvador, y \u00e9l sugiri\u00f3 los bloques tem\u00e1ticos de las mesas, y un listado de ponentes y presentadores para cada mesa.<\/p>\n<p>3\u00ba. Visit\u00e9 (casas o despachos) individualmente a cada uno de los miembros del Comit\u00e9 cient\u00edfico, al que les llevaba un dossier impreso y encuadernado con la presentaci\u00f3n del evento, contenidos, presupuesto, y una serie de nombres, y les ped\u00eda que propusieran alguno m\u00e1s que podr\u00eda hab\u00e9rseme olvidado. Tambi\u00e9n les preguntaba sutilmente si se encontraban inc\u00f3modos con alguno de los ponentes seleccionados.<\/p>\n<p>4\u00ba. Posteriormente reconfiguraba la propuesta con los sugeridos, los que resultaban inc\u00f3modos, y volv\u00eda a Salvador para preguntar sobre posibles sustitutos, etc.<\/p>\n<p>5\u00ba. Volv\u00eda a reunirme con los miembros del comit\u00e9 que ten\u00edan m\u00e1s reticencias, a los que presentaba un nuevo dossier y buscaba su aprobaci\u00f3n.<\/p>\n<p>6\u00ba. Finalmente, y evitando posibles incomodidades y desencuentros, y teniendo en cuenta la disponibilidad de los ponentes, establec\u00ed los participantes.<\/p>\n<p>7\u00ba. Para la jornada inaugural, el proceso fue un poco distinto: consult\u00e9 a Paco, a Salvador, al comit\u00e9 cient\u00edfico y a Javier Navascu\u00e9s.<\/p>\n<p><b>\u00bfNos das nombres de algunas de esas plataformas nacionales e internacionales?<\/b><\/p>\n<p>Claro que s\u00ed, las recuerdo todas al igual que a los ponentes que participaron. Todas los partidos, asociaciones, fundaciones y revistas que impulsaron el evento fueron escogidas por motivos de car\u00e1cter estrat\u00e9gico.<\/p>\n<p>En el caso de los partidos pol\u00edticos, hay que recordar que nos encontr\u00e1bamos en el periodo del <i>Tripartit<\/i> en Catalu\u00f1a, donde gobernaban la <i>Generalitat de Catalunya<\/i> el PSC, ERC e ICV. En aquellos momentos, la relaci\u00f3n entre los partidos comunistas o poscomunistas en Catalu\u00f1a no era muy buena, ya que exist\u00eda una gran tensi\u00f3n entre una ICV que despreciaba su pasado obrerista pero que secuestraba las siglas del PSUC y su legado, un PSUC-Viu que se reclamaba heredero del PSUC y contraparte del PCE, un PCC con necesidad de ser reconocido por el PCE como interlocutor preferente frente al PSUC-Viu, un PCE que se dejaba querer en funci\u00f3n a sus intereses, una Izquierda Unida con intrigas palaciegas contra el PCE y pactando con ICV, y una EUiA, que supuestamente era el partido hermanado de IU en Catalu\u00f1a, pero que finalmente no era tenido en cuenta para las decisiones importantes.<\/p>\n<p>Cada partido ten\u00eda sus fundaciones o asociaciones: el PCE, la FIM; el PSUC-viu, la FCIM (ACIM); el PCC,la <i>Fundaci\u00f3 Pere Ardiaca;<\/i> ICV, la <i>Fundaci\u00f3 Nous Horitzons:<\/i> IU, la Fundaci\u00f3n Europa de los Ciudadanos; EUiA, la <i>Fundaci\u00f3 Alternativas.<\/i><\/p>\n<p>Pues, aunque pueda parecer mentira, para el homenaje conseguimos colectivamente que todos los partidos y fundaciones anteriormente citados pusieran su logotipo en los tr\u00edpticos promocionales y en la web, y que difundieran el evento, y enviaran representantes institucionales el d\u00eda de la jornada inaugural.<\/p>\n<p>En la misma l\u00ednea, pero esta vez como reto e iniciativa personal, me propuse que impulsaran el evento diferentes revistas, peri\u00f3dicos y plataformas del \u00e1mbito de la izquierda: <i>El Viejo Topo<\/i>, <i>mientras tanto<\/i>, <i>New Left Review<\/i> en espa\u00f1ol, <i>Viento Sur, Mundo Obrero<\/i>, <i>Veu Revel<\/i>, <i>Utop\u00edas, Nuestra Bandera<\/i>, <i>Nou Treball<\/i>, Kaosenlared, Nodo50, o las editoriales Icaria y Trotta. Cada una de ellas representaba una sensibilidad diferente del \u00e1mbito de la izquierda, y en alguna ocasi\u00f3n totalmente antag\u00f3nicas. Tambi\u00e9n participaron asociaciones de car\u00e1cter pol\u00edtico o estudiantil, como la AEP, <i>Espai Marx<\/i>, Rojos y Andaluce, o el CAES.<\/p>\n<p>Otro reto que me propuse era internacionalizar el apoyo al homenaje, motivo por el que aprovechando unas vacaciones viaj\u00e9 a Paris, y me reun\u00ed sin cita previa con el director de la revista <i>Actuel Marx<\/i>, Jacques Bidet, el cual me abri\u00f3 soprendido la puerta de su casa en pantalones cortos, me invit\u00f3 a comer, y me dio una lecci\u00f3n sobre <i>El Capital<\/i>, que estoy seguro de que no entend\u00ed.<\/p>\n<p>Al d\u00eda siguiente visit\u00e9, esta vez con el permiso y gesti\u00f3n de la FIM, la imponente sede del PCF, reuni\u00e9ndome con los representantes de su fundaci\u00f3n <i>Espaces Marx,<\/i> y, posteriormente, escrib\u00ed a la <i>Nicos Poulantzas Institute <\/i>(SYRIZA). A todos ellos intent\u00e9 explicarles la figura de Manuel Sacrist\u00e1n, el motivo por el que hac\u00edamos el homenaje, y les ofrec\u00ed colaborar testimonialmente. Todos ellos aceptaron participar, no tanto por m\u00ed sino porque yo hablaba en representaci\u00f3n de la Fundaci\u00f3n de Investigaciones Marxistas, y, por lo tanto, del Partido Comunista de Espa\u00f1a.<\/p>\n<p><b>Cojamos el hilo anterior, te he interrumpido antes.<\/b><\/p>\n<p>Por cerrar esta introducci\u00f3n, creo que es relevante explicar que antes, durante y tras la actividad, se desarroll\u00f3 una p\u00e1gina web, una revista especializada <u><a href=\"https:\/\/www.academia.edu\/93661891\/Homenaje_conmemorativo_a_Manuel_Sacrist%C3%A1n_Luz%C3%B3n_1925_1985_\" target=\"_top\">(en<\/a><a href=\"https:\/\/www.academia.edu\/93661891\/Homenaje_conmemorativo_a_Manuel_Sacrist%C3%A1n_Luz%C3%B3n_1925_1985_\" target=\"_top\">l<\/a><a href=\"https:\/\/www.academia.edu\/93661891\/Homenaje_conmemorativo_a_Manuel_Sacrist%C3%A1n_Luz%C3%B3n_1925_1985_\" target=\"_top\">ace<\/a><\/u>), se editaron y publicaron 26 videos con los contenidos de las jornadas <u><a href=\"https:\/\/www.youtube.com\/playlist?list=PLYAL-HqXB69heKUrYd8gMZuTX3g48L1Qx\" target=\"_top\">(enl<\/a><a href=\"https:\/\/www.youtube.com\/playlist?list=PLYAL-HqXB69heKUrYd8gMZuTX3g48L1Qx\" target=\"_top\">a<\/a><a href=\"https:\/\/www.youtube.com\/playlist?list=PLYAL-HqXB69heKUrYd8gMZuTX3g48L1Qx\" target=\"_top\">ce),<\/a><\/u> se publicaron las actas <u><a href=\"https:\/\/www.academia.edu\/38292472\/El_legado_de_un_Maestro_Manuel_Sacrist%C3%A1n_Luz%C3%B3n_Libro_\" target=\"_top\">(enla<\/a><a href=\"https:\/\/www.academia.edu\/38292472\/El_legado_de_un_Maestro_Manuel_Sacrist%C3%A1n_Luz%C3%B3n_Libro_\" target=\"_top\">c<\/a><a href=\"https:\/\/www.academia.edu\/38292472\/El_legado_de_un_Maestro_Manuel_Sacrist%C3%A1n_Luz%C3%B3n_Libro_\" target=\"_top\">e),<\/a><\/u> y se ayud\u00f3 a financiar la posproducci\u00f3n del proyecto Integral Sacrist\u00e1n <u><a href=\"https:\/\/tienda.elviejotopo.com\/teoria-politica\/1076-integral-sacristan-9788496356894.html\" target=\"_top\">(enlace),<\/a><\/u> entre otras cosas.<\/p>\n<p>Una vez contextualizado la dimensi\u00f3n del Homenaje, e intentando responder a tu pregunta, te dir\u00e9 que la primera noticia que tuve de la idea de la necesidad de realizar una actividad sobre Manuel Sacrist\u00e1n, fue el 5 de noviembre del 2004 durante la segunda parte de unas jornadas que coordin\u00e9, junto a tres persona, sobre Trabajo, Cultura, y Precariedad (<u><a href=\"https:\/\/www.youtube.com\/playlist?list=PLYAL-HqXB69gSAUYTjpvpOzNnt01Dd-e9\" target=\"_top\">enlace 1<\/a><\/u> <u><a href=\"https:\/\/www.youtube.com\/playlist?list=PLYAL-HqXB69iDq4rww82XNKAfw6O0Sywb\" target=\"_top\">enlace 2<\/a><\/u>, <u><a href=\"https:\/\/www.fim.org.es\/02_02.php?id_publicacion=223\" target=\"_top\">enlace 3<\/a><\/u>). Ese d\u00eda, mi responsable pol\u00edtico y director de la FIM, Javier Navascu\u00e9s, me present\u00f3 a V\u00edctor R\u00edos, y me coment\u00f3 que en unas semanas me llamar\u00eda para explicarme una idea que en aquel momento era muy embrionaria.<\/p>\n<p>Semanas m\u00e1s tardes, tuve la primera y \u00faltima reuni\u00f3n con V\u00edctor R\u00edos, ya que este deb\u00eda irse a Venezuela como asesor del presidente Ch\u00e1vez. En aquella reuni\u00f3n, V\u00edctor me deriv\u00f3 a Paco Fern\u00e1ndez Buey y me sugiri\u00f3 que me reuniera con \u00e9l en la Universitat Pompeu Fabra. Posteriormente, Paco me derivar\u00eda a Salvador L\u00f3pez Arnal, el cual me presentar\u00eda tambi\u00e9n a Joan Benach y Xavier Juncosa, que en aquel tiempo estaban ya editando el imprescindible \u00abIntegral Sacrist\u00e1n\u00bb.<\/p>\n<p>A partir de ese momento, y de forma militante, dediqu\u00e9 m\u00e1s de un a\u00f1o de mi vida a estudiar la figura de Manuel Sacrist\u00e1n, y desarrollar e implementar esa posibilidad de Homenaje.<\/p>\n<p><b>\u00bfQu\u00e9 tal fue esa conversaci\u00f3n de Paco Fern\u00e1ndez Buey? \u00bfLe conoc\u00edas personalmente?<\/b><\/p>\n<p>Como persona vinculada a la Fundaci\u00f3n de Investigaciones Marxistas y con un inter\u00e9s por el marxismo y el comunismo, Paco Fern\u00e1ndez Buey era un referente. Recuerdo que antes de ir a su despacho lo hab\u00eda visto en alguna intervenci\u00f3n pol\u00edtica y hab\u00eda le\u00eddo algunos de sus libros, entre los que querr\u00eda destacar <i>Discursos para insumisos discretos<\/i> (1992), <i>Ni tribunos. Ideas y materiales para un programa ecosocialista<\/i> (1996), <i>Marx (sin ismos)<\/i> (1988), <i>Leyendo a Gramsci<\/i> (2001).<\/p>\n<p>La conversaci\u00f3n fue cordial, pero creo que en un primer momento dud\u00f3 de la envergadura del evento que le propon\u00eda. Tambi\u00e9n creo que observ\u00f3 que frente a \u00e9l ten\u00eda un militante con capacidades de organizaci\u00f3n y una gran energ\u00eda, pero con poco conocimiento sobre la figura de Manuel Sacrist\u00e1n y la \u00abEscuela de Barcelona\u00bb.<\/p>\n<p>Si soy sincero, y mirando con cierta distancia, creo que mi mitificaci\u00f3n de la figura de Paco impidi\u00f3 que las primeras interacciones que tuvimos fueran fluidas.<\/p>\n<p>Posteriormente, por cuestiones profesionales y de militancia, mantuve una buena relaci\u00f3n con \u00e9l, teni\u00e9ndolo en todo momento como un referente intelectual y moral, aunque nunca llegu\u00e9 a considerarme un amigo o disc\u00edpulo. Decir otra cosa ser\u00eda faltar a la verdad.<\/p>\n<p>A veces todav\u00eda vuelvo a sus textos cuando tengo dudas de car\u00e1cter \u00e9tico y pol\u00edtico, pensando en \u00abque har\u00eda o pensar\u00eda Paco Fern\u00e1ndez Buey en estos momentos\u00bb. En la actualidad, y tras su fallecimiento, soy la persona que tiene acceso a los archivos que compon\u00edan su ordenador de la Universidad, y bajo la autorizaci\u00f3n de su hijo, Eloy Fern\u00e1ndez Porta, proporciono dichos documentos a los investigadores que puedan estar interesados en su investigaci\u00f3n, aunque el gran peso de la difusi\u00f3n de su legado, lo llevan, como es evidente, Jordi Mir y Salvador L\u00f3pez Arnal.<\/p>\n<p><b>\u00bfConoc\u00edas en aquel entonces la obra de Manuel Sacrist\u00e1n?<\/b><\/p>\n<p>Debo confesar que en aquel momento mi conocimiento de la obra de Manuel Sacrist\u00e1n era escaso, por no decir inexistente. Lo \u00fanico que sab\u00eda era su relevancia pol\u00edtica en el PSUC y el PCE de la clandestinidad, su posterior abandono del partido, y la notoriedad de sus diferentes disc\u00edpulos, as\u00ed como algunas disputas entre los mismos.<\/p>\n<p>El primer contacto que tuve con un disc\u00edpulo directo de Sacrist\u00e1n fue con Juan-Ram\u00f3n Capella, al que invit\u00e9 a unas jornadas en el a\u00f1o 2004 a Madrid, y en las que acept\u00f3 participar por responsabilidad comunista con la FIM, a pesar de tenerse que trasladar desde Barcelona y no saber muy bien quien era yo ni a donde iba.<\/p>\n<p><b>Disculpa un momento. Has hablado antes de disputas entre disc\u00edpulos. \u00bfQu\u00e9 tipo de disputas eran esas?<\/b><\/p>\n<p>No querr\u00eda entrar en cuestiones delicadas, pero creo que es conocido p\u00fablicamente las desavenencias que durante un per\u00edodo de tiempo tuvieron los disc\u00edpulos directos de Manuel Sacrist\u00e1n, y como eso tambi\u00e9n influy\u00f3 en las personas vinculadas a cada uno de esos disc\u00edpulos. Ya fueran por cuestiones de car\u00e1cter personal, intelectual, pol\u00edtico o de gesti\u00f3n de su legado, en 2005 no fue posible que ninguno de ellos participara como disc\u00edpulo directo en la jornada inaugural, y tuvo que reservarse tres ponencias individuales durante los d\u00edas siguientes para cada uno de ellos.<\/p>\n<p><b>\u00bfQu\u00e9 personas te ayudaron en la organizaci\u00f3n del <\/b><b>Homenaje<\/b><b>, una organizaci\u00f3n que, por lo que vienes explicando, no debi\u00f3 se nada f\u00e1cil? \u00bfTe ayud\u00f3 Paco Fern\u00e1ndez Buey?<\/b><\/p>\n<p>Para poder contestar a esta pregunta, me gustar\u00eda diferenciar tres \u00e1mbitos: uno referido a la ingenier\u00eda administrativa-log\u00edstica que hizo posible la financiaci\u00f3n y la organizaci\u00f3n del homenaje, otro al \u00e1mbito pol\u00edtico y, por \u00faltimo, aquellas personas que ayudaron a estructurar intelectualmente el homenaje.<\/p>\n<p><b>De acuerdo, de acuerdo, diferenciemos esos \u00e1mbitos.<\/b><\/p>\n<p>Empezando por el \u00e1rea administrativa log\u00edstica, debo agradecer p\u00fablicamente la labor que se realiz\u00f3 desde el rectorado de la UPC, y en concreto de la Sra. Mariv\u00ed Ord\u00f3\u00f1ez, jefa del Gabinete del Rector de la UPC de la \u00e9poca, Doctor Josep Ferrer i Llop, la cual me asesor\u00f3 y revis\u00f3 toda la documentaci\u00f3n que iba elaborando para establecer los convenios marcos de cooperaci\u00f3n entre las diferentes universidades y las fundaciones que participaban. Sin su experiencia y paciencia no hubiera podido comprender todos los procesos burocr\u00e1ticos administrativos para desarrollar un evento de esa magnitud.<\/p>\n<p>En este mismo \u00e1mbito tambi\u00e9n tengo que agradecer los consejos de la directora administrativa de la FIM (de la que en este momento no recuerdo el nombre), de su administrativo (Felipe Pastor), as\u00ed como de personas claves en cada una de las universidades que ayudaron a que se firmaran esos convenios de colaboraci\u00f3n. Por confidencialidad, no citar\u00e9 a las personas que hicieron posibles las gestiones en la UAB, en la UB y en la UPF, pero ellos saben la importancia que tuvieron. Tambi\u00e9n hay que destacar la involucraci\u00f3n y trabajo desarrollado por Enric Gil, un excelente dise\u00f1ador, amigo de la infancia.<\/p>\n<p><b>\u00a1Pues l\u00e1stima de la confidencialidad! Pasemos al \u00e1mbito pol\u00edtico.<\/b><\/p>\n<p>En el \u00e1mbito pol\u00edtico, deber\u00eda diferenciar dos subgrupos de personas que ayudaron. Los primeros fueron los responsables pol\u00edticos que confiaron en m\u00ed, principalmente Javier Navasc\u00faes, as\u00ed como representantes de otras asociaciones, fundaciones y partidos pol\u00edticos que supieron entender la necesidad de homenajear y difundir la figura de Manuel Sacrist\u00e1n, y aparcar moment\u00e1neamente sus diferencias pol\u00edticas y rencillas personales. En ese \u00e1mbito pol\u00edtico, me gustar\u00eda decir que, aunque no empezamos con buen pie, tambi\u00e9n conoc\u00ed a Mariano Arag\u00f3n (ACIM), un obrero ilustrado y un ejemplo de militancia con el que posteriormente colaborar\u00eda en infinidad de proyectos vinculados a la ACIM.<\/p>\n<p>El otro subgrupo de \u00e1mbito pol\u00edtico estar\u00eda relacionado con la ayuda que prestaron durante los tres d\u00edas del homenaje dos militantes de la FIM (Manuel y Paloma) y otras personas vinculadas a las Juventudes Comunistas (PSUC-Viu).<\/p>\n<p><b>\u00bfManuel y Paloma? \u00bfNos puedes decir sus apellidos? \u00bfEran tambi\u00e9n militantes de IU o del PCE?<\/b><\/p>\n<p>Claro que s\u00ed. Manuel Bueno, que viaj\u00f3 de Sevilla, miembro activo de la Secci\u00f3n de Historia de la FIM, y Paloma V\u00e1zquez, coordinadora de programas de la FIM, que viaj\u00f3 desde Madrid. No podr\u00eda asegurar si en el aquel momento ten\u00edan doble militancia, pero s\u00ed que eran miembros de la FIM, y estaban muy vinculados al PCE, ya fuera en su forma del Partido Comunista de Madrid, o el Partido Comunista de Andaluc\u00eda.<\/p>\n<p>Respecto a las personas de las Juventudes Comunistas lamento decir que no recuerdo sus nombres, pero sin ellos la jornada inaugural no hubiera salido igual.<\/p>\n<p><b>Vayamos al tercer \u00e1mbito.<\/b><\/p>\n<p>En el \u00e1mbito intelectual, que en cierta medida fue lo m\u00e1s complicado de organizar, hubo dos figuras determinantes: la primera, Paco Fern\u00e1ndez Buey, que legitimaba p\u00fablicamente mi rol como coordinador neutral frente al resto de disc\u00edpulos (primera y segunda generaci\u00f3n) de Manuel Sacrist\u00e1n, y que me asesor\u00f3 sobre la constituci\u00f3n del comit\u00e9 cient\u00edfico con el que deb\u00eda negociar los participantes en las mesas. Y la segunda persona, Salvador L\u00f3pez Arnal, sin el cual no hubiera sido posible la estructura intelectual del evento, el contacto (tel\u00e9fonos\/emails) de un gran n\u00famero de participantes, posibles suplentes, y la creaci\u00f3n del contenido del n\u00famero especial de <i>El Viejo Topo<\/i> (financiado altruistamente por su editor, Miguel Riera Montesinos) que se public\u00f3 y regal\u00f3 durante el evento, y gran parte de la edici\u00f3n de las actas que se publicaron posteriormente.<\/p>\n<p><b>\u00bfCu\u00e1l era el contenido de ese <\/b><i><b>Viejo Topo<\/b><\/i><b> del que hablas? \u00bfPuede localizarse actualmente en la red?<\/b><\/p>\n<p><a href=\"https:\/\/espai-marx.net\/wp-content\/uploads\/2025\/03\/Homenaje-conmemorativo-a-Manuel-Sacristan-Luzon-1925-1985.png\"><img loading=\"lazy\" decoding=\"async\" class=\"alignright wp-image-17354\" src=\"https:\/\/espai-marx.net\/wp-content\/uploads\/2025\/03\/Homenaje-conmemorativo-a-Manuel-Sacristan-Luzon-1925-1985.png\" alt=\"\" width=\"200\" height=\"259\" srcset=\"https:\/\/espai-marx.net\/wp-content\/uploads\/2025\/03\/Homenaje-conmemorativo-a-Manuel-Sacristan-Luzon-1925-1985.png 570w, https:\/\/espai-marx.net\/wp-content\/uploads\/2025\/03\/Homenaje-conmemorativo-a-Manuel-Sacristan-Luzon-1925-1985-232x300.png 232w\" sizes=\"auto, (max-width: 200px) 100vw, 200px\" \/><\/a>El n\u00famero especial de <i>El Viejo Topo<\/i> ten\u00eda cuatro funciones: 1\u00aa. Informar a los asistentes sobre la estructura del homenaje, ponentes que participaban, horas, etc. 2\u00aa. Introducir y contextualizar la figura de Manuel Sacrist\u00e1n, a trav\u00e9s de un excelente texto recuperado de Joaquim Sempere; 3\u00aa. Ofrecer al lector, con la ayuda de Salvador L\u00f3pez Arnal, una serie de textos del homenajeado, en concreto sobre Marx y marxismo, dial\u00e9ctica, ciencia, filosof\u00eda, l\u00f3gica, textos pol\u00edticos-culturales, cr\u00edtica literaria, colaboraciones editoriales, y cartas personales, y 4\u00aa. Difundir las nuevas publicaciones y libros que se estaban publicando sobre Manuel Sacrist\u00e1n.<\/p>\n<p>Es importante destacar que Miguel Riera Montesinos acept\u00f3 desde un primer momento sufragar los costes de la impresi\u00f3n, aunque en mi foro interno creo que, en un primer momento, dud\u00f3 de que yo pudiera llevar a cabo el compromiso que hab\u00eda adquirido con \u00e9l.<\/p>\n<p><a name=\"_Hlt191313120\"><\/a><a name=\"_Hlt191313119\"><\/a> La revista se puede descargar gratuitamente desde uno de mis perfiles acad\u00e9micos a trav\u00e9s del siguiente enlace <u><a href=\"https:\/\/www.academia.edu\/93661891\/Homenaje_conmemorativo_a_Manuel_Sacrist%C3%A1n_Luz%C3%B3n_1925_1985_\" target=\"_top\">https:\/\/www.academia.edu\/93661891\/Homenaje_conm<\/a><a href=\"https:\/\/www.academia.edu\/93661891\/Homenaje_conmemorativo_a_Manuel_Sacrist%C3%A1n_Luz%C3%B3n_1925_1985_\" target=\"_top\">e<\/a><a href=\"https:\/\/www.academia.edu\/93661891\/Homenaje_conmemorativo_a_Manuel_Sacrist%C3%A1n_Luz%C3%B3n_1925_1985_\" target=\"_top\">morativo_a_Manuel_Sacrist%C3%A1n_Luz%C3%B3n_1925_1985_<\/a><\/u><\/p>\n<p><b>La edici\u00f3n de las actas a la que aludes, \u00bffue <\/b><i><b>El legado de un maestro<\/b><\/i><b>? \u00bfQui\u00e9nes lo editaron? Nos puedes explicar brevemente su contenido.<\/b><\/p>\n<p><a href=\"https:\/\/espai-marx.net\/wp-content\/uploads\/2025\/03\/el-legado-de-un-maestro.jpg\"><img loading=\"lazy\" decoding=\"async\" class=\"alignleft size-full wp-image-17355\" src=\"https:\/\/espai-marx.net\/wp-content\/uploads\/2025\/03\/el-legado-de-un-maestro.jpg\" alt=\"\" width=\"190\" height=\"265\" \/><\/a>Efectivamente, las actas a las que aludes corresponden al libro <i>El legado de un maestro<\/i>, publicado en 2007 por Ediciones de Intervenci\u00f3n Cultural (El Viejo Topo) y la Fundaci\u00f3n de Investigaciones Marxistas. El dise\u00f1o de la portada corri\u00f3 a cargo del dise\u00f1ador Francisco G\u00e1lvez, el cual siempre ha colaborado altruistamente en innumerables proyectos vinculados a la FIM, y la maqueta y la revisi\u00f3n orto-tipogr\u00e1fica corri\u00f3 a cargo de Isabel L\u00f3pez.<\/p>\n<p>Se recogen treinta y un textos, provenientes principalmente del Homenaje de Barcelona, pero tambi\u00e9n contiene colaboraciones de personas con las que contactamos <i>a posteriori<\/i>. La estructura interna respeta la organizaci\u00f3n de las mesas tem\u00e1ticas del homenaje.<\/p>\n<p>Personalmente me gustar\u00eda decir cuatro cosas sobre este libro: 1\u00ba. Sin el trabajo de Salvador L\u00f3pez Arnal no hubiera sido posible; 2\u00ba. Sin la colaboraci\u00f3n de Miguel Riera Montesinos no se hubiera publicado; 3\u00ba. Fue financiado gracias a los acuerdos econ\u00f3micos establecidos para realizar el homenaje; 4. Creo que es una de las obras de referencia para entender de forma poli\u00e9drica la figura de Manuel Sacrist\u00e1n, ya que podemos leer diferentes perspectivas sobre el autor.<\/p>\n<p>Las actas tambi\u00e9n pueden descargarse desde uno de mis perfiles acad\u00e9micos a trav\u00e9s del siguiente enlace: <u><a href=\"https:\/\/www.academia.edu\/38292472\/El_legado_de_un_Maestro_Manuel_Sacrist%C3%A1n_Luz%C3%B3n_Libro_\" target=\"_top\">https:\/\/www.academia.edu\/38292472\/El_legado_de_un_Maestro_Manuel_Sacrist%C3%A1n_Luz%C3%B3n_Libro_<\/a><\/u><\/p>\n<p><b>\u00bfQu\u00e9 recuerdas de la lecci\u00f3n inaugural que se imparti\u00f3 en el Aula Magna de la Universidad de Barcelona? \u00bfSali\u00f3 como ten\u00edas previsto?<\/b><\/p>\n<p>Mi recuerdo de la jornada inaugural est\u00e1 condicionado por mi labor organizativa del evento, el desgaste de muchos d\u00edas casi sin dormir, el deseo de que fuera un \u00e9xito, y la necesidad de que el trabajo de ingenier\u00eda pol\u00edtica realizado consiguiera los tres objetivos por los que hab\u00eda dedicado tiempo y esfuerzo: 1\u00ba Recuperaci\u00f3n institucional, pol\u00edtica, e intelectual de Manuel Sacrist\u00e1n; 2\u00ba. Proyecci\u00f3n p\u00fablica, entre pares, de la Fundaci\u00f3n de Investigaciones Marxistas y la Associaci\u00f3 Catalana d\u2019Investagacions Marxistes; 3\u00ba. Recomposici\u00f3n de puentes entre diferentes disc\u00edpulos, intelectuales, organizaciones pol\u00edticas, culturales, sindicales vinculadas al legado del homenajeado.<\/p>\n<p><b>Perm\u00edteme que te interrumpa. Hablas de \u00abrecuperaci\u00f3n institucional, pol\u00edtica, e intelectual de Manuel Sacrist\u00e1n\u00bb. \u00bfPor qu\u00e9 hab\u00eda que recuperar la figura de Manuel Sacrist\u00e1n? \u00bfReinada el olvido?<\/b><\/p>\n<p>Quiz\u00e1s me equivoque, pero siempre tuve la sensaci\u00f3n de que la figura de Manuel Sacrist\u00e1n fue voluntariamente olvidada por determinados partidos y colectivos pol\u00edticos a partir del inicio de los a\u00f1os noventa, se hab\u00eda convertido en un pensador inc\u00f3modo para ellos, siendo citado puntualmente, eso s\u00ed, como precursor del ecologismo, el pacifismo, y quiz\u00e1s el feminismo.<\/p>\n<p>Quiz\u00e1s sea interesante recordar que Izquierda Unida se funda en 1986,y que <i>Iniciativa per Catalunya Verds<\/i> en 1987, y que el muro de Berl\u00edn cae en 1989. En Catalu\u00f1a nos encontramos con un partido, heredero del PSUC, que intenta ocultar su pasado comunista, reorientando su comunicaci\u00f3n y sus pol\u00edticas hacia votantes vinculados a profesionales liberales, funcionariado de administraciones catalanas, y con una progresiva identificaci\u00f3n con valores nacionalistas. \u00bfEs este el mejor contexto para recuperar la figura del Manuel Sacrist\u00e1n comunista? No lo creo.<\/p>\n<p>Otro factor importante para su desconocimiento es el tipo de producci\u00f3n intelectual de Sacrist\u00e1n. Solo gracias al trabajo llevado a cabo por personas por todas conocidas ha podido ser ordenado y difundido.<\/p>\n<p>Si se me permite&#8230;<\/p>\n<p><b>Se te permite por supuesto&#8230;<\/b><\/p>\n<p>Creo que Manuel Sacrist\u00e1n es conocido actualmente por varios motivos: 1\u00ba. Porque desde los m\u00e1rgenes, y con el permiso de la familia, ha habido personas que se ha dejado la salud y la vida por recuperar su legado; 2\u00ba. Porque ha habido una serie de editoriales, principalmente una, que han cre\u00eddo en la necesidad de publicar, sabiendo que no tendr\u00eda beneficios, un gran n\u00famero de libros de y sobre Manuel Sacrist\u00e1n; 3\u00ba. Por el residual, pero constante, inter\u00e9s de algunos investigadores de corte marxista y militancia comunista; 4\u00ba Por la voluntad pol\u00edtica de determinadas organizaciones y sus militantes, ya sea por creencia, recuperaci\u00f3n de la memoria hist\u00f3rica o instrumentalizaci\u00f3n pol\u00edtica.<\/p>\n<p><b>Volvamos al acto de la Aula Magna.<\/b><\/p>\n<p>Respecto al acto del Aula Magna, se\u00f1alar\u00e9 varios recuerdos, que me vienen a la mente, y que pueden estar condicionados por posibles sesgos o recreaciones personales:<\/p>\n<p>1. El miedo a que el Paraninfo no se llenara, y que algunas personas relevantes del \u00e1mbito pol\u00edtico o intelectual no asistieran.<\/p>\n<p>2. La obsesi\u00f3n de que todo se registrara correctamente, y que los medios de comunicaci\u00f3n se hicieran eco del evento.<\/p>\n<p>3. El convencimiento de haber acertado con la elecci\u00f3n del maestro de ceremonias (Ramon Franquesa) que supo cumplir su cometido desde la humildad.<\/p>\n<p>4. La excelente sugerencia de \u00faltimo momento de V\u00edctor R\u00edos, reci\u00e9n llegada en una casete desde Italia, de incluir la versi\u00f3n de Ivan Della Mea de \u00abL\u2019Internazionale\u00bb en el acto inaugural, lo cual no era evidente debido a la participaci\u00f3n de cargos pol\u00edticos que apostaban por ocultar el pasado comunista del homenajeado y solo reconocerlo como precursor del ecologismo o el pacifismo.<\/p>\n<p>5. La sensaci\u00f3n de que algunos discursos que se realizaron desde la mesa inaugural se podr\u00edan haber preparado mejor.<\/p>\n<p>6. La autocensura de no haber incluido en las intervenciones inaugurales un interviniente que reclamara n\u00edtidamente el pasado comunista del homenajeado.<\/p>\n<p>7. La sensaci\u00f3n de haberme \u00abexcedido\u00bb con la Dra. Rosa Rossi al pedirle que interviniera, a pesar de su edad avanzada y evidente cansancio ese d\u00eda.<\/p>\n<p>8. El agradecimiento a todas aquellas que participaron, asistieron e hicieron posible que el homenaje tuviera lugar.<\/p>\n<p>En l\u00edneas generales podr\u00eda decir que el acto inaugural sali\u00f3 m\u00e1s o menos como estaba dise\u00f1ado, lo cual, sabiendo todo lo que podr\u00eda haber fallado, no est\u00e1 nada mal.<\/p>\n<figure id=\"attachment_17351\" aria-describedby=\"caption-attachment-17351\" style=\"width: 640px\" class=\"wp-caption aligncenter\"><a href=\"https:\/\/espai-marx.net\/wp-content\/uploads\/2025\/03\/conferencias_de_apertura_y_clausura.png\"><img loading=\"lazy\" decoding=\"async\" class=\"wp-image-17351 size-full\" src=\"https:\/\/espai-marx.net\/wp-content\/uploads\/2025\/03\/conferencias_de_apertura_y_clausura.png\" alt=\"\" width=\"640\" height=\"435\" srcset=\"https:\/\/espai-marx.net\/wp-content\/uploads\/2025\/03\/conferencias_de_apertura_y_clausura.png 640w, https:\/\/espai-marx.net\/wp-content\/uploads\/2025\/03\/conferencias_de_apertura_y_clausura-300x204.png 300w\" sizes=\"auto, (max-width: 640px) 100vw, 640px\" \/><\/a><figcaption id=\"caption-attachment-17351\" class=\"wp-caption-text\"><span style=\"font-size: 10pt;\">Conferencias de apertura de las jornadas. Juan Ram\u00f3n Capella, Antoni Dom\u00e8nech y Francisco Fern\u00e1ndez Buey (24 y 25 del 11-2005).<\/span><\/figcaption><\/figure>\n<p><b>Me extra\u00f1a lo que se\u00f1alas sobre la \u00abautocensura de no haber incluido en las intervenciones inaugurales un interviniente que reclamara n\u00edtidamente el pasado comunista del homenajeado\u00bb. \u00bfNo qued\u00f3 claro en la intervenci\u00f3n de V\u00edctor R\u00edos que Manuel Sacrist\u00e1n hab\u00eda sido un luchador antifranquista de orientaci\u00f3n comunista, un militante del PCE-PSUC durante m\u00e1s de 20 a\u00f1os?<\/b><\/p>\n<p>Es posible que tengas raz\u00f3n con tu observaci\u00f3n sobre la intervenci\u00f3n de V\u00edctor R\u00edos. He escuchado nuevamente su intervenci\u00f3n y es verdad que hace hincapi\u00e9 en el pasado comunista del homenajeado, pero sin querer ser puntilloso con la intervenci\u00f3n de V\u00edctor, y analizando tu pregunta, f\u00edjate la terminolog\u00eda que utilizas \u00ab<b>luchador antifranquista de orientaci\u00f3n comunista, un militante del PCE-PSUC durante m\u00e1s de 20 a\u00f1os\u00bb. <\/b>\u00bfNo ser\u00eda m\u00e1s f\u00e1cil decir que Sacrist\u00e1n fue un dirigente comunista del PSUC durante m\u00e1s de 20 a\u00f1os? Porque s\u00ed, evidentemente fue un militante de orientaci\u00f3n comunista, pero ser un dirigente de un partido comunista en la clandestinidad es algo muy diferente. Supone tomar decisiones que afectaban a las vidas de muchas personas, asumir responsabilidades, y a veces equivocarse. Insisto, ser un dirigente no es ser un militante de base.<\/p>\n<p><b>Tienes raz\u00f3n. No deber\u00eda haber preguntado como he preguntado.<\/b><\/p>\n<p>Pero volviendo a tu pregunta, y como has hecho referencia a mis recuerdos, te pido que te pongas en mi lugar en 2005. Yo en aquel momento era un militante comunista, que hab\u00eda invertido m\u00e1s de un a\u00f1o de mi vida para hacer un homenaje a un pensador marxista, y un l\u00edder comunista en la clandestinidad, y que hab\u00eda tenido que negociar una jornada inaugural relativamente neutra. Si me permites caricaturizarme, cualquier intervenci\u00f3n que no dijera claramente que Manuel Sacrist\u00e1n hab\u00eda sido un dirigente comunista del PSUC y del PCE en la clandestinidad, y que la lucha de clases era el motor de la historia, o que el comunismo era el \u00fanico camino para transformar la sociedad, me sab\u00eda a poco.<\/p>\n<p><b>Muy comprensible, m\u00e1s que comprensible.<\/b><\/p>\n<p>Quiz\u00e1s te parezca una tonter\u00eda, pero si analizas toda la imagen gr\u00e1fica del homenaje, nos autocensuramos hasta la gama crom\u00e1tica que escogimos para el dise\u00f1o de la carteler\u00eda y la web. Si lo recuerdas, no hab\u00eda nada rojo, optamos por utilizar el negro, el blanco y el amarillo.<\/p>\n<p><b>Sinceramente, no me di cuenta, nunca pens\u00e9 en lo que est\u00e1s comentando.<\/b><\/p>\n<p>Por todo eso, la decisi\u00f3n de incluir la Internacional en la clausura de la jornada inaugural la viv\u00ed como una liberaci\u00f3n personal. Sab\u00eda que en los dos d\u00edas posteriores todo ser\u00eda m\u00e1s fluido, y que solo deber\u00eda lidiar con algunos ponentes, pero nada comparado con un desencuentro en la jornada inaugural.<\/p>\n<p><b>Has hablado antes de ello, pero me gustar\u00eda insistir. Durante las jornadas se estren\u00f3, si no ando errado, uno de los ocho documentales de \u00abIntegral Sacrist\u00e1n\u00bb dirigidos por Xavier Juncosa (con gui\u00f3n de \u00e9l mismo y de Joan Benach). \u00bfInteres\u00f3, gust\u00f3? Poco despu\u00e9s jugaste un papel esencial en la edici\u00f3n de los documentales por El Viejo Topo. \u00bfQu\u00e9 recuerdas de todo aquello?<\/b><\/p>\n<p>Contestar\u00e9 por partes.<\/p>\n<p>Tal y como se\u00f1alas, durante las jornadas se present\u00f3 el Integral Sacrist\u00e1n, pero debo corregirte, ya que se presentaron dos de los ocho cap\u00edtulos \/ documentales.<\/p>\n<p><b>Tienes raz\u00f3n, gracias por la correcci\u00f3n.<\/b><\/p>\n<p><a href=\"https:\/\/espai-marx.net\/wp-content\/uploads\/2020\/06\/Integral-Sacrist\u00e1n_p.png\"><img loading=\"lazy\" decoding=\"async\" class=\"alignright wp-image-8054\" src=\"https:\/\/espai-marx.net\/wp-content\/uploads\/2020\/06\/Integral-Sacrist\u00e1n_p.png\" alt=\"\" width=\"200\" height=\"280\" srcset=\"https:\/\/espai-marx.net\/wp-content\/uploads\/2020\/06\/Integral-Sacrist\u00e1n_p.png 333w, https:\/\/espai-marx.net\/wp-content\/uploads\/2020\/06\/Integral-Sacrist\u00e1n_p-214x300.png 214w\" sizes=\"auto, (max-width: 200px) 100vw, 200px\" \/><\/a>El primer documental se proyect\u00f3 el d\u00eda 24 de noviembre tras la primera mesa del congreso. Las caracter\u00edsticas de la sala no permitieron apreciar la calidad del documento, y debido a que la primera mesa se extendi\u00f3 mucho m\u00e1s de lo previsto y que los asistentes deb\u00eda ir a comer, recuerdo que no hubo muchos espectadores.<\/p>\n<p>La proyecci\u00f3n del segundo documental, y la presentaci\u00f3n oficial del proyecto fue todo un \u00e9xito, ya que conseguimos que la Filmoteca de Catalunya cediera sus instalaciones, y recuerdo que la sala estaba casi llena. Xavier introdujo brevemente el proyecto, y todos disfrutamos del contenido proyectado.<\/p>\n<p>Para explicar mi papel en la edici\u00f3n o, mejor dicho, postproducci\u00f3n, y comercializaci\u00f3n del Integral Sacrist\u00e1n, creo que habr\u00eda que explicar primero que era el \u00abIntegral Sacrist\u00e1n\u00bb, y c\u00f3mo se hizo. Espero que Xavier Juncosa, Salvador L\u00f3pez Arnal y Joan Benach no se ofendan por la simplificaci\u00f3n que voy a hacer.<\/p>\n<p><b>Seguro que no, con total seguridad.<\/b><\/p>\n<p>Integral Sacrist\u00e1n es un trabajo audiovisual que desborda el sentido com\u00fan, en el que un director con curiosidad infinita (Xavier Juncosa), junto a dos guionistas conocedores de Sacrist\u00e1n (Joan Benach, y Salvador L\u00f3pez Arnal), deciden embarcase en una aventura que tiene como objetivo un documental, y que termina materializ\u00e1ndose en ocho m\u00e1s un libro. Todo ello con un \u00ednfimo presupuesto recaudado entre amigos, y conocidos, e involucrando a su c\u00f3nyuges, etc., en la aventura.<\/p>\n<p>Yo conoc\u00ed el proyecto durante la elaboraci\u00f3n del homenaje, y teniendo en cuenta su relevancia, reserv\u00e9 una cantidad de dinero del evento para financiar parte de la posproducci\u00f3n.<\/p>\n<p>En conversaciones con Xavier, Salvador, y Joan, me explicaron que el verdadero problema que ten\u00eda justo despu\u00e9s de terminar el homenaje es que todo el trabajo \u00abart\u00edstico\u00bb del proyecto estaba finalizado, pero que no ten\u00eda recursos econ\u00f3micos para la posproducci\u00f3n, comercializaci\u00f3n y difusi\u00f3n de los ocho documentales y el libro.<\/p>\n<p>Lo que s\u00ed que me ense\u00f1aron es que ten\u00edan una serie de cartas de determinadas administraciones p\u00fablicas en las que, dado el valor del proyecto documental, se compromet\u00edan a comprar un n\u00famero determinado de unidades del producto finalizado. El problema es que, como todo se hab\u00eda dilatado en el tiempo, esas cartas ya no ten\u00edan vigencia, por lo que no era efectivas.<\/p>\n<p>Por cuestiones que quiz\u00e1s pueda explicar posteriormente, tras el finalizar el homenaje (noviembre 2005), Miguel Riera Montesinos me contrat\u00f3 como responsable de marketing y ventas de Ediciones de Intervenci\u00f3n Cultural (febrero del 2006), y teniendo en cuenta la excelente relaci\u00f3n de Miguel con Salvador, que Joan era autor de la casa, y el inter\u00e9s de Miguel por la recuperaci\u00f3n de la figura de Sacrist\u00e1n, se acord\u00f3, que yo hiciera todo lo posible para: 1. Actualizar los compromisos de las administraciones p\u00fablicas para la compra de unidades; 2. Encontrar un dise\u00f1ador (Julio Saenz de Tejada) que dise\u00f1ara un <i>packaging<\/i> que permitiera comercializar los 8 DCV m\u00e1s el libro. 3. Buscar empresas y negociar condiciones para que se pudieran crear los masters de los documentales, y se produjeran la duplicaci\u00f3n de los DVD\u2019s y los packs; 4. Que se comercializara en todo Espa\u00f1a y en Am\u00e9rica Latina; y 5. Que se hiciera una fiesta de presentaci\u00f3n, la cual tuvo lugar en el a\u00f1o 2007 en el Caf\u00e9 Salamb\u00f3 de Barcelona. Todo ello, y no sin ciertas dificultades, se consigui\u00f3. Hoy en d\u00eda, todav\u00eda puede adquirirse en la web de El Viejo Topo: <u><a href=\"https:\/\/tienda.elviejotopo.com\/teoria-politica\/1076-integral-sacristan-9788496356894.html\" target=\"_top\">https:\/\/tienda.elviejotopo.com\/teoria-politica\/1076-integral-sacristan-9788496356894.html<\/a><\/u><\/p>\n<p>Si se me permite, y tenido en cuenta que en esta ocasi\u00f3n s\u00ed que recib\u00eda un salario por todo el trabajo que realizaba en la editorial, recuerdo el Integral Sacrist\u00e1n como curso acelerado de un a\u00f1o en gesti\u00f3n con administraciones p\u00fablicas, y la posproducci\u00f3n y comercializaci\u00f3n de productos audiovisuales. Sobre la posproducci\u00f3n, le debo todo lo que s\u00e9 a Xavier Juncosa quien, con paciencia infinita, me explic\u00f3 todo lo que era necesario para que un DVD elaborado por \u00e9l pudiera comercializarse y reproducirse en las casas de los interesados.<\/p>\n<p><b>Han pasado 20 a\u00f1os desde entonces. \u00bfQu\u00e9 te resulta m\u00e1s imborrable de todo aquello?<\/b><\/p>\n<p>Si me permites, me gustar\u00eda contestar nuevamente en diferentes planos. Uno personal, otro profesional, y por \u00faltimo pol\u00edtico.<\/p>\n<p><b>Adelante con los planos. Veo que te encuentras muy c\u00f3modo con las las ternas o tr\u00edadas, probable herencia hegelo-marxiana,<\/b><\/p>\n<p>Para estar de acuerdo contigo deber\u00eda haber le\u00eddo a Hegel, y entenderlo, lo cual creo que est\u00e1 fuera de mis capacidades. Con Marx me he defendido un poco mejor, aunque reconozco que hay partes del <i>Capital<\/i> que me est\u00e1n vetadas.<\/p>\n<p>Volviendo con los planos, aunque personalmente ya ten\u00eda experiencia profesional en otros \u00e1mbitos, y hab\u00eda participado en el montaje y desarrollo de eventos alternativos de car\u00e1cter cultural, el Homenaje a Manuel Sacrist\u00e1n supuso para m\u00ed un gran reto. A esto hay que sumarle que la tecnolog\u00eda no estaba tan desarrollada y que cualquier gesti\u00f3n, contacto, informaci\u00f3n, se demoraba en el tiempo, o deb\u00eda hacerse en persona (firmas de convenios, etc). En este mismo \u00e1mbito, debo confesar que, gracias a la generosidad de muchos de los participantes -Salvador, Paco, Javier, etc.- tambi\u00e9n tuve acceso a personas (intelectuales, militantes, intelectuales-militantes, militantes-ilustrados, trabajadores) que me enriquecieron a nivel personal e intelectual como nunca hubiera imaginado. De la misma manera, tambi\u00e9n presencie comportamientos que me \u00abvacunaron\u00bb sobre la idealizaci\u00f3n y romantizaci\u00f3n de la intelectualidad progresista.<\/p>\n<p><b>Disculpa si desciendo a cosas concretas. \u00bfC\u00f3mo te ganaste la vida durante ese a\u00f1o y pico? \u00bfTen\u00edas casa ya en Barcelona?<\/b><\/p>\n<p>Durante aquel tiempo viv\u00eda en una habitaci\u00f3n en un piso compartido, trabajaba en la librer\u00eda Crisol 22 horas semanales, y hac\u00eda \u00abbolos\u00bb de camarero, profesi\u00f3n a la que me hab\u00eda dedicado desde los 18 a los 25 a\u00f1os, aproximadamente.<\/p>\n<p><b>Entiendo entonces que no cobrabas un salario por parte del PCE, IU, la FIM u otra organizaci\u00f3n, que lo tuyo era generosidad en grado m\u00e1ximo.<\/b><\/p>\n<p>Exacto, en ning\u00fan momento percib\u00ed ninguna retribuci\u00f3n por mi trabajo. M\u00e1s que generosidad, fue militancia pol\u00edtica, algo muy habitual en nuestra tradici\u00f3n, y a lo que tampoco hay darle m\u00e1s valor que el que tiene. Cada uno tienes sus motivos para tomar decisiones en la vida, pero si algo gan\u00e9 durante y tras la organizaci\u00f3n del evento fueron tres cosas: 1. Experiencia profesional y personal; 2. Capital simb\u00f3lico; y 3. Capital relacional.<\/p>\n<p>Aprovecho tu pregunta para entrar un poco en detalle sobre el proceso seguido para conseguir la participaci\u00f3n de las universidades p\u00fablicas catalanas, y por lo tanto su colaboraci\u00f3n econ\u00f3mica.<\/p>\n<p>Para poder proponer a las universidades p\u00fablicas de Barcelona su participaci\u00f3n en el homenaje, se tuvo que: 1\u00ba. Recoger cartas de apoyo de profesores de cada una de las universidades; 2\u00ba. Elevarlas a los rectorados que, en aquel momento, eran de corte progresista; 3\u00ba. Elaborar los convenios marco entre la FIM y cada una de las universidades; 4\u00ba. Elaborar los convenios espec\u00edficos entre la FIM y las cuatro universidades participantes, en las que ya se especificaban las responsabilidades y aportes econ\u00f3micos de cada firmante, ya fuera en dinero o especies (instalaciones).<\/p>\n<p>De los fondos conseguidos se financiaron: el salario del dise\u00f1ador (remunerado muy por debajo del mercado), la impresi\u00f3n de d\u00edpticos, tr\u00edpticos y <i>flyer<\/i>, la elaboraci\u00f3n de p\u00e1gina web, publicaci\u00f3n de las actas, viajes de ponentes (M\u00e9xico, Alemania, Madrid, Zaragoza, Sevilla, etc.), estancias en hoteles y comidas, m\u00e1s un largo etc\u00e9tera de otros peque\u00f1os gastos. Evidentemente, de todo eso se present\u00f3 factura a las entidades financiadoras y se hizo una memoria econ\u00f3mica. La grabaci\u00f3n del evento (2005) y la edici\u00f3n del contenido puesta en circulaci\u00f3n (2014), menos el d\u00eda de la jornada inaugural, corri\u00f3 a mi cargo, y no fue remunerada.<\/p>\n<p>Todos estos procesos se desarrollaron bajo un estresante calendario, ya que si no consegu\u00eda las firmas de los convenios en una fecha determinada, las partidas presupuestarias no podr\u00edan haber sido asignadas al evento, y por lo tanto no se podr\u00eda haber hecho.<\/p>\n<p><b>Vuelvo a una respuesta tuya. \u00bfA qu\u00e9 tipo de comportamientos te refieres cuando hablas de \u00abvacunaci\u00f3n\u00bb?<\/b><\/p>\n<p>No me gustar\u00eda entrar en detalles, pero todos somos conscientes que el mundo de los intelectuales y acad\u00e9micos no es tan pl\u00e1cido como puede parecer. Que uno sea doctor en algo, y yo lo soy desde hacer tres a\u00f1os, que trabaje en una universidad, yo he trabajado dos de forma precaria y desde hace un mes he ganado una beca internacional por seis a\u00f1os para dar docencia e investigar, no garantiza ser una buena persona o tener comportamientos poco edificantes. Y en eso me incluyo el primero.<\/p>\n<p><b>Vayamos al segundo plano, el profesional.<\/b><\/p>\n<p>Profesionalmente, me permiti\u00f3 conocer a Miguel Riera Montesinos, el cual me fich\u00f3 tres meses m\u00e1s tarde como responsable de marketing y ventas de la editorial Ediciones de Intervenci\u00f3n Cultural (El Viejo Topo, Montesinos, Quimera, etc.), lugar donde estuve trabajando los siguientes cinco a\u00f1os, y donde aprend\u00ed casi todo lo que s\u00e9 de la industria del libro. Este puesto de trabajo tambi\u00e9n me permiti\u00f3 conocer de primera mano las grandezas y miserias de una determinada izquierda, y sus diferentes derivas pol\u00edticas.<\/p>\n<p><b>Cu\u00e9ntanos algunas de esas grandezas y miserias de esa izquierda<\/b><\/p>\n<p>Tampoco esta vez me gustar\u00eda entrar en detalles, pero debes pensar que la editorial El Viejo Topo, y su revista, fueron durante muchos a\u00f1os una de las pocas plataformas de influencia pol\u00edtica de izquierdas en Espa\u00f1a, y que ser entrevistado, o publicar un art\u00edculo o un libro, pod\u00eda legitimar un perfil pol\u00edtico y\/o acad\u00e9mico.<\/p>\n<p>Durante cinco a\u00f1os fui un observador privilegiado de como algunas personas o colectivos intentaban instrumentalizar El Viejo Topo, o acercase a Miguel Riera Montesinos por motivos espurios, ya fueran pol\u00edticos, de difusi\u00f3n personal, o econ\u00f3micos.<\/p>\n<p>Tambi\u00e9n viv\u00ed en primera persona como determinadas izquierdas, pol\u00edticos o pensadores progresistas de car\u00e1cter identitario o que hab\u00edan abandonado el \u00abhilo rojo\u00bb de la historia, condenaban al ostracismo a la editorial, y dificultaban el acceso a recursos econ\u00f3micos o medi\u00e1ticos habituales para una revista \/ editorial, con la trayectoria de El Viejo Topo.<\/p>\n<p><b>\u00bfDe qu\u00e9 personas hablas? \u00bfEst\u00e1s diciendo que quisieron marginar a la editorial del Viejo Topo por no defender posiciones nacionalistas o por vincularse al \u00abhilo rojo\u00bb de la historia?<\/b><\/p>\n<p>Se hace complicado contestar a esta pregunta, pero como anteriormente he mencionado, el partido hegem\u00f3nico que supuestamente era de izquierdas en Catalu\u00f1a hab\u00eda modificado el target al que se dirig\u00eda, apostando por el ecologismo, y dando prioridad a la identidad nacional, m\u00e1s que a la clase.<\/p>\n<p>Quiz\u00e1s sea interesante recordar que, desde hace d\u00e9cadas, los votantes que residen en Catalu\u00f1a, y que podr\u00edan estar vinculados ideol\u00f3gicamente a Izquierda Unida o al PCE, solo pueden votar en las elecciones europeas a un partido cuyos representantes se inscriben directamente al Grupo de los Verdes\/Alianza Libre Europea, y no al grupo de la Izquierda Europea. Tambi\u00e9n es interesante que el europarlamentario que represent\u00f3 dicho partido desde los a\u00f1os 2004 al 2014, termin\u00f3 siendo una figura importante dentro del proceso independentista en Catalu\u00f1a.<\/p>\n<p>Creo que a buen entendedor\u2026\u2026<\/p>\n<p><b>Te has explicado muy bien. Te queda el \u00faltimo elemento de la terna.<\/b><\/p>\n<p>Por \u00faltimo, creo que en t\u00e9rminos pol\u00edticos el Homenaje supuso un relanzamiento de la figura del Manuel Sacrist\u00e1n a nivel espa\u00f1ol, iniciada hac\u00eda unos a\u00f1os por Salvador L\u00f3pez Arnal, haci\u00e9ndolo accesible a una nueva generaci\u00f3n de investigadores, y militantes pol\u00edticos. Remiti\u00e9ndome a unos sencillos datos, y sabiendo que no son concluyentes, si buscamos en Google Acad\u00e9mico el t\u00e9rmino \u00abManuel Sacrist\u00e1n\u00bb y le pedimos que nos indique las referencias encontradas desde el 1985 al 2004, nos da un n\u00famero de 1.130 resultados. Si hacemos los mismo con el periodo 2005-2025, el resultado es de 5.020 referencias. Creo que, entre todos, algo hemos hecho bien. Sacrist\u00e1n sigue siendo residual, y de nicho, pero no ha desparecido como si lo han hecho muchos de los intelectuales de la segunda mitad del siglo XX.<\/p>\n<p>Tambi\u00e9n, y no quiero pecar de soberbia, creo el homenaje supuso una pacificaci\u00f3n y reencuentro de lo que se ha llamado la Escuela de Barcelona, los disc\u00edpulos de Manuel Sacrist\u00e1n. Y permiti\u00f3 relativizar las disputas que hab\u00edan surgido tras la muerte del Maestro.<\/p>\n<p><b>Se est\u00e1 recordando este 2025 el primer centenario del nacimiento Sacrist\u00e1n. \u00bfQu\u00e9 opini\u00f3n te merecen los actos que se est\u00e1n organizando? <\/b><b>\u00bfParticipas en la organizaci\u00f3n?<\/b><\/p>\n<p>Empezar\u00e9 contestando a la segunda parte de tu pregunta, y posteriormente seguir\u00e9 con la primera.<\/p>\n<p>Aunque te\u00f3ricamente formo parte del n\u00facleo de personas que est\u00e1n opinando sobre los actos de Centenario, debo reconocer que mi participaci\u00f3n est\u00e1 siendo residual, por no decir evasiva. No es que reniegue de mi pasado, ni que no considere que es necesario o imprescindible difundir la figura de Manuel Sacrist\u00e1n, pero por cuestiones personales y profesionales, estoy obligado a centrar mis esfuerzos en otro tipo de actividades.<\/p>\n<p>Respecto a los actos que se est\u00e1n realizando, creo que las personas y organizaciones que est\u00e1n proponiendo, y coordinando este Centenario de forma descentralizada est\u00e1n haciendo una gran labor, y sin desmerecer al conjunto de personas que los est\u00e1n haciendo posibles, me gustar\u00eda resaltar el trabajo de dos personas y una asociaci\u00f3n: la primera persona es Salvador L\u00f3pez Arnal y la segunda Jos\u00e9 Sarri\u00f3n Andaluz. Como asociaci\u00f3n, y sin dem\u00e9rito de otras que tambi\u00e9n est\u00e1n colaborando, querr\u00eda destacar a Espai Marx, la cual ha creado un espacio virtual (<u><a href=\"https:\/\/espai-marx.net\/sacristan\/\" target=\"_top\">https:\/\/espai-marx.net\/sacristan\/<\/a><\/u>) y de redes sociales (X: <u><a href=\"https:\/\/x.com\/Sacristan2025\" target=\"_top\">@Sacristan2025<\/a><\/u> Instagram: @sacristan2025<b>) <\/b>en las que se pueden encontrar materiales de Manuel Sacrist\u00e1n, e informarse de los eventos que se est\u00e1n desarrollando.<\/p>\n<p><b>\u00bfQuieres a\u00f1adir algo m\u00e1s?<\/b><\/p>\n<p>Ya que me das la oportunidad querr\u00eda finalizar con cuatro cuestiones: 1. Aunque durante entrevista pueda parecer que peco de excesivo personalismo, querr\u00eda decir que mi labor fue necesaria para que tuviera lugar este tipo de homenaje, pero seguro que sin m\u00ed se hubiera hecho otro distinto; 2. Que pude desarrollar todas las gestiones porque hubo un grupo de personas en determinadas instituciones y colectivos que decidieron conjurarse para que este homenaje tuviera lugar, y que en la mayor\u00eda de ocasiones estas personas aceptaron colaborar por la estima y respeto que ten\u00eda a la figura y persona de Manuel Sacrist\u00e1n, o porque ve\u00edan en mi a un representante de la FIM o de ACIM, e indirectamente de dos partidos pol\u00edticos de corte comunista, lo cual, ya fuera por nostalgia, compromiso hist\u00f3rico o por militancia, les hac\u00eda estar predispuestos a colaborar desinteresadamente; 3. Esperar y desear que el Centenario finalice con la concreci\u00f3n de un proyecto sobre el que venimos conversando desde hacer muchos meses, y personalmente considero primordial; 4. Agradecerte el inter\u00e9s por entrevistarme, espero que mi memoria no me haya traicionado, y que mis sesgos no me hayan hecho incurrir en falsedades o en olvidos interesados.<\/p>\n<p><b>Tu memoria no te ha traicionado. No habitan en tus palabras ni las falsedades ni los olvidos interesados. <\/b><\/p>\n<p><b>Gracias por tu tiempo, tu excelente memoria y tus magn\u00edficos comentarios que ayudan a comprender todo lo que se cocin\u00f3 en aquel homenaje inolvidable.<\/b><\/p>\n<p>Imagen de portada: I\u00f1aki Vazquez Alvarez ( 23-11-2005) en la puerta del Paraninfo<\/p>\n","protected":false},"excerpt":{"rendered":"<p>\u00abEn ning\u00fan momento percib\u00ed ninguna retribuci\u00f3n por mi trabajo. M\u00e1s que generosidad, fue militancia pol\u00edtica, algo muy habitual en nuestra<\/p>\n","protected":false},"author":5,"featured_media":17359,"comment_status":"open","ping_status":"open","sticky":false,"template":"","format":"standard","meta":{"footnotes":""},"categories":[880,10],"tags":[],"class_list":["post-17348","post","type-post","status-publish","format-standard","has-post-thumbnail","hentry","category-actividades","category-manuel-sacristan"],"aioseo_notices":[],"_links":{"self":[{"href":"https:\/\/espai-marx.net\/index.php?rest_route=\/wp\/v2\/posts\/17348","targetHints":{"allow":["GET"]}}],"collection":[{"href":"https:\/\/espai-marx.net\/index.php?rest_route=\/wp\/v2\/posts"}],"about":[{"href":"https:\/\/espai-marx.net\/index.php?rest_route=\/wp\/v2\/types\/post"}],"author":[{"embeddable":true,"href":"https:\/\/espai-marx.net\/index.php?rest_route=\/wp\/v2\/users\/5"}],"replies":[{"embeddable":true,"href":"https:\/\/espai-marx.net\/index.php?rest_route=%2Fwp%2Fv2%2Fcomments&post=17348"}],"version-history":[{"count":5,"href":"https:\/\/espai-marx.net\/index.php?rest_route=\/wp\/v2\/posts\/17348\/revisions"}],"predecessor-version":[{"id":17360,"href":"https:\/\/espai-marx.net\/index.php?rest_route=\/wp\/v2\/posts\/17348\/revisions\/17360"}],"wp:featuredmedia":[{"embeddable":true,"href":"https:\/\/espai-marx.net\/index.php?rest_route=\/wp\/v2\/media\/17359"}],"wp:attachment":[{"href":"https:\/\/espai-marx.net\/index.php?rest_route=%2Fwp%2Fv2%2Fmedia&parent=17348"}],"wp:term":[{"taxonomy":"category","embeddable":true,"href":"https:\/\/espai-marx.net\/index.php?rest_route=%2Fwp%2Fv2%2Fcategories&post=17348"},{"taxonomy":"post_tag","embeddable":true,"href":"https:\/\/espai-marx.net\/index.php?rest_route=%2Fwp%2Fv2%2Ftags&post=17348"}],"curies":[{"name":"wp","href":"https:\/\/api.w.org\/{rel}","templated":true}]}}