{"id":17448,"date":"2025-03-16T05:00:59","date_gmt":"2025-03-16T04:00:59","guid":{"rendered":"https:\/\/espai-marx.net\/?p=17448"},"modified":"2025-03-16T00:53:03","modified_gmt":"2025-03-15T23:53:03","slug":"la-aterradora-militarizacion-de-europa","status":"publish","type":"post","link":"https:\/\/espai-marx.net\/?p=17448","title":{"rendered":"La aterradora militarizaci\u00f3n de Europa"},"content":{"rendered":"<div dir=\"ltr\">\n<div class=\"yiv5553274876ydp819e038apasted-link\">\n<p><strong>Un espectro acecha a Europa, el espectro del militarismo. Detr\u00e1s de este fervor b\u00e9lico se esconde mucho m\u00e1s que la supuesta amenaza de Rusia. El declive econ\u00f3mico y la lucha por la dominaci\u00f3n geopol\u00edtica desempe\u00f1an un papel crucial en la creciente militarizaci\u00f3n del continente.<\/strong><\/p>\n<p>Los l\u00edderes europeos quieren aumentar dr\u00e1sticamente el gasto en defensa y preparar sus econom\u00edas para la guerra. Existen planes para introducir (por ahora) el servicio militar voluntario y para instalar un <a href=\"https:\/\/contropiano.org\/news\/internazionale-news\/2025\/02\/22\/channo-rimasto-soli-lunione-europea-cerca-un-ombrello-nucleare-0180648\" target=\"_blank\" rel=\"nofollow noopener noreferrer\">escudo nuclear<\/a>. Algunos pa\u00edses est\u00e1n dispuestos a enviar tropas a los pa\u00edses vecinos de Rusia, incluida Ucrania.<\/p>\n<p>Boris Pistorius, el exministro de Defensa alem\u00e1n, <a href=\"https:\/\/www.unsere-zeit.de\/uebergang-zur-kriegswirtschaft-4800209\/\" target=\"_blank\" rel=\"nofollow noopener noreferrer\">ha declarado<\/a> que su pa\u00eds estar\u00e1 \u00abpreparado para la guerra\u00bb (Kriegst\u00fcchtigkeit) para 2029. Se ha desenterrado el hacha de guerra.<\/p>\n<p>\u00abTrump nos ha traicionado y Putin nos amenaza, por eso debemos intensificar nuestros esfuerzos militares y prepararnos para la guerra\u00bb. Esta es la narrativa que la \u00e9lite europea nos impone y que se difunde ampliamente en los medios de comunicaci\u00f3n de masas.<\/p>\n<p>Sin embargo, esta narrativa oculta las verdaderas razones y causas subyacentes de este fervor b\u00e9lico.<\/p>\n<p><strong>Declive<\/strong><\/p>\n<p>La militarizaci\u00f3n de Europa forma parte de una crisis econ\u00f3mica m\u00e1s amplia. Desde la crisis financiera de 2008, la econom\u00eda europea ha tenido dificultades para encontrar nuevas v\u00edas de crecimiento. La crisis de la COVID-19 ha asestado un duro golpe a la econom\u00eda y, desde las sanciones econ\u00f3micas contra Rusia, hemos renunciado a nuestra energ\u00eda barata.<\/p>\n<p>Debido a una obsesi\u00f3n por la austeridad, los gobiernos han descuidado sectores esenciales para el desarrollo de la productividad, como la educaci\u00f3n y la ciencia. Por su parte, los oligarcas financieros no han invertido suficientemente sus ganancias monopol\u00edsticas en nuevas tecnolog\u00edas para competir con Estados Unidos y China.<\/p>\n<p>Como consecuencia, Europa est\u00e1 rezagada en tecnolog\u00eda y econom\u00eda.<\/p>\n<p>En el plano geopol\u00edtico, la situaci\u00f3n no es m\u00e1s favorable. Europa y Estados Unidos no han logrado, tras la ca\u00edda de la Uni\u00f3n Sovi\u00e9tica, transformar a Rusia en una semicolonia ni provocar un cambio de r\u00e9gimen capitalista en China.<\/p>\n<p>La esperanza era que, al integrar a China en la Organizaci\u00f3n Mundial del Comercio e invertir masivamente en ella, las fuerzas capitalistas crecer\u00edan hasta el punto de tomar el poder en lugar del Partido Comunista. Fue una ilusi\u00f3n.<\/p>\n<p>Al seguir ciegamente a Estados Unidos, Europa descuid\u00f3, tras la ca\u00edda de la URSS, la construcci\u00f3n de una estructura de seguridad equilibrada, que incluyera tambi\u00e9n a Rusia.<\/p>\n<p>Hoy en d\u00eda, Rusia y China se han convertido en adversarios temibles con los que hay que contar.<\/p>\n<p>Bajo el impulso de China, los pa\u00edses del Sur, a trav\u00e9s de los BRICS, tambi\u00e9n constituyen un contrapeso creciente a la dominaci\u00f3n del Norte.<\/p>\n<p><strong>La lucha ha comenzado<\/strong><\/p>\n<p>En este contexto, la \u00e9lite estadounidense, bajo la direcci\u00f3n de Trump y Musk, ha lanzado una campa\u00f1a agresiva para preservar la supremac\u00eda absoluta de Estados Unidos (<i>Make America Great Again<\/i>), incluso a costa de sacrificar a sus aliados m\u00e1s cercanos.<\/p>\n<p>Esto significa que la lucha entre Estados Unidos y las otras grandes potencias imperialistas ya est\u00e1 abierta. En el Foro Econ\u00f3mico Mundial de Davos, Ursula von der Leyen lo <a href=\"https:\/\/germany.representation.ec.europa.eu\/news\/rede-von-kommissionsprasidentin-von-der-leyen-auf-dem-weltwirtschaftsforum-2025-01-21_de\" target=\"_blank\" rel=\"nofollow noopener noreferrer\">expres\u00f3<\/a> as\u00ed:<\/p>\n<p>\u00abLa orden mundial basada en la cooperaci\u00f3n, tal como la hab\u00edamos concebido hace 25 a\u00f1os, no se ha materializado. En su lugar, hemos entrado en una nueva era de intensa competencia geopol\u00edtica.<\/p>\n<p>Las mayores econom\u00edas del mundo luchan por el acceso a los recursos, las nuevas tecnolog\u00edas y las rutas comerciales mundiales. Desde la inteligencia artificial hasta las tecnolog\u00edas limpias, desde la inform\u00e1tica cu\u00e1ntica hasta el espacio, desde el \u00c1rtico hasta el Mar de China Meridional, la carrera ha comenzado\u00bb.<\/p>\n<p>La fuerza motriz de esta carrera es la maximizaci\u00f3n de los beneficios y la expansi\u00f3n del capital monopol\u00edstico occidental. Eso es lo que est\u00e1 en juego, y de eso se trata en \u00faltima instancia. Para llevar a cabo esta carrera, se apuesta por la carta militar. Como dijo el antiguo canciller alem\u00e1n Gerhard Schr\u00f6der:<\/p>\n<p>\u00abUn pa\u00eds solo cuenta realmente en la escena internacional si est\u00e1 dispuesto a hacer la guerra\u00bb.<\/p>\n<p><strong>Pretexto<\/strong><\/p>\n<p>El principal pretexto de este frenes\u00ed b\u00e9lico, a saber, que Rusia representa una amenaza militar, no se sostiene. Mosc\u00fa no tiene ninguna intenci\u00f3n expansionista.<\/p>\n<p>Seg\u00fan destacados expertos como Jeffrey Sachs y John Mearsheimer, la invasi\u00f3n de Ucrania fue una respuesta de Mosc\u00fa a la expansi\u00f3n de la OTAN hacia el este y a la militarizaci\u00f3n de Ucrania. Mosc\u00fa ve\u00eda en ello una amenaza existencial.<\/p>\n<p>En cuanto a la guerra convencional, Europa no est\u00e1 a la altura de Rusia.<\/p>\n<p>El Kremlin se ha atascado r\u00e1pidamente en Ucrania, un pa\u00eds mucho m\u00e1s d\u00e9bil. Y si estallara una confrontaci\u00f3n entre Europa y Rusia, estar\u00edamos ante un escenario nuclear. Un <i>end game<\/i> que nadie desea.<\/p>\n<p><strong>Econom\u00eda de guerra<\/strong><\/p>\n<p>Por lo tanto, las tensiones militares actuales no son tanto el resultado de oposiciones geopol\u00edticas con Rusia, China y ahora tambi\u00e9n con Estados Unidos, sino que est\u00e1n arraigadas en el ansia del capital monopol\u00edstico occidental de maximizar sus beneficios y su expansi\u00f3n.<\/p>\n<p>Para garantizar los beneficios de los monopolios occidentales, es necesario asegurar las inversiones y los mercados extranjeros, as\u00ed como el suministro de materias primas a bajo coste. Para ello, es indispensable un poderoso aparato militar, incluso si esto implica llamar al orden por la fuerza a los pa\u00edses recalcitrantes.<\/p>\n<p>La militarizaci\u00f3n tambi\u00e9n estimula la econom\u00eda. La econom\u00eda de guerra no depende de la capacidad adquisitiva de la poblaci\u00f3n, sino de las decisiones de los l\u00edderes pol\u00edticos. El gasto militar puede insuflar (temporalmente) un poco de ox\u00edgeno a ciertos sectores industriales, pero a expensas de otros sectores. Esto es lo que Reagan intent\u00f3 en los a\u00f1os 80 con su programa <i>Star Wars<\/i> y Hitler en los a\u00f1os 30.<\/p>\n<p>En B\u00e9lgica, y sin duda en otros lugares, la militarizaci\u00f3n podr\u00eda ir acompa\u00f1ada de una ola de privatizaciones sin precedentes. Parte de los fondos necesarios para estos gastos militares podr\u00edan obtenerse <a href=\"https:\/\/www.vrt.be\/vrtmax\/luister\/radio\/d\/de-ochtend~11-19\/de-ochtend~11-30541-0\/fragment~eb2261a7-c616-494f-916f-caf4dc9207f8\/?utm_campaign=app-share&amp;utm_medium=app&amp;utm_source=radio1-be\" target=\"_blank\" rel=\"nofollow noopener noreferrer\">mediante la venta<\/a> de las <i>joyas de la corona<\/i> del patrimonio nacional o de algunos de sus componentes. La militarizaci\u00f3n como palanca de la privatizaci\u00f3n.<\/p>\n<p>Esta econom\u00eda de guerra se est\u00e1 poniendo en marcha con el fin de prepararse realmente para la guerra. Durante la Guerra Fr\u00eda, los pa\u00edses europeos contaban con un importante ej\u00e9rcito de reclutamiento. Tras la ca\u00edda de la Uni\u00f3n Sovi\u00e9tica, las fuerzas de intervenci\u00f3n r\u00e1pida tomaron el relevo, especialmente en Libia y Siria.<\/p>\n<p>Hoy en d\u00eda, existen planes para restablecer el servicio militar, reforzar la infraestructura militar y estacionar tropas a largo plazo en el extranjero, especialmente en los pa\u00edses b\u00e1lticos y en Ucrania. Tambi\u00e9n se est\u00e1n considerando otras opciones, como la cuesti\u00f3n de un <i>paraguas nuclear<\/i>.<\/p>\n<p>Muchos indicios apuntan a que un conflicto mundial se est\u00e1 convirtiendo en una posibilidad real para las \u00e9lites financieras y econ\u00f3micas.<\/p>\n<p><strong>Consecuencias<\/strong><\/p>\n<p>Tal militarizaci\u00f3n tiene profundas consecuencias para nuestras sociedades. El dinero debe venir de alguna parte. Actualmente, Europa dedica alrededor del 2 % de su PIB a gastos de defensa. Para alcanzar el objetivo del 5 %, tendr\u00e1 que gastar alrededor de 500 000 millones de euros adicionales al a\u00f1o en defensa.<\/p>\n<p>Con gobiernos de derechas, este aumento masivo de los presupuestos militares se producir\u00e1 inevitablemente a expensas de los gastos sociales y del <i>Pacto Verde<\/i>, cuyo presupuesto anual asciende a <a href=\"https:\/\/commission.europa.eu\/strategy-and-policy\/priorities-2019-2024\/european-green-deal_en?utm_source=chatgpt.com\" target=\"_blank\" rel=\"nofollow noopener noreferrer\">86 000 millones de euros<\/a>.<\/p>\n<p>Ya hemos mencionado c\u00f3mo esta militarizaci\u00f3n corre el riesgo de ir acompa\u00f1ada de una ola sin precedentes de privatizaciones de la econom\u00eda.<\/p>\n<p>El establecimiento de un verdadero ej\u00e9rcito europeo tambi\u00e9n supondr\u00e1 un importante d\u00e9ficit democr\u00e1tico. La estructura de mando se situar\u00e1 a nivel europeo. Ya no ser\u00e1n los gobiernos o los parlamentos nacionales los que decidan si nuestros j\u00f3venes deben ir al frente, sino los eur\u00f3cratas.<\/p>\n<p>Por \u00faltimo, la militarizaci\u00f3n de nuestras econom\u00edas y sociedades no har\u00e1 sino aumentar las tensiones en el continente europeo. En lugar de construir una estructura de seguridad equilibrada, estamos lanzando una peligrosa carrera armament\u00edstica y avivando cada vez m\u00e1s la hostilidad hacia la potencia nuclear rusa.<\/p>\n<p><strong>Una elecci\u00f3n hist\u00f3rica<\/strong><\/p>\n<p>Europa se enfrenta a una elecci\u00f3n hist\u00f3rica. El proceso de militarizaci\u00f3n conlleva enormes costes econ\u00f3micos, desmantelamiento social, retraso en la transici\u00f3n ecol\u00f3gica y d\u00e9ficit democr\u00e1tico, mientras que el riesgo de un conflicto mayor se vuelve cada vez m\u00e1s real.<\/p>\n<p>\u00bfEsta militarizaci\u00f3n es realmente en inter\u00e9s de los ciudadanos europeos, o solo en el de las \u00e9lites econ\u00f3micas y la industria armament\u00edstica?<\/p>\n<p>\u00bfNos dejaremos llevar por este fervor b\u00e9lico o elegiremos la prosperidad, la ecolog\u00eda y una estructura de seguridad equilibrada en el continente?<\/p>\n<p>\u00bfSeguiremos a Estados Unidos en su l\u00f3gica imperialista y militarista o construiremos un proyecto europeo independiente, basado en una cooperaci\u00f3n respetuosa con los pa\u00edses del sur?<\/p>\n<p>Los pr\u00f3ximos a\u00f1os ser\u00e1n cruciales para responder a esta pregunta.<\/p>\n<p>Fuentes de la noticia:<\/p>\n<p>&#8211; <a href=\"https:\/\/www.unsere-zeit.de\/uebergang-zur-kriegswirtschaft-4800209\/\" target=\"_blank\" rel=\"nofollow noopener noreferrer\"><i>\u00dcbergang zur Kriegswirtschaft?<\/i><\/a><\/p>\n<p><i>&#8211; <\/i><a href=\"https:\/\/contropiano.org\/news\/internazionale-news\/2025\/02\/22\/channo-rimasto-soli-lunione-europea-cerca-un-ombrello-nucleare-0180648\" target=\"_blank\" rel=\"nofollow noopener noreferrer\"><i><u>\u00abC&#8217;hanno rimasto soli&#8230;\u00bb. La Uni\u00f3n Europea busca un paraguas nuclear<\/u><\/i><\/a><\/p>\n<p><i>&#8211; <\/i><a href=\"https:\/\/www.humanite.fr\/monde\/armement\/guerre-en-ukraine-comment-les-chefs-detat-europeens-preparent-les-esprits-a-une-guerre-avec-la-russie\" target=\"_blank\" rel=\"nofollow noopener noreferrer\"><i>Guerra en Ucrania: c\u00f3mo los jefes de Estado europeos preparan las mentes para una guerra con Rusia<\/i><\/a><\/p>\n<p><i>&#8211; <\/i><a href=\"https:\/\/consortiumnews.com\/2025\/02\/17\/scott-ritter-trumps-munich-strategy\/\" target=\"_blank\" rel=\"nofollow noopener noreferrer\"><i>Trump&#8217;s Munich Strategy<\/i><\/a><\/p>\n<p>Fuente: Investig&#8217;Action, 4 de marzo de 2025 (<a href=\"https:\/\/investigaction.net\/la-militarisation-effrayante-de-leurope\/\">https:\/\/investigaction.net\/la-militarisation-effrayante-de-leurope\/<\/a>)<br \/>\nFuente original: <em>De wereld Morgen<\/em><\/p>\n<\/div>\n<\/div>\n","protected":false},"excerpt":{"rendered":"<p>Un espectro acecha a Europa, el espectro del militarismo. Detr\u00e1s de este fervor b\u00e9lico se esconde mucho m\u00e1s que la<\/p>\n","protected":false},"author":5,"featured_media":17449,"comment_status":"open","ping_status":"open","sticky":false,"template":"","format":"standard","meta":{"footnotes":""},"categories":[41,1899],"tags":[],"class_list":["post-17448","post","type-post","status-publish","format-standard","has-post-thumbnail","hentry","category-europa","category-militarismo"],"aioseo_notices":[],"_links":{"self":[{"href":"https:\/\/espai-marx.net\/index.php?rest_route=\/wp\/v2\/posts\/17448","targetHints":{"allow":["GET"]}}],"collection":[{"href":"https:\/\/espai-marx.net\/index.php?rest_route=\/wp\/v2\/posts"}],"about":[{"href":"https:\/\/espai-marx.net\/index.php?rest_route=\/wp\/v2\/types\/post"}],"author":[{"embeddable":true,"href":"https:\/\/espai-marx.net\/index.php?rest_route=\/wp\/v2\/users\/5"}],"replies":[{"embeddable":true,"href":"https:\/\/espai-marx.net\/index.php?rest_route=%2Fwp%2Fv2%2Fcomments&post=17448"}],"version-history":[{"count":1,"href":"https:\/\/espai-marx.net\/index.php?rest_route=\/wp\/v2\/posts\/17448\/revisions"}],"predecessor-version":[{"id":17450,"href":"https:\/\/espai-marx.net\/index.php?rest_route=\/wp\/v2\/posts\/17448\/revisions\/17450"}],"wp:featuredmedia":[{"embeddable":true,"href":"https:\/\/espai-marx.net\/index.php?rest_route=\/wp\/v2\/media\/17449"}],"wp:attachment":[{"href":"https:\/\/espai-marx.net\/index.php?rest_route=%2Fwp%2Fv2%2Fmedia&parent=17448"}],"wp:term":[{"taxonomy":"category","embeddable":true,"href":"https:\/\/espai-marx.net\/index.php?rest_route=%2Fwp%2Fv2%2Fcategories&post=17448"},{"taxonomy":"post_tag","embeddable":true,"href":"https:\/\/espai-marx.net\/index.php?rest_route=%2Fwp%2Fv2%2Ftags&post=17448"}],"curies":[{"name":"wp","href":"https:\/\/api.w.org\/{rel}","templated":true}]}}