{"id":17497,"date":"2025-03-26T05:00:11","date_gmt":"2025-03-26T04:00:11","guid":{"rendered":"https:\/\/espai-marx.net\/?p=17497"},"modified":"2025-03-26T01:18:11","modified_gmt":"2025-03-26T00:18:11","slug":"historia-de-una-familia-represaliada","status":"publish","type":"post","link":"https:\/\/espai-marx.net\/?p=17497","title":{"rendered":"Historia de una familia represaliada"},"content":{"rendered":"<p>Presentaci\u00f3n del libro: <em>Familias masacradas. El genocidio franquista.\u00a0<\/em>Autor: Julio Maroto-Ram\u00f3n.\u00a0Editado con BoD y Amazon. 2025<\/p>\n<p><a href=\"https:\/\/espai-marx.net\/wp-content\/uploads\/2025\/03\/familias-masacradas.jpg\"><img loading=\"lazy\" decoding=\"async\" class=\"alignleft wp-image-17498\" src=\"https:\/\/espai-marx.net\/wp-content\/uploads\/2025\/03\/familias-masacradas.jpg\" alt=\"\" width=\"200\" height=\"260\" srcset=\"https:\/\/espai-marx.net\/wp-content\/uploads\/2025\/03\/familias-masacradas.jpg 768w, https:\/\/espai-marx.net\/wp-content\/uploads\/2025\/03\/familias-masacradas-230x300.jpg 230w\" sizes=\"auto, (max-width: 200px) 100vw, 200px\" \/><\/a><em>Familias masacradas<\/em> supone, por parte del autor, el intento de recuperaci\u00f3n de la historia de buena parte de la familia, en una \u00e9poca extremadamente complicada para todos, quiz\u00e1 para algunos un poco m\u00e1s, como es la guerra civil y la posguerra franquista.<\/p>\n<p>La obra tiene dos partes bien diferenciadas: la primera se centra en afirmar y consolidar la l\u00ednea historiogr\u00e1fica que considera el fascismo franquista, al menos durante su primera etapa, que dura hasta bien entrados los a\u00f1os cincuenta, como un aut\u00e9ntico genocidio cultural, pol\u00edtico y humano. Y el autor se centra en dejar claro que la represi\u00f3n franquista lo ocup\u00f3 todo, cualquier faceta de la vida de las gentes; fue, en ese sentido, una represi\u00f3n poli\u00e9drica, un mismo fen\u00f3meno con muchas caras: asesinatos en las cunetas, los bandos de guerra, los fusilamientos y los sumar\u00edsimos de urgencia mediante un derecho penal \u201cinvertido\u201d que castigaba a los leales acus\u00e1ndolos de rebeli\u00f3n, las c\u00e1rceles, los campos de concentraci\u00f3n, el trabajo esclavo en las m\u00faltiples formas ideadas por el Patronato de Redenci\u00f3n de Penas por el Trabajo y, luego, el robo de ni\u00f1os, el trabajo esclavo de las mujeres, el maldito Patronato de Protecci\u00f3n de la Mujer y\u2026 tantas caras m\u00e1s de la represi\u00f3n fascista.<\/p>\n<p>Esta primera parte, dice el autor, ser\u00eda una recensi\u00f3n basada en obras de los que saben aut\u00e9nticamente y llevan a\u00f1os investigando y escribiendo sobre ello: Espinosa Maestre, Preston, Vi\u00f1as, Casanova, D\u00edaz Balart, Lafuente, Gutmaro y tantos y tantos. De hecho, el ap\u00e9ndice de bibliograf\u00eda es muy amplio y una buena relaci\u00f3n de art\u00edculos y obras para aquellos que quieran adentrarse en el tema del<i><b> genocidio franquista<\/b><\/i>, subt\u00edtulo de la obra.<\/p>\n<p>En la segunda parte se aborda la historia de los distintos miembros de su familia, contextualizados todos en el entorno y el momento. No es una simple narraci\u00f3n de penalidades, para nada.<\/p>\n<p>El autor confiesa haberse llevado una sorpresa pues, aunque conoc\u00eda buena parte de la historia de su padre, teniente de Ingenieros en la 216 Brigada Mixta, herido en combate y luego cautivo, que pas\u00f3 por campos (plaza de toros de Valencia, Torres Torres, Portaceli), destacamentos penales (Cuelgamuros-Ban\u00fas, Hotel Felipe II) y c\u00e1rceles (Gand\u00eda, Porlier, Oca\u00f1a), desconoc\u00eda que su abuelo paterno pas\u00f3 por circunstancias similares (pena de muerte conmutada en el \u00faltimo momento, trabajo esclavo en Cuelgamuros, c\u00e1rceles varias); tambi\u00e9n su abuela paterna (presa en Getafe y Ventas y luego desterrada varios a\u00f1os); tambi\u00e9n el hermano de su padre (exiliado a Francia, huido de campos franceses, luego batallones de trabajadores en Espa\u00f1a, con la guinda de la mili de Franco, tres a\u00f1os en \u00c1frica); tambi\u00e9n su abuelo materno (un peque\u00f1o burgu\u00e9s, con pescader\u00eda y cami\u00f3n, que visit\u00f3 la c\u00e1rcel por ser afiliado de la Izquierda de Aza\u00f1a); tambi\u00e9n que un t\u00edo por la rama materna conoci\u00f3 bien la DGS, ese sitio donde la se\u00f1ora Ayuso no quiere poner una placa, tambi\u00e9n que primos hermanos de su padre, por ambas ramas, pasaron por c\u00e1rcel, campos, batallones de trabajo o las tapias del cementerio del Este, tambi\u00e9n\u2026 tantos y tantos.<\/p>\n<p>Por eso no es de extra\u00f1ar el t\u00edtulo elegido de <i><b>Familias masacradas<\/b><\/i>, porque la familia fue amplia y duramente castigada. La investigaci\u00f3n, de a\u00f1os, se enmarca dentro de nuevas tendencias memorialistas de historias personales que, en todo caso, no hacen sino complementar la historia general de ese periodo.<\/p>\n","protected":false},"excerpt":{"rendered":"<p>Presentaci\u00f3n del libro: Familias masacradas. El genocidio franquista.\u00a0Autor: Julio Maroto-Ram\u00f3n.\u00a0Editado con BoD y Amazon. 2025 Familias masacradas supone, por parte<\/p>\n","protected":false},"author":5,"featured_media":17499,"comment_status":"open","ping_status":"open","sticky":false,"template":"","format":"audio","meta":{"footnotes":""},"categories":[20,46],"tags":[2230,2231,917],"class_list":["post-17497","post","type-post","status-publish","format-audio","has-post-thumbnail","hentry","category-guerra-civil-espanola","category-memoria-historica","tag-familias-masacradas-el-genocidio-franquista","tag-julio-maroto-ramon","tag-resenas","post_format-post-format-audio"],"aioseo_notices":[],"_links":{"self":[{"href":"https:\/\/espai-marx.net\/index.php?rest_route=\/wp\/v2\/posts\/17497","targetHints":{"allow":["GET"]}}],"collection":[{"href":"https:\/\/espai-marx.net\/index.php?rest_route=\/wp\/v2\/posts"}],"about":[{"href":"https:\/\/espai-marx.net\/index.php?rest_route=\/wp\/v2\/types\/post"}],"author":[{"embeddable":true,"href":"https:\/\/espai-marx.net\/index.php?rest_route=\/wp\/v2\/users\/5"}],"replies":[{"embeddable":true,"href":"https:\/\/espai-marx.net\/index.php?rest_route=%2Fwp%2Fv2%2Fcomments&post=17497"}],"version-history":[{"count":1,"href":"https:\/\/espai-marx.net\/index.php?rest_route=\/wp\/v2\/posts\/17497\/revisions"}],"predecessor-version":[{"id":17500,"href":"https:\/\/espai-marx.net\/index.php?rest_route=\/wp\/v2\/posts\/17497\/revisions\/17500"}],"wp:featuredmedia":[{"embeddable":true,"href":"https:\/\/espai-marx.net\/index.php?rest_route=\/wp\/v2\/media\/17499"}],"wp:attachment":[{"href":"https:\/\/espai-marx.net\/index.php?rest_route=%2Fwp%2Fv2%2Fmedia&parent=17497"}],"wp:term":[{"taxonomy":"category","embeddable":true,"href":"https:\/\/espai-marx.net\/index.php?rest_route=%2Fwp%2Fv2%2Fcategories&post=17497"},{"taxonomy":"post_tag","embeddable":true,"href":"https:\/\/espai-marx.net\/index.php?rest_route=%2Fwp%2Fv2%2Ftags&post=17497"}],"curies":[{"name":"wp","href":"https:\/\/api.w.org\/{rel}","templated":true}]}}