{"id":1754,"date":"2011-12-31T00:00:00","date_gmt":"2011-12-31T00:00:00","guid":{"rendered":"https:\/\/espai-marx.net\/?p=1754"},"modified":"2020-02-21T10:19:04","modified_gmt":"2020-02-21T09:19:04","slug":"lopez-bulla-entre-el-acomodo-y-la-hecatombe","status":"publish","type":"post","link":"https:\/\/espai-marx.net\/?p=1754","title":{"rendered":"L\u00f3pez Bulla, entre el \u201cacomodo\u201d y la hecatombe"},"content":{"rendered":"<p class=\"western\" style=\"margin-top: 0.1cm; margin-bottom: 0cm; line-height: 150%; widows: 0; orphans: 0;\" align=\"JUSTIFY\">El pasado 12 de diciembre, Jos\u00e9 Luis L\u00f3pez Bulla, ex-secretario general de CC.OO. de Catalunya, luego diputado de ICV, luego promotor, siendo todav\u00eda diputado de ICV, de la candidatura de Montilla (PSC) a la Generalitat y luego (hasta hoy) miembro del Consell de Treball Econ\u00f2mic i Social de Catalunya, public\u00f3 en su blog un breve art\u00edculo titulado \u201cEl contrato social de Toxo, M\u00e9ndez, Camusso\u2026\u201d (1), en referencia al art\u00edculo que los principales dirigentes del sindicalismo reformista europeo integrado en la CES (Confederaci\u00f3n Europea de Sindicatos) hab\u00edan publicado d\u00edas antes en el diario \u201cEl Pa\u00eds\u201d (2).<\/p>\n<p class=\"western\" style=\"margin-top: 0.1cm; margin-bottom: 0cm; line-height: 150%; widows: 0; orphans: 0;\" align=\"JUSTIFY\">L\u00f3pez Bulla reconoce que la ofensiva de la oligarqu\u00eda financiera, a la que no llama por su nombre (habla de \u201clas contrapartes\u201d), s\u00f3lo ofrece a los sindicatos un \u201cacomodo\u00bb, que define como el intento de cooptar el sindicalismo legitim\u00e1ndolo a cambio de que se muestre acr\u00edtico. Pero se niega a reconocer que ya hace muchos a\u00f1os que son los sindicatos oficiales los que se han acomodado dej\u00e1ndose comprar. Por eso no entiende que \u201cla contraparte\u201d ningunee a los sindicatos. La oligarqu\u00eda ya obtuvo hace tiempo el \u201cacomodo\u201d sindical y ahora va a por m\u00e1s, a por todo. Y L\u00f3pez Bulla se queja de que \u201chan roto las reglas\u201d por \u201cdesarticular las conquistas sociales\u201d y por \u201cignorar autoritariamente la concertaci\u00f3n social\u201d. L\u00f3pez Bulla no precisa cu\u00e1les son las \u201creglas\u201d que han roto \u201clas contrapartes\u201d. Los capitalistas conocen mejor que nadie las reglas de la lucha de clases. Conocen en cada momento la correlaci\u00f3n de fuerzas. Y no dudan en aprovechar las enormes ventajas que les ha ofrecido el sindicalismo burocr\u00e1tico y entreguista durante muchos a\u00f1os.<\/p>\n<p class=\"western\" style=\"margin-top: 0.1cm; margin-bottom: 0cm; line-height: 150%; widows: 0; orphans: 0;\" align=\"JUSTIFY\">L\u00f3pez Bulla demuestra no entender la esencia de esta crisis cuando apuesta como \u00fanica alternativa al \u00abacomodo\u00bb la negociaci\u00f3n que pide Toxo una y otra vez. El capital no va a negociar nada, no puede negociar nada que no sea la recomposici\u00f3n dr\u00e1stica de la tasa de ganancia, v\u00eda depresi\u00f3n de salarios directos e indirectos y de transferencia al capital financiero de los recursos p\u00fablicos. Cualquier negociaci\u00f3n s\u00f3lo puede ir en esa direcci\u00f3n, como hemos comprobado con el lamentable acuerdo de pensiones que Toxo presenta en su carta a los afiliados como un ejemplo de resistencia sindical, o en la disposici\u00f3n de CC.OO. a hacer enormes concesiones en materia de contratos, abaratamiento del despido y retroceso en la negociaci\u00f3n colectiva. Claro que para la patronal, envalentonada por la nula combatividad sindical y con un gobierno plagado de oligarcas, cualquier concesi\u00f3n es insuficiente. Por eso no habr\u00e1 acuerdo en enero.<\/p>\n<p class=\"western\" style=\"margin-top: 0.1cm; margin-bottom: 0cm; line-height: 150%; widows: 0; orphans: 0;\" align=\"JUSTIFY\">En esta situaci\u00f3n de ofensiva brutal del capital, las llamadas a un di\u00e1logo imposible desarman a los sindicatos y complican las posibilidades de recuperar la movilizaci\u00f3n, a la que dice Toxo que recurrir\u00e1n si fallan las propuestas de di\u00e1logo social. Yo creo que en el fondo lo \u00fanico que quieren pactar, a cambio de ceder en todo lo dem\u00e1s, es que se detenga el ataque a las fuentes de financiaci\u00f3n de los sindicatos oficiales, y no porque este ataque al sindicalismo sea un ataque en toda regla a los derechos de los trabajadores, que lo es, sino porque desmoronar\u00eda la hipertrofiada estructura burocr\u00e1tica que ha crecido precisamente en estos a\u00f1os \u00abde acomodo\u00bb. Con las cosas de comer no se juega&#8230; La movilizaci\u00f3n, como viene ocurriendo desde hace demasiados a\u00f1os, habr\u00e1 que arrancarla desde abajo e impon\u00e9rsela a los bur\u00f3cratas sindicales.<\/p>\n<p class=\"western\" style=\"margin-top: 0.1cm; margin-bottom: 0cm; line-height: 150%; widows: 0; orphans: 0;\" align=\"JUSTIFY\">La absolutizaci\u00f3n del recurso al di\u00e1logo social como \u00fanico campo de acci\u00f3n del sindicalismo lleva a L\u00f3pez Bulla a considerar una hecatombe cualquier escenario de lucha de clases diferente. \u201cSi el desentendimiento de gobiernos y contrapartes empresariales se mantiene y se consolida podr\u00eda darse una situaci\u00f3n extremadamente negativa (\u2026) surgir\u00eda un extra\u00f1o movimiento de resistencia sin reglas y un conflicto espasm\u00f3dico de proporciones desconocidas e imprevisibles\u201d. No est\u00e1 claro si trata de meter miedo a \u201cla contraparte\u201d o el miedo lo tiene el sindicalismo que L\u00f3pez Bulla defiende. En cualquier caso, nos aclara al final de su art\u00edculo, al referirse a las llamadas de Toxo y c\u00eda. al di\u00e1logo social, que \u201cestamos ante la pen\u00faltima propuesta de quienes desean una salida eficaz de esta situaci\u00f3n\u201d. \u00bfEficaz? \u00bfPen\u00faltima? La degradaci\u00f3n del lenguaje mismo pone de manifiesto la doble degradaci\u00f3n, en la forma y en el fondo, del sindicalismo que un d\u00eda puso al movimiento obrero al frente de la lucha democr\u00e1tica de nuestro pueblo.<\/p>\n<p class=\"western\" style=\"margin-top: 0.1cm; margin-bottom: 0cm; line-height: 150%; widows: 0; orphans: 0;\" align=\"JUSTIFY\">\u00a1Qu\u00e9 diferencia entre la carta de a\u00f1o nuevo de Toxo a la afiliaci\u00f3n de CC.OO. (3) y la del sindicato clasista griego, el PAME, a sus afiliados y a los trabajadores griegos! (4). El comunicado del PAME, corto y conciso, dice que la lucha, contra la apariencia, no es est\u00e9ril. Que las clases dominantes se han visto obligadas en 2011 a formar antidemocr\u00e1ticamente un gobierno de concentraci\u00f3n (derecha, socialdemocracia y extrema derecha) para enfrentar una movilizaci\u00f3n ascendente, en la que el PAME ha jugado un papel esencial. Es un llamamiento al combate, a que los trabajadores conf\u00eden en sus fuerzas (\u00abel engranaje sin t\u00ed no funciona\u00bb, \u00abtrabajador, puedes sin patronos\u00bb), a asegurar la hegemon\u00eda sindical del PAME y a derrotar al sindicalismo colaboracionista, a poner en el orden del d\u00eda el derrocamiento del poder de los monopolios y de sus representantes pol\u00edticos.<\/p>\n<p class=\"western\" style=\"margin-top: 0.1cm; margin-bottom: 0cm; line-height: 150%; widows: 0; orphans: 0;\" align=\"JUSTIFY\">Todo apunta a que en 2012 va a haber una fuerte agudizaci\u00f3n de la lucha de clases en Europa, y va a ser dif\u00edcil coordinar las luchas a escala europea por la enorme diversidad de ritmos y experiencias. En algunos lugares, los sindicatos reformistas de la CES ser\u00e1n sobrepasados. Alg\u00fan pa\u00eds romper\u00e1 sin esperar al resto. Hay que seguir con atenci\u00f3n la situaci\u00f3n en Grecia.<\/p>\n<p class=\"western\" style=\"margin-bottom: 0cm; line-height: 100%;\" align=\"JUSTIFY\">\n<p class=\"western\" style=\"margin-bottom: 0cm; line-height: 100%;\" align=\"JUSTIFY\"><b>Notas:<\/b><\/p>\n<p class=\"western\" style=\"margin-top: 0.1cm; margin-bottom: 0cm; line-height: 100%;\" align=\"JUSTIFY\">(1)<a href=\"http:\/\/lopezbulla.blogspot.com\/2011\/12\/el-contrato-social-de-toxo-mendez.html\"><u>http:\/\/lopezbulla.blogspot.com\/2011\/12\/el-contrato-social-de-toxo-mendez.html<\/u><\/a><\/p>\n<p class=\"western\" style=\"margin-top: 0.1cm; margin-bottom: 0cm;\" align=\"JUSTIFY\">(2)<a href=\"http:\/\/politica.elpais.com\/politica\/2011\/12\/06\/actualidad\/1323197305_516173.html\"><u>http:\/\/politica.elpais.com\/politica\/2011\/12\/06\/actualidad\/1323197305_516173.html<\/u><\/a><\/p>\n<p class=\"western\" style=\"margin-top: 0.1cm; margin-bottom: 0cm;\" align=\"JUSTIFY\">(3)<a href=\"http:\/\/www.ccoo.cat\/revistes\/gacetasindical\/balance_2011.pdf\" target=\"_blank\" rel=\"noopener noreferrer\"><u>http:\/\/www.ccoo.cat\/revistes\/gacetasindical\/balance_2011.pdf<\/u><\/a><\/p>\n<p class=\"western\" style=\"margin-top: 0.1cm; margin-bottom: 0cm;\" align=\"JUSTIFY\">(4)<a href=\"http:\/\/www.pamehellas.gr\/fullstory.php?lang=3&amp;wid=2174\"><u>http:\/\/www.pamehellas.gr\/fullstory.php?lang=3&amp;wid=2174<\/u><\/a><\/p>\n<p class=\"western\" style=\"margin-top: 0.1cm; margin-bottom: 0cm;\" align=\"JUSTIFY\">\n<p class=\"western\" style=\"margin-bottom: 0cm; line-height: 100%;\" align=\"CENTER\">Alberto Herbera<\/p>\n<p class=\"western\" style=\"margin-bottom: 0cm; line-height: 100%;\" align=\"CENTER\">31\/12\/2011<\/p>\n","protected":false},"excerpt":{"rendered":"<p>El pasado 12 de diciembre, Jos\u00e9 Luis L\u00f3pez Bulla, ex-secretario general de CC.OO. de Catalunya, luego diputado de ICV, luego<\/p>\n","protected":false},"author":9,"featured_media":1755,"comment_status":"open","ping_status":"open","sticky":false,"template":"","format":"standard","meta":{"footnotes":""},"categories":[13,45],"tags":[],"class_list":["post-1754","post","type-post","status-publish","format-standard","has-post-thumbnail","hentry","category-la-izquierda-a-debate","category-proletariado-demos-multidud"],"aioseo_notices":[],"_links":{"self":[{"href":"https:\/\/espai-marx.net\/index.php?rest_route=\/wp\/v2\/posts\/1754","targetHints":{"allow":["GET"]}}],"collection":[{"href":"https:\/\/espai-marx.net\/index.php?rest_route=\/wp\/v2\/posts"}],"about":[{"href":"https:\/\/espai-marx.net\/index.php?rest_route=\/wp\/v2\/types\/post"}],"author":[{"embeddable":true,"href":"https:\/\/espai-marx.net\/index.php?rest_route=\/wp\/v2\/users\/9"}],"replies":[{"embeddable":true,"href":"https:\/\/espai-marx.net\/index.php?rest_route=%2Fwp%2Fv2%2Fcomments&post=1754"}],"version-history":[{"count":0,"href":"https:\/\/espai-marx.net\/index.php?rest_route=\/wp\/v2\/posts\/1754\/revisions"}],"wp:featuredmedia":[{"embeddable":true,"href":"https:\/\/espai-marx.net\/index.php?rest_route=\/wp\/v2\/media\/1755"}],"wp:attachment":[{"href":"https:\/\/espai-marx.net\/index.php?rest_route=%2Fwp%2Fv2%2Fmedia&parent=1754"}],"wp:term":[{"taxonomy":"category","embeddable":true,"href":"https:\/\/espai-marx.net\/index.php?rest_route=%2Fwp%2Fv2%2Fcategories&post=1754"},{"taxonomy":"post_tag","embeddable":true,"href":"https:\/\/espai-marx.net\/index.php?rest_route=%2Fwp%2Fv2%2Ftags&post=1754"}],"curies":[{"name":"wp","href":"https:\/\/api.w.org\/{rel}","templated":true}]}}