{"id":17583,"date":"2025-04-05T05:00:59","date_gmt":"2025-04-05T04:00:59","guid":{"rendered":"https:\/\/espai-marx.net\/?p=17583"},"modified":"2025-04-05T04:00:53","modified_gmt":"2025-04-05T03:00:53","slug":"musica-entre-lazos-de-vida-social","status":"publish","type":"post","link":"https:\/\/espai-marx.net\/?p=17583","title":{"rendered":"M\u00fasica entre lazos de vida social"},"content":{"rendered":"<p><span style=\"font-size: 10pt;\"><em><strong>Por todo lo alto<\/strong><\/em>. T\u00edtulo original: <em>En fanfare<\/em>. A\u00f1o: 2024. Pa\u00eds: Francia Direcci\u00f3n: Emmanuel Courcol Guion: Emmanuel Courcol, Ir\u00e8ne Muscari<\/span><br \/>\n<span style=\"font-size: 10pt;\">Sinopsis: Thibaut es un director de orquesta de renombre internacional que viaja por el mundo. Cuando se entera de que es adoptado, descubre la existencia de un hermano, Jimmy, un empleado de un comedor escolar que toca el tromb\u00f3n en una banda de m\u00fasica en el norte de Francia. Al parecer todo les separa, excepto el amor por la m\u00fasica. Al detectar las excepcionales habilidades musicales de su hermano, Thibaut se propone reparar la injusticia del destino. Jimmy entonces comienza a so\u00f1ar con otra vida&#8230;<\/span><\/p>\n<p>En las<b> <\/b>\u00faltimas dos d\u00e9cadas, en el cine europeo, apenas se realiza largometrajes que nos narre historias de la vida cotidiana actual y colectiva que vaya m\u00e1s all\u00e1 del \u2018Yo&#8217; o de un g\u00e9nero determinado. Por este motivo, en parte, la que hoy comentamos me ha sorprendido.<\/p>\n<p>Este \u00faltimo trabajo del director, actor y guionista franc\u00e9s Emmanuel Courcol contiene una narrativa, que no esperaba, por lo m\u00e1s arriba comentado. De inicio, apunta a comedia francesa, y en su desarrollo se va ampliando a una generalidad de situaciones que son reflejo de la vida cotidiana e intemporal. La historia nos va introduciendo, sin percibirlo, en unas relaciones humanas de vida cercanas, o vividas, por la mayor\u00eda de nuestro medio: diferente clase econ\u00f3mica y social, peque\u00f1a empresa de miner\u00eda que quiere cerrar y est\u00e1n de conflicto sindical,&#8230; Esto hace que el inicio de comedia se vaya convirtiendo en algo que nos afecta socialmente, y como espectador, no lo abandones hasta el final.<\/p>\n<p>Hay una pluralidad de elementos que el argumento va, suavemente, aportando. La relaci\u00f3n entre los personajes, su evoluci\u00f3n, inquietudes y un final sorpresivo y pleno de emotividad, te deja la impresi\u00f3n de querer prolongar esa escena final, aun sabiendo que la historia ya est\u00e1 contada.<\/p>\n<p>La puesta en escena, los \u00abtiempos\u00bb narrativos, los espectros y elementos que van surgiendo durante su desarrollo, me hace recordar el cl\u00e1sico cine europeo occidental que se realizaba en los 50-70. Donde cada escena tenia un motivo argumental que enlazaba, necesariamente, con lo anterior y posterior produciendo ese ritmo expositivo que el espectador requiere para desear la siguiente escena. Buena parte de las pel\u00edculas de ficci\u00f3n que se realizan hoy, no lo consiguen.<\/p>\n<p>T\u00e9cnicamente est\u00e1 muy equilibrada: buen guion, montaje, direcci\u00f3n, cuidada y sutil interpretaci\u00f3n. Y un elemento que, no solo potencia la calidad y fuerza del desarrollo argumental, es, a mi entender, lo que aporta cohesi\u00f3n y sensibilidad durante toda la pel\u00edcula: la m\u00fasica: orquesta, banda&#8230;<\/p>\n<p>Algo especial, como antes indicaba, es el final. La orquesta y el s\u00edmbolo de la pieza interpretada, y la otra \u00abparte\u00bb: el coro y orquesta con el Bolero de Ravel. Solo producir esa sensaci\u00f3n en las escenas finales, es un tributo a la calidad art\u00edstica y t\u00e9cnica de quienes lo han realizado, y un placer para el espectador que ha conectado con la narraci\u00f3n.<\/p>\n<p><iframe loading=\"lazy\" title=\"Por todo lo alto - Trailer subtitulado en espa\u00f1ol\" width=\"800\" height=\"450\" src=\"https:\/\/www.youtube.com\/embed\/m735CHG4HwA?feature=oembed\" frameborder=\"0\" allow=\"accelerometer; autoplay; clipboard-write; encrypted-media; gyroscope; picture-in-picture; web-share\" referrerpolicy=\"strict-origin-when-cross-origin\" allowfullscreen><\/iframe><\/p>\n","protected":false},"excerpt":{"rendered":"<p>Por todo lo alto. T\u00edtulo original: En fanfare. A\u00f1o: 2024. Pa\u00eds: Francia Direcci\u00f3n: Emmanuel Courcol Guion: Emmanuel Courcol, Ir\u00e8ne Muscari<\/p>\n","protected":false},"author":5,"featured_media":17584,"comment_status":"open","ping_status":"open","sticky":false,"template":"","format":"standard","meta":{"footnotes":""},"categories":[6],"tags":[],"class_list":["post-17583","post","type-post","status-publish","format-standard","has-post-thumbnail","hentry","category-cine"],"aioseo_notices":[],"_links":{"self":[{"href":"https:\/\/espai-marx.net\/index.php?rest_route=\/wp\/v2\/posts\/17583","targetHints":{"allow":["GET"]}}],"collection":[{"href":"https:\/\/espai-marx.net\/index.php?rest_route=\/wp\/v2\/posts"}],"about":[{"href":"https:\/\/espai-marx.net\/index.php?rest_route=\/wp\/v2\/types\/post"}],"author":[{"embeddable":true,"href":"https:\/\/espai-marx.net\/index.php?rest_route=\/wp\/v2\/users\/5"}],"replies":[{"embeddable":true,"href":"https:\/\/espai-marx.net\/index.php?rest_route=%2Fwp%2Fv2%2Fcomments&post=17583"}],"version-history":[{"count":3,"href":"https:\/\/espai-marx.net\/index.php?rest_route=\/wp\/v2\/posts\/17583\/revisions"}],"predecessor-version":[{"id":17587,"href":"https:\/\/espai-marx.net\/index.php?rest_route=\/wp\/v2\/posts\/17583\/revisions\/17587"}],"wp:featuredmedia":[{"embeddable":true,"href":"https:\/\/espai-marx.net\/index.php?rest_route=\/wp\/v2\/media\/17584"}],"wp:attachment":[{"href":"https:\/\/espai-marx.net\/index.php?rest_route=%2Fwp%2Fv2%2Fmedia&parent=17583"}],"wp:term":[{"taxonomy":"category","embeddable":true,"href":"https:\/\/espai-marx.net\/index.php?rest_route=%2Fwp%2Fv2%2Fcategories&post=17583"},{"taxonomy":"post_tag","embeddable":true,"href":"https:\/\/espai-marx.net\/index.php?rest_route=%2Fwp%2Fv2%2Ftags&post=17583"}],"curies":[{"name":"wp","href":"https:\/\/api.w.org\/{rel}","templated":true}]}}