{"id":1770,"date":"2012-01-16T00:00:00","date_gmt":"2012-01-16T00:00:00","guid":{"rendered":"https:\/\/espai-marx.net\/?p=1770"},"modified":"2020-02-21T10:10:12","modified_gmt":"2020-02-21T09:10:12","slug":"entrevista-a-alberto-garzon-espinosa","status":"publish","type":"post","link":"https:\/\/espai-marx.net\/?p=1770","title":{"rendered":"Entrevista a Alberto Garz\u00f3n Espinosa"},"content":{"rendered":"<p style=\"margin-top: 0.08cm; margin-bottom: 0.4cm; background: #ffffff; line-height: 100%; text-align: left;\" align=\"CENTER\"><em>\u00abLa alternativa a la mayor\u00eda absoluta est\u00e1 en la lucha en la calle\u00bb<\/em><\/p>\n<p align=\"CENTER\">\n<p style=\"margin-bottom: 0.26cm; background: #ffffff; line-height: 0.45cm; text-align: left;\" align=\"CENTER\">(Publicado en El correo de Andaluc\u00eda)<\/p>\n<p style=\"margin-bottom: 0.25cm; background: #ffffff; line-height: 150%;\" align=\"JUSTIFY\"><b>Los diputados de IU ya han renunciado a privilegios en el Congreso de los Diputados&#8230;<\/b><\/p>\n<p style=\"margin-bottom: 0.25cm; background: #ffffff; line-height: 150%;\" align=\"JUSTIFY\">Hemos rechazado el plan de pensiones privados del Congreso por \u00e9tica, pero no al ipad porque lo consideramos una herramienta de trabajo, aunque podr\u00edan habernos dado una tableta m\u00e1s baratita. Tambi\u00e9n viajamos en clase turista en el AVE, aunque, por un acuerdo del Congreso y Renfe, sale m\u00e1s barato que los diputados viajen en clase club. Tampoco tenemos coches oficiales.<\/p>\n<p style=\"margin-bottom: 0.25cm; background: #ffffff; line-height: 150%;\" align=\"JUSTIFY\"><b>Otras fuerzas, como UPyD, le han dado m\u00e1s publicidad a estas renuncias.<\/b><\/p>\n<p style=\"margin-bottom: 0.25cm; background: #ffffff; line-height: 150%;\" align=\"JUSTIFY\">Los primeros en renunciar a los planes de pensiones fuimos nosotros, incluso cuando los t\u00e9cnicos nos dijeron que no se pod\u00eda, pero nos han seguido otros. Adem\u00e1s, el 50 o el 60% del sueldo se lo dejamos a la organizaci\u00f3n, porque podemos vivir con un sueldo digno de 2.000 euros. Los diputados rasos ganan 5.000 al mes y se llega f\u00e1cilmente a los 10.000 por ir a comisiones.<\/p>\n<p style=\"margin-bottom: 0.25cm; background: #ffffff; line-height: 150%;\" align=\"JUSTIFY\"><b>Usted viene del 15-M. \u00bfPor qu\u00e9 recala en IU y no en fuerzas m\u00e1s nuevas como Equo o UPyD?<\/b><\/p>\n<p style=\"margin-bottom: 0.25cm; background: #ffffff; line-height: 150%;\" align=\"JUSTIFY\">Milito en IU desde 2003, no soy un fichaje, pero he estado siempre activo en organizaciones sociales, por ejemplo en ATTAC (Asociaci\u00f3n por la Tasaci\u00f3n de las Transacciones Financieras y por la Ayuda a los Ciudadanos) o en la Plataforma Por una Vivienda Digna, fuera de las instituciones. Y ten\u00edamos poco \u00e9xito hasta que organizaciones de izquierda fundan Democracia Real Ya. Llega el 15-M y tuvo tanto \u00e9xito que se une mucha gente frustrada que no viene de la pol\u00edtica. Comienzan las asambleas, y me llaman, como economista, para explicar all\u00ed cosas como la prima de riesgo. En paralelo IU decide abrirse a los movimientos sociales y me ofrecen ser candidato por M\u00e1laga.<\/p>\n<p style=\"margin-bottom: 0.25cm; background: #ffffff; line-height: 150%;\" align=\"JUSTIFY\"><b>Julio Anguita acaba de expresar que nos ir\u00eda mejor fuera del euro y de la Europa de Maastricht. \u00bfEst\u00e1 de acuerdo?<\/b><\/p>\n<p style=\"margin-bottom: 0.25cm; background: #ffffff; line-height: 150%;\" align=\"JUSTIFY\">Suelo estar de acuerdo con Julio, pero en eso no. Saldremos del euro, seguramente, de forma forzada y no porque queramos. Ahora ser\u00eda dif\u00edcil y duro, pero tal vez no sea as\u00ed dentro de dos a\u00f1os, y creo que podemos avanzar en econom\u00eda y pol\u00edtica alternativas dentro del euro. S\u00ed comparto con Anguita que la UE se fund\u00f3 a favor de los mercados y lo estamos pagando ahora.<\/p>\n<p style=\"margin-bottom: 0.25cm; background: #ffffff; line-height: 150%;\" align=\"JUSTIFY\"><b>Es el primer joven con peso que veo en IU en muchos a\u00f1os.<\/b><\/p>\n<p style=\"margin-bottom: 0.25cm; background: #ffffff; line-height: 150%;\" align=\"JUSTIFY\">Hace falta un proceso de regeneraci\u00f3n. Anguita, por ejemplo, no es l\u00edder, pero s\u00ed un referente en IU, donde hay gente joven que, pese a lo que vale, no est\u00e1 visibilizada. Pero muchos pensamos que IU en dos a\u00f1os ser\u00e1 muy diferente y el papel referente lo tendr\u00e1 gente de otra generaci\u00f3n.<\/p>\n<p style=\"margin-bottom: 0.25cm; background: #ffffff; line-height: 150%;\" align=\"JUSTIFY\"><b>Centr\u00e9monos en Andaluc\u00eda: \u00bfSe repetir\u00e1 aqu\u00ed el pacto \u2018a la extreme\u00f1a&#8217; con el PP si Arenas no consigue la mayor\u00eda absoluta?<\/b><\/p>\n<p style=\"margin-bottom: 0.25cm; background: #ffffff; line-height: 150%;\" align=\"JUSTIFY\">Eso lo debe decidir Andaluc\u00eda. Mi opini\u00f3n personal sobre lo de Extremadura es que el PSOE y el PP son iguales en pol\u00edtica econ\u00f3mica, pero no en derechos civiles, y por eso deber\u00eda haberse apoyado una investidura socialista e inmediatamente haber pasado a la oposici\u00f3n. El PP es mucho m\u00e1s rancio, antidemocr\u00e1tico, y el PSOE en minor\u00eda es un mal menor. En Andaluc\u00eda algo muy grave tendr\u00eda que pasar para que mi opini\u00f3n cambiase, aunque el objetivo de IU es ganar las elecciones, no ser la muleta del PSOE.<\/p>\n<p style=\"margin-bottom: 0.25cm; background: #ffffff; line-height: 150%;\" align=\"JUSTIFY\"><b>\u00bfEst\u00e1 m\u00e1s cerca de ganar con el PSOE dividido?<\/b><\/p>\n<p style=\"margin-bottom: 0.25cm; background: #ffffff; line-height: 150%;\" align=\"JUSTIFY\">Los socialistas afrontan un proceso de refundaci\u00f3n en el que no quiero meterme. Pero no le ir\u00e1 bien a IU si conf\u00eda en crecer porque a los dem\u00e1s les vaya mal. Si crece tiene que hacerlo por lo que propone a la sociedad.<\/p>\n<p style=\"margin-bottom: 0.25cm; background: #ffffff; line-height: 150%;\" align=\"JUSTIFY\"><b>En Andaluc\u00eda las encuestas le otorgan una subida a IU.<\/b><\/p>\n<p style=\"margin-bottom: 0.25cm; background: #ffffff; line-height: 150%;\" align=\"JUSTIFY\">Cada vez hay m\u00e1s gente frustrada y convencida de un cambio en el sistema pol\u00edtico y econ\u00f3mico, pero quiero introducir mi autocr\u00edtica: nuestro objetivo es gobernar y con s\u00f3lo un 10% de los votos no podemos caer en alabarnos por lo buenos que somos.<\/p>\n<p style=\"margin-bottom: 0.25cm; background: #ffffff; line-height: 150%;\" align=\"JUSTIFY\"><b>Vaya momento el de Rosa Aguilar para dejar IU y pasarse al Partido Socialista.<\/b><\/p>\n<p style=\"margin-bottom: 0.25cm; background: #ffffff; line-height: 150%;\" align=\"JUSTIFY\">Ella mostr\u00f3 falta de coherencia y traicion\u00f3 a los ciudadanos cordobeses al pasar de IU al peor PSOE de la historia. La tengo cerca en el Congreso, pero no la conozco en persona, y pertenezco a otra generaci\u00f3n.<\/p>\n<p style=\"margin-bottom: 0.25cm; background: #ffffff; line-height: 150%;\" align=\"JUSTIFY\"><b>\u00bfQu\u00e9 es lo primero que har\u00e1 IU con sus 11 diputados?<\/b><\/p>\n<p style=\"margin-bottom: 0.25cm; background: #ffffff; line-height: 150%;\" align=\"JUSTIFY\">Muchas propuestas. El d\u00eda 27 de diciembre presentamos 50, la m\u00e1s importante de las cuales hace referencia a los 300 desahucios al d\u00eda en Espa\u00f1a. Pretendemos que se paralicen y que se implanten medidas como la daci\u00f3n en pago o el alquiler p\u00fablico a precio razonable, no cargar con deudas a los ciudadanos cuando m\u00e1s ayuda est\u00e1n recibiendo los bancos.<\/p>\n<p style=\"margin-bottom: 0.25cm; background: #ffffff; line-height: 150%;\" align=\"JUSTIFY\"><b>El PP, con su mayor\u00eda absoluta, les va a decir nanay&#8230;<\/b><\/p>\n<p style=\"margin-bottom: 0.25cm; background: #ffffff; line-height: 150%;\" align=\"JUSTIFY\">Los partidos de izquierda, excepto el PSOE, nos apoyar\u00e1n. El PSOE, cuando gobern\u00f3, no lo hizo, y si ahora lo dice, es por marketing. Mostraremos que hay alternativa a la mayor\u00eda absoluta: la lucha en la calle.<\/p>\n<p style=\"margin-bottom: 0.25cm; background: #ffffff; line-height: 150%;\" align=\"JUSTIFY\"><a name=\"_GoBack\"><\/a> <b>Pues el ministro del Interior ya ha dicho que no permitir\u00e1 otra concentraci\u00f3n como la del 15-M.<\/b><\/p>\n<p style=\"margin-bottom: 0.25cm; background: #ffffff; line-height: 150%;\" align=\"JUSTIFY\">Efectivamente, el Gobierno ha anunciado una tasa cero de reposici\u00f3n de funcionarios salvo en las Fuerzas de Seguridad y servicios b\u00e1sicos por definir. Vamos a la peor \u00e9poca de Aznar, con represi\u00f3n y polic\u00eda. La democracia, no significa dictar las leyes, hacer lo que le d\u00e9 la gana en una dictadura rotatoria. Gracias a la Ley Electoral, el PP tiene m\u00e1s de la mitad de los esca\u00f1os con el 44% de los votos. Por eso protestamos en el Parlamento y en la calle.<\/p>\n<p style=\"margin-bottom: 0.25cm; background: #ffffff; line-height: 150%;\" align=\"JUSTIFY\"><b>El 15-M le vino bien al PP y ahora ya no le es \u00fatil&#8230;<\/b><\/p>\n<p style=\"margin-bottom: 0.25cm; background: #ffffff; line-height: 150%;\" align=\"JUSTIFY\">No creo que utilizaran al 15-M, al PP le daba miedo porque pone en cuesti\u00f3n el sistema pol\u00edtico. Quieren deshacerse de \u00e9l, es un incordio para gobernar con la m\u00ednima oposici\u00f3n posible.<\/p>\n<p style=\"margin-bottom: 0.25cm; background: #ffffff; line-height: 150%;\" align=\"JUSTIFY\"><b>\u00bfQu\u00e9 opina de lo que est\u00e1 pasando con Urdangarin?<\/b><\/p>\n<p style=\"margin-bottom: 0.25cm; background: #ffffff; line-height: 150%;\" align=\"JUSTIFY\">Justo a ra\u00edz de que sale a la luz este caso la Casa Real comunica su presupuesto, cuando hacerlo deber\u00eda haber sido un uso democr\u00e1tico normal. Adem\u00e1s, la Casa Real conoc\u00eda desde hace a\u00f1os estos llam\u00e9mosles negocios turbios y no ha hecho nada. Me pregunto si el Gobierno de entonces y el principal partido de la oposici\u00f3n sab\u00edan algo.<\/p>\n<p style=\"margin-bottom: 0.25cm; background: #ffffff; line-height: 150%;\" align=\"JUSTIFY\"><b>\u00bfNo es un problema de IU que haya tan pocas diputadas?<\/b><\/p>\n<p style=\"margin-bottom: 0.25cm; background: #ffffff; line-height: 150%;\" align=\"JUSTIFY\">Me preocupa y coincido con usted en llamarlo problema que hay que solucionar cuanto antes, creo que con listas paritarias. No son cesiones gratuitas: la mujer debe tomar el papel que le toca.<\/p>\n<p style=\"margin-bottom: 0cm; line-height: 150%;\" align=\"JUSTIFY\">\n","protected":false},"excerpt":{"rendered":"<p>\u00abLa alternativa a la mayor\u00eda absoluta est\u00e1 en la lucha en la calle\u00bb (Publicado en El correo de Andaluc\u00eda) Los<\/p>\n","protected":false},"author":9,"featured_media":0,"comment_status":"open","ping_status":"open","sticky":false,"template":"","format":"standard","meta":{"footnotes":""},"categories":[13],"tags":[1192],"class_list":["post-1770","post","type-post","status-publish","format-standard","hentry","category-la-izquierda-a-debate","tag-alberto-garzon"],"aioseo_notices":[],"_links":{"self":[{"href":"https:\/\/espai-marx.net\/index.php?rest_route=\/wp\/v2\/posts\/1770","targetHints":{"allow":["GET"]}}],"collection":[{"href":"https:\/\/espai-marx.net\/index.php?rest_route=\/wp\/v2\/posts"}],"about":[{"href":"https:\/\/espai-marx.net\/index.php?rest_route=\/wp\/v2\/types\/post"}],"author":[{"embeddable":true,"href":"https:\/\/espai-marx.net\/index.php?rest_route=\/wp\/v2\/users\/9"}],"replies":[{"embeddable":true,"href":"https:\/\/espai-marx.net\/index.php?rest_route=%2Fwp%2Fv2%2Fcomments&post=1770"}],"version-history":[{"count":0,"href":"https:\/\/espai-marx.net\/index.php?rest_route=\/wp\/v2\/posts\/1770\/revisions"}],"wp:attachment":[{"href":"https:\/\/espai-marx.net\/index.php?rest_route=%2Fwp%2Fv2%2Fmedia&parent=1770"}],"wp:term":[{"taxonomy":"category","embeddable":true,"href":"https:\/\/espai-marx.net\/index.php?rest_route=%2Fwp%2Fv2%2Fcategories&post=1770"},{"taxonomy":"post_tag","embeddable":true,"href":"https:\/\/espai-marx.net\/index.php?rest_route=%2Fwp%2Fv2%2Ftags&post=1770"}],"curies":[{"name":"wp","href":"https:\/\/api.w.org\/{rel}","templated":true}]}}