{"id":1781,"date":"2012-01-29T00:00:00","date_gmt":"2012-01-29T00:00:00","guid":{"rendered":"https:\/\/espai-marx.net\/?p=1781"},"modified":"2020-02-21T10:04:04","modified_gmt":"2020-02-21T09:04:04","slug":"la-liberacion-de-auschwitz-y-el-ejercito-rojo","status":"publish","type":"post","link":"https:\/\/espai-marx.net\/?p=1781","title":{"rendered":"La liberaci\u00f3n de Auschwitz y el Ej\u00e9rcito Rojo"},"content":{"rendered":"<p><em>En el 67\u00ba aniversario<\/em><\/p>\n<p>&nbsp;<\/p>\n<p>Para Xavier Pardo, que lo hubiera dicho mucho mejor<\/p>\n<p>&#8216;La primera patrulla rusa vio el campo al mediod\u00eda del 27 de enero de 1945&#8230;&#8217;. As\u00ed lo recordaba Primo Levi en La tregua.<\/p>\n<p>Este viernes, 27 de enero de 2012, celebramos \u2013 \u00a1hay mucho que celebrar en este caso!- el 67 aniversario de la liberaci\u00f3n de Auschwitz, uno de los campos de exterminio m\u00e1s criminales de la barbarie nazifascista.<\/p>\n<p><a name=\"_GoBack\"><\/a> En esta Europa dirigida y entregada por sus clases dirigentes a la derecha tecnocr\u00e1tica y extrema; en esta Europa que, bordeando (superando a veces) cumbres abismales de infamia y revisionismo, tiende a equiparar comunismo y nazismo (&#8216;Declaraci\u00f3n de Praga&#8217;, junio 2008, Vaclav Havel et alteri); en esta Europa en la que parlamento de Estonia, como recordaba recientemente Rafael Poch de Feliu [1], aprobar\u00e1 en marzo de 2012, por amplia mayor\u00eda, conceder el t\u00edtulo de &#8216;luchadores de la libertad&#8217; a los miembros de la &#8216;Legi\u00f3n SS&#8217; estonia que combatieron al lado de Hitler contra el pueblo sovi\u00e9tico en la segunda guerra mundial; en esta Europa neoliberal (y sumisa) del capital insaciable y la desmemoria orientada en la que en Ruman\u00eda una organizaci\u00f3n no puede denominarse &#8216;comunista&#8217; sin exponerse a que la consideren una &#8216;amenaza para la seguridad nacional&#8217;; en esta Europa, vertebrada en las cloacas de los Estados por la red Gladio durante d\u00e9cadas, que olvida sistem\u00e1ticamente en papel esencial de los partidos comunistas y de organizaciones pr\u00f3ximas en la liberaci\u00f3n de Francia, Italia o Grecia, por no hablar del infame desconocimiento que reina sobre la casi inconmensurable generosidad poli\u00e9tica de los \u201crojos espa\u00f1oles\u201d, el esencial y admirable legado del que deber\u00edamos sentirnos todos herederos; en esta misma Europa que arroja igualmente toneladas de revisi\u00f3n sobre el papel nuclear del PCE, del PSUC y de tantas otras organizaciones comunistas en la lucha \u2013con tanto sacrificio, muerte y hero\u00edsmo- contra el fascismo espa\u00f1ol y sus prolongaciones disfrazadas; en esa Europa del capital extremo que pretende abonar un retroceso hist\u00f3rico de dimensiones incalculables, en esta Europa demediada, dec\u00eda, vale la pena recordar, es necesario hacerlo, que fue el Ej\u00e9rcito Rojo, el ej\u00e9rcito de la Uni\u00f3n Sovi\u00e9tica, el ej\u00e9rcito de la Uni\u00f3n de Rep\u00fablicas Socialistas Sovi\u00e9ticas, compuesto en su mayor parte por trabajadores industriales y campesinos, quien liber\u00f3 el campo de exterminio de Auschwitz, al tiempo que es imprescindible no olvidar que fue el sacrificio de millones y millones de ciudadanos (\u00a1y ciudadanas!) sovi\u00e9ticos, comunistas muchos de ellos a pesar del atroz estalinismo que dirig\u00eda y dominaba su pa\u00eds, el que result\u00f3 esencial para el triunfo de la humanidad sobre el nazismo y el fascismo, sobre las tempestades de acero, como escribir\u00eda el nazi J\u00fcnger, que las grandes burgues\u00edas de muchos pa\u00edses -no s\u00f3lo, desde luego, las de Alemania, Italia y Espa\u00f1a- fueron responsables de desencadenar con la misma abyecci\u00f3n e infamia, y con los mismos beneficios complementarios, con los que dirigieron -con otros procedimientos\u2026 y con otros miedos- la Europa de posguerra, la subordinaci\u00f3n a los planes imperiales dise\u00f1ados por Estados Unidos y su forma de pasar p\u00e1gina sobre gran parte de los dirigentes y cuadros fascistas, criminales destacados en muchas ocasiones, as\u00ed como sobre las abultadas cuentas de beneficios de grandes multinacionales en absoluto ajenas a la madeja de explotaci\u00f3n, represi\u00f3n y muerte tejidas en torno a organizaciones fascistas que tomaron el Estado con sus botas y violencia, y con el generoso apoyo econ\u00f3mico de esas mismas empresas.<\/p>\n<p>Nadie mejor que Primo Levi, un gran escritor, un fil\u00f3sofo enorme, un poeta, un resistente ejemplar, para recordar qu\u00e9 fue aquella infamia que intent\u00f3 arrojar a la humanidad entera a un lodazal plet\u00f3rico de antihumanismo. Si esto es un hombre.., considerad si es una mujer\u2026<\/p>\n<p>Los que viv\u00eds seguros<\/p>\n<p>En vuestras casas caldeadas<\/p>\n<p>Los que os encontr\u00e1is, al volver por la tarde,<\/p>\n<p>La comida caliente y los rostros amigos:<\/p>\n<p>Considerad si esto es un hombre<\/p>\n<p>Quien trabaja en el fango<\/p>\n<p>Quien no conoce la paz<\/p>\n<p>Quien lucha por la mitad de un panecillo<\/p>\n<p>Quien muere por un s\u00ed o por un no.<\/p>\n<p>Considerad si es una mujer<\/p>\n<p>Quien no tiene cabellos ni nombre<\/p>\n<p>Ni fuerzas para recordarlo<\/p>\n<p>Vac\u00eda la mirada y fr\u00edo el regazo<\/p>\n<p>Como una rana invernal.<\/p>\n<p>Pensad que esto ha sucedido:<\/p>\n<p>Os encomiendo estas palabras.<\/p>\n<p>Grabadlas en vuestros corazones<\/p>\n<p>Al estar en casa, al ir por la calle,<\/p>\n<p>Al acostaros, al levantaros;<\/p>\n<p>Repet\u00eddselas al vuestros hijos.<\/p>\n<p>O que vuestra casa se derrumbe,<\/p>\n<p>La enfermedad os imposibilite,<\/p>\n<p>Vuestros descendientes os vuelvan el rostro.<\/p>\n<p>\u00a1Que nuestras casas se derrumben, que nuestros descendientes nos vuelvan el rostro!<\/p>\n<p>\u201cRecu\u00e9rdalo t\u00fa y recu\u00e9rdalo a otros, \/ cuando asqueados de la bajeza humana, \/cuando iracundos de la dureza humana\u2026\u201d. (Luis Cernuda, \u201c1936\u201d). Recordemos y record\u00e9moslo a otros.<\/p>\n<p>(Publicado en Rebeli\u00f3n.org)<\/p>\n<p><strong>Nota:<\/strong><\/p>\n<p>[1] <a href=\"http:\/\/www.sinpermiso.info\/textos\/index.php?id=4686\">http:\/\/www.sinpermiso.info\/textos\/index.php?id=4686<\/a><\/p>\n","protected":false},"excerpt":{"rendered":"<p>En el 67\u00ba aniversario &nbsp; Para Xavier Pardo, que lo hubiera dicho mucho mejor &#8216;La primera patrulla rusa vio el<\/p>\n","protected":false},"author":9,"featured_media":1782,"comment_status":"open","ping_status":"open","sticky":false,"template":"","format":"standard","meta":{"footnotes":""},"categories":[28],"tags":[],"class_list":["post-1781","post","type-post","status-publish","format-standard","has-post-thumbnail","hentry","category-siglo-xx"],"aioseo_notices":[],"_links":{"self":[{"href":"https:\/\/espai-marx.net\/index.php?rest_route=\/wp\/v2\/posts\/1781","targetHints":{"allow":["GET"]}}],"collection":[{"href":"https:\/\/espai-marx.net\/index.php?rest_route=\/wp\/v2\/posts"}],"about":[{"href":"https:\/\/espai-marx.net\/index.php?rest_route=\/wp\/v2\/types\/post"}],"author":[{"embeddable":true,"href":"https:\/\/espai-marx.net\/index.php?rest_route=\/wp\/v2\/users\/9"}],"replies":[{"embeddable":true,"href":"https:\/\/espai-marx.net\/index.php?rest_route=%2Fwp%2Fv2%2Fcomments&post=1781"}],"version-history":[{"count":0,"href":"https:\/\/espai-marx.net\/index.php?rest_route=\/wp\/v2\/posts\/1781\/revisions"}],"wp:featuredmedia":[{"embeddable":true,"href":"https:\/\/espai-marx.net\/index.php?rest_route=\/wp\/v2\/media\/1782"}],"wp:attachment":[{"href":"https:\/\/espai-marx.net\/index.php?rest_route=%2Fwp%2Fv2%2Fmedia&parent=1781"}],"wp:term":[{"taxonomy":"category","embeddable":true,"href":"https:\/\/espai-marx.net\/index.php?rest_route=%2Fwp%2Fv2%2Fcategories&post=1781"},{"taxonomy":"post_tag","embeddable":true,"href":"https:\/\/espai-marx.net\/index.php?rest_route=%2Fwp%2Fv2%2Ftags&post=1781"}],"curies":[{"name":"wp","href":"https:\/\/api.w.org\/{rel}","templated":true}]}}