{"id":17813,"date":"2025-05-08T05:00:48","date_gmt":"2025-05-08T04:00:48","guid":{"rendered":"https:\/\/espai-marx.net\/?p=17813"},"modified":"2025-05-08T01:36:07","modified_gmt":"2025-05-08T00:36:07","slug":"alemania-esta-utilizando-la-memoria-de-la-segunda-guerra-mundial-como-arma-contra-rusia","status":"publish","type":"post","link":"https:\/\/espai-marx.net\/?p=17813","title":{"rendered":"Alemania est\u00e1 utilizando la memoria de la Segunda Guerra Mundial como arma contra Rusia"},"content":{"rendered":"<p><strong>Excluir a los representantes de Mosc\u00fa de las conmemoraciones de la derrota de los nazis pone de manifiesto un problema de l\u00f3gica elemental y de decencia b\u00e1sica<\/strong><\/p>\n<div class=\"img-preview-wrapper\"><\/div>\n<p>Hace ochenta a\u00f1os, Alemania sufri\u00f3 la peor cat\u00e1strofe militar \u2014as\u00ed como moral, pol\u00edtica, cultural, lo que se quiera llamar\u2014 que jam\u00e1s se haya infligido a s\u00ed misma.<\/p>\n<p>En primer lugar, la Alemania nazi lider\u00f3 el desaf\u00edo fascista mundial que llamamos Segunda Guerra Mundial. A continuaci\u00f3n, Alemania no solo fue derrotada, sino aplastada por los esfuerzos combinados de, por orden de importancia, la Uni\u00f3n Sovi\u00e9tica, los Estados Unidos y el Reino Unido, por nombrar solo las potencias que realmente influyeron de manera decisiva en el resultado de la guerra en Europa. La victoria de los Aliados en Europa se celebra en mayo. En Occidente, las conmemoraciones alcanzan su punto \u00e1lgido el d\u00eda 8 y en Rusia, un d\u00eda despu\u00e9s.<\/p>\n<p>En Asia, las cosas fueron diferentes. La Segunda Guerra Mundial comenz\u00f3 antes, en julio de 1937, y no en septiembre de 1939, y termin\u00f3 m\u00e1s tarde, en agosto, y no en mayo de 1945. En lo que respecta a la guerra en Europa, Occidente siempre ha tratado, con mayor o menor intensidad, de restar importancia al papel preponderante de la Uni\u00f3n Sovi\u00e9tica y, dentro de esta, de Rusia.<\/p>\n<p>En cuanto a la guerra en Asia, el principal objetivo de este olvido instrumentalizado por Occidente ha sido China, <a href=\"https:\/\/archive.org\/details\/forgottenallychi0000mitt\" target=\"_blank\" rel=\"nofollow noopener noreferrer\">acertadamente calificada <i>\u00abel aliado olvidado\u00bb<\/i> por el historiador Rana Mitter<\/a>. China, al igual que la Uni\u00f3n Sovi\u00e9tica y ahora Rusia, siempre se ha atrevido a desafiar la hegemon\u00eda occidental y, en particular, la \u00abprimac\u00eda\u00bb estadounidense. Y, al igual que con Rusia y la antigua Uni\u00f3n Sovi\u00e9tica, es esta independencia geopol\u00edtica la que ha llevado a Occidente a negar la contribuci\u00f3n y los sacrificios reales y masivos del pueblo chino durante la Segunda Guerra Mundial, que fueron enormes (solo el n\u00famero de muertos, por citar una cifra, se estima <a href=\"https:\/\/www.history.com\/articles\/china-role-world-war-ii-allies\" target=\"_blank\" rel=\"nofollow noopener noreferrer\">entre 12 y 20 millones<\/a>).<\/p>\n<p>Pero, por ahora, volvamos a la parte europea de la guerra. All\u00ed, en la realidad hist\u00f3rica, fue la Uni\u00f3n Sovi\u00e9tica la que m\u00e1s contribuy\u00f3, con diferencia, a la destrucci\u00f3n de la Alemania nazi. Y eso es un hecho hist\u00f3rico simple, incluso cuantificable. Hace apenas una d\u00e9cada, se admit\u00eda ocasionalmente incluso en los principales medios de comunicaci\u00f3n occidentales, como el estadounidense <em><a href=\"https:\/\/www.washingtonpost.com\/news\/worldviews\/wp\/2015\/05\/08\/dont-forget-how-the-soviet-union-saved-the-world-from-hitler\/\" target=\"_blank\" rel=\"nofollow noopener noreferrer\">Washington Post<\/a><\/em> y el brit\u00e1nico <em><a href=\"https:\/\/www.independent.co.uk\/news\/world\/the-soviet-union-helped-save-the-world-from-hitler-a7020926.html\" target=\"_blank\" rel=\"nofollow noopener noreferrer\">Independent<\/a><\/em>.<\/p>\n<p>Bastan unas pocas cifras para esbozar lo predominante que fue la participaci\u00f3n sovi\u00e9tica en la victoria sobre el nazismo: a lo largo de la guerra, en todos los frentes, entre 17 y 18 millones de alemanes sirvieron en las fuerzas nazis (incluida la Wehrmacht y la Waffen-SS, m\u00e1s peque\u00f1a pero especialmente importante y cruel).<\/p>\n<p>Al menos 4 millones de soldados alemanes murieron en la lucha contra la Uni\u00f3n Sovi\u00e9tica solo entre 1941 y 1945. Las estimaciones indican que al menos otros tantos resultaron heridos, probablemente m\u00e1s; alrededor de 3 millones fueron hechos prisioneros de guerra.<\/p>\n<p>La conclusi\u00f3n es sencilla: una parte enorme, que algunos historiadores estiman en hasta el 80 % del total de los combatientes alemanes de la Segunda Guerra Mundial \u2014no solo los que invadieron la Uni\u00f3n Sovi\u00e9tica\u2014 fue eliminada en lo que los alemanes llamaban el frente oriental. Sin entrar en detalles f\u00e1cilmente disponibles, el panorama es similar si nos centramos no en los hombres, sino en el material.<\/p>\n<p>Pregunte, por ejemplo, a la IA Gemini de Google en modo Deep Research, y le resumir\u00e1 as\u00ed: \u00abEs evidente que el frente oriental absorbi\u00f3 la gran mayor\u00eda de las p\u00e9rdidas totales de tanques de Alemania durante toda la guerra\u00bb. Resulta que el fracaso del tanque Leopard, tan alabado por Alemania, en el conflicto de Ucrania tiene una larga tradici\u00f3n que se remonta a los Panthers y Tigers de la Alemania nazi: Rusia, castrando a los gatos alemanes desde 1941.<\/p>\n<p>En pocas palabras, al igual que con <a href=\"https:\/\/www.britannica.com\/event\/Battle-of-Poltava\" target=\"_blank\" rel=\"nofollow noopener noreferrer\">Gustavo XII de Suecia<\/a> y <a href=\"https:\/\/www.britannica.com\/event\/French-invasion-of-Russia\" target=\"_blank\" rel=\"nofollow noopener noreferrer\">Napole\u00f3n<\/a> de Francia, fueron Rusia y la Uni\u00f3n Sovi\u00e9tica quienes quebraron la espalda de Hitler. Y a un costo y sacrificio enormes: las cifras actuales y s\u00f3lidas sit\u00faan las p\u00e9rdidas sovi\u00e9ticas (militares y civiles combinadas) <a href=\"https:\/\/www.rt.com\/news\/616098-russia-ww2-international-conference\/\" target=\"_blank\" rel=\"nofollow noopener noreferrer\">en 26-27 millones<\/a>. (Comp\u00e1rese, por ejemplo, con Estados Unidos: las bajas militares, <a href=\"https:\/\/www.britannica.com\/event\/casualties-of-World-War-II-2231003\" target=\"_blank\" rel=\"nofollow noopener noreferrer\">seg\u00fan la <em>Enciclopedia Brit\u00e1nica<\/em><\/a>, superaron ligeramente las 292 000; las p\u00e9rdidas civiles fueron insignificantes, aunque, por supuesto, cada muerte es tr\u00e1gica).<\/p>\n<p>Y ahora es Alemania, precisamente, la que ha empa\u00f1ado los preparativos del aniversario de mayo de este a\u00f1o con un esc\u00e1ndalo vergonzoso y repugnante. En esencia, se trata de un intento del Gobierno alem\u00e1n de instrumentalizar de forma burda las conmemoraciones para que sirvan a la guerra propagand\u00edstica que forma parte de la guerra <em>proxy<\/em> de Occidente en Ucrania, mientras acusa a Rusia de hacer precisamente eso. En Alemania, cada vez m\u00e1s, toda acusaci\u00f3n es una confesi\u00f3n, como se dice de la propaganda israel\u00ed.<\/p>\n<p>Aunque iniciativas similares se han producido durante a\u00f1os, este a\u00f1o, el Ministerio de Asuntos Exteriores alem\u00e1n \u2014todav\u00eda mal gestionado por Annalena \u00ab360 grados de rusofobia\u00bb Baerbock\u2014 ha intensificado la mezquindad difundiendo <a href=\"https:\/\/www.berliner-zeitung.de\/politik-gesellschaft\/geopolitik\/80-jahre-kriegsende-auswaertiges-amt-will-keine-vertreter-aus-russland-bei-gedenkfeier-li.2313544\" target=\"_blank\" rel=\"nofollow noopener noreferrer\">una supuesta Handreichung<\/a> \u2014oficialmente, una especie de consejo; extraoficialmente, una desagradable forma de coacci\u00f3n\u2014 para insistir en que no se invite a representantes rusos ni bielorrusos a los actos conmemorativos y que, si se atreven a aparecer de todos modos, se les expulse.<\/p>\n<p>El b\u00e1rbaro llamamiento a expulsar, en esencia, a diplom\u00e1ticos que se comportan correctamente como si fueran unos gamberros en un bar, se codifica como una referencia a las \u00abnormas de la casa\u00bb que deben respetarse. Pero se trata de un eufemismo descaradamente primitivo, tan torpe como cuando las autoridades alemanas sol\u00edan hacer desaparecer a sus oponentes bajo \u00abcustodia protectora\u00bb.<\/p>\n<p>Los principales medios de comunicaci\u00f3n alemanes han apoyado, una vez m\u00e1s, este intento descabellado e intolerante de fastidiar a los rusos, como est\u00e1 de moda en la nueva-vieja <em>Zeitenwende<\/em> alemana del rearme masivo y la \u00abaptitud para la guerra\u00bb (<em>Kriegstuechtigkeit<\/em>, <a href=\"https:\/\/archive.org\/details\/1944-07-26-joseph-goebbels-rede-ueber-den-anschlag-auf-adolf-hitler-50m-55s\" target=\"_blank\" rel=\"nofollow noopener noreferrer\">un t\u00e9rmino que tambi\u00e9n utilizaba el jefe de la guerra informativa nazi, Joseph Goebbels<\/a>). Como siempre, <a href=\"https:\/\/www.msn.com\/de-de\/krieg-und-konflikte\/milit%C3%A4r\/ein-zeichen-daf%C3%BCr-wie-die-russen-den-zweiten-weltkrieg-instrumentalisieren\/ar-AA1D1R12?ocid=BingNewsVerp\" target=\"_blank\" rel=\"nofollow noopener noreferrer\">los representantes ucranianos<\/a> han hecho todo lo posible por utilizar indebidamente sus plataformas medi\u00e1ticas alemanas, siempre dispuestas a colaborar, para confirmar a los alemanes en sus errores.<\/p>\n<p>El <a href=\"https:\/\/www.t-online.de\/nachrichten\/deutschland\/id_100682918\/bundestag-schliesst-russland-von-weltkriegs-gedenken-aus.html\" target=\"_blank\" rel=\"nofollow noopener noreferrer\">Parlamento alem\u00e1n<\/a> ha seguido los pasos del Ministerio de Asuntos Exteriores y ha excluido de forma ostensible a los diplom\u00e1ticos rusos y bielorrusos de sus conmemoraciones. Al menos algunos de los responsables de los lugares conmemorativos y los museos est\u00e1n obedeciendo las recomendaciones del Ministerio de Asuntos Exteriores, o tal vez est\u00e1n aplicando la misma pol\u00edtica por su propio dogmatismo provinciano. Christian Wagner, responsable de los lugares conmemorativos de Turingia, <a href=\"https:\/\/www.berliner-zeitung.de\/politik-gesellschaft\/geopolitik\/80-jahre-kriegsende-auswaertiges-amt-will-keine-vertreter-aus-russland-bei-gedenkfeier-li.2313544\" target=\"_blank\" rel=\"nofollow noopener noreferrer\">ha prohibido expl\u00edcitamente la presencia de diplom\u00e1ticos rusos y bielorrusos<\/a>. Del mismo modo, el responsable de los lugares conmemorativos de Brandeburgo, Axel Drecoll, <a href=\"https:\/\/www.msn.com\/de-de\/nachrichten\/politik\/brandenburg-droht-putins-botschafter-mit-rauswurf\/ar-AA1DpiYu?ocid=BingNewsVerp\" target=\"_blank\" rel=\"nofollow noopener noreferrer\">se ha jactado de haber desinvitado al embajador ruso<\/a> y de estar dispuesto a expulsarlo, en colaboraci\u00f3n con las \u00abfuerzas de seguridad\u00bb, si intenta asistir.<\/p>\n<p>La buena noticia es que tambi\u00e9n hay resistencia. En los alrededores de la ciudad de Seelow, una regi\u00f3n de especial importancia por la inmensa <a href=\"https:\/\/www.seelowerhoehen.de\/schlachtfeld.php\" target=\"_blank\" rel=\"nofollow noopener noreferrer\">batalla de las alturas de Seelow<\/a> de 1945, pol\u00edticos locales, entre ellos miembros del partido de izquierda BSW de Sarah Wagenknecht, del SPD de centro y tambi\u00e9n del partido conservador mayoritario CDU, se atrevieron a mostrarse <a href=\"https:\/\/www.welt.de\/regionales\/berlin\/article255936974\/Seelower-Hoehen-Landkreis-verwundert-ueber-Aussenamtsschreiben.html\" target=\"_blank\" rel=\"nofollow noopener noreferrer\"><i>\u00abasombrados\u00bb<\/i> por las ideas <i>\u00ababsurdas\u00bb<\/i> del Ministerio de Asuntos Exteriores<\/a>.<\/p>\n<p>Cuando <a href=\"https:\/\/www.faz.net\/aktuell\/politik\/inland\/seelow-mit-dem-russischen-botschafter-am-kriegerdenkmal-110423516.html\" target=\"_blank\" rel=\"nofollow noopener noreferrer\">el embajador ruso Sergey Nechayev asisti\u00f3<\/a> a un acto conmemorativo, <a href=\"https:\/\/www.berliner-zeitung.de\/politik-gesellschaft\/geopolitik\/80-jahre-kriegsgedenken-russlands-botschafter-netschajew-ist-der-star-von-seelow-li.2316625\" target=\"_blank\" rel=\"nofollow noopener noreferrer\">nadie le pidi\u00f3 que se marchara y, sorpresa, sorpresa, no ocurri\u00f3 nada terrible ni escandaloso<\/a>. Esto se debe a que los rusos, a diferencia de muchos alemanes, al parecer, todav\u00eda saben comportarse con decencia.<\/p>\n<p>Hay que reconocer que, en Seelow, el embajador fue recibido por una multitud que le mostr\u00f3 su <a href=\"https:\/\/www.berliner-zeitung.de\/politik-gesellschaft\/geopolitik\/80-jahre-kriegsgedenken-russlands-botschafter-netschajew-ist-der-star-von-seelow-li.2316625\" target=\"_blank\" rel=\"nofollow noopener noreferrer\">apoyo y respeto<\/a>. Nechayev tambi\u00e9n particip\u00f3 en las conmemoraciones en Torgau, donde las tropas sovi\u00e9ticas y estadounidenses se encontraron al final de la guerra, y m\u00e1s tarde, <a href=\"https:\/\/tass.com\/society\/1782159\" target=\"_blank\" rel=\"nofollow noopener noreferrer\">en el emplazamiento del antiguo campo de Sachsenhausen,<\/a> que fue liberado por el Ej\u00e9rcito Rojo en abril de 1945. All\u00ed tambi\u00e9n quedaron en evidencia las fantas\u00edas hist\u00e9ricas del Ministerio de Asuntos Exteriores alem\u00e1n.<\/p>\n<p>En el <em>Berliner Zeitung<\/em>, el compositor y autor Hans-Eckardt Wenzel critic\u00f3 duramente la pol\u00edtica de utilizar la memoria de la Segunda Guerra Mundial como arma contra Rusia. En particular, se enfrent\u00f3 a Axel Drecoll, desafi\u00e1ndole, en efecto, a que dejara de intentar reescribir la historia.<\/p>\n<p>Mientras tanto, el Ministerio de Asuntos Exteriores alem\u00e1n ha mostrado su indecisi\u00f3n. Ha comenzado a andarse con rodeos de una manera c\u00f3micamente deshonesta y reveladora. <a href=\"https:\/\/x.com\/FWarweg\/status\/1915317485823308234\" target=\"_blank\" rel=\"nofollow noopener noreferrer\">Cuando se le pregunt\u00f3 por la innecesaria iniciativa de su ministerio<\/a> contra los representantes rusos y bielorrusos, su portavoz, Sebastian Fischer, super\u00f3 su habitual evasiva: la circular del Ministerio de Asuntos Exteriores, dijo, no es una prohibici\u00f3n porque los memoriales y museos individuales conservan el derecho a decidir si la siguen o no.<\/p>\n<p>S\u00ed, claro, y sabemos por Hollywood que el C\u00f3digo Pirata no es realmente vinculante, sino m\u00e1s bien una especie de recomendaci\u00f3n. Rusia lleva mucho tiempo se\u00f1alando que las \u00e9lites occidentales se han vuelto tan habitualmente tortuosas, tan adictas a la sofister\u00eda y la casu\u00edstica, que ya no son \u00abcapaces de llegar a acuerdos\u00bb. Gracias por ilustrar desinteresadamente, se\u00f1or Fischer, del Ministerio de Asuntos Exteriores, que este colapso de la m\u00ednima buena fe se da no solo en su comportamiento en el extranjero, sino tambi\u00e9n en su pa\u00eds.<\/p>\n<p>En realidad, es obvio que, a pesar de las evasivas transparentes de Fischer, el Ministerio de Asuntos Exteriores emiti\u00f3 su directiva para ejercer presi\u00f3n pol\u00edtica y sobre la opini\u00f3n p\u00fablica y hacer todo lo posible para obligar a otras instituciones. Descubrir ahora que nadie ten\u00eda realmente la intenci\u00f3n de dar \u00f3rdenes es una excusa barata. Pero seamos justos, para Alemania, al menos es algo nuevo: de \u00absolo segu\u00eda \u00f3rdenes\u00bb a \u00abnunca tuvimos la intenci\u00f3n de dar ninguna\u00bb. \u00a1Y dicen que los alemanes no han aprendido nada de su horrible pasado!<\/p>\n<p>En la misma rueda de prensa, Fischer tampoco respondi\u00f3 a una pregunta crucial: su Ministerio ha argumentado que los representantes rusos y bielorrusos deben mantenerse alejados e incluso expulsarse si se atreven a aparecer, para evitar cualquier instrumentalizaci\u00f3n pol\u00edtica nefasta.<\/p>\n<p>Sin embargo, cuando se le record\u00f3 que se han expresado preocupaciones similares durante a\u00f1os y se le pidi\u00f3 que diera ejemplos concretos de algo as\u00ed que haya ocurrido realmente, Fischer se qued\u00f3 en blanco, lo cual fue bastante embarazoso. Balbuce\u00f3 algo vago sobre unas cintas de San Jorge, y eso fue todo lo que se le ocurri\u00f3. Esto lo dijo un portavoz de alto rango de un pa\u00eds que nunca ha tenido ning\u00fan problema con que muchos de sus nuevos amigos ucranianos exhiban s\u00edmbolos que, seg\u00fan cualquier criterio razonable, son mucho peores, es decir, de estilo nazi, y a menudo directamente nazis. \u00a1Hablando de instrumentalizar la memoria de la Segunda Guerra Mundial!<\/p>\n<p>Le toc\u00f3 a un miembro del Parlamento alem\u00e1n del partido Alternativa para Alemania (AfD) decir la verdad: <a href=\"https:\/\/iz.ru\/1875781\/2025-04-23\/deputat-bundestaga-nazval-rol-sssr-v-okonchanii-vov-kliuchevoi\" target=\"_blank\" rel=\"nofollow noopener noreferrer\">Steffen Kotre se\u00f1al\u00f3<\/a> que, en realidad, es la <i>\u00abpol\u00edtica ideol\u00f3gica\u00bb<\/i> de Alemania la que <i>\u00abest\u00e1 instrumentalizando la historia\u00bb<\/i>. Para aquellos que quieren <i>\u00abaplastar ideol\u00f3gicamente a los rusos\u00bb<\/i>, la historia real de la Segunda Guerra Mundial ni siquiera importa. \u00a1Exactamente!<\/p>\n<p>No es una imagen bonita: las autoridades alemanas han revelado, una vez m\u00e1s, lo mezquinos, ignorantes en materia de historia y fan\u00e1ticamente rus\u00f3fobos que son. Los mismos pol\u00edticos que nunca han dejado de apoyar <a href=\"https:\/\/www.msn.com\/en-us\/news\/world\/holocaust-survivors-freed-israeli-hostages-march-at-auschwitz\/ar-AA1Dyfdw?ocid=BingNewsVerp\" target=\"_blank\" rel=\"nofollow noopener noreferrer\">la instrumentalizaci\u00f3n rutinaria por parte de Israel del crimen alem\u00e1n del Holocausto<\/a> para encubrir los brutales cr\u00edmenes de apartheid y genocidio de Israel contra los palestinos, han demostrado que consideran a Rusia un objetivo leg\u00edtimo de lo que solo puede calificarse como guerra de memoria mediante trucos sucios.<\/p>\n<p>De todos los pa\u00edses, es Rusia, el que \u2014objetiva y cuantificablemente\u2014 m\u00e1s hizo por librar al mundo del nazismo que los alemanes crearon, sirvieron y defendieron, al que algunos alemanes ahora sienten que deben censurar y ofender de forma demostrativa. Las \u00e9lites alemanas tienen un grave problema, no solo con la memoria, sino con la l\u00f3gica elemental y la decencia b\u00e1sica.<\/p>\n<p><em>Por <\/em><b><em>Tarik Cyril Amar<\/em><\/b><em>, historiador alem\u00e1n que trabaja en la Universidad Ko\u00e7 de Estambul, especializado en Rusia, Ucrania y Europa del Este, la historia de la Segunda Guerra Mundial, la Guerra Fr\u00eda cultural y la pol\u00edtica de la memoria<\/em><\/p>\n<p>Fuente: RT, 2 de mayo de 2025 (<a href=\"https:\/\/swentr.site\/news\/616642-germany-ww2-memory-russia\/\">https:\/\/swentr.site\/news\/616642-germany-ww2-memory-russia\/<\/a>)<\/p>\n<p>Foto de portada: Personas se re\u00fanen en la Puerta de Brandeburgo con retratos de soldados sovi\u00e9ticos que lucharon en la Segunda Guerra Mundial, Berl\u00edn, Alemania, 9 de mayo de 2023. \u00a9 Sean Gallup \/ Getty Images<\/p>\n","protected":false},"excerpt":{"rendered":"<p>Excluir a los representantes de Mosc\u00fa de las conmemoraciones de la derrota de los nazis pone de manifiesto un problema<\/p>\n","protected":false},"author":5,"featured_media":17814,"comment_status":"open","ping_status":"open","sticky":false,"template":"","format":"standard","meta":{"footnotes":""},"categories":[1922,17,46,1814],"tags":[],"class_list":["post-17813","post","type-post","status-publish","format-standard","has-post-thumbnail","hentry","category-alemania","category-historia","category-memoria-historica","category-rusia"],"aioseo_notices":[],"_links":{"self":[{"href":"https:\/\/espai-marx.net\/index.php?rest_route=\/wp\/v2\/posts\/17813","targetHints":{"allow":["GET"]}}],"collection":[{"href":"https:\/\/espai-marx.net\/index.php?rest_route=\/wp\/v2\/posts"}],"about":[{"href":"https:\/\/espai-marx.net\/index.php?rest_route=\/wp\/v2\/types\/post"}],"author":[{"embeddable":true,"href":"https:\/\/espai-marx.net\/index.php?rest_route=\/wp\/v2\/users\/5"}],"replies":[{"embeddable":true,"href":"https:\/\/espai-marx.net\/index.php?rest_route=%2Fwp%2Fv2%2Fcomments&post=17813"}],"version-history":[{"count":3,"href":"https:\/\/espai-marx.net\/index.php?rest_route=\/wp\/v2\/posts\/17813\/revisions"}],"predecessor-version":[{"id":17817,"href":"https:\/\/espai-marx.net\/index.php?rest_route=\/wp\/v2\/posts\/17813\/revisions\/17817"}],"wp:featuredmedia":[{"embeddable":true,"href":"https:\/\/espai-marx.net\/index.php?rest_route=\/wp\/v2\/media\/17814"}],"wp:attachment":[{"href":"https:\/\/espai-marx.net\/index.php?rest_route=%2Fwp%2Fv2%2Fmedia&parent=17813"}],"wp:term":[{"taxonomy":"category","embeddable":true,"href":"https:\/\/espai-marx.net\/index.php?rest_route=%2Fwp%2Fv2%2Fcategories&post=17813"},{"taxonomy":"post_tag","embeddable":true,"href":"https:\/\/espai-marx.net\/index.php?rest_route=%2Fwp%2Fv2%2Ftags&post=17813"}],"curies":[{"name":"wp","href":"https:\/\/api.w.org\/{rel}","templated":true}]}}