{"id":17827,"date":"2025-05-11T05:00:38","date_gmt":"2025-05-11T04:00:38","guid":{"rendered":"https:\/\/espai-marx.net\/?p=17827"},"modified":"2025-05-11T03:08:15","modified_gmt":"2025-05-11T02:08:15","slug":"un-libro-que-deja-huella-imborrable-en-los-lectores","status":"publish","type":"post","link":"https:\/\/espai-marx.net\/?p=17827","title":{"rendered":"Un libro que deja huella imborrable en los lectores"},"content":{"rendered":"<p><span style=\"font-size: 14pt;\">Rese\u00f1a de: Mich\u00e8le Audin,<i> Una vida breve<\/i>, C\u00e1ceres: Editorial Perif\u00e9rica, 164 p\u00e1ginas (traducci\u00f3n de Pablo Moi\u00f1o S\u00e1nchez, edici\u00f3n original 2013)<\/span><\/p>\n<p><a href=\"https:\/\/espai-marx.net\/wp-content\/uploads\/2025\/05\/una-vida-breve.jpg\"><img loading=\"lazy\" decoding=\"async\" class=\"alignleft wp-image-17828\" src=\"https:\/\/espai-marx.net\/wp-content\/uploads\/2025\/05\/una-vida-breve.jpg\" alt=\"\" width=\"193\" height=\"300\" srcset=\"https:\/\/espai-marx.net\/wp-content\/uploads\/2025\/05\/una-vida-breve.jpg 675w, https:\/\/espai-marx.net\/wp-content\/uploads\/2025\/05\/una-vida-breve-193x300.jpg 193w, https:\/\/espai-marx.net\/wp-content\/uploads\/2025\/05\/una-vida-breve-658x1024.jpg 658w\" sizes=\"auto, (max-width: 193px) 100vw, 193px\" \/><\/a>Una cita de Albert Camus, de su discurso de recepci\u00f3n del Premio Nobel de Literatura de 10 de diciembre de 1957, abre <i>Una vida breve<\/i>: \u00ab[\u2026] el papel del escritor no est\u00e1 exento de dif\u00edciles deberes. Por definici\u00f3n, no puede ponerse hoy al servicios de los que hacen la Historia; est\u00e1 al servicio de los que la sufren\u00bb. Entre esa humanidad sufriente, Maurice Audin, militante comunista y colaborador del FLN, matem\u00e1tico tunecino asesinado en 1957 por el Ej\u00e9rcito franc\u00e9s en Argelia, y padre de la autora.<\/p>\n<p>Un apunte sobre ella, sobre Mich\u00e8le Audin [MA]: Matem\u00e1tica, historiadora y novelista, MA es miembro de grupo de experimentaci\u00f3n literaria OuLiPo y autora, entre otras publicaciones, de un libro comentado en estas p\u00e1ginas: <i>La se\u00f1orita Haas<\/i>. MA rechaz\u00f3 en 2008 la Legi\u00f3n de Honor, despu\u00e9s de la negativa del entonces presidente de la Rep\u00fablica, Nicol\u00e1s Sarkozy, a aclarar la muerte de su padre. M\u00e1s de sesenta a\u00f1os despu\u00e9s de este crimen de Estado, en 2018, el gobierno franc\u00e9s pidi\u00f3 finalmente perd\u00f3n a la familia Audin.<\/p>\n<p>Pero no es la detenci\u00f3n, tortura y asesinato de Maurice Audin el tema de este libro, sino la reconstrucci\u00f3n, la minuciosa y detallada reconstrucci\u00f3n de su vida. MA lo expresa as\u00ed: \u00abEn este libro se habla de una vida breve. No de la de un desconocido elegido al azar, por haber visto su foto o su sonrisa en un peri\u00f3dico viejo, sino de la mi padre, Maurice Audin.\u00bb Puede, se\u00f1ala MA, que nos hayamos topado con su nombre. No en mi caso. Puede que hayamos o\u00eddo hablar de lo que se conoce como \u00abel caso Audin\u00bb. Tampoco era mi caso. O puede que no a\u00f1ade la autora. Mi caso hasta ahora, un desconocimiento que no me perdonar\u00e9 nunca.<\/p>\n<p>MA nos advierte desde el principio de estas p\u00e1ginas inolvidables: \u00abLo digo desde el principio: no es de ese \u201ccaso\u201d de lo que quiero hablar aqu\u00ed. Por lo dem\u00e1s, no veo qu\u00e9 podr\u00eda a\u00f1adir a una verdad tambi\u00e9n breve y brutal: en 1957 Maurice Audin ten\u00eda veinticinco a\u00f1os, fue arrestado durante la batalla de Argel, fue torturado por el Ej\u00e9rcito franc\u00e9s, fue asesinado, se organiz\u00f3 un simulacro de evasi\u00f3n, se hicieron desaparecer las huellas de su muerte, como determin\u00f3 la investigaci\u00f3n de Pierre Vidal-Naquet entre 1957 y 1958. Nada nuevo aprender\u00e1n aqu\u00ed acerca de dicho caso. Ni el m\u00e1rtir, ni su muerte ni su desaparici\u00f3n son el tema de este libro\u00bb.<\/p>\n<p>Todo lo contrario, a\u00f1ade MA: \u00abde la vida, de su vida, de una vida cuyas huellas no han desaparecido por completo, pretendo hablarles aqu\u00ed.\u00bb La narraci\u00f3n de su vida incluye el momento de la detenci\u00f3n.<\/p>\n<p>Es justo un apunte sobre el gran helenista franc\u00e9s que tomo de la nota de las editoras: \u00abEsta editorial [Les \u00c9ditions de Minuit], clandestina durante la ocupaci\u00f3n nazi, sac\u00f3 a la luz ese mismo a\u00f1o [1958] el libro fundamental sobre la desaparici\u00f3n, cuya repercusi\u00f3n podr\u00eda compararse con el <i>Yo acuso<\/i>, de \u00c9mile Zola, sesenta a\u00f1os antes. El t\u00edtulo era <i>El caso Audin<\/i> y su autor fue Pierre Vidal-Naquet (1930-2006), entonces un joven licenciado de estudios helen\u00edsticos, que se jug\u00f3 su incipiente carrera al publicar esta investigaci\u00f3n. Vidal-Naquet lleg\u00f3 a ser uno de los grandes helenistas franceses, pero tambi\u00e9n un intelectual comprometido, de una feroz y valiente independencia intelectual: fue un implacable combatiente del negacionismo de los cr\u00edmenes nazis \u2013superviviente del holocausto, sus padres perecieron asesinados en Auschwitz\u2013, pero no dud\u00f3 en criticar al Estado de Israel.\u00bb<\/p>\n<p>Mich\u00e8le Audin ha estructurado su libro en los siguientes apartados: 1. Antes. 2. B\u00e9ja, 14 de febrero de 1932, 23. 3. Desplazamientos. 4. Argel. 5. 1957. 6. Despu\u00e9s. Agradecimientos y fuentes. Claro y conciso, ni una palabra de m\u00e1s, una reconstrucci\u00f3n casi arqueol\u00f3gica de la vida de su padre y los or\u00edgenes de su familia.<\/p>\n<p>Las editoras han a\u00f1adido una nota (que no deben perderse, un excelente resumen de lo que conocemos de la tragedia y asesinato de Maurice Audin): pp. 161-164.<\/p>\n<p>Son frecuentes, como no pod\u00eda ser de otro modo, las referencias de MA a la historia de las matem\u00e1ticas francesas y, concretamente, a las investigaciones, aportaciones y tesis de su padre asesinado. No son f\u00e1ciles de seguir para el lector no matem\u00e1tico, pero en absoluto enturbian la lectura de este libro imprescindible.<\/p>\n<p>D\u00e9jenme que rinda homenaje a uno de los matem\u00e1tico citados, relacionado con Maurice Audin y Alexander Grothendiek: Laurent Schwartz (1915-2002), un gran matem\u00e1tico anticolonialista, el autor de la \u00abteor\u00eda de las distribuciones\u00bb (funciones generalizables), que recibi\u00f3 la medalla Fields en 1951. (El profesor Manuel Monle\u00f3n Pradas me ha recordado el moto con el que Schwartz abr\u00eda su <i>Curso de an\u00e1lisis<\/i>: \u00abNo hay matem\u00e1ticas sin l\u00e1grimas\u00bb. Tambi\u00e9n, y en paralelo, el fragmento de una carta de Marx a Maurice La Ch\u00e2tre (18 de marzo de 1872): \u00abNo hay un camino real hacia la ciencia, y solo quienes no temen cansarse subiendo sus empinados senderos tienen la oportunidad de alcanzar sus luminosas cumbres\u00bb).<\/p>\n<p>En la contraportada del libro se habla de la prosa inconfundible de la autora, \u00abque a\u00fana la precisi\u00f3n de la matem\u00e1tica y la especulaci\u00f3n po\u00e9tica, y se a\u00f1ade: \u00ab<i>Una vida breve<\/i> es m\u00e1s que un ejercicio de \u201cliteratura de los hijos\u201d. Cumple un deseo esencial de la gran literatura: narrar esas vidas concretas que, a veces involuntariamente, tienen la capacidad de condensar la Historia\u00bb. De acuerdo.<\/p>\n<p>Una sugerencia: les dejo dos enlaces sobre la autora \u2013<a href=\"https:\/\/micheleaudin.com\/\" target=\"_blank\" rel=\"noopener\">https:\/\/micheleaudin.com\/<\/a>, <a href=\"https:\/\/macommunedeparis.com\/-\">https:\/\/macommunedeparis.com\/<\/a>\u2013 que con toda seguridad ser\u00e1n de su inter\u00e9s.<\/p>\n","protected":false},"excerpt":{"rendered":"<p>Rese\u00f1a de: Mich\u00e8le Audin, Una vida breve, C\u00e1ceres: Editorial Perif\u00e9rica, 164 p\u00e1ginas (traducci\u00f3n de Pablo Moi\u00f1o S\u00e1nchez, edici\u00f3n original 2013)<\/p>\n","protected":false},"author":5,"featured_media":17829,"comment_status":"open","ping_status":"open","sticky":false,"template":"","format":"standard","meta":{"footnotes":""},"categories":[2189,2025,5,46],"tags":[2104,917,2244],"class_list":["post-17827","post","type-post","status-publish","format-standard","has-post-thumbnail","hentry","category-colonialismo","category-francia","category-literatura","category-memoria-historica","tag-michele-audin","tag-resenas","tag-una-vida-breve"],"aioseo_notices":[],"_links":{"self":[{"href":"https:\/\/espai-marx.net\/index.php?rest_route=\/wp\/v2\/posts\/17827","targetHints":{"allow":["GET"]}}],"collection":[{"href":"https:\/\/espai-marx.net\/index.php?rest_route=\/wp\/v2\/posts"}],"about":[{"href":"https:\/\/espai-marx.net\/index.php?rest_route=\/wp\/v2\/types\/post"}],"author":[{"embeddable":true,"href":"https:\/\/espai-marx.net\/index.php?rest_route=\/wp\/v2\/users\/5"}],"replies":[{"embeddable":true,"href":"https:\/\/espai-marx.net\/index.php?rest_route=%2Fwp%2Fv2%2Fcomments&post=17827"}],"version-history":[{"count":2,"href":"https:\/\/espai-marx.net\/index.php?rest_route=\/wp\/v2\/posts\/17827\/revisions"}],"predecessor-version":[{"id":17831,"href":"https:\/\/espai-marx.net\/index.php?rest_route=\/wp\/v2\/posts\/17827\/revisions\/17831"}],"wp:featuredmedia":[{"embeddable":true,"href":"https:\/\/espai-marx.net\/index.php?rest_route=\/wp\/v2\/media\/17829"}],"wp:attachment":[{"href":"https:\/\/espai-marx.net\/index.php?rest_route=%2Fwp%2Fv2%2Fmedia&parent=17827"}],"wp:term":[{"taxonomy":"category","embeddable":true,"href":"https:\/\/espai-marx.net\/index.php?rest_route=%2Fwp%2Fv2%2Fcategories&post=17827"},{"taxonomy":"post_tag","embeddable":true,"href":"https:\/\/espai-marx.net\/index.php?rest_route=%2Fwp%2Fv2%2Ftags&post=17827"}],"curies":[{"name":"wp","href":"https:\/\/api.w.org\/{rel}","templated":true}]}}