{"id":17859,"date":"2025-05-18T05:00:56","date_gmt":"2025-05-18T04:00:56","guid":{"rendered":"https:\/\/espai-marx.net\/?p=17859"},"modified":"2025-05-18T02:14:04","modified_gmt":"2025-05-18T01:14:04","slug":"sobre-el-decisivo-papel-de-la-militancia-comunista","status":"publish","type":"post","link":"https:\/\/espai-marx.net\/?p=17859","title":{"rendered":"Sobre el decisivo papel de la militancia comunista"},"content":{"rendered":"<p><span style=\"font-family: Times New Roman, serif; font-size: 14pt;\">Rese\u00f1a de: Jordi Sancho Gal\u00e1n, <i>El antifranquismo en la universidad. El protagonismo militante (1956-1977)<\/i>, Madrid: Los Libros de la Catarata-Fundaci\u00f3n Primero de Mayo, 2024, 380 p\u00e1ginas.<\/span><\/p>\n<p><a href=\"https:\/\/espai-marx.net\/wp-content\/uploads\/2025\/05\/antifranquismo-universidad.jpg\"><img loading=\"lazy\" decoding=\"async\" class=\"alignleft wp-image-17860\" src=\"https:\/\/espai-marx.net\/wp-content\/uploads\/2025\/05\/antifranquismo-universidad.jpg\" alt=\"\" width=\"199\" height=\"300\" srcset=\"https:\/\/espai-marx.net\/wp-content\/uploads\/2025\/05\/antifranquismo-universidad.jpg 797w, https:\/\/espai-marx.net\/wp-content\/uploads\/2025\/05\/antifranquismo-universidad-199x300.jpg 199w, https:\/\/espai-marx.net\/wp-content\/uploads\/2025\/05\/antifranquismo-universidad-680x1024.jpg 680w, https:\/\/espai-marx.net\/wp-content\/uploads\/2025\/05\/antifranquismo-universidad-768x1156.jpg 768w\" sizes=\"auto, (max-width: 199px) 100vw, 199px\" \/><\/a>Es justo decirlo ya en el primer comp\u00e1s esta nota: si tienen inter\u00e9s, como seguramente ser\u00e1 el caso, en la lucha democr\u00e1tico-comunista contra el franquismo, estudien, lean y recomienden esta magn\u00edfica y documentada \u2013y excelentemente escrita\u2013 aportaci\u00f3n a la lucha antifranquista en la universidad, centrada principalmente (es descripci\u00f3n, no cr\u00edtica) en la Universidad de Barcelona (La Central, en aquellos a\u00f1os) y en el movimiento estudiantil barcelon\u00e9s, sin que el autor olvide, desde luego que no, la lucha de los PNN, de los profesores no numerarios, y la huelga general por ellos convocada durante el curso 1974-1975.<\/p>\n<p><i>El antifranquismo en la universidad. El protagonismo militante (1956-1977)<\/i>, con nuevas aportaciones para los interesados, mi caso por ejemplo, en la obra y praxis pol\u00edtica de Manuel Sacrist\u00e1n y Francisco Fern\u00e1ndez Buey,<i> <\/i>toma pie en la tesis doctoral que el autor present\u00f3 en la Facultad de Historia de la UAB en 2021, bajo la direcci\u00f3n de la historiadora Carme Molinero, quien en el pr\u00f3logo del libro comenta: \u00abEl lector tiene entre las manos una aportaci\u00f3n relevante a la reconstrucci\u00f3n exhaustiva del papel de la militancia comunista en la constituci\u00f3n del movimiento estudiantil centrada en los protagonistas que permitieron desplegar la oposici\u00f3n pol\u00edtica a trav\u00e9s de la movilizaci\u00f3n social y la recuperaci\u00f3n de la sociedad civil\u00bb. En las d\u00e9cadas de los a\u00f1os 60 y 70 del siglo pasado, \u00ablos comunistas arraigaron a trav\u00e9s del activismo de sus miembros, formando parte de las redes m\u00e1s din\u00e1micas de la sociedad.\u00bb Esos estudiantes comunistas se convirtieron, excelente met\u00e1fora de Molinero, en \u00abrostros de la multitud\u00bb.<\/p>\n<p>Un apunte sobre el autor: Jordi Sancho Gal\u00e1n es un joven doctor en Historia Comparada, Pol\u00edtica y Social por la Universidad Aut\u00f3noma de Barcelona (UAB) e investigador del Centro de Estudios sobre Dictaduras y Democracias (CEDID, UAB). Sancho Gal\u00e1n ha centrado hasta el momento sus investigaciones en las interacciones entre culturas pol\u00edticas, juventud y movilizaci\u00f3n social en la segunda mitad del siglo XX. Actualmente es investigador postdoctoral Margarita Salas en la Universidad Par\u00eds 8 (Vincennes-Saint Denis) y en la UAB.<\/p>\n<p>Tras el pr\u00f3logo de Molinero, forman<i> El antifranquismo en la universidad. El protagonismo militante (1956-1977)<\/i>, la introducci\u00f3n, cinco extensos cap\u00edtulos (nunca cansinos) y documentados cap\u00edtulos (no se salten las notas al pie de p\u00e1gina), las conclusiones (el autor cierra tomando pie en una cita de Francisco Fern\u00e1ndez Buey), un apartado de siglas y abreviaturas y la bibliograf\u00eda. Falta, en mi opini\u00f3n, un \u00edndice onom\u00e1stico con los protagonistas principales de la lucha. Los t\u00edtulos de los cap\u00edtulos: 1. Tomar partido. 2. La formaci\u00f3n del movimiento estudiantil. 3. El PSUC en, ante y tras el sindicato democr\u00e1tico de estudiantes. 4. Efervescencia, represi\u00f3n y radicalizaci\u00f3n. 5. Por una universidad nueva en una sociedad democr\u00e1tica.<\/p>\n<p>Sugerencia de lectura: pr\u00f3logo, introducci\u00f3n y cap\u00edtulo de conclusiones. Tras ello, vuelta a empezar.<\/p>\n<p>El paradigma historiogr\u00e1fico del autor: \u00abNos aproximamos a esta historia del antifranquismo en la universidad desde un marco historiogr\u00e1fico desarrollado por historiadores como Carme Molinero, Pere Ys\u00e0s, Sebastian Balfour, Pamela Radeliff, Ismael Saz, Xavier Dom\u00e8nech y \u00d3scar J. Mart\u00edn Garc\u00eda, entre otros\u00bb, una historia social de lo que suele llamarse tardofranquismo y del final de la dictadura, \u00aben la que los movimientos y la conflictividad sociales constituyen vectores fundamentales del cambio pol\u00edtico.\u00bb Es desde la perspectiva de una historia social, cultural y desde abajo, \u00aben la que el sujeto, la experiencia, la cultura, la hegemon\u00eda, la movilizaci\u00f3n y conflictividad social son elementos centrales\u00bb desde las que el autor ha pretendido (y conseguido) acercarse a su objetivo de estudio.<\/p>\n<p>Para futuras reediciones convendr\u00eda rectificar algunas erratas en nombres y apellidos (Scheing por Schweins, Fabri\u00e1n por Fabi\u00e1n, Robert por Rubert, Muster\u00edn por Moster\u00edn, etc), a\u00f1adir alg\u00fan breve apunte sobre la FUDE (del PCE(m-l)), evitar el uso de capuchinada o caputxinada (por el convento de los capuchinos de Sarri\u00e0, el lugar de la reuni\u00f3n) para hacer referencia a la Asamblea Constituyente del SDEUB y dar cuenta de las singulares posiciones de Sacrist\u00e1n sobre la invasi\u00f3n de Praga por las tropas del Pacto de Varsovia, tema muy debatido entre el estudiantado de vanguardia.<\/p>\n<p>PS: Tambi\u00e9n durante 1976, se\u00f1ala Sancho Gal\u00e1n, las tres universidades catalanas aprobaron la cooficialidad del catal\u00e1n, reconocimiento que, en ning\u00fan caso, era muestra de hispanofobia ni de marginaci\u00f3n o menosprecio del castellano.<\/p>\n<p>Fuente: <i>El Viejo Topo<\/i>, marzo de 2024.<\/p>\n","protected":false},"excerpt":{"rendered":"<p>Rese\u00f1a de: Jordi Sancho Gal\u00e1n, El antifranquismo en la universidad. El protagonismo militante (1956-1977), Madrid: Los Libros de la Catarata-Fundaci\u00f3n<\/p>\n","protected":false},"author":5,"featured_media":10958,"comment_status":"open","ping_status":"open","sticky":false,"template":"","format":"standard","meta":{"footnotes":""},"categories":[1561,17,46],"tags":[2248,2247,917],"class_list":["post-17859","post","type-post","status-publish","format-standard","has-post-thumbnail","hentry","category-educacion","category-historia","category-memoria-historica","tag-el-antifranquismo-en-la-universidad-el-protagonismo-militante-1956-1977","tag-jordi-sancho-galan","tag-resenas"],"aioseo_notices":[],"_links":{"self":[{"href":"https:\/\/espai-marx.net\/index.php?rest_route=\/wp\/v2\/posts\/17859","targetHints":{"allow":["GET"]}}],"collection":[{"href":"https:\/\/espai-marx.net\/index.php?rest_route=\/wp\/v2\/posts"}],"about":[{"href":"https:\/\/espai-marx.net\/index.php?rest_route=\/wp\/v2\/types\/post"}],"author":[{"embeddable":true,"href":"https:\/\/espai-marx.net\/index.php?rest_route=\/wp\/v2\/users\/5"}],"replies":[{"embeddable":true,"href":"https:\/\/espai-marx.net\/index.php?rest_route=%2Fwp%2Fv2%2Fcomments&post=17859"}],"version-history":[{"count":2,"href":"https:\/\/espai-marx.net\/index.php?rest_route=\/wp\/v2\/posts\/17859\/revisions"}],"predecessor-version":[{"id":17862,"href":"https:\/\/espai-marx.net\/index.php?rest_route=\/wp\/v2\/posts\/17859\/revisions\/17862"}],"wp:featuredmedia":[{"embeddable":true,"href":"https:\/\/espai-marx.net\/index.php?rest_route=\/wp\/v2\/media\/10958"}],"wp:attachment":[{"href":"https:\/\/espai-marx.net\/index.php?rest_route=%2Fwp%2Fv2%2Fmedia&parent=17859"}],"wp:term":[{"taxonomy":"category","embeddable":true,"href":"https:\/\/espai-marx.net\/index.php?rest_route=%2Fwp%2Fv2%2Fcategories&post=17859"},{"taxonomy":"post_tag","embeddable":true,"href":"https:\/\/espai-marx.net\/index.php?rest_route=%2Fwp%2Fv2%2Ftags&post=17859"}],"curies":[{"name":"wp","href":"https:\/\/api.w.org\/{rel}","templated":true}]}}