{"id":17867,"date":"2025-05-20T05:00:10","date_gmt":"2025-05-20T04:00:10","guid":{"rendered":"https:\/\/espai-marx.net\/?p=17867"},"modified":"2025-05-20T01:24:32","modified_gmt":"2025-05-20T00:24:32","slug":"amigos-del-genocidio-no-ha-aprendido-nada-alemania-del-holocausto","status":"publish","type":"post","link":"https:\/\/espai-marx.net\/?p=17867","title":{"rendered":"Amigos del genocidio: \u00bfNo ha aprendido nada Alemania del Holocausto?"},"content":{"rendered":"<p>El <a href=\"https:\/\/www.msn.com\/en-gb\/general\/general\/germany-s-new-top-diplomat-voices-support-and-concern-in-israel-visit\/ar-AA1Ezcwm?ocid=BingNewsVerp\" target=\"_blank\" rel=\"nofollow noopener noreferrer\">demostrativo<\/a> <a href=\"https:\/\/www.dw.com\/de\/deutschland-israel-diplomatische-beziehungen-jubil%C3%A4um-netanjahu-v1\/a-72474134\" target=\"_blank\" rel=\"nofollow noopener noreferrer\">apoyo<\/a> mostrado una vez m\u00e1s por Berl\u00edn a Israel mientras comete genocidio es un espect\u00e1culo que sigue siendo muy repugnante y desconcertante para muchos y, sin duda, para todos aquellos que gozan de cordura intelectual y moral. A pesar de los cambios de gobierno, Alemania est\u00e1 mostrando una lealtad insensible, brutal y tambi\u00e9n perfectamente sorda a todo lo que pueda suceder \u2014si es que se puede llamar as\u00ed\u2014 hacia el Estado genocida y apartheid de Israel, que practica una ideolog\u00eda y comete cr\u00edmenes que recuerdan demasiado al nazismo. Es ir\u00f3nico que, dentro de las coordenadas pervertidas del discurso p\u00fablico alem\u00e1n, se consideren dignas de menci\u00f3n las ocasionales y muy cautelosas insinuaciones de \u00abpreocupaci\u00f3n\u00bb. \u00bfPor qu\u00e9 es Alemania como es?<\/p>\n<p>Un peque\u00f1o cartel de baja calidad, hecho a mano, expuesto recientemente en el centro de Berl\u00edn, la capital de Alemania, puede ofrecer alguna pista. Ha provocado un peque\u00f1o esc\u00e1ndalo que ha ido en contra de la l\u00ednea habitual de apoyo inquebrantable del pa\u00eds a Israel. Pero la noticia m\u00e1s importante es que, al final, ese esc\u00e1ndalo no ha servido de nada.<\/p>\n<p>La esencia del incidente era simple: a finales de abril, la Deutsch-Israelische Gesellschaft (DIG) \u2014\u00abSociedad Germano-Israel\u00ed\u00bb\u2014 celebr\u00f3 una de sus \u00abJornadas de Israel\u00bb en Berl\u00edn. En Alemania, la DIG es una organizaci\u00f3n prominente y poderosa. Su principal fuente de financiaci\u00f3n, <a href=\"https:\/\/www.lobbyregister.bundestag.de\/suche\/R005190\" target=\"_blank\" rel=\"nofollow noopener noreferrer\">seg\u00fan el registro oficial de grupos de presi\u00f3n<\/a> del pa\u00eds para 2023, es el Estado alem\u00e1n. La Agencia Federal para la Educaci\u00f3n C\u00edvica, que en esencia es la oficina alemana de ortodoxia ideol\u00f3gica y adoctrinamiento centrista, la describe como la \u00ab<i>organizaci\u00f3n central [\u2026] donde los amigos de Israel se re\u00fanen en cooperaci\u00f3n no partidista<\/i>\u00bb del pa\u00eds.<\/p>\n<p>El \u00abD\u00eda de Israel\u00bb en Berl\u00edn fue un evento en gran parte informal, en realidad una <a href=\"https:\/\/www.digberlin.de\/veranstaltung\/israeltag-berlin-2025\/\" target=\"_blank\" rel=\"nofollow noopener noreferrer\">fiesta callejera con discursos<\/a>. Para que la diversi\u00f3n fuera a\u00fan mayor, el restaurante Feinberg&#8217;s se encarg\u00f3 del catering. En particular, Feinberg&#8217;s, especializado en lo que denomina cocina israel\u00ed \u2014los palestinos reconocen muchos platos como plagiados de su tradici\u00f3n\u2014, ofreci\u00f3 un batido de sand\u00edas muy especial.<\/p>\n<p>El cartel que anunciaba la bebida mostraba un le\u00f3n (utilizado por los israel\u00edes como s\u00edmbolo nacional) con un delantal con la bandera israel\u00ed (por si acaso). El le\u00f3n sosten\u00eda dos vasos grandes, uno con trozos de sand\u00eda (un s\u00edmbolo ya tradicional y muy conocido de Palestina y su resistencia) y otro con el batido terminado y una peque\u00f1a bandera israel\u00ed.<\/p>\n<div class=\"img-preview-wrapper\"><a href=\"https:\/\/espai-marx.net\/wp-content\/uploads\/2025\/05\/leon-genocida.jpg\"><img loading=\"lazy\" decoding=\"async\" class=\"aligncenter wp-image-17868\" src=\"https:\/\/espai-marx.net\/wp-content\/uploads\/2025\/05\/leon-genocida.jpg\" alt=\"\" width=\"657\" height=\"750\" srcset=\"https:\/\/espai-marx.net\/wp-content\/uploads\/2025\/05\/leon-genocida.jpg 1051w, https:\/\/espai-marx.net\/wp-content\/uploads\/2025\/05\/leon-genocida-263x300.jpg 263w, https:\/\/espai-marx.net\/wp-content\/uploads\/2025\/05\/leon-genocida-897x1024.jpg 897w, https:\/\/espai-marx.net\/wp-content\/uploads\/2025\/05\/leon-genocida-768x877.jpg 768w\" sizes=\"auto, (max-width: 657px) 100vw, 657px\" \/><\/a><\/div>\n<p>El fondo estaba formado por una pila de sand\u00edas, a menudo cortadas, muchas de ellos con caras de beb\u00e9s f\u00e1cilmente reconocibles. El texto del cartel dec\u00eda (en parte en ingl\u00e9s y en parte en alem\u00e1n): \u00abLa sand\u00eda se encuentra con Si\u00f3n. Sand\u00eda al estilo israel\u00ed, troceada, triturada y cortada en pedazos\u00bb.<\/p>\n<p>Las sand\u00edas evocaban lo que se conoce como <a href=\"https:\/\/enviroliteracy.org\/animals\/why-do-we-think-all-baby-animals-are-cute\/#:~:text=The%20perception%20of%20cuteness%20isn%E2%80%99t%20just%20a%20passive,dopamine%2C%20a%20neurotransmitter%20associated%20with%20pleasure%20and%20reward.\" target=\"_blank\" rel=\"nofollow noopener noreferrer\"><i>\u00abKindchenschema\u00bb<\/i> o <i>\u00abternura\u00bb<\/i> (en sentido cient\u00edfico)<\/a>: un patr\u00f3n de rasgos casi universalmente reconocido que identifica a los beb\u00e9s y los ni\u00f1os y que, en individuos psicol\u00f3gicamente normales, despierta profundas respuestas hormonales y neurol\u00f3gicas de simpat\u00eda y cuidado o, al menos, de moderaci\u00f3n.<\/p>\n<p>El mensaje era obvio y nada divertido: El <i>\u00able\u00f3n\u00bb<\/i> israel\u00ed aplastaba las <i>\u00absand\u00edas\u00bb<\/i> palestinas hasta convertirlas en una pulpa refrescante, helada y de color rojo sangre, que se pod\u00eda acompa\u00f1ar con un <i>\u00abchupito\u00bb<\/i> de vodka, presumiblemente para celebrar. El hecho de que las caras de las <i>\u00absand\u00edas\u00bb<\/i> antropomorfizadas fueran infantiles lo hac\u00eda todo a\u00fan m\u00e1s repulsivo: est\u00e1 claro que quien pens\u00f3 que esta imagen era una buena idea no es lo suficientemente normal como para que el <i>Kindchenschema<\/i> funcione en \u00e9l.<\/p>\n<p>Quienes estudian el genocidio coinciden desde hace tiempo en que la <a href=\"https:\/\/www.tandfonline.com\/doi\/full\/10.1080\/0031322X.2012.754575#abstract\" target=\"_blank\" rel=\"nofollow noopener noreferrer\">deshumanizaci\u00f3n deliberada<\/a> de las v\u00edctimas mediante la propaganda y el adoctrinamiento es uno de sus m\u00e9todos y signos elementales. Quienes pretenden no reconocer en este cartel un caso paradigm\u00e1tico de tal deshumanizaci\u00f3n son deliberadamente obtusos.<\/p>\n<p>El cartel era, por supuesto, una alusi\u00f3n inequ\u00edvoca a la operaci\u00f3n combinada de <a href=\"https:\/\/euromedmonitor.org\/en\/article\/6693\/Disguised-as-%E2%80%98voluntary-migration%E2%80%99,-Israel%E2%80%99s-forced-displacement-campaign-unfolds-in-Gaza-amid-deafening-int%E2%80%99l-silence\" target=\"_blank\" rel=\"nofollow noopener noreferrer\">genocidio<\/a> y <a href=\"https:\/\/euromedmonitor.org\/en\/article\/6693\/Disguised-as-%E2%80%98voluntary-migration%E2%80%99,-Israel%E2%80%99s-forced-displacement-campaign-unfolds-in-Gaza-amid-deafening-int%E2%80%99l-silence\" target=\"_blank\" rel=\"nofollow noopener noreferrer\">limpieza \u00e9tnica<\/a> que Israel est\u00e1 llevando a cabo, cuyo objetivo principal (<a href=\"https:\/\/electronicintifada.net\/blogs\/tamara-nassar\/israel-kills-children-routinely-west-bank\" target=\"_blank\" rel=\"nofollow noopener noreferrer\">aunque no \u00fanico<\/a>) son los palestinos de la Franja de Gaza. Ese es el lugar donde la mayor\u00eda de las v\u00edctimas de Israel, muchas de ellas beb\u00e9s y ni\u00f1os, han sido literalmente \u00abdestrozadas\u00bb y \u00abcortadas en pedazos\u00bb por los ataques a\u00e9reos y los bombardeos, adem\u00e1s de <a href=\"https:\/\/electronicintifada.net\/blogs\/nora-barrows-friedman\/israel-imposes-starvation-design-gaza\" target=\"_blank\" rel=\"nofollow noopener noreferrer\">sometidas a hambre sistem\u00e1tica<\/a> y privadas de vivienda y de infraestructuras vitales, especialmente de instituciones m\u00e9dicas, sin olvidar a sus cuidadores: es Gaza bajo el asalto israel\u00ed, para la que los m\u00e9dicos han tenido que inventar una nueva abreviatura: <a href=\"https:\/\/www.bbc.com\/news\/world-middle-east-67614139\" target=\"_blank\" rel=\"nofollow noopener noreferrer\">WCNSF<\/a>, ni\u00f1o herido, sin familiares supervivientes.<\/p>\n<p><a href=\"https:\/\/x.com\/_jwhittall\/status\/1913593759104639247\" target=\"_blank\" rel=\"nofollow noopener noreferrer\">En palabras de Jonathan Whittall<\/a>, jefe de la oficina humanitaria de la ONU responsable de Gaza, Israel est\u00e1 practicando <i>\u00abla privaci\u00f3n deliberada\u00bb<\/i> y el <i>\u00abdesmantelamiento deliberado de la vida palestina\u00bb<\/i>.<\/p>\n<p>La <a href=\"https:\/\/www.aljazeera.com\/news\/longform\/2023\/10\/9\/israel-hamas-war-in-maps-and-charts-live-tracker\" target=\"_blank\" rel=\"nofollow noopener noreferrer\">\u00faltima cifra de muertos<\/a> entre los palestinos, que es la m\u00ednima de facto, se acerca a los 63 000. Casi 112 000 v\u00edctimas han resultado heridas, a menudo de gravedad, lo que les acarrear\u00e1 secuelas de por vida, como la amputaci\u00f3n de extremidades. Por horribles que sean, estas cifras, facilitadas por el Ministerio de Salud de Gaza \u2014que, contrariamente a la propaganda israel\u00ed y occidental, es conservador en sus c\u00e1lculos\u2014, son solo la punta del iceberg. Por un lado, un estudio publicado en la prestigiosa revista m\u00e9dica <em>The Lance<\/em>t sostiene desde hace tiempo que las cifras reales probablemente <a href=\"https:\/\/www.thelancet.com\/journals\/lancet\/article\/PIIS0140-6736(24)01169-3\/fulltext\" target=\"_blank\" rel=\"nofollow noopener noreferrer\">sean considerablemente superiores<\/a>.<\/p>\n<p>Matar, herir y mutilar son, por supuesto, solo una parte de la violencia israel\u00ed. Otros son el desplazamiento masivo y la destrucci\u00f3n literal de la Franja de Gaza, gran parte de la cual ha sido reducida a polvo t\u00f3xico, y el trauma psicol\u00f3gico profundo y generalizado. No hay espacio aqu\u00ed para esbozar siquiera todos los m\u00e9todos crueles del genocidio de Israel ni todas sus horribles consecuencias. Y, al igual que con los genocidios anteriores, el lenguaje tambi\u00e9n tiene sus l\u00edmites: es dif\u00edcil expresar con palabras comunes lo que han estado haciendo los perpetradores israel\u00edes, junto con sus c\u00f3mplices occidentales, y el <a href=\"https:\/\/www.aljazeera.com\/news\/longform\/2025\/4\/16\/israeli-soldiers-filmed-themselves-destroying-gaza-see-the-video-evidence\" target=\"_blank\" rel=\"nofollow noopener noreferrer\">cruel sadismo<\/a> que no pocos, sino muchos israel\u00edes, con y <a href=\"https:\/\/www.vice.com\/en\/article\/sderot-cinema-twisted-conflict-spectatorship-in-israel-and-palestine-721\/\" target=\"_blank\" rel=\"nofollow noopener noreferrer\">sin<\/a> uniforme, est\u00e1n mostrando con orgullo.<\/p>\n<p>Sin embargo, esto es, despu\u00e9s de todo, lo que Amnist\u00eda Internacional \u2014y muchos otros\u2014 han identificado acertadamente como un <a href=\"https:\/\/www.msn.com\/en-us\/news\/world\/israel-carrying-out-live-streamed-genocide-in-gaza-amnesty-says\/ar-AA1DNUY3?ocid=BingNewsVerp\" target=\"_blank\" rel=\"nofollow noopener noreferrer\"><i>\u00abgenocidio retransmitido en directo\u00bb<\/i><\/a>. Debido a la asombrosa desverg\u00fcenza de muchos perpetradores israel\u00edes y al desarrollo de los medios de comunicaci\u00f3n modernos, especialmente las redes sociales, se trata de un genocidio ante los ojos del p\u00fablico mundial como nunca antes se hab\u00eda visto.<\/p>\n<p>Por eso es totalmente imposible creer en los rid\u00edculos intentos <a href=\"https:\/\/taz.de\/Pietaetlos-oder-Satire\/!6081949\/\" target=\"_blank\" rel=\"nofollow noopener noreferrer\">de confundir y dar marcha atr\u00e1s que est\u00e1n haciendo ahora los creadores del cartel, que son todo menos <i>\u00ableoninos\u00bb<\/i>.<\/a> Evidentemente dolido por las protestas y temeroso de las posibles consecuencias legales, Yorai Feinberg, propietario de Feinberg&#8217;s, se ha retractado y afirma que las sand\u00edas representaban \u2014redoble de tambores\u2014 <i>\u00abel antisemitismo\u00bb<\/i> y que todo era solo una s\u00e1tira.<\/p>\n<p>Ambas afirmaciones son ofensivamente absurdas: todo el mundo sabe que las sand\u00edas representan a Palestina, a los palestinos y a su resistencia, no <i>\u00abantisemitismo\u00bb<\/i>. Por supuesto, puede ser que en las mentes enfermas de los creadores del cartel esas dos cosas parezcan lo mismo. Eso ser\u00eda un cl\u00e1sico delirio sionista, adem\u00e1s de un truco propagand\u00edstico. Y, obviamente, una mentira.<\/p>\n<p>Adem\u00e1s, es muy, muy dif\u00edcil explicar por qu\u00e9 cosas que ahora supuestamente representan simplemente \u00abantisemitismo\u00bb ten\u00edan que dibujarse con caras bonitas e infantiles. No, esto es, dig\u00e1moslo alto y claro, una mierda, un disparate del mismo tipo malvado y descarado que las interminables y est\u00fapidas mentiras de los genocidas israel\u00edes sobre Ham\u00e1s aqu\u00ed y Ham\u00e1s all\u00e1, cada vez que les apetece \u2014que es a menudo\u2014 bombardear otro hospital, campamento de tiendas de campa\u00f1a o edificio residencial.<\/p>\n<p>En cuanto a la <i>\u00abs\u00e1tira\u00bb<\/i> \u2014<a href=\"https:\/\/taz.de\/Pietaetlos-oder-Satire\/!6081949\/\" target=\"_blank\" rel=\"nofollow noopener noreferrer\">una excusa respaldada p\u00fablicamente por (sorpresa, sorpresa) el DIG<\/a>\u2014, \u00bfpor d\u00f3nde empezar? Si los creadores de esta repugnante imagen realmente pensaban que estaban produciendo algo parecido a una declaraci\u00f3n <i>\u00abingeniosa\u00bb<\/i> o <i>\u00abatrevida\u00bb<\/i>, una especie de <i>\u00abbroma\u00bb<\/i>, eso solo significa que consideran <i>\u00abnormal\u00bb<\/i> <i>\u00abbromear\u00bb<\/i> sobre el genocidio y, en particular, sobre el asesinato en masa de ni\u00f1os. Y no puede haber nada menos normal y m\u00e1s moralmente corrupto que ese sentido del \u00abhumor\u00bb. \u00bfPresumir en serio del asesinato en masa o \u00abes solo una broma\u00bb? Saben qu\u00e9: no importa, cualquiera de las dos cosas significa que son unos monstruos.<\/p>\n<p>Pero este esc\u00e1ndalo va m\u00e1s all\u00e1 de la sangrienta intolerancia de un restaurante alem\u00e1n e israel\u00ed. Tenga en cuenta que se trataba de un acto oficial de la DIG, al que asistieron tanto su presidente, Volker Beck, como el embajador israel\u00ed en Alemania, Ron Prosor. No pueden haber ignorado el cartel del \u00able\u00f3n exterminando sand\u00edas\u00bb: <a href=\"https:\/\/www.msn.com\/de-de\/essen-und-trinken\/allgemein\/watermelon-zerhackst%C3%BCckelt-auf-eis-kritik-an-angeblich-pal%C3%A4stinenserfeindlichem-plakat-auf-israeltag-in-berlin\/ar-AA1DIpT4?ocid=BingNewsVerp\" target=\"_blank\" rel=\"nofollow noopener noreferrer\">una foto de Instagram los mostraba a ambos<\/a> delante del stand en el que se exhib\u00eda.<\/p>\n<p>Beck es un importante pol\u00edtico, aunque ya pasado su apogeo, del Partido Verde alem\u00e1n, fan\u00e1tico partidario de Israel y, casualmente, tambi\u00e9n una figura con un pasado poco brillante. Ha <a href=\"https:\/\/www.spiegel.de\/politik\/deutschland\/paedophilie-debatte-um-gruene-volker-beck-taeuschte-oeffentlichkeit-a-923357.html\" target=\"_blank\" rel=\"nofollow noopener noreferrer\">defendido la despenalizaci\u00f3n de la <i>\u00abpedosexualidad\u00bb,<\/i> es decir, el abuso sexual impune de menores<\/a>, un hecho que m\u00e1s tarde intent\u00f3 ocultar sin \u00e9xito; <a href=\"https:\/\/www.focus.de\/politik\/deutschland\/mit-crystal-meth-erwischt-volker-beck-zur-drogenaffaere-das-war-mir-eine-lehre_id_5485279.html\" target=\"_blank\" rel=\"nofollow noopener noreferrer\">tambi\u00e9n ha sido sorprendido con drogas duras<\/a>. Prosor es un veterano diplom\u00e1tico israel\u00ed que hace lo que hacen los diplom\u00e1ticos israel\u00edes: entre sus hitos m\u00e1s destacados se encuentra el <a href=\"https:\/\/www.palestinechronicle.com\/former-israeli-ambassador-oversees-new-attack-on-unrwa\/#:~:text=Former%20Israeli%20envoy%20Ron%20Prosor%20is%20directing%20a,efforts%20to%20undermine%20the%20rights%20of%20Palestinian%20refugees.\" target=\"_blank\" rel=\"nofollow noopener noreferrer\">ataque a la UNRWA<\/a>, una maniobra caracter\u00edstica de la agresi\u00f3n israel\u00ed contra los palestinos, dise\u00f1ada para aislarlos de cualquier apoyo que pueda perturbar las operaciones de asedio y hambruna israel\u00edes. De hecho, <a href=\"https:\/\/www.middleeasteye.net\/news\/icj-and-unrwa-why-world-court-hearing-another-case-against-israel\" target=\"_blank\" rel=\"nofollow noopener noreferrer\">los ataques israel\u00edes contra la UNRWA son actualmente objeto de otra demanda contra Israel ante la Corte Internacional de Justicia<\/a> (CIJ).<\/p>\n<p>Recientemente, Prosor ha tratado de reprimir las voces cr\u00edticas en Alemania, entre ellas la <a href=\"https:\/\/www.zeit.de\/kultur\/2025-04\/omri-boehm-philosoph-universalismus-denken-werk\" target=\"_blank\" rel=\"nofollow noopener noreferrer\">del fil\u00f3sofo israel\u00ed Omri Boehm<\/a>, y, por si fuera poco, vigilar las universidades alemanas <a href=\"https:\/\/www.sueddeutsche.de\/politik\/gedenken-israels-botschafter-warnt-vor-neuem-antisemitismus-an-unis-dpa.urn-newsml-dpa-com-20090101-250424-930-463373\" target=\"_blank\" rel=\"nofollow noopener noreferrer\">difamando la resistencia a los cr\u00edmenes israel\u00edes y la complicidad alemana como <i>\u00abnuevo antisemitismo<\/i><\/a>\u00bb. Qu\u00e9 original.<\/p>\n<p>No es dif\u00edcil imaginar que ambos caballeros no vieron nada malo en ese le\u00f3n destrozando sand\u00edas e incluso pueden haber disfrutado de un sorbo de batido de \u00abbroma\u00bb genocida. Y, por supuesto, no tendr\u00e1n que afrontar ninguna consecuencia. Porque \u2014y este es el contexto m\u00e1s amplio y triste de este vil asunto\u2014 Alemania ha decidido ponerse del lado de Israel con una obstinaci\u00f3n \u00abhasta el final\u00bb que recuerda a aquella otra Alemania tan decepcionante que nunca dej\u00f3 de ser leal al nazismo y de luchar por \u00e9l hasta que finalmente fue detenida por otros, principalmente los sovi\u00e9ticos.<\/p>\n<p>Berl\u00edn, la capital, ha estado al frente de este nuevo nacionalismo sin restricciones y de la <i>Nibelungentreue <\/i>por el mal puro y evidente. Su alcalde, Kai Wegner, se ha ganado la reputaci\u00f3n de <a href=\"https:\/\/www.youtube.com\/watch?v=gaokCT5fcWU\" target=\"_blank\" rel=\"nofollow noopener noreferrer\">negacionista del genocidio<\/a>; su <a href=\"https:\/\/www.aljazeera.com\/features\/2024\/5\/25\/punched-choked-kicked-german-police-crack-down-on-student-protests\" target=\"_blank\" rel=\"nofollow noopener noreferrer\">polic\u00eda, la de brutalidad<\/a> contra quienes muestran su solidaridad con las v\u00edctimas palestinas de Israel. Y es la ciudad donde un manifestante contra el genocidio <a href=\"https:\/\/x.com\/Melaniebelizi\/status\/1915434782327972176\" target=\"_blank\" rel=\"nofollow noopener noreferrer\">acaba de ser condenado por <i>\u00abtrivializar el Holocausto\u00bb<\/i><\/a> simplemente por sostener pac\u00edficamente un cartel que dec\u00eda <i>\u00ab\u00bfNo hemos aprendido nada del Holocausto?\u00bb<\/i>. Est\u00e1 claro que ese juez no ha aprendido nada.<\/p>\n<p>En este contexto de perversi\u00f3n \u00e9tica dominante y generalizada, no sorprendi\u00f3 que apareciera un cartel que deshumanizaba cruelmente a los palestinos. Lo que result\u00f3 intrigante, por un momento, fue que esta vez hubo incluso algunas protestas, aunque muy d\u00e9biles, en algunos medios de comunicaci\u00f3n <em>mainstream<\/em>. \u00bfQuiz\u00e1s Alemania a\u00fan no est\u00e1 del todo perdida? O, como parece mucho m\u00e1s probable, al igual que en otras \u00e9pocas de la historia alemana, solo es una minor\u00eda la que muestra decencia, pero no puede cambiar el rumbo profundamente indecente de las \u00e9lites morales e intelectuales <i>kaput<\/i> del pa\u00eds y de la mayor\u00eda que a\u00fan las sigue.<\/p>\n<p>Fuente p\u00e1gina web del autor, 14 de mayo de 2025, <a href=\"https:\/\/www.tarikcyrilamar.com\/p\/friends-of-genocide\">https:\/\/www.tarikcyrilamar.com\/p\/friends-of-genocide<\/a><\/p>\n","protected":false},"excerpt":{"rendered":"<p>El demostrativo apoyo mostrado una vez m\u00e1s por Berl\u00edn a Israel mientras comete genocidio es un espect\u00e1culo que sigue siendo<\/p>\n","protected":false},"author":5,"featured_media":17869,"comment_status":"open","ping_status":"open","sticky":false,"template":"","format":"standard","meta":{"footnotes":""},"categories":[1922,1928],"tags":[],"class_list":["post-17867","post","type-post","status-publish","format-standard","has-post-thumbnail","hentry","category-alemania","category-palestina"],"aioseo_notices":[],"_links":{"self":[{"href":"https:\/\/espai-marx.net\/index.php?rest_route=\/wp\/v2\/posts\/17867","targetHints":{"allow":["GET"]}}],"collection":[{"href":"https:\/\/espai-marx.net\/index.php?rest_route=\/wp\/v2\/posts"}],"about":[{"href":"https:\/\/espai-marx.net\/index.php?rest_route=\/wp\/v2\/types\/post"}],"author":[{"embeddable":true,"href":"https:\/\/espai-marx.net\/index.php?rest_route=\/wp\/v2\/users\/5"}],"replies":[{"embeddable":true,"href":"https:\/\/espai-marx.net\/index.php?rest_route=%2Fwp%2Fv2%2Fcomments&post=17867"}],"version-history":[{"count":5,"href":"https:\/\/espai-marx.net\/index.php?rest_route=\/wp\/v2\/posts\/17867\/revisions"}],"predecessor-version":[{"id":17874,"href":"https:\/\/espai-marx.net\/index.php?rest_route=\/wp\/v2\/posts\/17867\/revisions\/17874"}],"wp:featuredmedia":[{"embeddable":true,"href":"https:\/\/espai-marx.net\/index.php?rest_route=\/wp\/v2\/media\/17869"}],"wp:attachment":[{"href":"https:\/\/espai-marx.net\/index.php?rest_route=%2Fwp%2Fv2%2Fmedia&parent=17867"}],"wp:term":[{"taxonomy":"category","embeddable":true,"href":"https:\/\/espai-marx.net\/index.php?rest_route=%2Fwp%2Fv2%2Fcategories&post=17867"},{"taxonomy":"post_tag","embeddable":true,"href":"https:\/\/espai-marx.net\/index.php?rest_route=%2Fwp%2Fv2%2Ftags&post=17867"}],"curies":[{"name":"wp","href":"https:\/\/api.w.org\/{rel}","templated":true}]}}