{"id":17875,"date":"2025-05-21T05:00:37","date_gmt":"2025-05-21T04:00:37","guid":{"rendered":"https:\/\/espai-marx.net\/?p=17875"},"modified":"2025-05-20T22:45:18","modified_gmt":"2025-05-20T21:45:18","slug":"taller-de-lectura-de-bombers-indignats-los-engreidos-de-sarah-wagenknecht","status":"publish","type":"post","link":"https:\/\/espai-marx.net\/?p=17875","title":{"rendered":"Taller de lectura de Bombers Indignats: <i>Los engre\u00eddos<\/i> de Sarah Wagenknecht"},"content":{"rendered":"<p>Nova obra al taller de lectura de Bombers Indignats. Es tracta de <em>Los engre\u00eddos<\/em> de Sarah Wagenknecht. La 1\u00aa Trobada, sessi\u00f3 d&#8217;introducci\u00f3 es va celebrar el 3 de Gener de 2025 a Can Batll\u00f3: <a href=\"https:\/\/www.canbatllo.org\/\">https:\/\/www.canbatllo.org\/<\/a><\/p>\n<p>Sara Wagenknecht \u00e9s l\u2019ex l\u00edder de Die Linke o esquerra alemana, partit del qual es va separar formant els seu propi partit, BSW.<\/p>\n<p>En formar-se, el col.lectiu de Bombers Indignats es va decidir posar en marxa el taller de lectura i debat sobre tema pol\u00edtic, al qual tots som sensibles.<\/p>\n<p>Es tracta de vincular l&#8217;idea d&#8217;estudiar, de formar-nos i de treure conclusions a nivell personal amb la nostra participaci\u00f3 als moviments socials, assemblees, ja siguin de bombers o qualsevol altre.<\/p>\n<p>La idea \u00e9s desenvolupar el pensament cr\u00edtic, entenent el que volen dir els autors sense jutjar i aix\u00ed donar peu a noves lectures.<\/p>\n<p>Aquesta es la gravaci\u00f3 de la primera sessi\u00f3:<\/p>\n<div class=\"powerpress_player\" id=\"powerpress_player_7683\"><audio class=\"wp-audio-shortcode\" id=\"audio-17875-1\" preload=\"none\" style=\"width: 100%;\" controls=\"controls\"><source type=\"audio\/mpeg\" src=\"https:\/\/espai-marx.net\/wp-content\/uploads\/2025\/05\/Seminario-Wagenknecht20250505.mp3?_=1\" \/><a href=\"https:\/\/espai-marx.net\/wp-content\/uploads\/2025\/05\/Seminario-Wagenknecht20250505.mp3\">https:\/\/espai-marx.net\/wp-content\/uploads\/2025\/05\/Seminario-Wagenknecht20250505.mp3<\/a><\/audio><\/div><p class=\"powerpress_links powerpress_links_mp3\" style=\"margin-bottom: 1px !important;\">Podcast: <a href=\"https:\/\/espai-marx.net\/wp-content\/uploads\/2025\/05\/Seminario-Wagenknecht20250505.mp3\" class=\"powerpress_link_pinw\" target=\"_blank\" title=\"Reproducir en una nueva ventana\" onclick=\"return powerpress_pinw('https:\/\/espai-marx.net\/?powerpress_pinw=17875-podcast');\" rel=\"nofollow\">Reproducir en una nueva ventana<\/a> | <a href=\"https:\/\/espai-marx.net\/wp-content\/uploads\/2025\/05\/Seminario-Wagenknecht20250505.mp3\" class=\"powerpress_link_d\" title=\"Descargar\" rel=\"nofollow\" download=\"Seminario-Wagenknecht20250505.mp3\">Descargar<\/a> | <a href=\"#\" class=\"powerpress_link_e\" title=\"Incrustar\" onclick=\"return powerpress_show_embed('17875-podcast');\" rel=\"nofollow\">Incrustar<\/a><\/p><p class=\"powerpress_embed_box\" id=\"powerpress_embed_17875-podcast\" style=\"display: none;\"><input id=\"powerpress_embed_17875-podcast_t\" type=\"text\" value=\"&lt;iframe width=&quot;320&quot; height=&quot;30&quot; src=&quot;https:\/\/espai-marx.net\/?powerpress_embed=17875-podcast&amp;amp;powerpress_player=mediaelement-audio&quot; title=&quot;Blubrry Podcast Player&quot; frameborder=&quot;0&quot; scrolling=&quot;no&quot;&gt;&lt;\/iframe&gt;\" onclick=\"javascript: this.select();\" onfocus=\"javascript: this.select();\" style=\"width: 70%;\" readOnly><\/p><p class=\"powerpress_links powerpress_subscribe_links\">Suscr\u00edbete: <a href=\"https:\/\/www.youtube.com\/@PodcastdeEspaiMarx-ht2uc\" class=\"powerpress_link_subscribe powerpress_link_subscribe_youtube\" target=\"_blank\" title=\"Suscr\u00edbete a YouTube Music\" rel=\"nofollow\">YouTube Music<\/a> | <a href=\"https:\/\/espai-marx.net\/?feed=podcast\" class=\"powerpress_link_subscribe powerpress_link_subscribe_rss\" target=\"_blank\" title=\"Suscr\u00edbete v\u00eda RSS\" rel=\"nofollow\">RSS<\/a><\/p>","protected":false},"excerpt":{"rendered":"<p>Nova obra al taller de lectura de Bombers Indignats. Es tracta de Los engre\u00eddos de Sarah Wagenknecht. La 1\u00aa Trobada,<\/p>\n","protected":false},"author":5,"featured_media":17876,"comment_status":"open","ping_status":"open","sticky":false,"template":"","format":"standard","meta":{"footnotes":""},"categories":[1548],"tags":[2250,2251],"class_list":["post-17875","post","type-post","status-publish","format-standard","has-post-thumbnail","hentry","category-politica","tag-los-engreidos","tag-sarah-wagenknecht"],"aioseo_notices":[],"_links":{"self":[{"href":"https:\/\/espai-marx.net\/index.php?rest_route=\/wp\/v2\/posts\/17875","targetHints":{"allow":["GET"]}}],"collection":[{"href":"https:\/\/espai-marx.net\/index.php?rest_route=\/wp\/v2\/posts"}],"about":[{"href":"https:\/\/espai-marx.net\/index.php?rest_route=\/wp\/v2\/types\/post"}],"author":[{"embeddable":true,"href":"https:\/\/espai-marx.net\/index.php?rest_route=\/wp\/v2\/users\/5"}],"replies":[{"embeddable":true,"href":"https:\/\/espai-marx.net\/index.php?rest_route=%2Fwp%2Fv2%2Fcomments&post=17875"}],"version-history":[{"count":2,"href":"https:\/\/espai-marx.net\/index.php?rest_route=\/wp\/v2\/posts\/17875\/revisions"}],"predecessor-version":[{"id":17879,"href":"https:\/\/espai-marx.net\/index.php?rest_route=\/wp\/v2\/posts\/17875\/revisions\/17879"}],"wp:featuredmedia":[{"embeddable":true,"href":"https:\/\/espai-marx.net\/index.php?rest_route=\/wp\/v2\/media\/17876"}],"wp:attachment":[{"href":"https:\/\/espai-marx.net\/index.php?rest_route=%2Fwp%2Fv2%2Fmedia&parent=17875"}],"wp:term":[{"taxonomy":"category","embeddable":true,"href":"https:\/\/espai-marx.net\/index.php?rest_route=%2Fwp%2Fv2%2Fcategories&post=17875"},{"taxonomy":"post_tag","embeddable":true,"href":"https:\/\/espai-marx.net\/index.php?rest_route=%2Fwp%2Fv2%2Ftags&post=17875"}],"curies":[{"name":"wp","href":"https:\/\/api.w.org\/{rel}","templated":true}]}}