{"id":17888,"date":"2025-05-22T05:00:11","date_gmt":"2025-05-22T04:00:11","guid":{"rendered":"https:\/\/espai-marx.net\/?p=17888"},"modified":"2025-05-22T02:05:31","modified_gmt":"2025-05-22T01:05:31","slug":"periodistas-favoritos-n-o-1-odd-karsten-tveit","status":"publish","type":"post","link":"https:\/\/espai-marx.net\/?p=17888","title":{"rendered":"Periodistas favoritos (n.\u00ba 1): Odd Karsten Tveit"},"content":{"rendered":"<p><em>Empiezo aqu\u00ed una nueva serie sobre mis periodistas favoritos, personas cuya valent\u00eda admiro, pero tambi\u00e9n por su honestidad y su forma de relatar las noticias tal y como las han vivido y analizado. Espero que esta serie de ensayos contin\u00fae hasta que haya agotado la lista de aquellos cuyos libros tengo ante m\u00ed y que me inspiran para informar y escribir.<\/em><\/p>\n<p>Cuando Ari Gautier, de Melahuset (Oslo, Noruega), me escribi\u00f3 para invitarme a visitar su centro cultural, me sent\u00ed tentado por dos razones. En primer lugar, nunca hab\u00eda estado en Noruega, pero desde 2018 escrib\u00eda casi todos los meses para su diario de izquierda, <em><a href=\"https:\/\/klassekampen.no\/\" target=\"_blank\" rel=\"nofollow noopener noreferrer\">Klassekampen<\/a><\/em>. Quer\u00eda conocer al equipo de ese peri\u00f3dico. En segundo lugar, ten\u00eda muchas ganas de ver si pod\u00eda tener la oportunidad de conocer a Odd Karsten Tveit. Y, por supuesto, podr\u00eda hablar sobre el periodismo internacional, como hice con mi colega de <em>Klassekampen<\/em>, Yohan Shanmugaratnam.<\/p>\n<p><a href=\"https:\/\/espai-marx.net\/wp-content\/uploads\/2025\/05\/Tveit-1.webp\"><img loading=\"lazy\" decoding=\"async\" class=\"aligncenter wp-image-17892\" src=\"https:\/\/espai-marx.net\/wp-content\/uploads\/2025\/05\/Tveit-1.webp\" alt=\"\" width=\"650\" height=\"488\" srcset=\"https:\/\/espai-marx.net\/wp-content\/uploads\/2025\/05\/Tveit-1.webp 1440w, https:\/\/espai-marx.net\/wp-content\/uploads\/2025\/05\/Tveit-1-300x225.webp 300w, https:\/\/espai-marx.net\/wp-content\/uploads\/2025\/05\/Tveit-1-1024x768.webp 1024w, https:\/\/espai-marx.net\/wp-content\/uploads\/2025\/05\/Tveit-1-768x576.webp 768w, https:\/\/espai-marx.net\/wp-content\/uploads\/2025\/05\/Tveit-1-1320x990.webp 1320w\" sizes=\"auto, (max-width: 650px) 100vw, 650px\" \/><\/a><\/p>\n<p>O\u00ed hablar por primera vez de Odd Karsten Tveit a Robert Fisk durante nuestras sesiones de gintonic en su apartamento de Beirut o cuando nos sent\u00e1bamos en el Caf\u00e9 Younes, en Hamra, para charlar un rato antes de que yo tuviera que irme corriendo a dar clase o a reunirme con alguien. Ten\u00eda muchas ganas de preguntarle a Fisk sobre Sabra y Shatila, y cuando lo hice, despu\u00e9s de muchos encuentros, me habl\u00f3 de un tipo de Noruega que era muy valiente y capaz de controlar sus pasiones para poder contar la historia con la mayor precisi\u00f3n posible. Este tipo, Odd Karsten Tveit, hab\u00eda llegado a Beirut con la cadena noruega NRK en 1979. Hab\u00eda sido economista, pero decidi\u00f3 pasarse al periodismo para estar m\u00e1s cerca de la realidad hist\u00f3rica y no limitarse a escribir sobre las cosas desde la distancia. Karsten permaneci\u00f3 en Beirut hasta 1983, pero luego volvi\u00f3 dos veces m\u00e1s a la regi\u00f3n (con base en Amm\u00e1n, Jordania, de 1990 a 1994 y luego de 2003 a 2007). En <i>Pity the Nation<\/i> (1990), Fisk describe a Karsten como alguien con \u00abun apetito insaciable por ver con sus propios ojos lo que estaba sucediendo en la guerra del L\u00edbano. Fue a los campos de batalla\u00bb.<\/p>\n<p><a href=\"https:\/\/espai-marx.net\/wp-content\/uploads\/2025\/05\/Tveit-2.webp\"><img loading=\"lazy\" decoding=\"async\" class=\"aligncenter wp-image-17891\" src=\"https:\/\/espai-marx.net\/wp-content\/uploads\/2025\/05\/Tveit-2.webp\" alt=\"\" width=\"650\" height=\"441\" srcset=\"https:\/\/espai-marx.net\/wp-content\/uploads\/2025\/05\/Tveit-2.webp 1456w, https:\/\/espai-marx.net\/wp-content\/uploads\/2025\/05\/Tveit-2-300x203.webp 300w, https:\/\/espai-marx.net\/wp-content\/uploads\/2025\/05\/Tveit-2-1024x694.webp 1024w, https:\/\/espai-marx.net\/wp-content\/uploads\/2025\/05\/Tveit-2-768x521.webp 768w, https:\/\/espai-marx.net\/wp-content\/uploads\/2025\/05\/Tveit-2-1320x895.webp 1320w\" sizes=\"auto, (max-width: 650px) 100vw, 650px\" \/><\/a><\/p>\n<p>Los reporteros que \u00abvan a los campos de batalla\u00bb no lo hacen para ver el humo y los disparos. Eso no dice gran cosa. Quiz\u00e1s se pueda tener una idea de la moral de los combatientes o aprender sobre la fragilidad del frente de uno u otro bando. Pero nunca se puede aprender sobre la pol\u00edtica de una guerra o sobre la brutalidad de los hombres que env\u00edan a los j\u00f3venes a morir. Eso se aprende mejor en villas y edificios de oficinas, donde se negocian las armas y se reescriben los mapas. Karsten no fue al frente por la adrenalina. Fue para comprender la fealdad de lo que se estaba haciendo a la poblaci\u00f3n civil. Esto suele ocultarse en los informes militares, sobre todo cuando los oficiales de prensa israel\u00edes saben c\u00f3mo manejar a los complacientes periodistas occidentales y cuando los campamentos palestinos no tienen recursos para una oficina de prensa. La verdad se manipula en beneficio de los poderosos. En ese caso, una visita al frente puede ofrecer una visi\u00f3n de la realidad que de otro modo ser\u00eda imposible. El libro de Karsten, <a href=\"https:\/\/rimalbooks.com\/products\/goodbye-lebanon?_pos=2&amp;_psq=odd+karstenb&amp;_ss=e&amp;_v=1.0\" target=\"_blank\" rel=\"nofollow noopener noreferrer\"><i>Goodbye Lebanon: Israel&#8217;s First Defeat<\/i><\/a> (Limmasol, Chipre: Rimal Books, 2013, traducci\u00f3n de su libro noruego <i>Libanon farvel: Israel&#8217;s f\u00f8rste nederlag<\/i>, 2010), narra con fluidez sus reportajes durante la invasi\u00f3n israel\u00ed del L\u00edbano y la ocupaci\u00f3n del pa\u00eds. Puedes ver un <a href=\"https:\/\/www.nrk.no\/video\/odd-karsten-tveit-i-krigssonen_189980\" target=\"_blank\" rel=\"nofollow noopener noreferrer\">fragmento<\/a> de su reportaje, donde se aprecia su estilo.<\/p>\n<div>\n<p><a href=\"https:\/\/espai-marx.net\/wp-content\/uploads\/2025\/05\/Tveit-3.webp\"><img loading=\"lazy\" decoding=\"async\" class=\"aligncenter wp-image-17890\" src=\"https:\/\/espai-marx.net\/wp-content\/uploads\/2025\/05\/Tveit-3.webp\" alt=\"\" width=\"487\" height=\"650\" srcset=\"https:\/\/espai-marx.net\/wp-content\/uploads\/2025\/05\/Tveit-3.webp 1456w, https:\/\/espai-marx.net\/wp-content\/uploads\/2025\/05\/Tveit-3-225x300.webp 225w, https:\/\/espai-marx.net\/wp-content\/uploads\/2025\/05\/Tveit-3-767x1024.webp 767w, https:\/\/espai-marx.net\/wp-content\/uploads\/2025\/05\/Tveit-3-768x1025.webp 768w, https:\/\/espai-marx.net\/wp-content\/uploads\/2025\/05\/Tveit-3-1151x1536.webp 1151w, https:\/\/espai-marx.net\/wp-content\/uploads\/2025\/05\/Tveit-3-1320x1762.webp 1320w\" sizes=\"auto, (max-width: 487px) 100vw, 487px\" \/><\/a><\/p>\n<p>Conocer a Karsten en Oslo fue un placer. Tiene una sonrisa contagiosa y es muy humilde con respecto a sus propias fortalezas. Hablamos brevemente sobre el impacto de los reportajes realizados por Fisk y \u00e9l, as\u00ed como por otros, sobre Sabra y Shatila. Escribe sobre ello con su caracter\u00edstico aplomo:<\/p>\n<\/div>\n<p style=\"padding-left: 40px;\">Intentamos actuar con calma y sensatez. Ten\u00eda la mente clara y grababa con mi grabadora. Pero mi cuerpo reaccion\u00f3. No paraba de vomitar. Intent\u00e9 contar cu\u00e1ntos cad\u00e1veres ve\u00eda, porque sab\u00eda que m\u00e1s tarde nos preguntar\u00edan si est\u00e1bamos diciendo la verdad o exagerando. M\u00e1s tarde, realic\u00e9 un documental basado en videoclips que otros grabaron posteriormente, combinados con mi propio material como reportero de radio. En el documental de NRK Brennpunkt <a href=\"https:\/\/www.nrk.no\/dokumentar\/sporene-etter-sharon-1.904668\" target=\"_blank\" rel=\"nofollow noopener noreferrer\"><i>Sporene etter Sharon<\/i><\/a><i> (Las huellas de Sharon)<\/i> se puede ver todo.<\/p>\n<p>Un reportero es una persona que intenta escribir lo que se le presenta y se asegura de que la fealdad del mundo no disminuya la humanidad del texto. Si un reportero comete el error de utilizar demasiados adjetivos y florituras, se interpone entre la historia y el lector. Pero el reportero nunca puede desaparecer. Karsten vomita. La fealdad de la masacre perpetrada por Israel le impacta profundamente. Cuando lo conoc\u00ed y sent\u00ed su gran humanidad, supe que eso era lo que lo convert\u00eda en un gran reportero. Los grandes reporteros no son los que \u00abconsiguen la noticia\u00bb, sino los que informan con humanidad y humildad. Puedes dar tantas noticias como quieras, pero nunca podr\u00e1s presentarlas con sensatez. Para eso se necesita humanidad y humildad. Hay que vomitar cuando te enfrentas a la fealdad.<\/p>\n<figure id=\"attachment_17889\" aria-describedby=\"caption-attachment-17889\" style=\"width: 650px\" class=\"wp-caption aligncenter\"><a href=\"https:\/\/espai-marx.net\/wp-content\/uploads\/2025\/05\/Tveit-4.webp\"><img loading=\"lazy\" decoding=\"async\" class=\"wp-image-17889\" src=\"https:\/\/espai-marx.net\/wp-content\/uploads\/2025\/05\/Tveit-4.webp\" alt=\"\" width=\"650\" height=\"300\" srcset=\"https:\/\/espai-marx.net\/wp-content\/uploads\/2025\/05\/Tveit-4.webp 1456w, https:\/\/espai-marx.net\/wp-content\/uploads\/2025\/05\/Tveit-4-300x138.webp 300w, https:\/\/espai-marx.net\/wp-content\/uploads\/2025\/05\/Tveit-4-1024x473.webp 1024w, https:\/\/espai-marx.net\/wp-content\/uploads\/2025\/05\/Tveit-4-768x354.webp 768w, https:\/\/espai-marx.net\/wp-content\/uploads\/2025\/05\/Tveit-4-1320x609.webp 1320w\" sizes=\"auto, (max-width: 650px) 100vw, 650px\" \/><\/a><figcaption id=\"caption-attachment-17889\" class=\"wp-caption-text\"><span style=\"font-size: 10pt;\">Con Karsten y Ari en la oficina de Melahuset<\/span><\/figcaption><\/figure>\n<p>Fuente: <em>Lucid Dialectics<\/em>, Substack del autor, 6 de mayo de 2025, <a href=\"https:\/\/luciddialectics.substack.com\/p\/favourite-journalists-1\" target=\"_blank\" rel=\"nofollow noopener noreferrer\">https:\/\/luciddialectics.substack.com\/p\/favourite-journalists-1<\/a><\/p>\n","protected":false},"excerpt":{"rendered":"<p>Empiezo aqu\u00ed una nueva serie sobre mis periodistas favoritos, personas cuya valent\u00eda admiro, pero tambi\u00e9n por su honestidad y su<\/p>\n","protected":false},"author":5,"featured_media":17893,"comment_status":"open","ping_status":"open","sticky":false,"template":"","format":"standard","meta":{"footnotes":""},"categories":[19,29,2022],"tags":[],"class_list":["post-17888","post","type-post","status-publish","format-standard","has-post-thumbnail","hentry","category-cultura","category-internacional","category-periodismo"],"aioseo_notices":[],"_links":{"self":[{"href":"https:\/\/espai-marx.net\/index.php?rest_route=\/wp\/v2\/posts\/17888","targetHints":{"allow":["GET"]}}],"collection":[{"href":"https:\/\/espai-marx.net\/index.php?rest_route=\/wp\/v2\/posts"}],"about":[{"href":"https:\/\/espai-marx.net\/index.php?rest_route=\/wp\/v2\/types\/post"}],"author":[{"embeddable":true,"href":"https:\/\/espai-marx.net\/index.php?rest_route=\/wp\/v2\/users\/5"}],"replies":[{"embeddable":true,"href":"https:\/\/espai-marx.net\/index.php?rest_route=%2Fwp%2Fv2%2Fcomments&post=17888"}],"version-history":[{"count":1,"href":"https:\/\/espai-marx.net\/index.php?rest_route=\/wp\/v2\/posts\/17888\/revisions"}],"predecessor-version":[{"id":17894,"href":"https:\/\/espai-marx.net\/index.php?rest_route=\/wp\/v2\/posts\/17888\/revisions\/17894"}],"wp:featuredmedia":[{"embeddable":true,"href":"https:\/\/espai-marx.net\/index.php?rest_route=\/wp\/v2\/media\/17893"}],"wp:attachment":[{"href":"https:\/\/espai-marx.net\/index.php?rest_route=%2Fwp%2Fv2%2Fmedia&parent=17888"}],"wp:term":[{"taxonomy":"category","embeddable":true,"href":"https:\/\/espai-marx.net\/index.php?rest_route=%2Fwp%2Fv2%2Fcategories&post=17888"},{"taxonomy":"post_tag","embeddable":true,"href":"https:\/\/espai-marx.net\/index.php?rest_route=%2Fwp%2Fv2%2Ftags&post=17888"}],"curies":[{"name":"wp","href":"https:\/\/api.w.org\/{rel}","templated":true}]}}