{"id":1798,"date":"2012-02-05T00:00:00","date_gmt":"2012-02-05T00:00:00","guid":{"rendered":"https:\/\/espai-marx.net\/?p=1798"},"modified":"2020-02-21T09:58:04","modified_gmt":"2020-02-21T08:58:04","slug":"memoria-historica-mas-necesaria-que-nunca","status":"publish","type":"post","link":"https:\/\/espai-marx.net\/?p=1798","title":{"rendered":"Memoria hist\u00f3rica, m\u00e1s necesaria que nunca"},"content":{"rendered":"<p style=\"margin-top: 0.05cm; margin-bottom: 0.05cm; line-height: 150%; padding-left: 200px;\" align=\"JUSTIFY\"><i>\u00abUna cosa es la realidad y otra la mierda, que es s\u00f3lo una parte de la realidad, compuesta, precisamente, por los que aceptan la realidad moralmente, no s\u00f3lo intelectualmente\u00bb. (Carta a F\u00e9lix Novales) Manuel Sacrist\u00e1n Luz\u00f3n.<\/i><\/p>\n<p style=\"margin-top: 0.05cm; margin-bottom: 0.05cm; line-height: 150%;\" align=\"JUSTIFY\">\n<p style=\"margin-top: 0.05cm; margin-bottom: 0.05cm; line-height: 150%;\" align=\"JUSTIFY\">Abordar esta cuesti\u00f3n, tratar de centrar el debate y situar cuales son los puntos centrales en cuanto a la Memoria hist\u00f3rica se refiere, es una tarea que merece el mayor de los esfuerzos y un rigor especial. Es necesario luchar sin cuartel contra las falsificaciones y contra el revisionismo hist\u00f3rico. Una vez m\u00e1s debemos enfrentarnos a una corriente ideol\u00f3gico-cultural dominante que pretende hacernos tragar con una \u00fanica versi\u00f3n de los hechos. Una versi\u00f3n que so capa de parecer \u201cneutral\u201d y reconciliadora, es todo lo contrario: sectaria, interesada y partidista. Tenemos ante nosotros una lucha apasionante y dura: una pelea ideol\u00f3gica, pol\u00edtica y cultural.<\/p>\n<p style=\"margin-top: 0.05cm; margin-bottom: 0.05cm; line-height: 150%;\" align=\"JUSTIFY\">En estos d\u00edas, La Esfera de los Libros, editorial ligada al diario derechista El Mundo, ha publicado un texto, al que pretende hacer llamar libro, titulado; <i>Me fusilaron en la Almudena,<\/i> en cuyas p\u00e1ginas se ense\u00f1orea el m\u00e1s rancio revisionismo hist\u00f3rico \u201ca la espa\u00f1ola\u201d. Con el pretexto de hacer un homenaje a las victimas del franquismo, y en especial, a las de la Almudena, el libelo pedrojotiano intenta extender, de modo escandalosamente c\u00ednico, ese nefando lugar com\u00fan seg\u00fan el cual se iguala a verdugos y victimas. En este panfleto propagand\u00edstico se afirman cosas como estas: \u201ctodos eran nuestros compatriotas\u201d, \u201ca los partidos de izquierda les interesaba que Franco fusilase al mayor n\u00famero de gente posible\u201d. \u201clos nacionales se vengaron de los que hab\u00edan hecho da\u00f1o a su gente\u201d o \u201cLas Asociaciones de Memoria Hist\u00f3rica han sido imprudentes al seguir la v\u00eda penal\u201d. Parece claro que con \u201camigos\u201d as\u00ed, no hacen falta enemigos.<\/p>\n<p style=\"margin-top: 0.05cm; margin-bottom: 0.05cm; line-height: 150%;\" align=\"JUSTIFY\">Hay dos cuestiones que me parecen fundamentales y por las que resulta tan importante analizar este tema de un modo muy serio y sin concesiones a la galer\u00eda. La primera de ellas es que estamos hablando de la memoria y la dignidad de lo mejor de la sociedad espa\u00f1ola, de lo mejor de una generaci\u00f3n. Muchas veces olvidamos, cuando hablamos de nuestras actuales carencias, que toda una generaci\u00f3n fue aniquilada f\u00edsica o intelectualmente. No podemos de ning\u00fan modo aceptar que los que lucharon en ambos bandos eran nuestros compatriotas- para muchos de nosotros, nuestros aut\u00e9nticos compatriotas tambi\u00e9n estaban entre los miembros de las Brigadas Internacionales, ese maravilloso e insuperable ejemplo de generosidad y de solidaridad-. El hecho de que fuesen espa\u00f1oles no cancela su responsabilidad por lo que hicieron o por lo que permitieron hacer. Una de las partes, la derrotada, s\u00f3lo militarmente, nunca moralmente, por el fascismo internacional, tuvo el coraje de levantarse contra la barbarie, tuvo la dignidad de no permanecer inm\u00f3vil y de comprometerse, incluso dando la vida, en un proyecto colectivo de emancipaci\u00f3n social. Seguramente la II Rep\u00fablica, ese hermoso proyecto del pueblo, fue la creaci\u00f3n m\u00e1s participativa, democr\u00e1tica y esperanzadora que se ha edificado en nuestro pa\u00eds.<\/p>\n<p style=\"margin-top: 0.05cm; margin-bottom: 0.05cm; line-height: 150%;\" align=\"JUSTIFY\">No es cierto que la II Rep\u00fablica fuese s\u00f3lo el producto de la victoria en unas elecciones, del hast\u00edo de una Monarqu\u00eda corrupta o de unas guerras coloniales absurdas que sangraban al pueblo. El fermento en el que creci\u00f3 el proyecto republicano se encuentra en lo m\u00e1s profundo de las aspiraciones populares En todas las ricas experiencias de rebeld\u00eda y autoorganizaci\u00f3n que se hab\u00edan venido fraguando en las diversas corrientes emancipatorias, desde el potent\u00edsimo movimiento anarcosindicalista, pasando por el socialismo, el republicanismo de izquierdas,el incipiente partido comunista, o las experiencias surgidas de modo aut\u00f3nomo y cercano a algo que se puede calificar de \u201crebeld\u00eda primitiva\u201d. La II Rep\u00fablica supuso el momento hist\u00f3rico m\u00e1s importante para que nuestro pueblo pudiese por fin ser soberano, para que un proyecto popular triunfase y consiguiese que nuestro pa\u00eds abandonara las tinieblas, para que comenzase un proceso de construcci\u00f3n de un verdadera democracia. \u00bfComo es posible que alguien pueda afirmar que los criminales que cercenaron tantas ilusiones y tantas vidas eran nuestros compatriotas? Es hora de reapropiarnos del lenguaje, los patriotas eran los que defendieron la Rep\u00fablica, los otros eran ap\u00e1tridas, criminales y fieles representantes de lo m\u00e1s negro de nuestra historia. En la Revoluci\u00f3n Francesa, en la Comuna de Par\u00eds, en tantos y tantos ejemplos de lucha popular, siempre los patriotas han sido los defensores de la libertad, de la democracia y del gobierno del pueblo.<\/p>\n<p style=\"margin-top: 0.05cm; margin-bottom: 0.05cm; line-height: 150%;\" align=\"JUSTIFY\">La segunda cuesti\u00f3n me parece que nos puede dar la clave de porque existe esa inquina y esa contrapropaganda tan feroz por parte de los herederos, enmascarados o no, del franquismo contra la recuperaci\u00f3n de la Memoria hist\u00f3rica. Es la cuesti\u00f3n pol\u00edtica, entendido este t\u00e9rmino en un sentido fuerte, es la cuesti\u00f3n de plantearnos de d\u00f3nde venimos y a d\u00f3nde queremos ir. Para intentar construir cualquier proyecto pol\u00edtico serio en nuestro pa\u00eds, es necesario tener claro si lo que queremos hacer hunde sus ra\u00edces en la autodeterminaci\u00f3n popular que supuso la II Rep\u00fablica o en la paz de los cementerios impuesta por el franquismo, si queremos una democracia basada en la expresi\u00f3n plena de la voluntad popular a trav\u00e9s de un proyecto republicano o aceptamos la Transici\u00f3n impuesta por los poderes f\u00e1cticos del franquismo. Si seguimos aceptando la Constituci\u00f3n Espa\u00f1ola como una \u201ccarta otorgada\u201d nunca conseguiremos alcanzar una aut\u00e9ntica democracia popular y participativa. Seguiremos siendo eternamente presos de los miedos que nos quieren imponer.<\/p>\n<p style=\"margin-top: 0.05cm; margin-bottom: 0.05cm; line-height: 150%;\" align=\"JUSTIFY\">Este no es un debate nuevo, lo que me preocupa es que este debate no se est\u00e9 llevando a cabo en nuestro pa\u00eds a la altura de las circunstancias. Tanto la rep\u00fablica italiana como la francesa, por ejemplo, han tenido que hacer frente a ese alza del revisionismo, pero cualquier italiano de izquierdas tiene claro que es fundamental defender que los valores de la construcci\u00f3n democr\u00e1tica y progresista vienen dados por la lucha partisana contra el fascismo, de ning\u00fan modo es posible aceptar que estos valores hayan sido inspirados por la Rep\u00fablica de Sal\u00f3. De igual modo, a ning\u00fan franc\u00e9s progresista se le ocurrir\u00eda venerar a los colaboracionistas de Vichy, o mucho menos igualarlos a los luchadores de la Resistencia .Ellos tienen bastante claro que los valores de libertad independencia y democracia eran los defendidos por la Resistencia.<\/p>\n<p style=\"margin-top: 0.05cm; margin-bottom: 0.05cm; line-height: 150%;\" align=\"JUSTIFY\">Siempre he pensado que la Memoria hist\u00f3rica era un elemento clave para el futuro. Toda esta legi\u00f3n de supuestos historiadores y escritores pagados por el poder y por la derecha medi\u00e1tica, se empe\u00f1an en que se trata de remover el pasado, de abrir heridas ya cerradas o de cosas de nost\u00e1lgicos y trasnochados izquierdistas. Estoy convencido de lo contrario, recuperar la Memoria Hist\u00f3rica es un arma cargada de inmenso futuro, supone devolver al pueblo la capacidad de retomar el hilo de su trayectoria emancipatoria, puede suponer, soy consciente de que es muy dif\u00edcil, un aldabonazo para que renazca una cultura popular alternativa que fue destrozada por casi 40 a\u00f1os de franquismo, por un per\u00edodo demasiado grande de Noche y Niebla. Nuestro futuro depende de que sepamos comprender el pasado, En primer t\u00e9rmino, debemos darnos cuenta de porque tienen ese inter\u00e9s en robarnos el pasado y actuar para no permitirlo. No quieren que descubramos que han cambiado menos cosas de las que pensamos, y que los que siguen mandando son los hijos y los nietos de los que nos robaron el proyecto republicano y asesinaron a nuestros abuelos y familiares m\u00e1s queridos.<\/p>\n<p style=\"margin-top: 0.05cm; margin-bottom: 0.05cm; line-height: 150%;\" align=\"JUSTIFY\"><a name=\"_GoBack\"><\/a> Necesitamos que en nuestro pa\u00eds ninguna agresi\u00f3n quede sin respuesta. Las agresiones a la cultura popular expresadas en modo de revisionismo hist\u00f3rico son las peores y las m\u00e1s da\u00f1inas. Si queremos construir una sociedad libre y democr\u00e1tica s\u00f3lo podremos hacerlo si somos capaces de esclarecer nuestro pasado. Debemos dejar claro que la II Rep\u00fablica fue un proyecto popular que pretend\u00eda construir una democracia avanzada y sacar a nuestro pa\u00eds de siglos de barbarie y dictadura olig\u00e1rquica. Debemos dejar claro que los que se levantaron contra ese proyecto no son ni nuestros compatriotas ni nuestros hermanos. Tomar decisiones y tomar partido tiene sus consecuencias. Algunos decidieron servir a la oligarqu\u00eda y a los intereses econ\u00f3micos. Decidieron traicionar a su pueblo. La Guerra Civil tuvo lugar porque la parte m\u00e1s valiosa de nuestro pueblo decidi\u00f3 resistir a un Golpe de Estado fascista y criminal, y decidi\u00f3, al mismo tiempo, defender su libertad y sus derechos, esa es la \u00fanica explicaci\u00f3n que debemos admitir. Los que defendieron la libertad merecen honor y reconocimiento, los que defendieron la muerte y la esclavitud s\u00f3lo deben recibir oprobio y desprecio.<\/p>\n<p style=\"margin-top: 0.05cm; margin-bottom: 0.05cm; line-height: 150%;\" align=\"CENTER\">\n<p style=\"margin-top: 0.05cm; margin-bottom: 0.05cm; line-height: 150%;\" align=\"CENTER\"><i>Fdo: Carlos Guti\u00e9rrez (militante del MIA-Pinto y de Espai Marx)<\/i><\/p>\n<p style=\"margin-top: 0.05cm; margin-bottom: 0.05cm; line-height: 150%;\" align=\"JUSTIFY\">\n<p style=\"margin-top: 0.05cm; margin-bottom: 0.05cm; line-height: 150%;\" align=\"JUSTIFY\"><i>A la memoria de Valent\u00edn De Pedro (15-02-41), de Francisco Aguilar Lagos (24-06-39), de Tiburcio Gal\u00e1n (29-04-40) fusilados en las tapias de La Almudena, y a la de todos los familiares muertos y represaliados de amigos, camaradas y compa\u00f1eros, y a la de todos los que dieron generosamente la vida por todos nosotros. Por nuestra felicidad y por nuestra libertad. Gentes, todas ellas, que quisieron hacer realidad las promesas de la filosof\u00eda.<\/i><\/p>\n","protected":false},"excerpt":{"rendered":"<p>\u00a0<\/p>\n<p style='margin-top: 0.05cm; margin-bottom: 0.05cm; line-height: 150%;' align='JUSTIFY'>Es necesario luchar sin cuartel contra las falsificaciones y contra el revisionismo hist\u00f3rico. Una vez m\u00e1s debemos enfrentarnos a una corriente ideol\u00f3gico-cultural dominante que pretende hacernos tragar con una \u00fanica versi\u00f3n de los hechos. Una versi\u00f3n que so capa de parecer \u201cneutral\u201d y reconciliadora, es todo lo contrario: sectaria, interesada y partidista. Tenemos ante nosotros una lucha apasionante y dura: una pelea ideol\u00f3gica, pol\u00edtica y cultural.<\/p>\n<p style='margin-top: 0.05cm; margin-bottom: 0.05cm; line-height: 150%;' align='JUSTIFY'>\n","protected":false},"author":9,"featured_media":1799,"comment_status":"open","ping_status":"open","sticky":false,"template":"","format":"standard","meta":{"footnotes":""},"categories":[17],"tags":[],"class_list":["post-1798","post","type-post","status-publish","format-standard","has-post-thumbnail","hentry","category-historia"],"aioseo_notices":[],"_links":{"self":[{"href":"https:\/\/espai-marx.net\/index.php?rest_route=\/wp\/v2\/posts\/1798","targetHints":{"allow":["GET"]}}],"collection":[{"href":"https:\/\/espai-marx.net\/index.php?rest_route=\/wp\/v2\/posts"}],"about":[{"href":"https:\/\/espai-marx.net\/index.php?rest_route=\/wp\/v2\/types\/post"}],"author":[{"embeddable":true,"href":"https:\/\/espai-marx.net\/index.php?rest_route=\/wp\/v2\/users\/9"}],"replies":[{"embeddable":true,"href":"https:\/\/espai-marx.net\/index.php?rest_route=%2Fwp%2Fv2%2Fcomments&post=1798"}],"version-history":[{"count":0,"href":"https:\/\/espai-marx.net\/index.php?rest_route=\/wp\/v2\/posts\/1798\/revisions"}],"wp:featuredmedia":[{"embeddable":true,"href":"https:\/\/espai-marx.net\/index.php?rest_route=\/wp\/v2\/media\/1799"}],"wp:attachment":[{"href":"https:\/\/espai-marx.net\/index.php?rest_route=%2Fwp%2Fv2%2Fmedia&parent=1798"}],"wp:term":[{"taxonomy":"category","embeddable":true,"href":"https:\/\/espai-marx.net\/index.php?rest_route=%2Fwp%2Fv2%2Fcategories&post=1798"},{"taxonomy":"post_tag","embeddable":true,"href":"https:\/\/espai-marx.net\/index.php?rest_route=%2Fwp%2Fv2%2Ftags&post=1798"}],"curies":[{"name":"wp","href":"https:\/\/api.w.org\/{rel}","templated":true}]}}