{"id":17983,"date":"2025-06-07T05:00:24","date_gmt":"2025-06-07T04:00:24","guid":{"rendered":"https:\/\/espai-marx.net\/?p=17983"},"modified":"2025-06-07T00:29:22","modified_gmt":"2025-06-06T23:29:22","slug":"vigencia-del-pensamiento-politico-republicano-emancipacion-y-utopia","status":"publish","type":"post","link":"https:\/\/espai-marx.net\/?p=17983","title":{"rendered":"Vigencia del pensamiento pol\u00edtico republicano: emancipacio\u0301n y utopi\u0301a"},"content":{"rendered":"<p><iframe loading=\"lazy\" title=\"VIGENCIA DEL PENSAMIENTO POLITICO REPUBLICANO - Emancipacio\u0301n y utopi\u0301a - J.Miras y Fco.Martorell\" width=\"800\" height=\"450\" src=\"https:\/\/www.youtube.com\/embed\/dfgdZ32p5nQ?feature=oembed\" frameborder=\"0\" allow=\"accelerometer; autoplay; clipboard-write; encrypted-media; gyroscope; picture-in-picture; web-share\" referrerpolicy=\"strict-origin-when-cross-origin\" allowfullscreen><\/iframe><\/p>\n<p><span class=\"yt-core-attributed-string yt-core-attributed-string--white-space-pre-wrap\" dir=\"auto\" role=\"text\"><span class=\"yt-core-attributed-string--link-inherit-color\" dir=\"auto\">Conferencia de los fil\u00f3sofos Joaqu\u00edn Miras Albarr\u00e1n y Francisco Martorell Campos sobre la vigencia del pensamiento pol\u00edtico republicano y algunos de sus conceptos definitorios: el significado (y condiciones materiales) de la emancipaci\u00f3n y libertad ciudadanas, y el valor de la utopia como motor y gu\u00eda de la acci\u00f3n revolucionaria. <\/span><\/span><\/p>\n<p><span class=\"yt-core-attributed-string yt-core-attributed-string--white-space-pre-wrap\" dir=\"auto\" role=\"text\"><span class=\"yt-core-attributed-string--link-inherit-color\" dir=\"auto\">Conferencia de apertura de la jornada sobre la VIGENCIA DEL PENSAMIENTO POL\u00cdTICO REPUBLICANO, realizada en la sede de EUPV en C\/ Borrull de Val\u00e8ncia, el s\u00e1bado 17 mayo 2025, con los siguientes objetivos y programa: <\/span><\/span><\/p>\n<p><span class=\"yt-core-attributed-string yt-core-attributed-string--white-space-pre-wrap\" dir=\"auto\" role=\"text\"><span class=\"yt-core-attributed-string--link-inherit-color\" dir=\"auto\">OBJETIVOS: <\/span><\/span><\/p>\n<p><span class=\"yt-core-attributed-string yt-core-attributed-string--white-space-pre-wrap\" dir=\"auto\" role=\"text\"><span class=\"yt-core-attributed-string--link-inherit-color\" dir=\"auto\">\u200b\u00bfDe qu\u00e9 hablamos cuando hablamos de \u201crep\u00fablica\u201d? \u00bfC\u00f3mo se relacionan las ideas de \u201crep\u00fablica\u201d y \u201cdemocracia\u201d? \u00bfQu\u00e9 significan las palabras \u201clibertad\u201d, \u201cigualdad\u201d, \u201cfraternidad\u201d, \u201cciudadan\u00eda\u201d, \u201cutop\u00eda\u201d o \u201cemancipaci\u00f3n\u201d? \u00bfQu\u00e9 relaci\u00f3n hay entre democracia y memoria? \u00bfC\u00f3mo entienden la idea de \u201crep\u00fablica\u201d los movimientos sociales, sindicales y organizaciones pol\u00edticas valencianas? \u00bfC\u00f3mo y cu\u00e1les son las bases materiales, ciudadan\u00eda activa, tejido social y alianzas, sobre las que edificar el poder popular valenciano? <\/span><\/span><\/p>\n<p><span class=\"yt-core-attributed-string yt-core-attributed-string--white-space-pre-wrap\" dir=\"auto\" role=\"text\"><span class=\"yt-core-attributed-string--link-inherit-color\" dir=\"auto\">Este seminario tiene por objetivos \u200bpromover la reflexi\u00f3n colectiva sobre \u200baspectos relevantes del pensamiento pol\u00edtico republicano, la memoria democr\u00e1tica y la reparaci\u00f3n; analizar y formalizar conceptos fundamentales \u200by esenciales para \u200bla construcci\u00f3n de una sociedad democr\u00e1tica (libertad, igualdad, emancipaci\u00f3n); e impulsar la construcci\u00f3n de las alianzas sociales y pol\u00edticas que permitan tejer el poder popular que requiere la construcci\u00f3n democr\u00e1tica d\u200bel futuro del Pa\u00eds Valenci\u00e0. <\/span><\/span><\/p>\n<p><span class=\"yt-core-attributed-string yt-core-attributed-string--white-space-pre-wrap\" dir=\"auto\" role=\"text\"><span class=\"yt-core-attributed-string--link-inherit-color\" dir=\"auto\">Esta cita (formativa pero tambi\u00e9n dirigida a la acci\u00f3n social y pol\u00edtica), buscar\u00e1 la implicaci\u00f3n activa de la ciudadan\u00eda en la construcci\u00f3n de un futuro republicano\u200b para el Pa\u00eds Valenci\u00e0, dando voz a diferentes colectivos y movimientos sociales, facilitando la creaci\u00f3n de redes y alianzas entre distintas organizaciones y movimientos, fortaleciendo el tejido social y la capacidad de incidencia \u200ben un contexto de emergencia democr\u00e1tica que requiere de una respuesta convincente, viable y comprometida. Sin ciudadan\u00eda no hay democracia. Sin debates, respeto, alianzas y compromisos en las diferencias, no hay ciudadan\u00eda. <\/span><\/span><\/p>\n<p><span class=\"yt-core-attributed-string yt-core-attributed-string--white-space-pre-wrap\" dir=\"auto\" role=\"text\"><span class=\"yt-core-attributed-string--link-inherit-color\" dir=\"auto\">PROGRAMA <\/span><\/span><\/p>\n<p><span class=\"yt-core-attributed-string yt-core-attributed-string--white-space-pre-wrap\" dir=\"auto\" role=\"text\"><span class=\"yt-core-attributed-string--link-inherit-color\" dir=\"auto\">10.30 \u2013 12.00. Vig\u00e8ncia del pensament pol\u00edtic republic\u00e0 (llibertat, igualtat, utopia i emancipaci\u00f3).<br \/>\n<\/span><\/span><span class=\"yt-core-attributed-string yt-core-attributed-string--white-space-pre-wrap\" dir=\"auto\" role=\"text\"><span class=\"yt-core-attributed-string--link-inherit-color\" dir=\"auto\">-Joaqu\u00edn Miras Albarr\u00e1n. Fil\u00f2sof marxista i president de l&#8217;Associaci\u00f3 Espai Marx<br \/>\n-Francisco Martorell Campos. Professor de Filosofia, Universitat de Val\u00e8ncia <\/span><\/span><\/p>\n<p><span class=\"yt-core-attributed-string yt-core-attributed-string--white-space-pre-wrap\" dir=\"auto\" role=\"text\"><span class=\"yt-core-attributed-string--link-inherit-color\" dir=\"auto\">1<\/span><\/span><span class=\"yt-core-attributed-string yt-core-attributed-string--white-space-pre-wrap\" dir=\"auto\" role=\"text\"><span class=\"yt-core-attributed-string--link-inherit-color\" dir=\"auto\">2.00\u2013 12.30. Descans <\/span><\/span><\/p>\n<p><span class=\"yt-core-attributed-string yt-core-attributed-string--white-space-pre-wrap\" dir=\"auto\" role=\"text\"><span class=\"yt-core-attributed-string--link-inherit-color\" dir=\"auto\">12.30 \u2013 14.00. Mem\u00f2ria democr\u00e0tica i reparaci\u00f3: mobilitzaci\u00f3 social i acci\u00f3 institucional per a un futur republic\u00e0.<br \/>\n-Paco Alarc\u00f3n. President de l&#8217;Associaci\u00f3 V\u00edctimes Xiquets Robats Alacant A.V.A<br \/>\n-Nahuel Gonz\u00e1lez. Diputat d&#8217;EUPV en el Congr\u00e9s dels Diputats<br \/>\n-Tina Guill\u00e9n. Missions de la Mem\u00f2ria<br \/>\n-\u00c1ngel Gonz\u00e1lez. President de la Coordinadora d&#8217;Associacions per la Mem\u00f2ria Democr\u00e0tica del Pa\u00eds Valenci\u00e0 (CAMDE-PV) <\/span><\/span><\/p>\n<p><span class=\"yt-core-attributed-string yt-core-attributed-string--white-space-pre-wrap\" dir=\"auto\" role=\"text\"><span class=\"yt-core-attributed-string--link-inherit-color\" dir=\"auto\">14.00 \u2013 15.30. <\/span><\/span><span class=\"yt-core-attributed-string yt-core-attributed-string--white-space-pre-wrap\" dir=\"auto\" role=\"text\"><span class=\"yt-core-attributed-string--link-inherit-color\" dir=\"auto\">Dinar <\/span><\/span><\/p>\n<p><span class=\"yt-core-attributed-string yt-core-attributed-string--white-space-pre-wrap\" dir=\"auto\" role=\"text\"><span class=\"yt-core-attributed-string--link-inherit-color\" dir=\"auto\">15.30 \u2013 16.30. Teixint aliances socials i sindicals per a Fer Pa\u00eds en clau valenciana.<br \/>\n-Santi Mateu. Responsable de cultura de CCOO-PV<br \/>\n-Anna Oliver. Presidenta de Acci\u00f3 Cultural del Pa\u00eds Valenci\u00e0 (ACPV)<br \/>\n-C\u00e8lia Llorente. Cosecret\u00e0ria d&#8217;organitzacions del Bloc d&#8217;Estudiants Agermanats (BEA) <\/span><\/span><\/p>\n<p><span class=\"yt-core-attributed-string yt-core-attributed-string--white-space-pre-wrap\" dir=\"auto\" role=\"text\"><span class=\"yt-core-attributed-string--link-inherit-color\" dir=\"auto\">16.30 \u2013 16.45. Descans<br \/>\n16.45 \u2013 17.45. Teixint aliances pol\u00edtiques per a Fer Pa\u00eds en clau valenciana.<br \/>\n-Rosa P\u00e9rez Garijo. Coordinadora General d&#8217;EUPV.<br \/>\n-Mar\u00eda Josep Amig\u00f3. Representaci\u00f3 de Comprom\u00eds. Podem excusa la seua assist\u00e8ncia. Institut d&#8217;Estudis Politics , 2025<\/span><\/span><\/p>\n","protected":false},"excerpt":{"rendered":"<p>Conferencia de los fil\u00f3sofos Joaqu\u00edn Miras Albarr\u00e1n y Francisco Martorell Campos sobre la vigencia del pensamiento pol\u00edtico republicano y algunos<\/p>\n","protected":false},"author":5,"featured_media":17984,"comment_status":"open","ping_status":"open","sticky":false,"template":"","format":"standard","meta":{"footnotes":""},"categories":[13,1548,1554,833],"tags":[],"class_list":["post-17983","post","type-post","status-publish","format-standard","has-post-thumbnail","hentry","category-la-izquierda-a-debate","category-politica","category-republicanismo","category-videos"],"aioseo_notices":[],"_links":{"self":[{"href":"https:\/\/espai-marx.net\/index.php?rest_route=\/wp\/v2\/posts\/17983","targetHints":{"allow":["GET"]}}],"collection":[{"href":"https:\/\/espai-marx.net\/index.php?rest_route=\/wp\/v2\/posts"}],"about":[{"href":"https:\/\/espai-marx.net\/index.php?rest_route=\/wp\/v2\/types\/post"}],"author":[{"embeddable":true,"href":"https:\/\/espai-marx.net\/index.php?rest_route=\/wp\/v2\/users\/5"}],"replies":[{"embeddable":true,"href":"https:\/\/espai-marx.net\/index.php?rest_route=%2Fwp%2Fv2%2Fcomments&post=17983"}],"version-history":[{"count":2,"href":"https:\/\/espai-marx.net\/index.php?rest_route=\/wp\/v2\/posts\/17983\/revisions"}],"predecessor-version":[{"id":17986,"href":"https:\/\/espai-marx.net\/index.php?rest_route=\/wp\/v2\/posts\/17983\/revisions\/17986"}],"wp:featuredmedia":[{"embeddable":true,"href":"https:\/\/espai-marx.net\/index.php?rest_route=\/wp\/v2\/media\/17984"}],"wp:attachment":[{"href":"https:\/\/espai-marx.net\/index.php?rest_route=%2Fwp%2Fv2%2Fmedia&parent=17983"}],"wp:term":[{"taxonomy":"category","embeddable":true,"href":"https:\/\/espai-marx.net\/index.php?rest_route=%2Fwp%2Fv2%2Fcategories&post=17983"},{"taxonomy":"post_tag","embeddable":true,"href":"https:\/\/espai-marx.net\/index.php?rest_route=%2Fwp%2Fv2%2Ftags&post=17983"}],"curies":[{"name":"wp","href":"https:\/\/api.w.org\/{rel}","templated":true}]}}