{"id":1807,"date":"2012-02-14T00:00:00","date_gmt":"2012-02-14T00:00:00","guid":{"rendered":"https:\/\/espai-marx.net\/?p=1807"},"modified":"2020-02-21T09:32:13","modified_gmt":"2020-02-21T08:32:13","slug":"garzon","status":"publish","type":"post","link":"https:\/\/espai-marx.net\/?p=1807","title":{"rendered":"Garz\u00f3n"},"content":{"rendered":"<p style=\"margin-bottom: 0cm; font-style: normal; font-weight: normal; widows: 2; orphans: 2;\" align=\"JUSTIFY\">Las movilizaciones a favor del juez Garz\u00f3n muestran la realidad de la famosa \u00abmod\u00e9lica Transici\u00f3n\u00bb. Los l\u00edmites a la reparaci\u00f3n de los represaliados vienen dados por el pacto de silencio que supuso la entrada en la democracia.<br \/>\nLa aceptaci\u00f3n de la monarqu\u00eda, la aceptaci\u00f3n de la bandera, la aceptaci\u00f3n de la unidad del Estado; esas fueron las condiciones que seg\u00fan Jos\u00e9 Mar\u00eda Armero ten\u00eda que aceptar el PCE para su legalizaci\u00f3n. Y esto no tiene nada de ejemplar, pues las democracias se basan en el antifascismo. En la Europa de posguerra, una vez derrotado el fascismo, las democracias no se constituyeron bajo la consigna del \u00abconsenso\u00bb, sino que se basaron precisamente en su derrota.<\/p>\n<p style=\"margin-bottom: 0cm; font-style: normal; font-weight: normal; widows: 2; orphans: 2;\" align=\"JUSTIFY\">Si miramos a otros pueblos vemos como la imitaci\u00f3n de la transici\u00f3n espa\u00f1ola result\u00f3 un fiasco. En Argentina, la Corte Suprema tuvo que declarar nula la Ley de Punto Final. En Chile, los cinco hijos de Pinochet, su viuda y los m\u00e1s pr\u00f3ximos a su corte dictatorial fueron procesados como autores de malversaci\u00f3n de caudales p\u00fablicos en el marco del caso Riggs, y a\u00fan est\u00e1n imputados. Por no recordar la desnazificaci\u00f3n de Alemania. Mientras tanto, en el Estado espa\u00f1ol el imaginario fundacional de la democracia se ha constitu\u00eddo como el pacto de amnesia y el silencio sobre el pasado que supuso la llamada \u00abTransici\u00f3n\u00bb. Cuando la democracia es disenso aqu\u00ed surgieron pactos cupulares donde los participantes actuaron de espaldas a las movilizaciones sociales. De esta manera no se puede constru\u00edr un r\u00e9gimen verdaderamente democr\u00e1tico. De la renuncia y el chalaneo nunca puede salir nada bueno. Los que dicen que no se pudo hacer otra cosa dada la correlaci\u00f3n de fuerzas, puede que tengan raz\u00f3n. Pero entonces tambi\u00e9n tienen que asumir su responsabilidad y no hacer de la necesidad virtud. Los que entonces aceptaron los l\u00edmites de la reforma con Su\u00e1rez, los Carrillo, los Felipe Gonz\u00e1lez, aceptaron la impunidad de los cr\u00edmenes franquistas. Y no pueden ahora resgarse las vestiduras con los resultados de los que ellos pactaron para la democracia espa\u00f1ola. Estos l\u00edmites son consecuencia de los pactos alcanzados con el franquismo, que, por otro lado, tan alabados y pregonados han sido. Los que ahora se manifiestan a favor del juez Garz\u00f3n, si fuesen serios y honestos, tendr\u00edan que renunciar al legado de la Transici\u00f3n y aceptar que fue esta propia Transici\u00f3n la que nos trajo esta democracia de tan baja calidad. Tienen que ser conscientes de que el problema de la reparaci\u00f3n de las v\u00edctimas no es jur\u00eddico, sino pol\u00edtico. Que la ra\u00edz del problema son las consecuencias de la Transici\u00f3n. De aquellos polvos vienen estos lodos.<\/p>\n<p style=\"margin-bottom: 0cm; font-style: normal; font-weight: normal; widows: 2; orphans: 2;\" align=\"JUSTIFY\">Los partidos que est\u00e1n clamando contra la injusticia que se comete con Garz\u00f3n, si quieren, pueden llevar al Parlamento la derogaci\u00f3n de la preconstitucional Ley de Amnist\u00eda, pueden llevar al Parlamento la anulaci\u00f3n de los juicios del franquismo, pueden reclamarle al Estado que solucione la verg\u00fcenza de las fosas, etc. Si no hacen esto es porque el partido de Zapatero y compa\u00f1\u00eda necesita una cierta mobilizaci\u00f3n de los suyos para las pr\u00f3ximas eleccions y buscan en este tema unicamente la confrontaci\u00f3n con el PP, identificando a este con el franquismo para ganar votos. Cuando todo el mundo sabe que la realidad del PSOE es que no se caracteriz\u00f3 precisamente por la lucha contra la dictadura y \u00e9l mismo fue fruto del mismo pacto de la Transici\u00f3n. Como vemos tambi\u00e9n estos d\u00edas con la muerte e Samaranch, las declaraciones de los miembros del PSOE no difieren en nada de las del coro gereral de loa al difunto, olvidando su pasado franquista de ex presidente de la Diputaci\u00f3n de Barcelona. Esto prueba la incapacidad para superar el franquismo y el baile de m\u00e1scaras en el que se ha convertido la pol\u00edtica.<\/p>\n<p style=\"margin-bottom: 0cm; font-style: normal; font-weight: normal; widows: 2; orphans: 2;\" align=\"JUSTIFY\">Sin duda, ahora sabemos que la llamada Transici\u00f3n fue un espejismo que algunos intentaron vender por el mundo. Ignorando como muchos pa\u00edses pon\u00edan en marcha comisiones de la verdad, derogaban leyes de punto final y juzgaban a criminales sin ning\u00fan miedo. Y aqu\u00ed, a\u00fan ahora, los partidos mayoritarios siguen fomentando la desmemoria colectiva, habiendo pasado del \u00abFranco ha muerto\u00bb al pol\u00edticamente correcto \u00a1Viva el rey!. Ya va siendo hora de que termine este baile de m\u00e1scaras.<\/p>\n<p style=\"margin-bottom: 0cm; font-style: normal; font-weight: normal; widows: 2; orphans: 2;\" align=\"JUSTIFY\">\n<p style=\"margin-bottom: 0cm; font-weight: normal; widows: 2; orphans: 2;\" align=\"CENTER\"><i>Fuente: Diario de Ferrol, 24\/04\/2010<\/i><\/p>\n<p style=\"margin-bottom: 0cm; font-weight: normal; widows: 2; orphans: 2;\" align=\"CENTER\">\n<p style=\"margin-bottom: 0cm; font-weight: normal; widows: 2; orphans: 2;\" align=\"CENTER\"><i>Traducci\u00f3n para Anank\u00e9: \u00c1lvaro Rodr\u00edguez.<\/i><\/p>\n<p style=\"margin-bottom: 0cm;\">\n","protected":false},"excerpt":{"rendered":"<p>Las movilizaciones a favor del juez Garz\u00f3n muestran la realidad de la famosa \u00abmod\u00e9lica Transici\u00f3n\u00bb. Los l\u00edmites a la reparaci\u00f3n<\/p>\n","protected":false},"author":9,"featured_media":1808,"comment_status":"open","ping_status":"open","sticky":false,"template":"","format":"standard","meta":{"footnotes":""},"categories":[17],"tags":[],"class_list":["post-1807","post","type-post","status-publish","format-standard","has-post-thumbnail","hentry","category-historia"],"aioseo_notices":[],"_links":{"self":[{"href":"https:\/\/espai-marx.net\/index.php?rest_route=\/wp\/v2\/posts\/1807","targetHints":{"allow":["GET"]}}],"collection":[{"href":"https:\/\/espai-marx.net\/index.php?rest_route=\/wp\/v2\/posts"}],"about":[{"href":"https:\/\/espai-marx.net\/index.php?rest_route=\/wp\/v2\/types\/post"}],"author":[{"embeddable":true,"href":"https:\/\/espai-marx.net\/index.php?rest_route=\/wp\/v2\/users\/9"}],"replies":[{"embeddable":true,"href":"https:\/\/espai-marx.net\/index.php?rest_route=%2Fwp%2Fv2%2Fcomments&post=1807"}],"version-history":[{"count":0,"href":"https:\/\/espai-marx.net\/index.php?rest_route=\/wp\/v2\/posts\/1807\/revisions"}],"wp:featuredmedia":[{"embeddable":true,"href":"https:\/\/espai-marx.net\/index.php?rest_route=\/wp\/v2\/media\/1808"}],"wp:attachment":[{"href":"https:\/\/espai-marx.net\/index.php?rest_route=%2Fwp%2Fv2%2Fmedia&parent=1807"}],"wp:term":[{"taxonomy":"category","embeddable":true,"href":"https:\/\/espai-marx.net\/index.php?rest_route=%2Fwp%2Fv2%2Fcategories&post=1807"},{"taxonomy":"post_tag","embeddable":true,"href":"https:\/\/espai-marx.net\/index.php?rest_route=%2Fwp%2Fv2%2Ftags&post=1807"}],"curies":[{"name":"wp","href":"https:\/\/api.w.org\/{rel}","templated":true}]}}