{"id":18122,"date":"2025-07-02T05:00:59","date_gmt":"2025-07-02T04:00:59","guid":{"rendered":"https:\/\/espai-marx.net\/?p=18122"},"modified":"2025-06-29T13:49:07","modified_gmt":"2025-06-29T12:49:07","slug":"3a-sesion-del-taller-de-lectura-de-bombers-indignats-los-engreidos-de-sarah-wagenknecht","status":"publish","type":"post","link":"https:\/\/espai-marx.net\/?p=18122","title":{"rendered":"3\u00aa sesi\u00f3n del taller de lectura de Bombers Indignats: <i>Los engre\u00eddos<\/i> de Sarah Wagenknecht"},"content":{"rendered":"<p>Nueva sesi\u00f3n en el taller de lectura de Bombers Indignats sobre el libro <em>Los engre\u00eddos<\/em> de Sarah Wagenknecht. Esta 3\u00aa sesi\u00f3n fue\u00a0 sobre la Parte I \u00abLa sociedad dividida y sus amigos\u00bb, cap\u00edtulo 3. Se celebr\u00f3 en Can Batll\u00f3: <a href=\"https:\/\/www.canbatllo.org\/\">https:\/\/www.canbatllo.org\/<\/a><\/p>\n<p>Sara Wagenknecht es la ex l\u00edder de Die Linke, partido del que se separ\u00f3 para formar el suyo propio, BSW.<\/p>\n<p>Al formarse, el colectivo de Bomberos Indignados decidi\u00f3 poner en marcha el taller de lectura y debate sobre temas pol\u00edticos, al que todos somos sensibles. Se trata de vincular la idea de estudiar, formarnos y sacar conclusiones a nivel personal con nuestra participaci\u00f3n en movimientos sociales, asambleas, ya sean de bomberos o de cualquier otro tipo. La idea es desarrollar el pensamiento cr\u00edtico, entendiendo lo que quieren decir los autores sin juzgar y as\u00ed dar pie a nuevas lecturas.<\/p>\n<p>Esta es la grabaci\u00f3n de la tercera sesi\u00f3n:<\/p>\n<div class=\"powerpress_player\" id=\"powerpress_player_6990\"><audio class=\"wp-audio-shortcode\" id=\"audio-18122-1\" preload=\"none\" style=\"width: 100%;\" controls=\"controls\"><source type=\"audio\/mpeg\" src=\"https:\/\/espai-marx.net\/wp-content\/uploads\/2025\/06\/AUD-20250629-WA0003.mp3?_=1\" \/><a href=\"https:\/\/espai-marx.net\/wp-content\/uploads\/2025\/06\/AUD-20250629-WA0003.mp3\">https:\/\/espai-marx.net\/wp-content\/uploads\/2025\/06\/AUD-20250629-WA0003.mp3<\/a><\/audio><\/div><p class=\"powerpress_links powerpress_links_mp3\" style=\"margin-bottom: 1px !important;\">Podcast: <a href=\"https:\/\/espai-marx.net\/wp-content\/uploads\/2025\/06\/AUD-20250629-WA0003.mp3\" class=\"powerpress_link_pinw\" target=\"_blank\" title=\"Reproducir en una nueva ventana\" onclick=\"return powerpress_pinw('https:\/\/espai-marx.net\/?powerpress_pinw=18122-podcast');\" rel=\"nofollow\">Reproducir en una nueva ventana<\/a> | <a href=\"https:\/\/espai-marx.net\/wp-content\/uploads\/2025\/06\/AUD-20250629-WA0003.mp3\" class=\"powerpress_link_d\" title=\"Descargar\" rel=\"nofollow\" download=\"AUD-20250629-WA0003.mp3\">Descargar<\/a> | <a href=\"#\" class=\"powerpress_link_e\" title=\"Incrustar\" onclick=\"return powerpress_show_embed('18122-podcast');\" rel=\"nofollow\">Incrustar<\/a><\/p><p class=\"powerpress_embed_box\" id=\"powerpress_embed_18122-podcast\" style=\"display: none;\"><input id=\"powerpress_embed_18122-podcast_t\" type=\"text\" value=\"&lt;iframe width=&quot;320&quot; height=&quot;30&quot; src=&quot;https:\/\/espai-marx.net\/?powerpress_embed=18122-podcast&amp;amp;powerpress_player=mediaelement-audio&quot; title=&quot;Blubrry Podcast Player&quot; frameborder=&quot;0&quot; scrolling=&quot;no&quot;&gt;&lt;\/iframe&gt;\" onclick=\"javascript: this.select();\" onfocus=\"javascript: this.select();\" style=\"width: 70%;\" readOnly><\/p><p class=\"powerpress_links powerpress_subscribe_links\">Suscr\u00edbete: <a href=\"https:\/\/www.youtube.com\/@PodcastdeEspaiMarx-ht2uc\" class=\"powerpress_link_subscribe powerpress_link_subscribe_youtube\" target=\"_blank\" title=\"Suscr\u00edbete a YouTube Music\" rel=\"nofollow\">YouTube Music<\/a> | <a href=\"https:\/\/espai-marx.net\/?feed=podcast\" class=\"powerpress_link_subscribe powerpress_link_subscribe_rss\" target=\"_blank\" title=\"Suscr\u00edbete v\u00eda RSS\" rel=\"nofollow\">RSS<\/a><\/p>","protected":false},"excerpt":{"rendered":"<p>Nueva sesi\u00f3n en el taller de lectura de Bombers Indignats sobre el libro Los engre\u00eddos de Sarah Wagenknecht. Esta 3\u00aa<\/p>\n","protected":false},"author":5,"featured_media":17876,"comment_status":"open","ping_status":"open","sticky":false,"template":"","format":"standard","meta":{"footnotes":""},"categories":[1922,2249,856,1548],"tags":[],"class_list":["post-18122","post","type-post","status-publish","format-standard","has-post-thumbnail","hentry","category-alemania","category-los-engreidos-wagenknecht-2025","category-podcast","category-politica"],"aioseo_notices":[],"_links":{"self":[{"href":"https:\/\/espai-marx.net\/index.php?rest_route=\/wp\/v2\/posts\/18122","targetHints":{"allow":["GET"]}}],"collection":[{"href":"https:\/\/espai-marx.net\/index.php?rest_route=\/wp\/v2\/posts"}],"about":[{"href":"https:\/\/espai-marx.net\/index.php?rest_route=\/wp\/v2\/types\/post"}],"author":[{"embeddable":true,"href":"https:\/\/espai-marx.net\/index.php?rest_route=\/wp\/v2\/users\/5"}],"replies":[{"embeddable":true,"href":"https:\/\/espai-marx.net\/index.php?rest_route=%2Fwp%2Fv2%2Fcomments&post=18122"}],"version-history":[{"count":4,"href":"https:\/\/espai-marx.net\/index.php?rest_route=\/wp\/v2\/posts\/18122\/revisions"}],"predecessor-version":[{"id":18131,"href":"https:\/\/espai-marx.net\/index.php?rest_route=\/wp\/v2\/posts\/18122\/revisions\/18131"}],"wp:featuredmedia":[{"embeddable":true,"href":"https:\/\/espai-marx.net\/index.php?rest_route=\/wp\/v2\/media\/17876"}],"wp:attachment":[{"href":"https:\/\/espai-marx.net\/index.php?rest_route=%2Fwp%2Fv2%2Fmedia&parent=18122"}],"wp:term":[{"taxonomy":"category","embeddable":true,"href":"https:\/\/espai-marx.net\/index.php?rest_route=%2Fwp%2Fv2%2Fcategories&post=18122"},{"taxonomy":"post_tag","embeddable":true,"href":"https:\/\/espai-marx.net\/index.php?rest_route=%2Fwp%2Fv2%2Ftags&post=18122"}],"curies":[{"name":"wp","href":"https:\/\/api.w.org\/{rel}","templated":true}]}}