{"id":18132,"date":"2025-07-05T05:00:37","date_gmt":"2025-07-05T04:00:37","guid":{"rendered":"https:\/\/espai-marx.net\/?p=18132"},"modified":"2025-06-29T14:08:09","modified_gmt":"2025-06-29T13:08:09","slug":"ramon-y-ramon","status":"publish","type":"post","link":"https:\/\/espai-marx.net\/?p=18132","title":{"rendered":"Ram\u00f3n y Ram\u00f3n"},"content":{"rendered":"<p><span style=\"font-size: 10pt;\"><em>T\u00edtulo original<\/em>: Ram\u00f3n y Ram\u00f3n. <em>A\u00f1o<\/em>: 2024. <em>Duraci\u00f3n<\/em>: 100 min. <em>Pa\u00eds<\/em>: Per\u00fa. <em>Direcci\u00f3n<\/em>: Salvador del Solar\u00a0<\/span><br \/>\n<em><span style=\"font-size: 10pt;\">Sinopsis: <\/span><\/em><span style=\"font-size: 10pt;\">Tras recibir las cenizas de su padre, con quien manten\u00eda una relaci\u00f3n distante, Ram\u00f3n conoce a Mateo durante el confinamiento. A pesar de sus diferencias, surge una profunda conexi\u00f3n que los lleva a cuestionarse. Mateo decide acompa\u00f1ar a Ram\u00f3n en un viaje para esparcir las cenizas en Huancayo. En esa traves\u00eda, Ram\u00f3n descubre que buscaba respuestas a las preguntas equivocadas y que debe sanarse para seguir adelante.<\/span><\/p>\n<p>Salvador del Solar (Lima 1970), a m\u00e1s de director, interprete y guionista, fue presidente del Consejo de Ministros de Per\u00fa, durante siete meses, con Vizcarra en 2019. Anteriormente fue durante un a\u00f1o (2017) Ministro de Cultura con Kuczynski. Informaci\u00f3n que desconoc\u00eda antes de ver su segundo largometraje que comentamos.<\/p>\n<p>La pel\u00edcula, de humilde presupuesto, contiene varios \u00e1ngulos que me parecen interesante destacar: interpretaci\u00f3n, direcci\u00f3n, y la trama del guion en los tiempos que se desarrolla.<\/p>\n<p>En cine, una buena interpretaci\u00f3n, nunca se sabe si es m\u00e9rito del interprete o de la direcci\u00f3n y montaje. Cuando realmente se consigue, ambos artes se han complementado. Esto ocurre en esta pel\u00edcula y en proporci\u00f3n al tiempo de cada personaje ante la c\u00e1mara. Es el actor principal, el peruano Emanuel Soriano, en un complejo personaje, el que destaca, seguido del espa\u00f1ol \u00c1lvaro Cervantes.<\/p>\n<p>La direcci\u00f3n es relevante, por aprovechar el limitado espacio de la primera parte y limitaci\u00f3n de medios en la segunda, captando en encuadres diversos la expresi\u00f3n de los protagonistas, algunos, no profesionales.<\/p>\n<p>En mi opini\u00f3n, lo m\u00e1s significativo es el desarrollo del guion. Se inicia recibiendo el personaje central, treinta\u00f1ero, las cenizas del padre y mostrando que tiene problemas con su pareja sentimental masculina. Ese inicio marca el desarrollo de todo el relato que se ir\u00e1 desgranando hasta el final. El valor est\u00e1; en el como, los medios, y el fin.<\/p>\n<p>En general siempre han existido pel\u00edculas impregnadas de sentimientos familiares y de genero. Pero en los \u00faltimos tiempos se han generalizado tanto que no se ve la diferencia de unas a otras. B\u00e1sicamente por ser incompletas. No ensamblan la narraci\u00f3n con el entorno social o cultural hist\u00f3rico m\u00e1s all\u00e1 de su presente generacional. Una exposici\u00f3n art\u00edstica no puede limitarse a exponer los sentimientos del presente inmediato sin reflexionar como se han creado. Es necesario orientar elementos externos, m\u00e1s o menos acertados (seg\u00fan sean estos, a s\u00ed sera la obra). Solo a nivel de un personaje se puede caer en ese error, pero no la obra en s\u00ed. Esto es lo que echo en falta, en buena parte, del cine actual. Otras veces, te presentan con planteamiento interesante y te quedas esperando a ver el momento del giro, pero despu\u00e9s de escenas con poco sentido durante una hora acabas donde empez\u00f3 o se resuelve mal.<\/p>\n<p>La pel\u00edcula que comentamos, si tiene sentido. La primera parte te hace el planteamiento y sus matices, y en la segunda le da el sentido a la anterior: enlace con la tradici\u00f3n cultural, de una forma de vida que viene de lejos, que hay que conocer y entender para comprender, o al menos, para reflexionar y poder encontrar las respuestas internas. Otro valor, es que el final es abierto para ambos personajes \u00abperdidos\u00bb, ahora, con el \u00e1nimo de buscar.<\/p>\n<p>Sencilla pel\u00edcula, bien realizada y trabajada, que no esperaba.<\/p>\n<p><iframe loading=\"lazy\" title=\"RAM\u00d3N Y RAM\u00d3N (2024) \ud83c\uddf5\ud83c\uddea Tr\u00e1iler oficial espa\u00f1ol (HD) #Ram\u00f3nyRam\u00f3n #Tr\u00e1ilerOficial #estreno #cine\" width=\"800\" height=\"450\" src=\"https:\/\/www.youtube.com\/embed\/JlqWSvswufI?feature=oembed\" frameborder=\"0\" allow=\"accelerometer; autoplay; clipboard-write; encrypted-media; gyroscope; picture-in-picture; web-share\" referrerpolicy=\"strict-origin-when-cross-origin\" allowfullscreen><\/iframe><\/p>\n","protected":false},"excerpt":{"rendered":"<p>T\u00edtulo original: Ram\u00f3n y Ram\u00f3n. A\u00f1o: 2024. Duraci\u00f3n: 100 min. Pa\u00eds: Per\u00fa. Direcci\u00f3n: Salvador del Solar\u00a0 Sinopsis: Tras recibir las<\/p>\n","protected":false},"author":5,"featured_media":18133,"comment_status":"open","ping_status":"open","sticky":false,"template":"","format":"standard","meta":{"footnotes":""},"categories":[6],"tags":[],"class_list":["post-18132","post","type-post","status-publish","format-standard","has-post-thumbnail","hentry","category-cine"],"aioseo_notices":[],"_links":{"self":[{"href":"https:\/\/espai-marx.net\/index.php?rest_route=\/wp\/v2\/posts\/18132","targetHints":{"allow":["GET"]}}],"collection":[{"href":"https:\/\/espai-marx.net\/index.php?rest_route=\/wp\/v2\/posts"}],"about":[{"href":"https:\/\/espai-marx.net\/index.php?rest_route=\/wp\/v2\/types\/post"}],"author":[{"embeddable":true,"href":"https:\/\/espai-marx.net\/index.php?rest_route=\/wp\/v2\/users\/5"}],"replies":[{"embeddable":true,"href":"https:\/\/espai-marx.net\/index.php?rest_route=%2Fwp%2Fv2%2Fcomments&post=18132"}],"version-history":[{"count":1,"href":"https:\/\/espai-marx.net\/index.php?rest_route=\/wp\/v2\/posts\/18132\/revisions"}],"predecessor-version":[{"id":18134,"href":"https:\/\/espai-marx.net\/index.php?rest_route=\/wp\/v2\/posts\/18132\/revisions\/18134"}],"wp:featuredmedia":[{"embeddable":true,"href":"https:\/\/espai-marx.net\/index.php?rest_route=\/wp\/v2\/media\/18133"}],"wp:attachment":[{"href":"https:\/\/espai-marx.net\/index.php?rest_route=%2Fwp%2Fv2%2Fmedia&parent=18132"}],"wp:term":[{"taxonomy":"category","embeddable":true,"href":"https:\/\/espai-marx.net\/index.php?rest_route=%2Fwp%2Fv2%2Fcategories&post=18132"},{"taxonomy":"post_tag","embeddable":true,"href":"https:\/\/espai-marx.net\/index.php?rest_route=%2Fwp%2Fv2%2Ftags&post=18132"}],"curies":[{"name":"wp","href":"https:\/\/api.w.org\/{rel}","templated":true}]}}