{"id":18156,"date":"2025-07-07T05:00:13","date_gmt":"2025-07-07T04:00:13","guid":{"rendered":"https:\/\/espai-marx.net\/?p=18156"},"modified":"2025-07-07T23:17:18","modified_gmt":"2025-07-07T22:17:18","slug":"pueblos-indigenas-y-comunidades-locales-lanzan-la-declaracion-sobre-democracia-radical-autonomia-y-autodeterminacion","status":"publish","type":"post","link":"https:\/\/espai-marx.net\/?p=18156","title":{"rendered":"Pueblos Ind\u00edgenas y Comunidades Locales lanzan la Declaraci\u00f3n sobre Democracia Radical, Autonom\u00eda y Autodeterminaci\u00f3n"},"content":{"rendered":"<p><span style=\"font-size: 14pt;\"><strong>Comunicado de prensa, 13 de junio de 2025<\/strong><\/span><\/p>\n<p>La Declaraci\u00f3n sobre Democracia Radical, Autonom\u00eda y Autodeterminaci\u00f3n, emitida durante una convergencia global celebrada en febrero de 2025 en Port Edward, Sud\u00e1frica, fue lanzada durante una sesi\u00f3n virtual el 10 de junio. El evento fue organizado por la Tejido Global de Alternativas (TGA), la Academia de la Modernidad Democr\u00e1tica, WoMIN, la<br \/>\nAcademia de Jineology y el Comit\u00e9 de Crisis de Amadiba. Esta declaraci\u00f3n hist\u00f3rica, que representa la voluntad colectiva de comunidades ind\u00edgenas, organizaciones de base y movimientos sociales de diversas partes del mundo, constituye un paso importante hacia la redefinici\u00f3n del gobierno en el mundo actual.<\/p>\n<p>La Declaraci\u00f3n fue elaborada por 44 participantes de 20 pa\u00edses y 34 comunidades. Durante cinco d\u00edas de deliberaciones, las y los participantes compartieron luchas, sostuvieron di\u00e1logos cr\u00edticos y desarrollaron una visi\u00f3n com\u00fan de resistencia frente al capitalismo, el patriarcado y el colonialismo.<\/p>\n<p><strong>Aspectos destacados del lanzamiento:<\/strong><\/p>\n<p>Durante el lanzamiento, <strong>Ashish Kothari del GTA<\/strong>, y uno de los facilitadores del encuentro, resumi\u00f3 la esencia de la declaraci\u00f3n. Dijo: \u00abLa Declaraci\u00f3n llama a recuperar los territorios y la autogobernanza, enraizada en los saberes y pr\u00e1cticas ind\u00edgenas, para desafiar el camino destructivo del \u2018desarrollo\u2019 promovido por corporaciones capitalistas y Estados-naci\u00f3n. Es una declaraci\u00f3n colectiva de intenci\u00f3n para desmantelar los sistemas injustos que enfrentamos.\u00bb<\/p>\n<p>La sesi\u00f3n reuni\u00f3 a varias voces destacadas, entre ellas <strong>Nonhle Mbuthuma, vocera del Comit\u00e9 de Crisis de Amadiba en Sud\u00e1frica<\/strong>, quien comparti\u00f3 la resistencia de su comunidad frente a los intereses mineros. Nonhle afirm\u00f3 con pasi\u00f3n: \u00abLa tierra es el alma de nuestro pueblo. No permitiremos que se la lleven por lucro; continuaremos nuestra lucha, no solo por nuestro futuro, sino por el futuro del mundo.\u00bb<\/p>\n<p><strong>Doe Doh, miembro de la Red Karen de Acci\u00f3n Ambiental y Social (KESAN)<\/strong> en Birmania-Myanmar, habl\u00f3 sobre los \u00faltimos 70 a\u00f1os de guerra civil y desplazamiento. \u00abHemos tomado la valiente iniciativa de establecer dos parques ind\u00edgenas para ejercer nuestra autonom\u00eda, practicar la democracia directa y exigir reconocimiento real y una democracia<br \/>\nfederal.\u00bb<\/p>\n<p><strong>\u015eerv\u00een Nudem, de la Academia de Jineology en Rojava (noreste de Siria)<\/strong>, sostuvo que la liberaci\u00f3n de las mujeres no puede postergarse hasta despu\u00e9s de la revoluci\u00f3n. En el contexto de la sociedad kurda, la organizaci\u00f3n de las mujeres ha sido la base para transformaciones democr\u00e1ticas radicales en la lucha contra el patriarcado, el colonialismo, el capitalismo y el poder estatal.<\/p>\n<p><strong>Alim Bandara, del Consejo de Jefes de Justicia y Gobernanza Timuay en Filipinas<\/strong>, afirm\u00f3 que la declaraci\u00f3n refleja los \u00faltimos 30 a\u00f1os de resistencia y autonom\u00eda, con la esperanza de que \u00abse convierta en un movimiento que una a las diferentes comunidades practicantes de la democracia radical y la autogobernanza, y que desde diversas experiencias, pr\u00e1cticas y luchas alrededor del mundo, configure un posible nuevo orden mundial.\u00bb<\/p>\n<p><strong>Ildefonso S\u00e1nchez, miembro del consejo mayor de gobierno del pueblo ind\u00edgena de <\/strong><strong>Cher\u00e1n, M\u00e9xico,<\/strong> subray\u00f3 la importancia de la tierra en la lucha por la autonom\u00eda: \u00abNuestra tierra no es una mercanc\u00eda que se pueda negociar. Es nuestra vida, nuestra cultura, nuestro legado. La hemos defendido por generaciones y seguiremos resistiendo a cualquier fuerza que intente arrebat\u00e1rnosla.\u00bb<\/p>\n<p><strong>Edgar Alberto Velasco Tumi\u00f1a, secretario general del Movimiento de Autoridades <\/strong><strong>Ind\u00edgenas del Suroccidente (AISO) en Colombia<\/strong>, reflexion\u00f3 sobre la lucha permanente por los derechos territoriales ind\u00edgenas, afirmando: \u00abEl desarrollo no debe venir a costa de nuestra tierra y cultura. Necesitamos verdadera autonom\u00eda para tomar decisiones sobre nuestro futuro.\u00bb<\/p>\n<p>La Declaraci\u00f3n hace un llamado a:<\/p>\n<p>\u25cf Recuperar y proteger la tierra: Afirmar la conexi\u00f3n entre tierra, cultura e identidad, y la<br \/>\nnecesidad de que los pueblos ind\u00edgenas gobiernen sus territorios ancestrales.<\/p>\n<p>\u25cf Resistir la explotaci\u00f3n capitalista y neocolonial: Rechazar los modelos de desarrollo<br \/>\nque priorizan las ganancias sobre las personas y el medio ambiente.<\/p>\n<p>\u25cf Democracia radical: Superar los sistemas electorales liberales y los Estados-naci\u00f3n<br \/>\nhacia la autodeterminaci\u00f3n y la gobernanza comunitaria directa.<\/p>\n<p>\u25cf Justicia ambiental: Abordar la degradaci\u00f3n ecol\u00f3gica y el cambio clim\u00e1tico, con<br \/>\nenfoque en la sostenibilidad, la protecci\u00f3n de la naturaleza y la reconstrucci\u00f3n del<br \/>\nv\u00ednculo con toda forma de vida.<\/p>\n<p>\u25cf Solidaridad global: Construir alianzas interregionales que unan luchas contra el<br \/>\nautoritarismo, el poder corporativo y las herencias coloniales.<\/p>\n<p>Durante la sesi\u00f3n, tambi\u00e9n se discutieron formas de fortalecer la solidaridad global. El evento concluy\u00f3 con la intervenci\u00f3n de <strong>Vasna Ramasar, del TGA<\/strong>, quien enfatiz\u00f3 la necesidad de un di\u00e1logo inclusivo y de aprendizaje mutuo para asegurar el \u00e9xito de la Declaraci\u00f3n. Subray\u00f3: \u00abEsta declaraci\u00f3n es solo el comienzo. Ahora debemos asegurarnos de que llegue a todos los rincones del mundo, creando espacios de colaboraci\u00f3n continua y solidaridad.\u00bb<\/p>\n<p>La declaraci\u00f3n puede ser consultada y firmada en espa\u00f1ol, franc\u00e9s e ingl\u00e9s aqu\u00ed:<br \/>\n<a href=\"https:\/\/globaltapestryofalternatives.org\/events:radasd:declaration\">https:\/\/globaltapestryofalternatives.org\/events:radasd:declaration<\/a> [presentada a continuaci\u00f3n en esta misma entrada]<\/p>\n<p>La grabaci\u00f3n de la sesi\u00f3n est\u00e1 disponible aqu\u00ed:<br \/>\n<a href=\"https:\/\/globaltapestryofalternatives.org\/events:radasd:launch\">https:\/\/globaltapestryofalternatives.org\/events:radasd:launch<\/a><\/p>\n<p>Para m\u00e1s informaci\u00f3n, por favor contactar a: <a href=\"mailto:contact@globaltapestryofalternatives.org\">contact@globaltapestryofalternatives.org<\/a><\/p>\n<div class=\"pagetitle\">\n<h3>Declaraci\u00f3n sobre Autonom\u00eda, Democracia Radical y autodeterminaci\u00f3n<\/h3>\n<\/div>\n<div class=\"page group toc_wikipedia\">\n<div class=\"level1\">\n<div class=\"wrap_full_black plugin_wrap\">\n<p><a class=\"wikilink1\" title=\"events:radasd:declaration\" href=\"https:\/\/globaltapestryofalternatives.org\/events:radasd:declaration\">[ English \/ Ingl\u00e9s ]<\/a> <span class=\"curid\"><a class=\"wikilink1\" title=\"es:events:radasd:declaration\" href=\"https:\/\/globaltapestryofalternatives.org\/es:events:radasd:declaration\">[ Espa\u00f1ol ]<\/a><\/span> <a class=\"wikilink1\" title=\"events:radasd:declaration_fr\" href=\"https:\/\/globaltapestryofalternatives.org\/events:radasd:declaration_fr\">[ Fran\u00e7ais \/ French ]<\/a><\/p>\n<\/div>\n<div class=\"wrap_full_red plugin_wrap\">\n<p>Redactado en la \u00abConfluencia Global sobre Democracia Radical, Autonom\u00eda y Autodeterminaci\u00f3n\u00bb, Port Edward, Sud\u00e1frica, del 2 al 6 de febrero de 2025. Organizado por el Tejido Global de Alternativas, la Academia de Modernidad Democr\u00e1tica, WoMIN y el Comit\u00e9 de Crisis de Amadiba. Ver <span class=\"curid\"><a class=\"wikilink1\" title=\"es:events:radasd:declaration\" href=\"https:\/\/globaltapestryofalternatives.org\/es:events:radasd:declaration#firmantes\">la lista completa de firmantes abajo<\/a><\/span>.<\/p>\n<\/div>\n<p><strong>A los pueblos del mundo y a quienes luchan contra todas las formas de capitalismo, patriarcado y colonialismo. A los gobiernos de los Estados-naci\u00f3n del mundo y a las instituciones internacionales. PRESENTE<\/strong><\/p>\n<p>Del 2 al 6 de febrero de 2025, se llev\u00f3 a cabo una confluencia de 44 personas de 20 pa\u00edses diferentes y 34 comunidades, organizaciones y\/o movimientos sociales en Port Edward, en la Costa Salvaje de Sud\u00e1frica. Nos reunimos para discutir nuestras luchas comunes y construir un entendimiento com\u00fan sobre c\u00f3mo ejercemos la democracia radical y la autonom\u00eda, al tiempo que reconocemos nuestras diferencias. Para nosotros, la democracia radical implica nuestra responsabilidad y derecho a decidir sobre todos los aspectos de nuestras vidas, incluyendo el derecho a decir sobre cualquier propuesta que provenga de fuera de nuestras comunidades y territorios. Esto abarca el derecho a rechazar los proyectos desarrollistas que durante mucho tiempo nos han definido como pobres y subdesarrollados, nos han despojado y desplazado, y nos han alienado de nuestras propias tierras y aguas. Rechazamos los modelos econ\u00f3micos, pol\u00edticos y culturales que imponen violencia sobre nuestros cuerpos, territorios y formas de existencia en el mundo, y que buscan homogeneizarnos en r\u00e9plicas de estereotipos \u2018occidentales\u2019. En su lugar, exigimos el derecho a mantener y seguir evolucionando nuestros propios sistemas diversos de aprendizaje, sanaci\u00f3n, habitar, conocimiento, acci\u00f3n y alimentaci\u00f3n\u2014ra\u00edces en la defensa de la vida, la tierra y una existencia colectiva.<\/p>\n<p>Estamos presenciando la era m\u00e1s desigual de la historia humana, moldeada por siglos de explotaci\u00f3n y despojo. Vivimos en un tiempo de crisis profundas e interconectadas, donde el auge de fuerzas autoritarias y de derecha se alimenta de los fracasos de la democracia liberal, explotando agravios y redirigiendo la frustraci\u00f3n p\u00fablica hacia el odio contra quienes han sido marginados por razones \u00e9tnicas, de g\u00e9nero y religiosas, as\u00ed como contra refugiados y otras comunidades vulneradas. El colapso del mundo natural\u2014marcado por la p\u00e9rdida de biodiversidad, la crisis clim\u00e1tica, la contaminaci\u00f3n y los t\u00f3xicos\u2014amenaza toda forma de vida. Las desigualdades econ\u00f3micas y financieras se profundizan, exacerbando la frustraci\u00f3n y alimentando sistemas de opresi\u00f3n y violencia enraizados en el g\u00e9nero, la casta, la clase, la raza, la capacidades diferentes y la sexualidad. La explotaci\u00f3n neocolonial persiste, mientras las potencias imperialistas buscan mantener su control. El fascismo, la xenofobia y el racismo est\u00e1n en aumento a nivel mundial, impulsados por ambiciones imperialistas tanto del Norte Global como de nuevos estados autoritarios emergentes en el Sur. Estas fuerzas alimentan guerras devastadoras con caracter\u00edsticas genocidas, ecocidas y etnocidas, y fomentan una violencia militar extrema en distintas regiones del mundo, como el centro-oeste de Asia, Gaza\/Palestina, Myanmar, la regi\u00f3n del Congo y Sud\u00e1n. M\u00e1s all\u00e1 de la violencia militar, estamos presenciando el auge del fascismo tecnol\u00f3gico y la vigilancia masiva a trav\u00e9s de tecnolog\u00edas digitales y de inteligencia artificial controladas por corporaciones. Tambi\u00e9n observamos nuevas formas de acaparamiento de tierras y despojo de comunidades en nombre de las transiciones energ\u00e9ticas, la acci\u00f3n clim\u00e1tica y la sostenibilidad. Mientras tanto, la apropiaci\u00f3n capitalista de artefactos culturales, semillas y conocimientos tradicionales contin\u00faa con fines de lucro.<\/p>\n<p>El desarrollo capitalista se sostiene mediante la fabricaci\u00f3n de aspiraciones insostenibles, la perpetuaci\u00f3n de falsas nociones de progreso y \u2018buen vivir\u2019, y la difusi\u00f3n de desinformaci\u00f3n a trav\u00e9s de los medios de comunicaci\u00f3n dominantes. Esto alimenta una forma de colonialismo sobre nuestras propias mentes y cuerpos, reforzando la divisi\u00f3n social, el consumismo, la dependencia econ\u00f3mica y la subordinaci\u00f3n de las mujeres, otros g\u00e9neros y la naturaleza. Estas din\u00e1micas generan frustraci\u00f3n, alienaci\u00f3n y conflictos sociales. El fracaso de la democracia liberal no es solo el resultado de una mala implementaci\u00f3n: es sist\u00e9mico. Proviene de la concentraci\u00f3n del poder, la corrupci\u00f3n de la representaci\u00f3n electoral, la competencia hostil y la r\u00edgida divisi\u00f3n del mundo en Estados-naci\u00f3n. Cada vez es m\u00e1s dif\u00edcil para las personas exigir la rendici\u00f3n de cuentas a los pol\u00edticos, mientras que las instituciones de gobernanza global, incluida la ONU, aunque \u00fatiles en algunos contextos, siguen siendo en gran medida ineficaces para abordar crisis urgentes como el cambio clim\u00e1tico, la guerra y el extractivismo corporativo. El Estado, los partidos de izquierda y las instituciones pol\u00edticas formales han asumido en gran medida el papel de gestores del industrialismo o del capitalismo, facilitando procesos globales de acaparamiento de tierras y buscando el poder para controlar, en lugar de desmantelar las estructuras de opresi\u00f3n. Estas instituciones sirven a los intereses de las burocracias o del mercado a trav\u00e9s de los Estados-naci\u00f3n, en lugar de responder a las necesidades de las personas y del planeta. En todo esto, la naturaleza es tratada como un recurso para el lucro, en lugar de como una entidad viva con derechos y agencia propia. Mientras tanto, los Pueblos Ind\u00edgenas y otras comunidades locales, que han demostrado formas de vida en armon\u00eda con la naturaleza durante milenios, siguen siendo destruidos, marginados o ignorados.<\/p>\n<p>A pesar de estas crisis, siguen floreciendo formas de vida radicales que constituyen alternativas a los sistemas dominantes. Los movimientos por la justicia ecol\u00f3gica e interespecies, la soberan\u00eda ind\u00edgena y comunitaria, y la liberaci\u00f3n feminista persisten en la resistencia a la opresi\u00f3n, mientras imaginan y construyen otros futuros posibles. En todo el mundo, las pr\u00e1cticas arraigadas de democracia radical y autonom\u00eda demuestran modelos alternativos de pol\u00edtica, econom\u00eda y sociedad, fundamentados en la solidaridad, la reciprocidad y el apoyo mutuo entre los seres humanos y el mundo m\u00e1s-que-humano. Las alianzas regionales y globales se est\u00e1n expandiendo, conectando luchas y fortaleciendo el poder colectivo. Todos reconocemos que la tierra y el agua contienen nuestras historias, nuestras culturas, nuestra autonom\u00eda y nuestro futuro. A trav\u00e9s de la acci\u00f3n colectiva\u2014mingas, tequios, shramdaan, uBuntu, autogesti\u00f3n y otras formas de apoyo mutuo\u2014y mediante nuestras cosmovisiones y experiencias\u2014sumak kawsay, comunalidad, ubuntu, swaraj, entre otras\u2014afirmamos nuestro poder colectivo sobre nuestros territorios para seguir \u00abcaminando con el pasado delante de nosotros\u00bb, es decir, para recuperar nuestro futuro reconociendo nuestras historias y reclamando nuestra dignidad. Nuestras luchas son distintas y, sin embargo, similares. Mientras muchos de nosotros luchamos por el derecho a existir y ser reconocidos, por tener y mantener la autodeterminaci\u00f3n como un primer paso\u2014pero no como el final\u2014otros luchan por la re-existencia, construyendo y fortaleciendo sus comunes y autonom\u00edas. Mientras algunos avanzamos m\u00e1s r\u00e1pido que otros, los caminos que recorremos son parecidos y, por ello, existe la posibilidad de que la solidaridad, la construcci\u00f3n de alianzas y la acci\u00f3n colectiva radical echen ra\u00edces.<\/p>\n<p>Hacemos un llamado a una convergencia global m\u00e1s profunda de luchas que unan a los Pueblos Ind\u00edgenas, los movimientos de base y las comunidades oprimidas en la lucha por la justicia y la dignidad. Nos comprometemos a recuperar, defender y construir sistemas no jer\u00e1rquicos y ecol\u00f3gicamente regenerativos, basados en la toma de decisiones por consenso, en los cuales el resto de la naturaleza y las generaciones futuras tengan un lugar en igualdad de condiciones. Rechazamos la hegemon\u00eda del marco del Estado-naci\u00f3n y, en su lugar, abogamos por un regionalismo biocultural, donde la toma de decisiones pol\u00edticas se alinee con los flujos naturales y culturales, en lugar de con fronteras artificiales. Adem\u00e1s, nos comprometemos a desarrollar otros modelos de gobernanza global que operen desde el reconocimiento mutuo dentro, contra y m\u00e1s all\u00e1 del Estado-naci\u00f3n, forjando caminos hacia un futuro justo y liberado, basado en un proceso leg\u00edtimo desde los pueblos. Exigimos el reconocimiento de nuestro lugar en la naturaleza, as\u00ed como el de nuestros ancestros y de las generaciones por venir. Reafirmamos nuestro derecho a mantener o recuperar nuestros propios sistemas de conocimiento, enraizados en la defensa de la vida, la tierra y la existencia colectiva. Tambi\u00e9n demandamos reparaciones y el pago de la deuda colonial-capitalista que el Norte Global y las \u00e9lites deben a la mayor\u00eda del mundo, resultado de siglos de extractivismo de recursos, contaminaci\u00f3n, esclavitud y saqueo cultural.<\/p>\n<p>A trav\u00e9s de esta convergencia global y declaraci\u00f3n, buscamos amplificar y reforzar las iniciativas de democracia radical y autonom\u00eda como alternativas tanto al autoritarismo como a la \u2018democracia\u2019 liberal, asegurando su visibilidad y reconocimiento por parte de amplios sectores de la sociedad, la sociedad civil y las instituciones internacionales. A trav\u00e9s de redes de aprendizaje mutuo y solidaridad, buscamos fortalecer nuestro poder colectivo junto a otros en escalas locales, regionales y globales, afirmando nuestro derecho a la autodeterminaci\u00f3n, autodefensa y autonom\u00eda. Esto implica crear y defender nuestras propias estructuras de gobernanza mientras impulsamos la autosuficiencia econ\u00f3mica, la justicia social e interespecies y la autonom\u00eda cultural. Tambi\u00e9n nos comprometemos a visibilizar y promover las teor\u00edas, ideolog\u00edas y conceptos generados desde las pr\u00e1cticas concretas de los pueblos, como una alternativa a la academia formal dominante. Si bien buscamos el reconocimiento de nuestros sistemas de gobernanza, no esperaremos a que los gobiernos nos lo otorguen, sino que forjaremos nuestros propios procesos de reconocimiento mutuo como pueblos del mundo.<\/p>\n<p>Esta declaraci\u00f3n extiende una mano a todos los movimientos sociales, comunidades y organizaciones que luchan por la dignidad, inst\u00e1ndolos a unirse a nosotros en la construcci\u00f3n de un mundo m\u00e1s all\u00e1 del patriarcado, el colonialismo y el capitalismo. A trav\u00e9s de la construcci\u00f3n de alianzas, la acci\u00f3n directa y la resistencia colectiva, proponemos una confluencia global y una plataforma para la democracia radical\u2014una que comparta de manera no jer\u00e1rquica conocimientos, pr\u00e1cticas, solidaridad y estrategias, mientras ampl\u00eda el alcance de los movimientos de democracia radical, incluyendo el reconocimiento de la naturaleza y del mundo m\u00e1s-que-humano. En solidaridad, invitamos a todas aquellas personas que creen en la autodeterminaci\u00f3n y el cuidado colectivo a unirse a nosotros en la construcci\u00f3n de un futuro donde muchos mundos sean posibles\u2014m\u00e1s all\u00e1 de la dominaci\u00f3n, la explotaci\u00f3n y la opresi\u00f3n sist\u00e9mica.<\/p>\n<\/div>\n<h4 id=\"comunidades_y_organizaciones_firmantes\" class=\"sectionedit6\">Comunidades y Organizaciones firmantes<\/h4>\n<div class=\"level2\">\n<ul>\n<li class=\"level1\">\n<div class=\"li\">Endorsing Communities<\/div>\n<\/li>\n<li class=\"level1\">\n<div class=\"li\">Abahlali base, Mjondolo, South Africa<\/div>\n<\/li>\n<li class=\"level1\">\n<div class=\"li\">Amadiba Crisis Committee, South Africa<\/div>\n<\/li>\n<li class=\"level1\">\n<div class=\"li\">Cher\u00e1n community Michoac\u00e1n, M\u00e9xico<\/div>\n<\/li>\n<li class=\"level1\">\n<div class=\"li\">Misak Indigenous People \/ AISO, Colombia<\/div>\n<\/li>\n<li class=\"level1\">\n<div class=\"li\">Proceso de Comunidades Negras (PCN), Colombia<\/div>\n<\/li>\n<li class=\"level1\">\n<div class=\"li\">Karen Environmental and Social Action Network (KESAN), Kawthoolei\/Burma<\/div>\n<\/li>\n<li class=\"level1\">\n<div class=\"li\">Makoko Community, Nigeria<\/div>\n<\/li>\n<li class=\"level1\">\n<div class=\"li\">CEE-HOPE [Nigeria]<\/div>\n<\/li>\n<li class=\"level1\">\n<div class=\"li\">Buliisa Community, Uganda<\/div>\n<\/li>\n<li class=\"level1\">\n<div class=\"li\">Ogiek Community, Kenya<\/div>\n<\/li>\n<li class=\"level1\">\n<div class=\"li\">Lachung Adivasi People, Sikkim, India<\/div>\n<\/li>\n<li class=\"level1\">\n<div class=\"li\">Goba Association, Ladakh, India<\/div>\n<\/li>\n<li class=\"level1\">\n<div class=\"li\">Teduray and Lambangian Indigenous Peoples, Philippines<\/div>\n<\/li>\n<li class=\"level1\">\n<div class=\"li\">Niadub Mimmigan, Youth Movement of the Kuna Indigenous People, Panama<\/div>\n<\/li>\n<li class=\"level1\">\n<div class=\"li\">Tao Indigenous Conserved Territories Union, Taiwan<\/div>\n<\/li>\n<li class=\"level1\">\n<div class=\"li\">Rendile Pastoralist, Kenya<\/div>\n<\/li>\n<li class=\"level1\">\n<div class=\"li\">Coalition des Femmes Leaders pour l&#8217;Environnement (CFLEDD), Democratic Republic of Congo<\/div>\n<\/li>\n<li class=\"level1\">\n<div class=\"li\">Association Des Femmes Transformatrices de Poissons, Senegal<\/div>\n<\/li>\n<li class=\"level1\">\n<div class=\"li\">Concordia Communal Property Association, Northern Cape, South Africa<\/div>\n<\/li>\n<li class=\"level1\">\n<div class=\"li\">Green Development Advocates, Cameroon<\/div>\n<\/li>\n<li class=\"level1\">\n<div class=\"li\">Bienes Comunales de Capul\u00e1lpam de M\u00e9ndez, Oaxaca, M\u00e9xico<\/div>\n<\/li>\n<li class=\"level1\">\n<div class=\"li\">Kurdish alternative adjudication processes &amp; general social organization, Kurdistan<\/div>\n<\/li>\n<li class=\"level1\">\n<div class=\"li\">Gobierno Comunitario Chil\u00f3n, Chiapas, M\u00e9xico.<\/div>\n<\/li>\n<li class=\"level1\">\n<div class=\"li\">Civil Diplomacy Center, Rojava, North and East Syria.<\/div>\n<\/li>\n<\/ul>\n<\/div>\n<h4 id=\"grupo_organiadaor\" class=\"sectionedit7\">Grupo organizador<\/h4>\n<div class=\"level3\">\n<ul>\n<li class=\"level1\">\n<div class=\"li\">Jineoloji Academy [Kurdist\u00e1n]<\/div>\n<\/li>\n<li class=\"level1\">\n<div class=\"li\">Kalpavriksh \/ Vikalp Sangam [India]<\/div>\n<\/li>\n<li class=\"level1\">\n<div class=\"li\">WoMin [South Africa]<\/div>\n<\/li>\n<li class=\"level1\">\n<div class=\"li\">Crianza Mutua Mexico [Mexico]<\/div>\n<\/li>\n<li class=\"level1\">\n<div class=\"li\">Movement for Alternatives and Solidarity in Southeast Asia (MASSA)<\/div>\n<\/li>\n<li class=\"level1\">\n<div class=\"li\">Academy of Democratic Modernity [Kurdistan]<\/div>\n<\/li>\n<\/ul>\n<\/div>\n<h4 id=\"firme_la_declaracion\" class=\"sectionedit8\">\u00a1Firma la declaraci\u00f3n!<\/h4>\n<div class=\"level3\">\n<p>\ufe0f <a class=\"urlextern\" title=\"https:\/\/docs.google.com\/forms\/d\/e\/1FAIpQLScQ_3D7HzeEgRCSxs_WELajr40GWp3aQHhohOH0C_srAbweBA\/viewform?usp=header\" href=\"https:\/\/docs.google.com\/forms\/d\/e\/1FAIpQLScQ_3D7HzeEgRCSxs_WELajr40GWp3aQHhohOH0C_srAbweBA\/viewform?usp=header\" rel=\"nofollow\">Firma la declaraci\u00f3n y solidar\u00edzate con las luchas mundiales por la autodeterminaci\u00f3n y la democracia radical<\/a><\/p>\n<\/div>\n<\/div>\n","protected":false},"excerpt":{"rendered":"<p>Comunicado de prensa, 13 de junio de 2025 La Declaraci\u00f3n sobre Democracia Radical, Autonom\u00eda y Autodeterminaci\u00f3n, emitida durante una convergencia<\/p>\n","protected":false},"author":5,"featured_media":18166,"comment_status":"open","ping_status":"open","sticky":false,"template":"","format":"standard","meta":{"footnotes":""},"categories":[1563,1549,29,1548],"tags":[],"class_list":["post-18156","post","type-post","status-publish","format-standard","has-post-thumbnail","hentry","category-crisis-ecosocial","category-democracia","category-internacional","category-politica"],"aioseo_notices":[],"_links":{"self":[{"href":"https:\/\/espai-marx.net\/index.php?rest_route=\/wp\/v2\/posts\/18156","targetHints":{"allow":["GET"]}}],"collection":[{"href":"https:\/\/espai-marx.net\/index.php?rest_route=\/wp\/v2\/posts"}],"about":[{"href":"https:\/\/espai-marx.net\/index.php?rest_route=\/wp\/v2\/types\/post"}],"author":[{"embeddable":true,"href":"https:\/\/espai-marx.net\/index.php?rest_route=\/wp\/v2\/users\/5"}],"replies":[{"embeddable":true,"href":"https:\/\/espai-marx.net\/index.php?rest_route=%2Fwp%2Fv2%2Fcomments&post=18156"}],"version-history":[{"count":3,"href":"https:\/\/espai-marx.net\/index.php?rest_route=\/wp\/v2\/posts\/18156\/revisions"}],"predecessor-version":[{"id":18167,"href":"https:\/\/espai-marx.net\/index.php?rest_route=\/wp\/v2\/posts\/18156\/revisions\/18167"}],"wp:featuredmedia":[{"embeddable":true,"href":"https:\/\/espai-marx.net\/index.php?rest_route=\/wp\/v2\/media\/18166"}],"wp:attachment":[{"href":"https:\/\/espai-marx.net\/index.php?rest_route=%2Fwp%2Fv2%2Fmedia&parent=18156"}],"wp:term":[{"taxonomy":"category","embeddable":true,"href":"https:\/\/espai-marx.net\/index.php?rest_route=%2Fwp%2Fv2%2Fcategories&post=18156"},{"taxonomy":"post_tag","embeddable":true,"href":"https:\/\/espai-marx.net\/index.php?rest_route=%2Fwp%2Fv2%2Ftags&post=18156"}],"curies":[{"name":"wp","href":"https:\/\/api.w.org\/{rel}","templated":true}]}}