{"id":1819,"date":"2012-03-05T00:00:00","date_gmt":"2012-03-05T00:00:00","guid":{"rendered":"https:\/\/espai-marx.net\/?p=1819"},"modified":"2020-02-21T09:19:53","modified_gmt":"2020-02-21T08:19:53","slug":"el-atropello-de-genova","status":"publish","type":"post","link":"https:\/\/espai-marx.net\/?p=1819","title":{"rendered":"El atropello de G\u00e9nova"},"content":{"rendered":"<p><strong>La cumbre del G-8 de hace diez a\u00f1os registr\u00f3 \u201cla mayor violaci\u00f3n de derechos humanos de la historia de Italia desde el fin de la guerra\u201d. Una advertencia muy actual para la Europa convulsa.<\/strong><\/p>\n<p>El 20 y 21 de julio de 2001 hubo una cumbre del G-8 en G\u00e9nova. El lector quiz\u00e1 recuerde vagamente que en ella se registraron \u201cincidentes\u201d. Lo que seguramente no sabe es que en aquellos d\u00edas se produjo, \u201cla mayor violaci\u00f3n de derechos humanos de la historia de Italia desde la segunda guerra mundial\u201d \u2013 seg\u00fan la contundente f\u00f3rmula de Amnist\u00eda Internacional- resultado de una brutalidad policial planificada. En una Europa en la que crecen las protestas civiles, el tema es de una enorme actualidad.<\/p>\n<p>Diez a\u00f1os despu\u00e9s, dos periodistas italianos, Franco Fracassi y M\u00e1ssimo Lauria, han reconstruido los hechos en un minucioso y detallado documental titulado \u201cLa Cumbre\u201d (The Summit), que se ha presentado en Berl\u00edn. M\u00e1s de un centenar de entrevistas y un millar de documentos, polic\u00edas, activistas torturados, detenidos, atropellados y testimonios de expertos y de varios de los miles de participantes que resultaron heridos, muchos de seriedad, arrojan un testimonio sobrecogedor.<\/p>\n<p><strong>Trama negra para escarmentar<\/strong><\/p>\n<p>De ellos se desprende que las manifestaciones, inicialmente pac\u00edficas, fueron violentadas por grupos provocadores vinculados a la polic\u00eda, bloqueadas policialmente sin opci\u00f3n de escapar y atacadas con intenci\u00f3n de escarmentar, de acuerdo a un gui\u00f3n preestablecido que d\u00edas antes de los hechos contemplaba en uno de sus documentos el escenario de \u201cuna muerte\u201d, cosa que sucedi\u00f3 en la persona del activista Carlo Giuliani, en lo que parece haber sido una encerrona planificada.<\/p>\n<p>\u201cAlgunos miembros de sindicatos policiales nos confirmaron que no fueron errores t\u00e1cticos casuales, sino una estrategia deliberada y planificada para golpear al movimiento por los derechos globales\u201d, dice Lauria. \u201cCuantos m\u00e1s testimonios entrevistamos, m\u00e1s claro se nos hizo que en G\u00e9nova hubo una clara intenci\u00f3n de masacrar literalmente a un movimiento civil\u201d, dice Fracassi, un ex corresponsal de guerra, que fue golpeado en G\u00e9nova pese a su condici\u00f3n de periodista y se confiesa \u201cimpresionado\u201d por la experiencia.<\/p>\n<p><strong>Pinochetismo en Europa<\/strong><\/p>\n<p>\u201cLo que vimos se pareci\u00f3 mucho a los m\u00e9todos de las dictaduras sudamericanas de los setenta\u201d, recuerda el diputado alem\u00e1n Hans-Christian Str\u00f6bele, que acudi\u00f3 a G\u00e9nova en una comisi\u00f3n de investigaci\u00f3n. All\u00ed vio en un hospital al periodista brit\u00e1nico Mark Covell. El joven pernoctaba junto con muchos otros en la escuela D\u00edaz, que el Foro Social de G\u00e9nova habilit\u00f3 como centro de prensa. La polic\u00eda tom\u00f3 la escuela por asalto, destruy\u00f3 todos los ordenadores que encontr\u00f3 y atac\u00f3 a la gente que estaba durmiendo en sus sacos. Covell y Str\u00f6bele asistieron a la presentaci\u00f3n del documental en Berl\u00edn.<\/p>\n<p>Covell fue apalizado hasta caer en coma. \u201cMe hice el muerto, pero segu\u00edan golpeando\u201d, dice. Al final casi se muere de verdad: conmoci\u00f3n cerebral, perforaci\u00f3n pulmonar y p\u00e9rdida de diez dientes. Otras 63 personas de la escuela fueron heridas, algunas salieron en camilla con pron\u00f3stico reservado. El objetivo del ataque a la escuela era destruir las pruebas, fotos y filmaciones, de la violencia de la v\u00edspera. De paso la polic\u00eda introdujo en el edificio los c\u00f3cteles Molotov que luego se mostraron como pruebas del delito.<\/p>\n<p><strong>Encerrona<\/strong><\/p>\n<p>La v\u00edspera, en la Piazza Alimonda, un jeep policial se hab\u00eda parado al alcance de una multitud previamente maltratada y calentada, con la aparente intenci\u00f3n de crear una situaci\u00f3n en la que el uso del arma de fuego en defensa pudiera presentarse como apropiada, lo que concluy\u00f3 con la muerte de Giuliani por un disparo policial en la cabeza. El asalto a la escuela pudo tener como objetivo hacerse con las im\u00e1genes de aquella encerrona. Las 250.000 personas que al d\u00eda siguiente se manifestaron al grito de \u201c\u00a1asesinos!\u201d fueron rodeadas y reprimidas.<\/p>\n<p>\u201cLo que pas\u00f3 me marc\u00f3 para toda la vida\u201d, dice una mujer que fue torturada en un centro de detenci\u00f3n, junto con decenas de otros manifestantes detenidos aquel d\u00eda, entre insultos y golpes de unos polic\u00edas que parec\u00edan drogados por su brutalidad.<\/p>\n<p><strong>El \u201cBlack Bloc\u201d como recurso<\/strong><\/p>\n<p>Pieza central de toda la situaci\u00f3n registrada en G\u00e9nova fueron los manifestantes del llamado \u201cBlack Bloc\u201d (bloque negro). Ese sujeto hizo su aparici\u00f3n en las protestas contra la central nuclear alemana de Brokdorf ya en los a\u00f1os setenta. Son grupos de manifestantes violentos, instrumentalizados, infiltrados o directamente organizados por la polic\u00eda, dif\u00edciles de distinguir de los simples neonazis. Muchos de ellos acudieron a G\u00e9nova desde Alemania tras haber participado en manifestaciones neonazis, como se pudo comprobar al examinar algunos de los tel\u00e9fonos m\u00f3viles que se les incautaron, explica Sergio Finardi, experto en \u201ct\u00e1cticas de guerra informales\u201d.<\/p>\n<p>El objetivo del \u201cBlack Bloc\u201d es reventar las manifestaciones, evitar una amplia y pacifica participaci\u00f3n de la ciudadan\u00eda, y dar motivos a la polic\u00eda con su vandalismo para reprimir y desprestigiar los motivos de la protesta, dice. La secuencia consiste en dejar al \u201cBlack Bloc\u201d hacer impunemente su trabajo sin que la polic\u00eda intervenga, a continuaci\u00f3n se carga con violencia, pero no contra los violentos sino contra los normales. En G\u00e9nova no hubo ni una sola detenci\u00f3n de esos sujetos. El gui\u00f3n se repite en m\u00faltiples protestas del movimiento antiglobalizaci\u00f3n, dice Finardi.<\/p>\n<p><strong>Violencia<\/strong><\/p>\n<p>Ser\u00eda ingenuo pensar que toda la violencia contestataria es obra de provocadores. Cualquiera con una visi\u00f3n realista de la vida sabe que incluso en las mejores causas no hay carencia de personas impulsivas, de pocas luces, o ambas cosas a la vez. Tambi\u00e9n es notorio lo f\u00e1cil que es convertir en irritada y violenta a una multitud en principio pac\u00edfica. Esto no es una reflexi\u00f3n pedestre sobre \u201cla violencia\u201d de la que hablan los medios de comunicaci\u00f3n. Aqu\u00ed no se habla, por ejemplo, de la enorme violencia que supone una realidad social, llena de desempleo, de injusticias y de estafas sociales que ofenden a la dignidad ciudadana. Simplemente se constata lo anecd\u00f3tico. A saber: que en una manifestaci\u00f3n de 50.000 o 100.000 por una causa justa y clara, doscientas personas quemen tres contenedores, un veh\u00edculo y ataquen un cajero autom\u00e1tico, es, por desgracia, absolutamente anecd\u00f3tico, independientemente de que esa imagen sea portada en The New York Times o en cualquier otro medio con el objetivo de que \u201cla violencia\u201d haga perder de vista la esencia del asunto. Aun m\u00e1s, esa manipulaci\u00f3n medi\u00e1tica forma parte de la violencia, porque es una mentira como lo son llamar \u201csalvamento de Grecia\u201d o \u201cemisi\u00f3n del Banco Central Europeo\u201d a la subvenci\u00f3n continuada a la banca privada, mientras se obliga a la ciudadan\u00eda europea socialmente m\u00e1s desfavorecida a apretarse el cintur\u00f3n.<\/p>\n<p><strong>De la provocaci\u00f3n y sus antecedentes<\/strong><\/p>\n<p>De lo que aqu\u00ed se habla y advierte es de otra cosa: del conocido uso del \u201cAgent provocateur\u201d. Su figura acompa\u00f1a la historia del movimiento obrero desde sus mismos or\u00edgenes y llega hasta los hechos de G\u00e9nova. En el Par\u00eds de principios del siglo XX, con su miseria extrema y su escena anarquista y socialista la abundancia de aquellos personajes era extraordinaria, como explica, entre muchos otros, Victor Serge (Victor Kibalchich) en sus memorias. La Rusia de la \u201cNar\u00f3dnaya Volia\u201d ofrece situaciones incre\u00edbles, muchas de las cuales se revelaron al incautar la Revoluci\u00f3n Rusa los archivos de la Ojrana, la polic\u00eda pol\u00edtica zarista, y lo mismo, aunque mucho m\u00e1s inocente, ocurri\u00f3 aqu\u00ed con la Stasi, sin ir m\u00e1s lejos, o ocurre hoy con los curiosos infiltrados de la polic\u00eda pol\u00edtica alemana, el BfV, en la escena neonazi.<\/p>\n<p>Para quienes vivimos como estudiantes la Espa\u00f1a del \u00faltimo franquismo y la de la transici\u00f3n, el \u201cagent provocateur\u201d es tambi\u00e9n una figura familiar. Su historia est\u00e1 por escribir y va desde lo m\u00e1s alto, el terrorismo puro y duro, hasta lo movimientos estudiantiles.<\/p>\n<p>A finales de los a\u00f1os setenta un conocido abogado de Barcelona me cont\u00f3 como su cliente, un miembro del Comit\u00e9 Central del Partido Comunista (R), una delirante organizaci\u00f3n mao\u00edsta muy cercana a las pistolas, hab\u00eda sido interrogado, y naturalmente torturado en comisar\u00eda, por la misma persona que le hab\u00eda reclutado para el partido un a\u00f1o antes. Con las historia del Grapo, una organizaci\u00f3n violenta mao\u00edsta, hay toda una historia por escribir.<\/p>\n<p>A un nivel menos inquietante, pero no menos significativo, se puede mencionar la historia de c\u00f3mo se acab\u00f3, a partir de 1977, con el ambiente de hermandad izquierdista que dominaba geogr\u00e1ficamente las Ramblas de Barcelona, aquel extraordinario espacio de ligue, fiesta civil y pac\u00edfica, conspiraciones estudiantiles de caf\u00e9 e intercambio de revistas y panfletos. De repente zonas enteras como la Plaza Real fueron invadidas por la droga y la agresiva criminalidad a ella ligada. En Canaletas, cada fin de semana estallaban \u201cmanifestaciones\u201d de 50 personas con gran profusi\u00f3n de c\u00f3cteles Molotov por causas como la \u201csolidaridad con el S\u00e1hara\u201d o con \u201cEuskadi\u201d, o, como dec\u00eda Bu\u00f1uel en su surrealista pel\u00edcula, con los \u201cgrupos armados del Ni\u00f1o Jes\u00fas\u201d. Su protagonista era un grupo izquierdista llamado PCI (no confundir con lo que luego fue el Partido del Trabajo). Estaba compuesto fundamentalmente por gente de los bajos fondos a sueldo del Gobierno Civil de Barcelona. La gente normal dej\u00f3 en pocos meses de ir a las Ramblas, que hoy se han convertido en el habitual espacio sin alma que suele afirmar el turismo masivo.<\/p>\n<p>Encargu\u00e9 a un compa\u00f1ero gr\u00e1fico de profesi\u00f3n que hiciera fotos de aquellas \u201cmanifestaciones\u201d barcelonesas. Me trajo primeros planos, siempre los mismos rostros, con un par de jefes hampones de aspecto inconfundible, que eran los que repart\u00edan el dinero, y conexiones con un oscuro despacho de abogados de la Calle Balmes. El reportaje no se public\u00f3, por las mismas razones por las que han sido necesarios diez a\u00f1os para que Fracassi y Lauria nos explicaran lo de G\u00e9nova: no hab\u00eda inter\u00e9s, y era necesario remar muy fuerte a contracorriente para acabar al final informativamente derrotado\u2026<\/p>\n<p>Todo esto forma parte de una generaci\u00f3n y es archiconocido. Pero es de suma actualidad hoy en esta Europa que se va a hacer m\u00e1s tensa y convulsa. Lo que nos lleva a otra reflexi\u00f3n.<\/p>\n<p><strong>Sobre la inteligencia de la especie<\/strong><\/p>\n<p>Un conocimiento superficial de la Historia sugiere la falacia de su progresiva evoluci\u00f3n hacia un mundo mejor. No s\u00f3lo no hay avances lineales e inexorables hacia situaciones socialmente mejores, sino m\u00e1s bien una an\u00e1rquica sucesi\u00f3n de avances y retrocesos. Parafraseando un popular dicho cinematogr\u00e1fico ruso, podr\u00edamos decir que el progreso de la humanidad es \u201casunto sutil\u201d. Como me explic\u00f3 con gran simpleza en una ocasi\u00f3n Andrei Bitov, un conocido escritor ruso, \u201ca veces pienso que la humanidad no tiene remedio y que camina decidida hacia el desastre, otras veces, en cambio, llego a pensar exactamente lo contrario\u201d.<\/p>\n<p>La reflexi\u00f3n era a prop\u00f3sito de la crisis global, de la que el problema del calentamiento es aspecto, del rampante militarismo (Occidente est\u00e1 metido hoy directa o indirectamente en una veintena de guerras, se\u00f1ala el informe de un Think Tank de Heidelberg), y, sobre todo, a prop\u00f3sito de la combinaci\u00f3n de ambos aspectos, el uno exigiendo a gritos una nueva y superior civilizaci\u00f3n con otra metodolog\u00eda, y el otro apuntando inequ\u00edvocamente hacia lo Neandertal\u2026<\/p>\n<p>Todo esto viene a cuento de nuestra reacci\u00f3n ante la actual \u201ccrisis financiera\u201d, que es una mera y casi anecd\u00f3tica nota a pie de p\u00e1gina, al lado de los retos que plantea la verdadera crisis reci\u00e9n evocada, sobre todo en sus aspectos energ\u00e9ticos y sociales.<\/p>\n<p>La pregunta es si seremos lo suficientemente sabios, los de arriba y los de abajo, m\u00e1s sabios como especie, m\u00e1s all\u00e1 si se quiere de la lucha de clases y de las relaciones de dominio imperial entre el Norte y el Sur, en resolver de forma viable y no suicida este siglo XXI. En Europa Occidental llevamos m\u00e1s de tres generaciones de progreso continuado, las memorias de grandes violencias y del hambre (que en 1947 era un dato central en Barcelona, Berl\u00edn o Budapest) se han hecho borrosas.<\/p>\n<p><strong>\u00bfEs posible un conflicto social \u201cblando\u201d?<\/strong><\/p>\n<p>La Historia, de nuevo, sugiere que los de arriba, las oligarqu\u00edas que dominan nuestras sociedades con diferentes matices, s\u00f3lo aprenden y se hacen sensibles a la justicia a base de presi\u00f3n social. Las bonitas libertades y garant\u00edas europeas, hoy por desgracia tan maltrechas y con tan mal pron\u00f3stico de evoluci\u00f3n, fueron resultado de pactos y compromisos, revoluciones y contrarrevoluciones rodeados de sangre, violencia y sufrimiento \u00bfSer\u00e1 el futuro diferente? \u00bfEs posible un conflicto social con metodolog\u00edas \u201cblandas\u201d? As\u00ed lo afirma, por ejemplo, el 15-M espa\u00f1ol, pero as\u00ed lo complica un escenario como el genov\u00e9s.<\/p>\n<p>En la zona euro los activos monetarios en manos privadas, 27 billones de euros son m\u00e1s de tres veces superiores al monto total de la deuda de los pa\u00edses implicados, que asciende a 8,2 billones (de ellos 2,1 billones son deuda alemana), se\u00f1ala Eurostat. La mitad de esos activos (60% en Alemania) est\u00e1n en manos del 10% m\u00e1s rico de la poblaci\u00f3n \u00bfEs posible convencer a los ricos y m\u00e1s poderosos de la peligrosidad e inestabilidad que representa, tambi\u00e9n para ellos y para sus intereses, el afirmar una polarizaci\u00f3n social tan extrema e insostenible como la que preside nuestro mundo y avanza incluso en las ciudades de los pa\u00edses europeos m\u00e1s pr\u00f3speros? \u00bfEs posible convencerles para una pol\u00edtica fiscal menos injusta? Hasta un tonto comprende que si uno no quiere que el perro le muerda hay que echarle un hueso de vez en cuando, y aqu\u00ed no se trata de huesos ni de perros sino de cierta democracia real.<\/p>\n<p>Desde luego, no habr\u00e1 convencimiento sin pulso social, pero \u00bfhabr\u00e1 pulso social sin violencia, la violencia radical de los despidos y de los recortes, de los desahucios, de la manipulaci\u00f3n informativa, de los \u201cagents provocateurs\u201d, y, por supuesto, de los necios que queman contenedores y destruyen cajeros autom\u00e1ticos sin que les pague siquiera el Gobierno Civil de turno?<\/p>\n<p>Con todo eso rondando en la cabeza salimos del cine, y de la charla berlinesa con Fracassi y Lauria, al t\u00e9rmino del pase de su documental sobre el atropello de G\u00e9nova.<\/p>\n","protected":false},"excerpt":{"rendered":"<p>\u00a0<\/p>\n<p style='text-align: justify;'>La cumbre del G-8 de hace diez a\u00f1os registr\u00f3 \u201cla mayor violaci\u00f3n de derechos humanos de la historia de Italia desde el fin de la guerra\u201d. Una advertencia muy actual para la Europa convulsa.<\/p>\n<p>\u00a0<\/p>\n","protected":false},"author":9,"featured_media":1820,"comment_status":"open","ping_status":"open","sticky":false,"template":"","format":"standard","meta":{"footnotes":""},"categories":[3,30],"tags":[],"class_list":["post-1819","post","type-post","status-publish","format-standard","has-post-thumbnail","hentry","category-condiciones-de-vida","category-mundo-mundo"],"aioseo_notices":[],"_links":{"self":[{"href":"https:\/\/espai-marx.net\/index.php?rest_route=\/wp\/v2\/posts\/1819","targetHints":{"allow":["GET"]}}],"collection":[{"href":"https:\/\/espai-marx.net\/index.php?rest_route=\/wp\/v2\/posts"}],"about":[{"href":"https:\/\/espai-marx.net\/index.php?rest_route=\/wp\/v2\/types\/post"}],"author":[{"embeddable":true,"href":"https:\/\/espai-marx.net\/index.php?rest_route=\/wp\/v2\/users\/9"}],"replies":[{"embeddable":true,"href":"https:\/\/espai-marx.net\/index.php?rest_route=%2Fwp%2Fv2%2Fcomments&post=1819"}],"version-history":[{"count":0,"href":"https:\/\/espai-marx.net\/index.php?rest_route=\/wp\/v2\/posts\/1819\/revisions"}],"wp:featuredmedia":[{"embeddable":true,"href":"https:\/\/espai-marx.net\/index.php?rest_route=\/wp\/v2\/media\/1820"}],"wp:attachment":[{"href":"https:\/\/espai-marx.net\/index.php?rest_route=%2Fwp%2Fv2%2Fmedia&parent=1819"}],"wp:term":[{"taxonomy":"category","embeddable":true,"href":"https:\/\/espai-marx.net\/index.php?rest_route=%2Fwp%2Fv2%2Fcategories&post=1819"},{"taxonomy":"post_tag","embeddable":true,"href":"https:\/\/espai-marx.net\/index.php?rest_route=%2Fwp%2Fv2%2Ftags&post=1819"}],"curies":[{"name":"wp","href":"https:\/\/api.w.org\/{rel}","templated":true}]}}