{"id":18217,"date":"2025-07-16T05:00:46","date_gmt":"2025-07-16T04:00:46","guid":{"rendered":"https:\/\/espai-marx.net\/?p=18217"},"modified":"2025-07-16T00:33:43","modified_gmt":"2025-07-15T23:33:43","slug":"la-persecucion-de-francesca-albanese","status":"publish","type":"post","link":"https:\/\/espai-marx.net\/?p=18217","title":{"rendered":"La persecuci\u00f3n de Francesca Albanese"},"content":{"rendered":"<p><strong>La sanci\u00f3n impuesta por la administraci\u00f3n Trump a Francesca Albanese, relatora especial de las Naciones Unidas, es un presagio ominoso del fin del imperio del derecho internacional.<\/strong><\/p>\n<p>Cuando se escriba la historia del genocidio en Gaza, una de las defensoras m\u00e1s valientes y francas de la justicia y el respeto del derecho internacional ser\u00e1 Francesca Albanese, la relatora especial de las Naciones Unidas, sancionada hoy por la administraci\u00f3n Trump. Su oficina tiene la tarea de supervisar e informar sobre las violaciones de los derechos humanos que Israel comete contra los palestinos.<\/p>\n<p>Albanese, que recibe regularmente amenazas de muerte y soporta campa\u00f1as de calumnias bien orquestadas dirigidas por Israel y sus aliados, busca valientemente que se rindan cuentas a quienes apoyan y sostienen el genocidio. Critica duramente lo que ella llama \u00abla corrupci\u00f3n moral y pol\u00edtica del mundo\u00bb que permite que el genocidio contin\u00fae. Su oficina ha publicado informes detallados que documentan los cr\u00edmenes de guerra en Gaza y Cisjordania, uno de los cuales, titulado \u00ab<a href=\"https:\/\/www.un.org\/unispal\/document\/genocide-as-colonial-erasure-report-francesca-albanese-01oct24\/\" target=\"_blank\" rel=\"nofollow noopener noreferrer\">Genocide as colonial erasure<\/a>\u00bb (El genocidio como borrado colonial), he reimpreso como ap\u00e9ndice en mi \u00faltimo libro, \u00ab<a href=\"https:\/\/www.penguinrandomhouse.com\/books\/786808\/a-genocide-foretold-by-chris-hedges\/\" target=\"_blank\" rel=\"nofollow noopener noreferrer\">A Genocide Foretold<\/a>\u00bb (Un genocidio anunciado).<\/p>\n<p>Ha informado a organizaciones privadas de que son \u00abpenalmente responsables\u00bb por ayudar a Israel a llevar a cabo el genocidio en Gaza. Anunci\u00f3 que, de ser cierto, como se ha informado, el ex primer ministro brit\u00e1nico David Cameron amenaz\u00f3 con retirar los fondos y retirarse de la Corte Penal Internacional (CPI) despu\u00e9s de que esta emitiera \u00f3rdenes de arresto contra el primer ministro israel\u00ed, Benjamin Netanyahu, y el exministro de Defensa, Yoav Gallant, por lo que Cameron y el otro ex primer ministro brit\u00e1nico, Rishi Sunak, podr\u00edan ser acusados de un delito penal en virtud del Estatuto de Roma. El Estatuto de Roma tipifica como delito a quienes tratan de impedir que se juzguen los cr\u00edmenes de guerra.<\/p>\n<p>Ha pedido a los altos funcionarios de la Uni\u00f3n Europea (UE) que se enfrenten a cargos de complicidad en cr\u00edmenes de guerra por su apoyo al genocidio, afirmando que sus acciones no pueden quedar impunes. Fue una <a href=\"https:\/\/www.aa.com.tr\/en\/middle-east\/un-rapporteur-says-madleen-gaza-flotilla-carries-humanity-along-with-aid\/3591857\" target=\"_blank\" rel=\"nofollow noopener noreferrer\">defensora<\/a> de la flotilla Madleen, que intent\u00f3 romper el bloqueo de Gaza y entregar ayuda humanitaria, y escribi\u00f3 que el barco interceptado por Israel no solo transportaba suministros, sino tambi\u00e9n un mensaje de humanidad.<\/p>\n<p>Pueden ver la entrevista que le hice a Albanese <a href=\"https:\/\/www.youtube.com\/watch?v=wbakVaOGgOk&amp;t=12s\" target=\"_blank\" rel=\"nofollow noopener noreferrer\">aqu\u00ed<\/a>.<\/p>\n<p>Su \u00faltimo<a href=\"https:\/\/www.ohchr.org\/sites\/default\/files\/documents\/hrbodies\/hrcouncil\/sessions-regular\/session59\/advance-version\/a-hrc-59-23-aev.pdf\" target=\"_blank\" rel=\"nofollow noopener noreferrer\"> informe<\/a> enumera 48 empresas e instituciones, entre las que se encuentran Palantir Technologies Inc., Lockheed Martin, Alphabet Inc. (Google), Amazon, International Business Machine Corporation (IBM), Caterpillar Inc., Microsoft Corporation y el Instituto Tecnol\u00f3gico de Massachusetts (MIT), junto con bancos y empresas financieras como BlackRock, aseguradoras, empresas inmobiliarias y organizaciones ben\u00e9ficas, que, en violaci\u00f3n del derecho internacional, est\u00e1n ganando miles de millones con la ocupaci\u00f3n y el genocidio de los palestinos.<\/p>\n<p>Puede leer mi art\u00edculo sobre el \u00faltimo informe de Albanese <a href=\"https:\/\/chrishedges.substack.com\/p\/profiting-from-genocide\" target=\"_blank\" rel=\"nofollow noopener noreferrer\">aqu\u00ed<\/a>.<\/p>\n<p>El secretario de Estado Marco Rubio <a href=\"https:\/\/www.abc.net.au\/news\/2025-07-10\/francesca-albanese-marco-rubio-sanctions-israel-gaza\/105514754\" target=\"_blank\" rel=\"nofollow noopener noreferrer\">conden\u00f3<\/a> su apoyo a la CPI, cuatro de cuyos jueces han sido sancionados por Estados Unidos por emitir \u00f3rdenes de detenci\u00f3n contra Netanyahu y Gallant el a\u00f1o pasado. Critic\u00f3 a Albanese por sus esfuerzos para enjuiciar a ciudadanos estadounidenses o israel\u00edes que apoyan el genocidio, diciendo que no es apta para desempe\u00f1ar el cargo de relatora especial. Rubio tambi\u00e9n acus\u00f3 a Albanese de \u00abvomitar antisemitismo descarado, expresar su apoyo al terrorismo y mostrar un desprecio abierto hacia Estados Unidos, Israel y Occidente\u00bb. Es muy probable que las sanciones impidan a Albanese viajar a Estados Unidos y congelen cualquier activo que pueda tener en el pa\u00eds.<\/p>\n<p>El ataque contra Albanese presagia un mundo sin reglas, en el que Estados rebeldes, como Estados Unidos e Israel, pueden cometer cr\u00edmenes de guerra y genocidio sin rendir cuentas ni sufrir restricciones. Pone al descubierto los subterfugios que utilizamos para enga\u00f1arnos a nosotros mismos y tratar de enga\u00f1ar a los dem\u00e1s. Revela nuestra hipocres\u00eda, crueldad y racismo. A partir de ahora, nadie se tomar\u00e1 en serio nuestros compromisos declarados con la democracia, la libertad de expresi\u00f3n, el Estado de derecho o los derechos humanos. \u00bfY qui\u00e9n puede culparlos? Hablamos exclusivamente el lenguaje de la fuerza, el lenguaje de los brutos, el lenguaje de la matanza masiva, el lenguaje del genocidio.<\/p>\n<p>\u00abLos actos de asesinato, los asesinatos en masa, la tortura f\u00edsica y psicol\u00f3gica, la devastaci\u00f3n, la creaci\u00f3n de condiciones de vida que no permiten vivir a la poblaci\u00f3n de Gaza, desde la destrucci\u00f3n de hospitales, el desplazamiento forzoso masivo y la falta de hogar, mientras la gente es bombardeada a diario y muere de hambre&#8230; \u00bfC\u00f3mo podemos interpretar estos actos de forma aislada?\u00bb, pregunt\u00f3 Albanese en una <a href=\"https:\/\/www.youtube.com\/watch?v=aOfDPD9mxv4\" target=\"_blank\" rel=\"nofollow noopener noreferrer\">entrevista<\/a> que le hice cuando hablamos de su informe, \u00abEl genocidio como borrado colonial\u00bb.<\/p>\n<p>Los drones militarizados, los helic\u00f3pteros artillados, los muros y barreras, los puestos de control, las bobinas de alambre de p\u00faas, las torres de vigilancia, los centros de detenci\u00f3n, las deportaciones, la brutalidad y la tortura, la denegaci\u00f3n de visados de entrada, la existencia apartheid que conlleva la falta de documentos, la p\u00e9rdida de los derechos individuales y la vigilancia electr\u00f3nica son tan familiares para los migrantes desesperados que se encuentran en la frontera mexicana o que intentan entrar en Europa como lo son para los palestinos.<\/p>\n<p>Esto es lo que les espera a aquellos a quienes <a href=\"https:\/\/www.youtube.com\/watch?v=9xCSFhtip_M\" target=\"_blank\" rel=\"nofollow noopener noreferrer\">Frantz Fanon<\/a> llama \u00ablos condenados de la tierra\u00bb.<\/p>\n<p>Los que defienden a los oprimidos, como Albanese, ser\u00e1n tratados como los oprimidos.<\/p>\n<p>Fuente: The Chris Hedges Report, Substack del autor, 10 de julio de 2025 (<a href=\"https:\/\/chrishedges.substack.com\/p\/the-persecution-of-francesca-albanese\">https:\/\/chrishedges.substack.com\/p\/the-persecution-of-francesca-albanese<\/a>)<\/p>\n","protected":false},"excerpt":{"rendered":"<p>La sanci\u00f3n impuesta por la administraci\u00f3n Trump a Francesca Albanese, relatora especial de las Naciones Unidas, es un presagio ominoso<\/p>\n","protected":false},"author":5,"featured_media":17284,"comment_status":"open","ping_status":"open","sticky":false,"template":"","format":"standard","meta":{"footnotes":""},"categories":[29,1965,1928],"tags":[],"class_list":["post-18217","post","type-post","status-publish","format-standard","has-post-thumbnail","hentry","category-internacional","category-justicia","category-palestina"],"aioseo_notices":[],"_links":{"self":[{"href":"https:\/\/espai-marx.net\/index.php?rest_route=\/wp\/v2\/posts\/18217","targetHints":{"allow":["GET"]}}],"collection":[{"href":"https:\/\/espai-marx.net\/index.php?rest_route=\/wp\/v2\/posts"}],"about":[{"href":"https:\/\/espai-marx.net\/index.php?rest_route=\/wp\/v2\/types\/post"}],"author":[{"embeddable":true,"href":"https:\/\/espai-marx.net\/index.php?rest_route=\/wp\/v2\/users\/5"}],"replies":[{"embeddable":true,"href":"https:\/\/espai-marx.net\/index.php?rest_route=%2Fwp%2Fv2%2Fcomments&post=18217"}],"version-history":[{"count":1,"href":"https:\/\/espai-marx.net\/index.php?rest_route=\/wp\/v2\/posts\/18217\/revisions"}],"predecessor-version":[{"id":18218,"href":"https:\/\/espai-marx.net\/index.php?rest_route=\/wp\/v2\/posts\/18217\/revisions\/18218"}],"wp:featuredmedia":[{"embeddable":true,"href":"https:\/\/espai-marx.net\/index.php?rest_route=\/wp\/v2\/media\/17284"}],"wp:attachment":[{"href":"https:\/\/espai-marx.net\/index.php?rest_route=%2Fwp%2Fv2%2Fmedia&parent=18217"}],"wp:term":[{"taxonomy":"category","embeddable":true,"href":"https:\/\/espai-marx.net\/index.php?rest_route=%2Fwp%2Fv2%2Fcategories&post=18217"},{"taxonomy":"post_tag","embeddable":true,"href":"https:\/\/espai-marx.net\/index.php?rest_route=%2Fwp%2Fv2%2Ftags&post=18217"}],"curies":[{"name":"wp","href":"https:\/\/api.w.org\/{rel}","templated":true}]}}