{"id":18234,"date":"2025-07-20T05:00:06","date_gmt":"2025-07-20T04:00:06","guid":{"rendered":"https:\/\/espai-marx.net\/?p=18234"},"modified":"2025-07-20T02:45:16","modified_gmt":"2025-07-20T01:45:16","slug":"una-cuidada-antologia-en-el-ano-del-centenario-de-manuel-sacristan","status":"publish","type":"post","link":"https:\/\/espai-marx.net\/?p=18234","title":{"rendered":"Una cuidada antolog\u00eda en el a\u00f1o del centenario de Manuel Sacrist\u00e1n"},"content":{"rendered":"<p><span style=\"font-size: 14pt;\">Manuel Sacrist\u00e1n,<i> Socialismo y filosof\u00eda<\/i>, Madrid: Libros de la Catarata, 2025, 187 p\u00e1ginas (edici\u00f3n y presentaci\u00f3n de Gonzalo Gallardo Blanco)<\/span><\/p>\n<p><a href=\"https:\/\/espai-marx.net\/wp-content\/uploads\/2025\/07\/sacristan-socialismo-y-filosofia.jpg\"><img loading=\"lazy\" decoding=\"async\" class=\"alignleft wp-image-18235\" src=\"https:\/\/espai-marx.net\/wp-content\/uploads\/2025\/07\/sacristan-socialismo-y-filosofia.jpg\" alt=\"\" width=\"191\" height=\"300\" srcset=\"https:\/\/espai-marx.net\/wp-content\/uploads\/2025\/07\/sacristan-socialismo-y-filosofia.jpg 236w, https:\/\/espai-marx.net\/wp-content\/uploads\/2025\/07\/sacristan-socialismo-y-filosofia-191x300.jpg 191w\" sizes=\"auto, (max-width: 191px) 100vw, 191px\" \/><\/a>Estamos de enhorabuena. \u00abCl\u00e1sicos del pensamiento cr\u00edtico\u00bb \u2013fundador Francisco Fern\u00e1ndez Buey (1943-2012); directores: Jorge Riechmann y C\u00e9sar de Vicente Hernando (1966-2022)\u2013 ha incorporado recientemente a su imprescindible colecci\u00f3n un pensador cr\u00edtico de referencia, uno de los grandes fil\u00f3sofos del siglo XX, un pensador (y activista) imprescindible en la historia del comunismo marxista espa\u00f1ol e internacional: Manuel Sacrist\u00e1n Luz\u00f3n (1925-1985). Lo hace de la mano de un joven fil\u00f3sofo concernido: Gonzalo Gallardo Blanco, que est\u00e1 preparando, con direcci\u00f3n de Jorge Riechmann, su tesis doctoral sobre las aportaciones ecologistas de Sacrist\u00e1n y Fern\u00e1ndez Buey,<\/p>\n<p>Componen <i>Socialismo y filosof\u00eda<\/i> (el t\u00edtulo recuerda un libro de Antonio Labriola, presentado y traducido por Sacrist\u00e1n para Alianza Editorial en 1969), la presentaci\u00f3n del editor; una cronolog\u00eda titulada \u00abManuel Sacrist\u00e1n y su tiempo\u00bb; la antolog\u00eda de textos, un \u00edndice de siglas y acr\u00f3nimos, y una bibliograf\u00eda seleccionada.<\/p>\n<p>Son 12 los textos seleccionados (no todos reproducidos en su totalidad; la colecci\u00f3n no permite libros de gran extensi\u00f3n): \u00abSimone Weil\u00bb, \u00abHomenaje a Ortega\u00bb, \u00abLas ideas gnoseol\u00f3gicas de Heidegger\u00bb, \u00abTres notas sobre la alianza imp\u00eda\u00bb, \u00abLa tarea de Engels en el <i>Anti-D\u00fchring\u00bb,<\/i> \u00abUn apunte acerca de la filosof\u00eda como especialidad\u00bb, \u00abChecoslovaquia y la construcci\u00f3n del socialismo\u00bb, \u00abDe la filosof\u00eda de la ciencia a la pol\u00edtica de la ciencia\u00bb, \u00abA prop\u00f3sito del eurocomunismo\u00bb, \u00abAlgunos atisbos pol\u00edtico-ecol\u00f3gicos de Marx\u00bb, \u00abLa OTAN hacia dentro\u00bb, \u00abEl und\u00e9cimo cuaderno de Gramsci en la c\u00e1rcel\u00bb. El primer texto seleccionado es de principios de los a\u00f1os cincuenta; el \u00faltimo es de 1985.<\/p>\n<p>Se podr\u00e1 objetar tal vez que la selecci\u00f3n no incluye textos imprescindibles de Sacrist\u00e1n (sus art\u00edculos sobre Marx, Lenin, Luk\u00e1cs o Russell, por ejemplo; los pr\u00f3logos sobre Goethe, Heine o Joan Brossa; sus escritos de l\u00f3gica y filosof\u00eda de la l\u00f3gica, etc). No ser\u00eda una cr\u00edtica justa. Cualquier antolog\u00eda de estas dimensiones no puede incorporar todos los textos nucleares de un autor. En <i>Socialismo y filosof\u00eda<\/i> no sobra ning\u00fan texto y se recogen una buena parte de los m\u00e1s esenciales de Sacrist\u00e1n. Las caracter\u00edsticas de la colecci\u00f3n imponen l\u00edmites.<\/p>\n<p>\u00abManuel Sacrist\u00e1n y su tiempo\u00bb recoge, separados por a\u00f1os, datos biogr\u00e1ficos, pol\u00edticos y filos\u00f3ficos del autor junto con acontecimientos sociales y pol\u00edticos relevantes. Adem\u00e1s de la \u00e9poca preliminar: \u00abinfancia y adolescencia (1925-1943)\u00bb, Gallardo Blanco ha dividido, con acierto en mi opini\u00f3n, el apartado en cuatro etapas: 1. El joven Sacrist\u00e1n premarxista y sus intereses filos\u00f3ficos (1944-1955). 2. El intelectual marxista y dirigente del PSUC-PCE (1956-1969). 3. Crisis vital, programa de estudio y nuevos ejes de inter\u00e9s (1969-1977) y 4. Pensador de la derrota y de la necesidad de la renovaci\u00f3n: consolidaci\u00f3n del ecosocialismo (1978-1985).<\/p>\n<p>En el pr\u00f3logo, \u00abEn el centenario del nacimento de un cl\u00e1sico\u2026.\u00bb, Gallardo Blanco ha compuesto un documentado texto sobre la vida y obra del traductor de <i>El Capital, <\/i>un escrito que abre con estas significativas palabras: \u00abSi \u00fanicamente tuviera a mi disposici\u00f3n dos palabras con las que definir a Manuel Sacrist\u00e1n, sin duda, ser\u00edan estas: militante comunista. El otro par conceptual que m\u00e1s se le acercar\u00eda y que lo definir\u00eda como fil\u00f3sofo marxista ser\u00eda una derivaci\u00f3n del primero\u2026\u00bb. Una de sus consideraciones centrales: la vindicaci\u00f3n de la ortodoxia marxista de Sacrist\u00e1n.<\/p>\n<p>Una errata que conviene evitar en futuras reediciones: \u00abSe publica el libro <i>\u00bfComunismo sin crecimiento?<\/i>\u2026 Sacrist\u00e1n lo traduce e introduce\u2026\u00bb. Sacrist\u00e1n prolog\u00f3, pero no tradujo (el traductor fue Gustau Mu\u00f1oz). Tambi\u00e9n mejorar las palabras finales del apartado: \u00abEs enterrado, junto a su exmujer Giulia, en el cementario de Guils de Cerdanya.\u00bb<\/p>\n<p>En apretada s\u00edntesis: una antolog\u00eda necesaria, trabajada, con un interesante pr\u00f3logo y una cronolog\u00eda pensados para los ya lectores del que fuera miembro del comit\u00e9 ejecutivo del PSUC y para los nuevos lectores que, a buen seguro, encontrar\u00e1n buena e inusual filosof\u00eda cr\u00edtica en este ensayo.<\/p>\n<p>Fuente: <i>El Viejo Topo<\/i>, junio de 2025.<\/p>\n","protected":false},"excerpt":{"rendered":"<p>Manuel Sacrist\u00e1n, Socialismo y filosof\u00eda, Madrid: Libros de la Catarata, 2025, 187 p\u00e1ginas (edici\u00f3n y presentaci\u00f3n de Gonzalo Gallardo Blanco)<\/p>\n","protected":false},"author":5,"featured_media":16863,"comment_status":"open","ping_status":"open","sticky":false,"template":"","format":"standard","meta":{"footnotes":""},"categories":[8,10,1553],"tags":[993,917,2269],"class_list":["post-18234","post","type-post","status-publish","format-standard","has-post-thumbnail","hentry","category-filosofia","category-manuel-sacristan","category-socialismo","tag-manuel-sacristan","tag-resenas","tag-socialismo-y-filosofia"],"aioseo_notices":[],"_links":{"self":[{"href":"https:\/\/espai-marx.net\/index.php?rest_route=\/wp\/v2\/posts\/18234","targetHints":{"allow":["GET"]}}],"collection":[{"href":"https:\/\/espai-marx.net\/index.php?rest_route=\/wp\/v2\/posts"}],"about":[{"href":"https:\/\/espai-marx.net\/index.php?rest_route=\/wp\/v2\/types\/post"}],"author":[{"embeddable":true,"href":"https:\/\/espai-marx.net\/index.php?rest_route=\/wp\/v2\/users\/5"}],"replies":[{"embeddable":true,"href":"https:\/\/espai-marx.net\/index.php?rest_route=%2Fwp%2Fv2%2Fcomments&post=18234"}],"version-history":[{"count":3,"href":"https:\/\/espai-marx.net\/index.php?rest_route=\/wp\/v2\/posts\/18234\/revisions"}],"predecessor-version":[{"id":18238,"href":"https:\/\/espai-marx.net\/index.php?rest_route=\/wp\/v2\/posts\/18234\/revisions\/18238"}],"wp:featuredmedia":[{"embeddable":true,"href":"https:\/\/espai-marx.net\/index.php?rest_route=\/wp\/v2\/media\/16863"}],"wp:attachment":[{"href":"https:\/\/espai-marx.net\/index.php?rest_route=%2Fwp%2Fv2%2Fmedia&parent=18234"}],"wp:term":[{"taxonomy":"category","embeddable":true,"href":"https:\/\/espai-marx.net\/index.php?rest_route=%2Fwp%2Fv2%2Fcategories&post=18234"},{"taxonomy":"post_tag","embeddable":true,"href":"https:\/\/espai-marx.net\/index.php?rest_route=%2Fwp%2Fv2%2Ftags&post=18234"}],"curies":[{"name":"wp","href":"https:\/\/api.w.org\/{rel}","templated":true}]}}