{"id":18275,"date":"2025-07-30T05:00:19","date_gmt":"2025-07-30T04:00:19","guid":{"rendered":"https:\/\/espai-marx.net\/?p=18275"},"modified":"2025-07-29T17:44:39","modified_gmt":"2025-07-29T16:44:39","slug":"v-s-achuthanandan-comunista-lider-popular-e-icono","status":"publish","type":"post","link":"https:\/\/espai-marx.net\/?p=18275","title":{"rendered":"V S Achuthanandan: comunista, l\u00edder popular e icono"},"content":{"rendered":"<div dir=\"ltr\">\n<div>\n<p><strong>Como ministro jefe, la mayor acusaci\u00f3n contra V S era que se comportaba m\u00e1s como un l\u00edder de la oposici\u00f3n. La cr\u00edtica se refer\u00eda a las agitaciones populares que lider\u00f3, como las protestas contra la invasi\u00f3n del para\u00edso tur\u00edstico de Munnar o la huelga de hambre que llev\u00f3 a cabo para exigir la prohibici\u00f3n del pesticida mortal endosulf\u00e1n.<\/strong><\/p>\n<p>\u00abEl fin de una era\u00bb puede ser un clich\u00e9, pero a veces es la frase m\u00e1s adecuada. El fallecimiento de V S Achuthanandan a los 101 a\u00f1os es uno de esos momentos.<\/p>\n<p>V S defini\u00f3 la pol\u00edtica comunista durante aproximadamente ocho d\u00e9cadas. Era el \u00faltimo superviviente de los 32 l\u00edderes que abandonaron la tormentosa reuni\u00f3n del consejo nacional del CPI no dividido en 1964 para formar el CPM. Pero no son solo los a\u00f1os que vivi\u00f3 o las \u00e9pocas que presenci\u00f3 o en las que particip\u00f3 \u2014 la lucha de la India por la independencia, la revuelta de Punnapra-Vayalar de 1946 que allan\u00f3 el camino para que Kerala se uniera a la Uni\u00f3n India, la escisi\u00f3n del Partido Comunista en 1964, la lucha contra el estado de emergencia en 1975 o el cambio tect\u00f3nico del pa\u00eds de una econom\u00eda planificada a un mercado libre en 1991 \u2014 lo que le defini\u00f3. El camarada V. S. era el \u00faltimo v\u00ednculo vivo con una pol\u00edtica india moldeada por los movimientos obreros y campesinos, y con la idea de que la lucha de masas pod\u00eda ser un veh\u00edculo para el cambio social.<\/p>\n<p>Mientras escribo esto en un d\u00eda lluvioso en Nueva <a href=\"https:\/\/indianexpress.com\/section\/cities\/delhi\/\" target=\"_blank\" rel=\"nofollow noopener noreferrer\">Delhi<\/a>, no puedo evitar fijarme en las im\u00e1genes que se transmiten en directo desde Thiruvananthapuram: incluso se puede ver a ni\u00f1os en edad escolar merodeando por el Centro AKG para ver al l\u00edder fallecido. No puedo evitar pensar que incluso sus abuelos quiz\u00e1 no hab\u00edan nacido cuando V S tom\u00f3 la bandera roja, mientras trabajaba como sastre o levantaba fardos en una f\u00e1brica de fibra de coco para ganarse el pan de cada d\u00eda. No es de extra\u00f1ar, pues, que decidiera titular su autobiograf\u00eda La vida es una lucha. Cuando se conoci\u00f3 la noticia de su fallecimiento, hubo un denominador com\u00fan en los homenajes, desde el ministro principal de Kerala, <a href=\"https:\/\/indianexpress.com\/about\/pinarayi-vijayan\/\" target=\"_blank\" rel=\"nofollow noopener noreferrer\">Pinarayi Vijayan<\/a>, hasta los trabajadores de base: V. S. demostr\u00f3 que la vida y la lucha no son dos cosas diferentes.<\/p>\n<p>\u00bfQu\u00e9 hace que el camarada V. S. sea tan querido por las masas? Tiene tanto que ver con su compromiso con la causa en la que cre\u00eda como con su pasi\u00f3n. En el mundo siempre cambiante de la realpolitik, V. S. eligi\u00f3 ser un hombre de la organizaci\u00f3n del partido durante d\u00e9cadas. Miembro del Comit\u00e9 Estatal del CPI no dividido que lleg\u00f3 al poder en 1957 en Kerala, V S se convirti\u00f3 en ministro por primera vez \u2014ministro principal, para ser precisos\u2014 a la edad de 82 a\u00f1os, en 2006. Solo hab\u00eda dos pilares en su mundo: el partido y el pueblo.<\/p>\n<p>Como ministro principal, la mayor acusaci\u00f3n contra V S era que se comportaba m\u00e1s como un l\u00edder de la oposici\u00f3n. La burla se refer\u00eda a las agitaciones masivas que lider\u00f3, como las contra la invasi\u00f3n del para\u00edso tur\u00edstico de Munnar por parte de poderosos intereses creados o la huelga de hambre que llev\u00f3 a cabo para exigir la prohibici\u00f3n del pesticida mortal endosulf\u00e1n. Lo que sus oponentes no lograron comprender, y lo que las masas captaron instintivamente, era que era un hombre que luchaba contra el sistema, no contra la oposici\u00f3n. Es precisamente esta convicci\u00f3n la que le convirti\u00f3 en un ins\u00f3lito defensor del movimiento por el software libre.<\/p>\n<p>Su postura inflexible en cuestiones fundamentales como la corrupci\u00f3n, el medio ambiente y la violencia contra las mujeres le granje\u00f3 algunos enemigos, pero su popularidad se dispar\u00f3. Como ministro principal, se neg\u00f3 a entregar un premio a una estrella del cine malayalam que se enfrentaba a acusaciones de acoso sexual. As\u00ed era V. S. Los reveses no hicieron m\u00e1s que envalentonarlo, y vivi\u00f3 para seguir luchando.<\/p>\n<p>Sigue siendo un tema de inter\u00e9s acad\u00e9mico c\u00f3mo un hombre tan fiel a la organizaci\u00f3n de su partido como V S se convirti\u00f3, de la noche a la ma\u00f1ana, en un l\u00edder popular en la d\u00e9cada de 1990. Era el hombre que m\u00e1s multitudes atra\u00eda que he visto nunca. Sus discursos, llenos de sarcasmo, atra\u00edan a personas de todas las tendencias. Imitar sus discursos \u2014ese estilo de acentuar una s\u00edlaba aqu\u00ed o hacer una pausa en medio de un chiste all\u00e1\u2014 se convirti\u00f3 en una subcultura en los festivales escolares y universitarios, las pel\u00edculas y los programas de televisi\u00f3n.<\/p>\n<p>En su vida personal, V S inculc\u00f3 la misma disciplina que en el partido, del que fue secretario de Estado durante mucho tiempo. V S no era dado a los excesos. En eso, deja otro modelo a seguir para la juventud de la India: la vida se basa en la disciplina, el coraje y el compromiso. Y lo que es m\u00e1s importante, redefini\u00f3 la juventud cuando se cuestion\u00f3 su aptitud para ser ministro jefe. El camarada V S demoli\u00f3 a los esc\u00e9pticos recitando un verso:<\/p>\n<p>\u00abTu edad no es el gris o el negro que descansa sobre tu corona, sino el fuego que arde en tu esp\u00edritu y una cabeza que nunca se inclina ante la tiran\u00eda\u00bb.<\/p>\n<p>Hace unos d\u00edas, estuve en el hospital donde estaba ingresado el querido camarada. Su hijo, V. A. Arun, dijo: \u00abSiendo como es, un luchador, no ser\u00e1 f\u00e1cil que la muerte lo venza\u00bb.<\/p>\n<p>V. S. seguir\u00e1 viviendo. Lal Salam, camarada.<\/p>\n<p><i>El autor es l\u00edder del CPI(M) en <\/i><i>Rajya Sabha<\/i>.<\/p>\n<p>Fuente: <em>Indian Express<\/em>, 22 de julio de 2025 (<a href=\"https:\/\/indianexpress.com\/article\/opinion\/columns\/v-s-achuthanandan-communist-mass-leader-icon-10140936\/\">https:\/\/indianexpress.com\/article\/opinion\/columns\/v-s-achuthanandan-communist-mass-leader-icon-10140936\/<\/a>)<\/p>\n<p>Algunas im\u00e1genes del cortejo f\u00fanebre de VS (Fuente: <a href=\"https:\/\/x.com\/cpimspeak\/status\/1947902113859739951\">https:\/\/x.com\/cpimspeak\/status\/1947902113859739951<\/a>)<\/p>\n<div id='gallery-1' class='gallery galleryid-18275 gallery-columns-1 gallery-size-full'><figure class='gallery-item'>\n\t\t\t<div class='gallery-icon landscape'>\n\t\t\t\t<a href='https:\/\/espai-marx.net\/?attachment_id=18279'><img loading=\"lazy\" decoding=\"async\" width=\"1600\" height=\"1066\" src=\"https:\/\/espai-marx.net\/wp-content\/uploads\/2025\/07\/cortejo_funebre_vs_2.jpeg\" class=\"attachment-full size-full\" alt=\"\" srcset=\"https:\/\/espai-marx.net\/wp-content\/uploads\/2025\/07\/cortejo_funebre_vs_2.jpeg 1600w, https:\/\/espai-marx.net\/wp-content\/uploads\/2025\/07\/cortejo_funebre_vs_2-300x200.jpeg 300w, https:\/\/espai-marx.net\/wp-content\/uploads\/2025\/07\/cortejo_funebre_vs_2-1024x682.jpeg 1024w, https:\/\/espai-marx.net\/wp-content\/uploads\/2025\/07\/cortejo_funebre_vs_2-768x512.jpeg 768w, https:\/\/espai-marx.net\/wp-content\/uploads\/2025\/07\/cortejo_funebre_vs_2-1536x1023.jpeg 1536w, https:\/\/espai-marx.net\/wp-content\/uploads\/2025\/07\/cortejo_funebre_vs_2-1320x879.jpeg 1320w\" sizes=\"auto, (max-width: 1600px) 100vw, 1600px\" \/><\/a>\n\t\t\t<\/div><\/figure><figure class='gallery-item'>\n\t\t\t<div class='gallery-icon landscape'>\n\t\t\t\t<a href='https:\/\/espai-marx.net\/?attachment_id=18278'><img loading=\"lazy\" decoding=\"async\" width=\"900\" height=\"506\" src=\"https:\/\/espai-marx.net\/wp-content\/uploads\/2025\/07\/cortejo_funebre_vs_1.jpeg\" class=\"attachment-full size-full\" alt=\"\" srcset=\"https:\/\/espai-marx.net\/wp-content\/uploads\/2025\/07\/cortejo_funebre_vs_1.jpeg 900w, https:\/\/espai-marx.net\/wp-content\/uploads\/2025\/07\/cortejo_funebre_vs_1-300x169.jpeg 300w, https:\/\/espai-marx.net\/wp-content\/uploads\/2025\/07\/cortejo_funebre_vs_1-768x432.jpeg 768w\" sizes=\"auto, (max-width: 900px) 100vw, 900px\" \/><\/a>\n\t\t\t<\/div><\/figure><figure class='gallery-item'>\n\t\t\t<div class='gallery-icon landscape'>\n\t\t\t\t<a href='https:\/\/espai-marx.net\/?attachment_id=18283'><img loading=\"lazy\" decoding=\"async\" width=\"1280\" height=\"720\" src=\"https:\/\/espai-marx.net\/wp-content\/uploads\/2025\/07\/cortejo_funebre_vs_5.jpeg\" class=\"attachment-full size-full\" alt=\"\" srcset=\"https:\/\/espai-marx.net\/wp-content\/uploads\/2025\/07\/cortejo_funebre_vs_5.jpeg 1280w, https:\/\/espai-marx.net\/wp-content\/uploads\/2025\/07\/cortejo_funebre_vs_5-300x169.jpeg 300w, https:\/\/espai-marx.net\/wp-content\/uploads\/2025\/07\/cortejo_funebre_vs_5-1024x576.jpeg 1024w, https:\/\/espai-marx.net\/wp-content\/uploads\/2025\/07\/cortejo_funebre_vs_5-768x432.jpeg 768w\" sizes=\"auto, (max-width: 1280px) 100vw, 1280px\" \/><\/a>\n\t\t\t<\/div><\/figure><figure class='gallery-item'>\n\t\t\t<div class='gallery-icon landscape'>\n\t\t\t\t<a href='https:\/\/espai-marx.net\/?attachment_id=18280'><img loading=\"lazy\" decoding=\"async\" width=\"1280\" height=\"720\" src=\"https:\/\/espai-marx.net\/wp-content\/uploads\/2025\/07\/cortejo_funebre_vs_6.jpeg\" class=\"attachment-full size-full\" alt=\"\" srcset=\"https:\/\/espai-marx.net\/wp-content\/uploads\/2025\/07\/cortejo_funebre_vs_6.jpeg 1280w, https:\/\/espai-marx.net\/wp-content\/uploads\/2025\/07\/cortejo_funebre_vs_6-300x169.jpeg 300w, https:\/\/espai-marx.net\/wp-content\/uploads\/2025\/07\/cortejo_funebre_vs_6-1024x576.jpeg 1024w, https:\/\/espai-marx.net\/wp-content\/uploads\/2025\/07\/cortejo_funebre_vs_6-768x432.jpeg 768w\" sizes=\"auto, (max-width: 1280px) 100vw, 1280px\" \/><\/a>\n\t\t\t<\/div><\/figure><figure class='gallery-item'>\n\t\t\t<div class='gallery-icon landscape'>\n\t\t\t\t<a href='https:\/\/espai-marx.net\/?attachment_id=18281'><img loading=\"lazy\" decoding=\"async\" width=\"2048\" height=\"1152\" src=\"https:\/\/espai-marx.net\/wp-content\/uploads\/2025\/07\/cortejo_funebre_vs_3.jpeg\" class=\"attachment-full size-full\" alt=\"\" srcset=\"https:\/\/espai-marx.net\/wp-content\/uploads\/2025\/07\/cortejo_funebre_vs_3.jpeg 2048w, https:\/\/espai-marx.net\/wp-content\/uploads\/2025\/07\/cortejo_funebre_vs_3-300x169.jpeg 300w, https:\/\/espai-marx.net\/wp-content\/uploads\/2025\/07\/cortejo_funebre_vs_3-1024x576.jpeg 1024w, https:\/\/espai-marx.net\/wp-content\/uploads\/2025\/07\/cortejo_funebre_vs_3-768x432.jpeg 768w, https:\/\/espai-marx.net\/wp-content\/uploads\/2025\/07\/cortejo_funebre_vs_3-1536x864.jpeg 1536w, https:\/\/espai-marx.net\/wp-content\/uploads\/2025\/07\/cortejo_funebre_vs_3-1320x743.jpeg 1320w\" sizes=\"auto, (max-width: 2048px) 100vw, 2048px\" \/><\/a>\n\t\t\t<\/div><\/figure><figure class='gallery-item'>\n\t\t\t<div class='gallery-icon landscape'>\n\t\t\t\t<a href='https:\/\/espai-marx.net\/?attachment_id=18282'><img loading=\"lazy\" decoding=\"async\" width=\"900\" height=\"506\" src=\"https:\/\/espai-marx.net\/wp-content\/uploads\/2025\/07\/cortejo_funebre_vs_7.jpeg\" class=\"attachment-full size-full\" alt=\"\" srcset=\"https:\/\/espai-marx.net\/wp-content\/uploads\/2025\/07\/cortejo_funebre_vs_7.jpeg 900w, https:\/\/espai-marx.net\/wp-content\/uploads\/2025\/07\/cortejo_funebre_vs_7-300x169.jpeg 300w, https:\/\/espai-marx.net\/wp-content\/uploads\/2025\/07\/cortejo_funebre_vs_7-768x432.jpeg 768w\" sizes=\"auto, (max-width: 900px) 100vw, 900px\" \/><\/a>\n\t\t\t<\/div><\/figure>\n\t\t<\/div>\n\n<\/div>\n<\/div>\n<p>&nbsp;<\/p>\n","protected":false},"excerpt":{"rendered":"<p>Como ministro jefe, la mayor acusaci\u00f3n contra V S era que se comportaba m\u00e1s como un l\u00edder de la oposici\u00f3n.<\/p>\n","protected":false},"author":5,"featured_media":18276,"comment_status":"open","ping_status":"open","sticky":false,"template":"","format":"standard","meta":{"footnotes":""},"categories":[26,1781],"tags":[],"class_list":["post-18275","post","type-post","status-publish","format-standard","has-post-thumbnail","hentry","category-historia-del-comunismo","category-india"],"aioseo_notices":[],"_links":{"self":[{"href":"https:\/\/espai-marx.net\/index.php?rest_route=\/wp\/v2\/posts\/18275","targetHints":{"allow":["GET"]}}],"collection":[{"href":"https:\/\/espai-marx.net\/index.php?rest_route=\/wp\/v2\/posts"}],"about":[{"href":"https:\/\/espai-marx.net\/index.php?rest_route=\/wp\/v2\/types\/post"}],"author":[{"embeddable":true,"href":"https:\/\/espai-marx.net\/index.php?rest_route=\/wp\/v2\/users\/5"}],"replies":[{"embeddable":true,"href":"https:\/\/espai-marx.net\/index.php?rest_route=%2Fwp%2Fv2%2Fcomments&post=18275"}],"version-history":[{"count":6,"href":"https:\/\/espai-marx.net\/index.php?rest_route=\/wp\/v2\/posts\/18275\/revisions"}],"predecessor-version":[{"id":18289,"href":"https:\/\/espai-marx.net\/index.php?rest_route=\/wp\/v2\/posts\/18275\/revisions\/18289"}],"wp:featuredmedia":[{"embeddable":true,"href":"https:\/\/espai-marx.net\/index.php?rest_route=\/wp\/v2\/media\/18276"}],"wp:attachment":[{"href":"https:\/\/espai-marx.net\/index.php?rest_route=%2Fwp%2Fv2%2Fmedia&parent=18275"}],"wp:term":[{"taxonomy":"category","embeddable":true,"href":"https:\/\/espai-marx.net\/index.php?rest_route=%2Fwp%2Fv2%2Fcategories&post=18275"},{"taxonomy":"post_tag","embeddable":true,"href":"https:\/\/espai-marx.net\/index.php?rest_route=%2Fwp%2Fv2%2Ftags&post=18275"}],"curies":[{"name":"wp","href":"https:\/\/api.w.org\/{rel}","templated":true}]}}