{"id":1830,"date":"2012-03-14T00:00:00","date_gmt":"2012-03-14T00:00:00","guid":{"rendered":"https:\/\/espai-marx.net\/?p=1830"},"modified":"2020-02-21T09:15:51","modified_gmt":"2020-02-21T08:15:51","slug":"en-la-muerte-de-una-escritora-comunista","status":"publish","type":"post","link":"https:\/\/espai-marx.net\/?p=1830","title":{"rendered":"En la muerte de una escritora comunista"},"content":{"rendered":"<p><strong>Fallece Teresa P\u00e0mies<\/strong><\/p>\n<p>&nbsp;<\/p>\n<p>Acaba de fallecer este martes 13 de marzo de 2012, Teresa P\u00e0mies i Bertr\u00e1n, a los 93 a\u00f1os de edad. Una breve -y por ello algo injusta- nota de urgencia en su honor.<\/p>\n<p>Nacida en Balaguer (Lleida) en 1919, a los 17 a\u00f1os era ya dirigente de las Juventudes Socialistas Unificadas de Catalu\u00f1a (1937) y una de las fundadoras de la Alian\u00e7a Nacional de la Dona Jove (1937-1939).<\/p>\n<p>Vivi\u00f3 el exilio, su obligado exilio, en Francia, Cuba y la Rep\u00fablica Dominicana, y m\u00e1s tarde en M\u00e9xico, donde estudi\u00f3 periodismo mientras segu\u00eda militando en las filas del PSUC.<\/p>\n<p>En 1947 se traslad\u00f3 a Belgrado, donde trabaj\u00f3 en la radio, tarea que continu\u00f3 en Radio Praga, donde fue redactora de las emisiones en castellano y catal\u00e1n, viviendo con esperanza los d\u00edas de renovaci\u00f3n comunista de la primavera de Praga<\/p>\n<p>Desde el exilio, public\u00f3 art\u00edculos en Nous Horitzons, la revista te\u00f3rica del PSUC, Serra d&#8217;Or y Oriflama. En 1971 volvi\u00f3 a Catalu\u00f1a con todas las preocupaciones de seguridad que fueron necesarias. Obtuvo poco despu\u00e9s el premio Joan Estelrich por su novela Quam \u00e9rem capitans.<\/p>\n<p>Escritora compulsiva, se dice que comenz\u00f3 mecanografiando los art\u00edculos que le dictaba su padre, entre sus numerosos libros cabe citar Testament a Praga, Premio Josep Pla en 1970 -escrito en colaboraci\u00f3n con su padre-, Quan \u00e9rem capitans (1974), Va ploure tot el d\u00eda (1974), Gent del meu exili (1975), La chivata (1981), y Jard\u00ed enfonsat (1992). Algunas de estas novelas, muchas de ellas, en gran parte autobiogr\u00e1ficas, han marcado decisivamente a m\u00e1s de un una generaci\u00f3n de militantes y simpatizantes comunistas. Y, por supuesto, a muchos otros lectores y lectoras.<\/p>\n<p>En 2001 fue galardonada con el Premio de Honor de las Letras Catalanas. Trabajadora incansable, escritora hasta el final de sus d\u00edas, Estem en guerra (2005) y R\u00e0dio Pirenaica (2007) fueron algunas de sus \u00faltimas obras.<\/p>\n<p>Se apunta en algunos medios que con su muerte se ha producido \u201cla desaparici\u00f3n de uno de los \u00faltimos representantes de la generaci\u00f3n de escritores del exilio y de intelectuales comprometidos con la democracia, las libertades y los derechos de la mujer\u201d. No fueron \u00fanicamente esas sus se\u00f1as pol\u00edticas y existenciales de identidad: el antifascismo militante, la lucha arriesgada y nada acomodaticia, la tenacidad incansable, la honestidad, la consistencia entre el decir y el hacer, el socialismo sin adulteraciones y un no rotundo a todo tipo de opresi\u00f3n, intentan completar un ampl\u00edsimo cuadro que es y seguir\u00e1 siendo referencia de muchos ciudadanos y ciudadanas.<\/p>\n<p>Su \u00faltima obra, escrita en 2008, lleva por t\u00edtulo Informe al difunt, un libro homenaje a su compa\u00f1ero fallecido en 2007 Gregorio L\u00f3pez Raimundo, el inolvidable secretario general del PSUC, el partido de los comunistas catalanes.<\/p>\n<p>\u00a1Hasta la victoria siempre, camarada escritora P\u00e0mies!<\/p>\n<p>Publicado en Rebeli\u00f3n<\/p>\n","protected":false},"excerpt":{"rendered":"<p>\u00a0<\/p>\n<p style='margin-bottom: 0.5cm; font-style: normal; font-weight: normal; widows: 2; orphans: 2;' align='JUSTIFY'>Acaba de fallecer este martes 13 de marzo de 2012, Teresa P\u00e0mies i Bertr\u00e1n, a los 93 a\u00f1os de edad. Una breve -y por ello algo injusta- nota de urgencia en su honor.<\/p>\n","protected":false},"author":9,"featured_media":1831,"comment_status":"open","ping_status":"open","sticky":false,"template":"","format":"standard","meta":{"footnotes":""},"categories":[1],"tags":[1030,1181],"class_list":["post-1830","post","type-post","status-publish","format-standard","has-post-thumbnail","hentry","category-sin-categoria","tag-obituario","tag-teresa-pamies"],"aioseo_notices":[],"_links":{"self":[{"href":"https:\/\/espai-marx.net\/index.php?rest_route=\/wp\/v2\/posts\/1830","targetHints":{"allow":["GET"]}}],"collection":[{"href":"https:\/\/espai-marx.net\/index.php?rest_route=\/wp\/v2\/posts"}],"about":[{"href":"https:\/\/espai-marx.net\/index.php?rest_route=\/wp\/v2\/types\/post"}],"author":[{"embeddable":true,"href":"https:\/\/espai-marx.net\/index.php?rest_route=\/wp\/v2\/users\/9"}],"replies":[{"embeddable":true,"href":"https:\/\/espai-marx.net\/index.php?rest_route=%2Fwp%2Fv2%2Fcomments&post=1830"}],"version-history":[{"count":0,"href":"https:\/\/espai-marx.net\/index.php?rest_route=\/wp\/v2\/posts\/1830\/revisions"}],"wp:featuredmedia":[{"embeddable":true,"href":"https:\/\/espai-marx.net\/index.php?rest_route=\/wp\/v2\/media\/1831"}],"wp:attachment":[{"href":"https:\/\/espai-marx.net\/index.php?rest_route=%2Fwp%2Fv2%2Fmedia&parent=1830"}],"wp:term":[{"taxonomy":"category","embeddable":true,"href":"https:\/\/espai-marx.net\/index.php?rest_route=%2Fwp%2Fv2%2Fcategories&post=1830"},{"taxonomy":"post_tag","embeddable":true,"href":"https:\/\/espai-marx.net\/index.php?rest_route=%2Fwp%2Fv2%2Ftags&post=1830"}],"curies":[{"name":"wp","href":"https:\/\/api.w.org\/{rel}","templated":true}]}}