{"id":18332,"date":"2025-08-14T05:00:52","date_gmt":"2025-08-14T04:00:52","guid":{"rendered":"https:\/\/espai-marx.net\/?p=18332"},"modified":"2025-08-13T23:01:44","modified_gmt":"2025-08-13T22:01:44","slug":"dialectica-de-teoria-y-praxis-lenin-y-la-logica-hegeliana","status":"publish","type":"post","link":"https:\/\/espai-marx.net\/?p=18332","title":{"rendered":"Dial\u00e9ctica de teor\u00eda y praxis: Lenin y la l\u00f3gica hegeliana"},"content":{"rendered":"<p>Intervenci\u00f3n del fil\u00f3sofo italiano en el marco del Seminario Internacional \u00abLenin-Luk\u00e1cs 1924-2024. Un siglo de debates sobre pol\u00edtica, ontolog\u00eda capitalismo y revoluci\u00f3n\u00bb, organizado por CEIICH UNAM y celebrado en octubre de 2024.<\/p>\n<p><iframe loading=\"lazy\" title=\"Lenin-Luk\u00e1cs 1924-2024. Un siglo de debates sobre pol\u00edtica, ontolog\u00eda capitalismo y revoluci\u00f3n.\" width=\"800\" height=\"450\" src=\"https:\/\/www.youtube.com\/embed\/lkUUWw9UE0M?start=4500&#038;feature=oembed\" frameborder=\"0\" allow=\"accelerometer; autoplay; clipboard-write; encrypted-media; gyroscope; picture-in-picture; web-share\" referrerpolicy=\"strict-origin-when-cross-origin\" allowfullscreen><\/iframe><\/p>\n<p>El v\u00eddeo salta directamente a la intervenci\u00f3n de Fineschi, pero pasamos el programa completo, que se puede ver en el mismo v\u00eddeo, con el resto de intervenciones.<\/p>\n<p><strong>Lenin-Luk\u00e1cs 1924-2024. Un siglo de debates sobre pol\u00edtica, ontolog\u00eda capitalismo y revoluci\u00f3n.<\/strong><br \/>\n<strong>CEIICH UNAM<\/strong><\/p>\n<p>Emitido en directo el 9 oct 2024<\/p>\n<p>Seminario internacional<br \/>\nLenin-Luk\u00e1cs 1924-2024. Un siglo de debates sobre pol\u00edtica, ontolog\u00eda capitalismo y revoluci\u00f3n<\/p>\n<p>Coordinan:<br \/>\nJos\u00e9 Gandarilla Salgado y Mar\u00eda Hayde\u00e9 Garc\u00eda Bravo<\/p>\n<p>Mi\u00e9rcoles 9 de octubre<\/p>\n<p>Bienvenida e inauguraci\u00f3n<\/p>\n<p>Mauricio S\u00e1nchez Menchero \/ Director CEIICH, UNAM<br \/>\nJohn Ackerman \/ Director del PUEDJS, UNAM<br \/>\nJos\u00e9 Gandarilla Salgado \/ CEIICH-UNAM<br \/>\nMar\u00eda Hayde\u00e9 Garc\u00eda Bravo \/ CEIICH-UNAM<\/p>\n<p>Conferencia de apertura<br \/>\nUn recorrido por la recepci\u00f3n de Georg Luk\u00e1cs en M\u00e9xico<br \/>\nJos\u00e9 Gandarilla Salgado \/ CEIICH, UNAM<br \/>\nModera: Liliana L\u00f3pez \/ CEIICH, UNAM<\/p>\n<p>Mesa Redonda 1.<\/p>\n<p>En di\u00e1logo con el legado de los cl\u00e1sicos y en disputa con el orden existente<\/p>\n<p>\u201cDial\u00e9ctica de teor\u00eda y praxis: Lenin y la l\u00f3gica hegeliana\u201d \/ Roberto Fineschi, Siena Art Institute<br \/>\n\u201cLenin, Luk\u00e1cs y el arte de la acci\u00f3n\u201d \/ Araceli Mondrag\u00f3n, UAM-Xochimilco<br \/>\n\u201cDial\u00e9ctica y praxis marxista en el joven Hegel de Luk\u00e1cs\u201d \/ Tha\u00eds Vega, UAM-Xochimilco<br \/>\n\u201cLuk\u00e1cs y la instauraci\u00f3n de una pedagog\u00eda ontol\u00f3gica: una de las tareas cient\u00edficas del presente \/ Ronnall Castro, Universidad de Santo Tom\u00e1s, Bogot\u00e1<br \/>\nModera: Mar\u00eda Hayde\u00e9 Garc\u00eda Bravo \/ CEIICH-UNAM<\/p>\n<p>Presentaci\u00f3n de los libros:<br \/>\nLuk\u00e1cs, Georg. Lenin. La coherencia de su pensamiento. Madrid: Verso, 2024 [1924] y<br \/>\nVedda, Miguel y Antonino Infranca (comps.).<br \/>\nHistoria y conciencia de clase de Gy\u00f6rgy Luk\u00e1cs. 100 a\u00f1os de lecturas y debates,<br \/>\nBuenos Aires: Colihue, 2023.<\/p>\n<p>Aline Maga\u00f1a Zepeda \/ UAM-Iztapalapa<br \/>\nDiego Fernando Correa Casta\u00f1eda \/ Internationale Georg-Luk\u00e1cs-Gesellschaft, Alemania<br \/>\nJos\u00e9 Gandarilla Salgado \/ CEIICH, UNAM<br \/>\nModera: Javier Amado Garc\u00eda Estrella \/ PPELA-UNAM<\/p>\n<p>Conferencia Magistral<br \/>\nCosificaci\u00f3n y utop\u00eda desde nuestros presentes. Sobre algunas relecturas<br \/>\nrecientes de Historia y conciencia de clase<\/p>\n<p>Miguel Vedda \/ Universidad de Buenos Aires<br \/>\nModera: Araceli Mondrag\u00f3n Gonz\u00e1lez \/ UAM-Xochimilco<\/p>\n<p>Mesa Redonda 2. Colapsos del capitalismo y nuevas interpretaciones<\/p>\n<p>\u201cLa lucha te\u00f3rica por la autonom\u00eda. La cr\u00edtica de Georg Luk\u00e1cs a la inteligencia<br \/>\nprogresista\u201d \/ Jaime Torres Guill\u00e9n, Universidad de Guadalajara<br \/>\n\u201cLa crisis perenne del capitalismo: una aproximaci\u00f3n a la obra de Itsv\u00e1n M\u00e9sz\u00e1ros\u201d \/ Gerson Colina Vel\u00e1zquez, PPELA-UNAM<br \/>\n\u201cOntolog\u00eda marxista. Influencia de Gyorgy Luk\u00e1cs y Martin Heidegger en la obra de Karel Kosik\u201d<br \/>\nFrancisco Pamplona, UACM<br \/>\n\u201cEl marxismo de Gy\u00f6rgy Markus. Un marxismo renovado\u201d \/ Julio Boltvinik, El Colegio de M\u00e9xico<br \/>\nModera: Milena Passos, PPELA-UNAM.<\/p>\n","protected":false},"excerpt":{"rendered":"<p>Intervenci\u00f3n del fil\u00f3sofo italiano en el marco del Seminario Internacional \u00abLenin-Luk\u00e1cs 1924-2024. Un siglo de debates sobre pol\u00edtica, ontolog\u00eda capitalismo<\/p>\n","protected":false},"author":5,"featured_media":18333,"comment_status":"open","ping_status":"open","sticky":false,"template":"","format":"standard","meta":{"footnotes":""},"categories":[1547,2023,1552,833],"tags":[],"class_list":["post-18332","post","type-post","status-publish","format-standard","has-post-thumbnail","hentry","category-georg-lukacs","category-lenin","category-marxismo","category-videos"],"aioseo_notices":[],"_links":{"self":[{"href":"https:\/\/espai-marx.net\/index.php?rest_route=\/wp\/v2\/posts\/18332","targetHints":{"allow":["GET"]}}],"collection":[{"href":"https:\/\/espai-marx.net\/index.php?rest_route=\/wp\/v2\/posts"}],"about":[{"href":"https:\/\/espai-marx.net\/index.php?rest_route=\/wp\/v2\/types\/post"}],"author":[{"embeddable":true,"href":"https:\/\/espai-marx.net\/index.php?rest_route=\/wp\/v2\/users\/5"}],"replies":[{"embeddable":true,"href":"https:\/\/espai-marx.net\/index.php?rest_route=%2Fwp%2Fv2%2Fcomments&post=18332"}],"version-history":[{"count":1,"href":"https:\/\/espai-marx.net\/index.php?rest_route=\/wp\/v2\/posts\/18332\/revisions"}],"predecessor-version":[{"id":18334,"href":"https:\/\/espai-marx.net\/index.php?rest_route=\/wp\/v2\/posts\/18332\/revisions\/18334"}],"wp:featuredmedia":[{"embeddable":true,"href":"https:\/\/espai-marx.net\/index.php?rest_route=\/wp\/v2\/media\/18333"}],"wp:attachment":[{"href":"https:\/\/espai-marx.net\/index.php?rest_route=%2Fwp%2Fv2%2Fmedia&parent=18332"}],"wp:term":[{"taxonomy":"category","embeddable":true,"href":"https:\/\/espai-marx.net\/index.php?rest_route=%2Fwp%2Fv2%2Fcategories&post=18332"},{"taxonomy":"post_tag","embeddable":true,"href":"https:\/\/espai-marx.net\/index.php?rest_route=%2Fwp%2Fv2%2Ftags&post=18332"}],"curies":[{"name":"wp","href":"https:\/\/api.w.org\/{rel}","templated":true}]}}