{"id":18396,"date":"2025-09-03T05:00:19","date_gmt":"2025-09-03T04:00:19","guid":{"rendered":"https:\/\/espai-marx.net\/?p=18396"},"modified":"2025-09-02T20:58:17","modified_gmt":"2025-09-02T19:58:17","slug":"un-agujero-negro-en-la-memoria-colectiva-china-y-la-segunda-guerra-mundial","status":"publish","type":"post","link":"https:\/\/espai-marx.net\/?p=18396","title":{"rendered":"Un agujero negro en la memoria colectiva: China y la Segunda Guerra Mundial"},"content":{"rendered":"<div class=\"I_ZkbNhI D_FY W_6D6F\" data-test-id=\"message-view-body\">\n<div class=\"msg-body P_wpofO mq_AS\" data-test-id=\"message-view-body-content\">\n<div class=\"jb_0 X_6MGW N_6Fd5\">\n<div>\n<div id=\"yiv6656544217\">\n<div>\n<div class=\"yiv6656544217ydp327f751byahoo-style-wrap\">\n<div id=\"yiv6656544217ydp327f751byiv1840621882\">\n<div>\n<div class=\"yiv6656544217ydp327f751byiv1840621882yahoo-style-wrap\">\n<div dir=\"ltr\">\n<div class=\"yiv6656544217ydp327f751byiv1840621882ydp4166e6fbpasted-link\">\n<p>Mientras China se prepara para conmemorar el 80.\u00ba aniversario de la victoria sobre el fascismo el <a href=\"https:\/\/peoplesdispatch.org\/2025\/08\/21\/china-prepares-to-celebrate-80-years-since-world-war-ii-victory-over-fascism\/\" target=\"_blank\" rel=\"nofollow noopener noreferrer\">3 de septiembre<\/a> de 2025, la atenci\u00f3n mundial se centra en el desfile militar de Pek\u00edn. Se especula sobre qu\u00e9<a href=\"https:\/\/www.voanews.com\/a\/reu-china-says-japan-complaints-about-un-bans-ww2-parade-visit-irritating\/2940482.html\" target=\"_blank\" rel=\"nofollow noopener noreferrer\"> l\u00edderes mundiales<\/a> se unir\u00e1n al presidente Xi Jinping: la presencia de Putin es casi segura, aunque los rumores sobre la asistencia de Trump parecen descabellados. Algunos<a href=\"https:\/\/schillerinstitute.nationbuilder.com\/appeal_to_trump_putin_xi\" target=\"_blank\" rel=\"nofollow noopener noreferrer\"> defensores<\/a> de la paz argumentan que este momento ofrece a las potencias mundiales la oportunidad de reflexionar sobre los horrores de la Segunda Guerra Mundial, un sentimiento acorde con el esp\u00edritu de la Carta de las Naciones Unidas y urgente en medio de las crecientes tensiones mundiales. Sin embargo, la negativa de los l\u00edderes europeos a asistir, alegando la preocupaci\u00f3n por<a href=\"https:\/\/en.iz.ru\/en\/1940470\/ksenia-loginova\/calendar-turned-upside-down-eu-diplomats-will-not-attend-military-parade-china-september-3\" target=\"_blank\" rel=\"nofollow noopener noreferrer\"> ofender<\/a> a Jap\u00f3n, revela un problema m\u00e1s profundo. La conmemoraci\u00f3n de China cierra el ciclo de los aniversarios de la Segunda Guerra Mundial, pero plantea una pregunta fundamental: \u00bfcomprendemos realmente el alcance global de esta guerra o hemos permitido que cap\u00edtulos vitales caigan en el olvido?<\/p>\n<p>Existe una laguna evidente en su memoria colectiva de la Segunda Guerra Mundial, una guerra que llaman \u00abmundial\u00bb, pero en la que el papel del cuarto vencedor aliado, China, queda sistem\u00e1ticamente relegado. China entr\u00f3 en el conflicto en<a href=\"https:\/\/www.youtube.com\/watch?v=A528qxJE7MQ\" target=\"_blank\" rel=\"nofollow noopener noreferrer\"> 1931<\/a>, no en 1939, y resisti\u00f3 hasta la rendici\u00f3n de Jap\u00f3n en 1945. Durante 14 a\u00f1os, sufri\u00f3 aproximadamente 35 millones de bajas y retuvo a un mill\u00f3n de soldados japoneses, lo que permiti\u00f3 a la URSS y a los Estados Unidos centrarse en otros frentes. L\u00edderes como Roosevelt, Churchill y Stalin reconocieron el papel fundamental de China en el resultado de la guerra. Entonces, \u00bfpor qu\u00e9 se ignora tan a menudo esta contribuci\u00f3n y se entierra bajo capas de narrativas centradas en Occidente?<\/p>\n<p>Para muchos, la tragedia que defini\u00f3 la Segunda Guerra Mundial fue el bombardeo at\u00f3mico de Hiroshima y Nagasaki, actos horribles que sirven como una severa advertencia del poder destructivo de la humanidad, desatado por Estados Unidos. Estos acontecimientos merecen ser recordados, pero la posterior ocupaci\u00f3n estadounidense de Jap\u00f3n y la imposici\u00f3n de la constituci\u00f3n de paz (tambi\u00e9n conocida como la Constituci\u00f3n de MacArthur) tuvieron menos que ver con la armon\u00eda que con asegurar un punto de apoyo estrat\u00e9gico en el Indo-Pac\u00edfico durante la Guerra Fr\u00eda. Hoy en d\u00eda, Jap\u00f3n se arma bajo el<a href=\"https:\/\/www.reuters.com\/investigations\/trump-shock-spurs-japan-think-about-unthinkable-nuclear-arms-2025-08-20\/\" target=\"_blank\" rel=\"nofollow noopener noreferrer\"> paraguas<\/a> nuclear de Estados Unidos, aparentemente para<a href=\"https:\/\/ceias.eu\/is-japan-giving-up-on-pacifism\/\" target=\"_blank\" rel=\"nofollow noopener noreferrer\"> contrarrestar<\/a> una \u00abamenaza\u00bb de China. Este giro narrativo es tan conveniente como enga\u00f1oso.<\/p>\n<p>Al igual que Rusia, que preserva ferozmente sus sacrificios de la Segunda Guerra Mundial, China exige ahora el reconocimiento de los suyos. Su resistencia al militarismo japon\u00e9s sigue siendo una saga en gran parte desconocida. Una mirada a este \u00ab<a href=\"https:\/\/www.youtube.com\/watch?v=zvUDC9gZsKk\" target=\"_blank\" rel=\"nofollow noopener noreferrer\">agujero negro<\/a>\u00bb de la memoria colectiva revela atrocidades que desaf\u00edan la comprensi\u00f3n: la masacre de Nank\u00edn de 1937, en la que murieron 300 000 civiles y se cometieron violaciones masivas; los experimentos qu\u00edmicos y biol\u00f3gicos de la Unidad 731 con prisioneros, incluidos ni\u00f1os, tan viles que conmocionaron incluso a los observadores nazis. Los enviados alemanes instaron a Berl\u00edn a frenar a Tokio, mientras que los registros japoneses documentaban meticulosamente su brutal caos. Desde entonces, valientes <a href=\"https:\/\/www.globaltimes.cn\/page\/202508\/1340453.shtml\" target=\"_blank\" rel=\"nofollow noopener noreferrer\">historiadores japoneses<\/a> han sacado a la luz estos horrores, pero siguen siendo marginales en el discurso global. \u00bfPor qu\u00e9 este silencio?<\/p>\n<p>Descubrir la historia de la Segunda Guerra Mundial desde la perspectiva de Asia pone de manifiesto una verdad vergonzosa: las narrativas occidentales, amplificadas por Hollywood y los medios de comunicaci\u00f3n, han glorificado selectivamente algunas historias y borrado otras. \u00bfEl resultado? Los perpetradores son rehabilitados y las v\u00edctimas reconvertidas en villanos. Occidente suele aferrarse a una postura sesgada que valora algunas vidas por encima de otras. Las v\u00edctimas chinas han recibido un escaso reconocimiento mundial, y su sufrimiento se ha visto eclipsado por la narrativa de la redenci\u00f3n de Jap\u00f3n despu\u00e9s de la guerra. Esta hipocres\u00eda se repite hoy en Gaza, donde la indignaci\u00f3n selectiva, las l\u00e1grimas por Ucrania, pero el silencio por los 22 meses de sufrimiento de Gaza bajo las pol\u00edticas de Israel, revelan el mismo doble rasero. Los l\u00edderes europeos, moldeados por un legado colonial que enmarcan como una \u00abmisi\u00f3n civilizadora\u00bb, son c\u00f3mplices. Mientras tanto, Estados Unidos alimenta una<a href=\"https:\/\/geopoliticaleconomy.com\/2025\/06\/05\/economic-protracted-war-china-usa\/\" target=\"_blank\" rel=\"nofollow noopener noreferrer\"> guerra comercial<\/a> con China y, como advierten Kaja<a href=\"https:\/\/www.youtube.com\/watch?v=ihQTS1RC50A\" target=\"_blank\" rel=\"nofollow noopener noreferrer\"> Kallas<\/a> y algunos<a href=\"https:\/\/www.reuters.com\/world\/asia-pacific\/papering-over-strains-us-allies-prep-taiwan-war-2025-07-25\/\" target=\"_blank\" rel=\"nofollow noopener noreferrer\"> medios de comunicaci\u00f3n<\/a>, se prepara para un conflicto m\u00e1s amplio, al tiempo que pinta a China como \u00abautoritaria y beligerante\u00bb. Esto choca frontalmente con la historia antifascista de China y su compromiso moderno con la paz mundial.<\/p>\n<p>El adagio de que los vencedores escriben la historia se desmorona aqu\u00ed. A China, clara vencedora, se le neg\u00f3 la plataforma para mostrar su valent\u00eda, sus sacrificios y sus contribuciones. Hoy en d\u00eda, el discurso occidental la tilda injustamente de amenaza. La Segunda Guerra Mundial no comenz\u00f3 ni termin\u00f3 en Europa. China, miembro fundador de la ONU y el primero en firmar la <a href=\"https:\/\/research.un.org\/en\/docs\/uncharter\/drafting\" target=\"_blank\" rel=\"nofollow noopener noreferrer\">Carta de las Naciones Unidas<\/a>, sigue siendo su m\u00e1s firme defensor. Rechaza la narrativa dominada por Estados Unidos, elaborada por un reci\u00e9n llegado a la guerra que fue el que menos sufri\u00f3, pero que desat\u00f3 la devastaci\u00f3n at\u00f3mica. El legado de China en la Segunda Guerra Mundial alimenta su misi\u00f3n moderna: erradicar la pobreza, ayudar al Sur Global, construir infraestructuras globales y defender la paz y un futuro <a href=\"https:\/\/www.mfa.gov.cn\/eng\/wjbzhd\/202403\/t20240308_11256416.html\" target=\"_blank\" rel=\"nofollow noopener noreferrer\">compartido<\/a> para la humanidad.<\/p>\n<p>La conmemoraci\u00f3n de Pek\u00edn es una audaz refutaci\u00f3n del monopolio occidental de la memoria de la Segunda Guerra Mundial. Como<a href=\"http:\/\/en.chinadiplomacy.org.cn\/2025-08\/21\/content_118036466.shtml\" target=\"_blank\" rel=\"nofollow noopener noreferrer\"> afirma acertadamente<\/a> Warwick Powell: \u00abDurante ocho d\u00e9cadas, Occidente ha reescrito la Segunda Guerra Mundial como una victoria de Estados Unidos y Europa, relegando a China a una nota al pie de p\u00e1gina. La conmemoraci\u00f3n de China este a\u00f1o desaf\u00eda esa amnesia y reivindica el papel del pa\u00eds como fuerza central en la derrota del fascismo\u00bb. Sin embargo, en los turbulentos tiempos actuales, el recuerdo por s\u00ed solo no es<a href=\"https:\/\/peoplesdispatch.org\/2025\/08\/12\/hiroshima-lives-on-in-gaza\/\" target=\"_blank\" rel=\"nofollow noopener noreferrer\"> suficiente<\/a>. Desde<a href=\"https:\/\/www.middleeastmonitor.com\/20250818-gaza-tribunal-calls-for-armed-un-intervention-to-halt-most-lethal-phase-of-genocide-in-gaza\/?fbclid=IwY2xjawMWgO5leHRuA2FlbQIxMABicmlkETFVbkZydmJCY0pZOFppU0hFAR7Gcl5iS7Ms_lxfmrh5n9Zmq-bLn_spXjUnzpuHuig2DHDkeudZRH-ALf9umA_aem_v1ZUBEUfVrPYj6OU3OqPQA\" target=\"_blank\" rel=\"nofollow noopener noreferrer\"> Gaza<\/a> hasta m\u00e1s all\u00e1, la lucha contra la inhumanidad y el fascismo exige que se enfrenten estos puntos ciegos de la historia y sus ecos modernos.<\/p>\n<\/div>\n<p>Fuente: Znetwork (original de <a href=\"https:\/\/portal.globetrotter.media\/2025\/08\/26\/a-black-hole-in-collective-memory-china-and-ww-ii\/\" target=\"_blank\" rel=\"nofollow noopener noreferrer\">Globetrotter<\/a>), 27 de agosto de 2025,\u00a0<a href=\"https:\/\/znetwork.org\/znetarticle\/a-black-hole-in-collective-memory-china-and-world-war-ii\/\" target=\"_blank\" rel=\"nofollow noopener noreferrer\">https:\/\/znetwork.org\/znetarticle\/a-black-hole-in-collective-memory-china-and-world-war-ii\/<\/a><\/p>\n<\/div>\n<\/div>\n<\/div>\n<\/div>\n<\/div>\n<\/div>\n<\/div>\n<\/div>\n<\/div>\n<\/div>\n<\/div>\n","protected":false},"excerpt":{"rendered":"<p>Mientras China se prepara para conmemorar el 80.\u00ba aniversario de la victoria sobre el fascismo el 3 de septiembre de<\/p>\n","protected":false},"author":5,"featured_media":18397,"comment_status":"open","ping_status":"open","sticky":false,"template":"","format":"standard","meta":{"footnotes":""},"categories":[1769,17,2000],"tags":[],"class_list":["post-18396","post","type-post","status-publish","format-standard","has-post-thumbnail","hentry","category-china","category-historia","category-japon"],"aioseo_notices":[],"_links":{"self":[{"href":"https:\/\/espai-marx.net\/index.php?rest_route=\/wp\/v2\/posts\/18396","targetHints":{"allow":["GET"]}}],"collection":[{"href":"https:\/\/espai-marx.net\/index.php?rest_route=\/wp\/v2\/posts"}],"about":[{"href":"https:\/\/espai-marx.net\/index.php?rest_route=\/wp\/v2\/types\/post"}],"author":[{"embeddable":true,"href":"https:\/\/espai-marx.net\/index.php?rest_route=\/wp\/v2\/users\/5"}],"replies":[{"embeddable":true,"href":"https:\/\/espai-marx.net\/index.php?rest_route=%2Fwp%2Fv2%2Fcomments&post=18396"}],"version-history":[{"count":2,"href":"https:\/\/espai-marx.net\/index.php?rest_route=\/wp\/v2\/posts\/18396\/revisions"}],"predecessor-version":[{"id":18399,"href":"https:\/\/espai-marx.net\/index.php?rest_route=\/wp\/v2\/posts\/18396\/revisions\/18399"}],"wp:featuredmedia":[{"embeddable":true,"href":"https:\/\/espai-marx.net\/index.php?rest_route=\/wp\/v2\/media\/18397"}],"wp:attachment":[{"href":"https:\/\/espai-marx.net\/index.php?rest_route=%2Fwp%2Fv2%2Fmedia&parent=18396"}],"wp:term":[{"taxonomy":"category","embeddable":true,"href":"https:\/\/espai-marx.net\/index.php?rest_route=%2Fwp%2Fv2%2Fcategories&post=18396"},{"taxonomy":"post_tag","embeddable":true,"href":"https:\/\/espai-marx.net\/index.php?rest_route=%2Fwp%2Fv2%2Ftags&post=18396"}],"curies":[{"name":"wp","href":"https:\/\/api.w.org\/{rel}","templated":true}]}}