{"id":1849,"date":"2012-03-30T00:00:00","date_gmt":"2012-03-30T00:00:00","guid":{"rendered":"https:\/\/espai-marx.net\/?p=1849"},"modified":"2020-02-21T09:09:21","modified_gmt":"2020-02-21T08:09:21","slug":"entrevista-a-clara-valverde-presidenta-de-la-liga-del-sindrome-de-fatiga-cronica","status":"publish","type":"post","link":"https:\/\/espai-marx.net\/?p=1849","title":{"rendered":"Entrevista a Clara Valverde, presidenta de la Liga del S\u00edndrome de Fatiga Cr\u00f3nica"},"content":{"rendered":"<p>Escritora, activista poli\u00e9drica e incansable, Clara Valverde es presidenta de la Liga del S\u00edndrome de Fatiga Cr\u00f3nica y activa, dentro de sus limitaciones, en el 15M en el Grup de Treball de Defensa de la Sanitat P\u00fablica AcampadaBCN. Fue profesora de enfermer\u00eda hasta que su enfermedad se lo impidi\u00f3.<\/p>\n<p>Ella y su apellido son netamente consistentes con la belleza y justicia de las causas defendidas.<\/p>\n<p>*<\/p>\n<p><strong>SLA: Creo que con fecha 21 de marzo se ha presentado una denuncia ante la Fiscal\u00eda Superior de Catalunya. \u00bfEs el caso? \u00bfA qui\u00e9n denunci\u00e1is? \u00bfQui\u00e9nes hab\u00e9is firmado la denuncia?<\/strong><\/p>\n<p>CV: S\u00ed, as\u00ed es. Denunciamos las actuaciones de la Generalitat y de la Conseller\u00eda de Salut y sus responsables que est\u00e1n desmantelando la sanidad p\u00fablica y privatiz\u00e1ndola a trav\u00e9s de todo tipo de actuaciones y recortes. Todo esto est\u00e1 creando grandes obst\u00e1culos para que la ciudadan\u00eda catalana tenga acceso a la atenci\u00f3n sanitaria p\u00fablica. Pedimos a la Fiscal\u00eda Superior de Catalunya que investigue todo esto. Los primeros firmantes de la denuncia somos la Liga S\u00edndrome de la Fatiga Cr\u00f3nica, la Associaci\u00f3 de ve\u00efns de l\u2019\u00d2stia de la Barceloneta y la Plataforma en Defensa de la Barceloneta. Pronto firmar\u00e1n tambi\u00e9n otras asociaciones y personas.<\/p>\n<p><strong>SLA: La Liga S\u00edndrome de Fatiga Cr\u00f3nica (LigaSFC) es la primera firmante de la denuncia que se ha presentado. \u00bfTen\u00e9is un inter\u00e9s especial en la protesta?<\/strong><\/p>\n<p>CV: S\u00ed, \u00a1claro! Nosotras, las personas que vivimos con los S\u00edndromes de Sensibilidad Central o SSC, que somos 250.000 en Catalunya, como el S\u00edndrome de la Fatiga Cr\u00f3nica, las Sensibilidades Qu\u00edmicas M\u00faltiples y la Fibromialgia, nosotras venimos del futuro. Quiero decir que el total desamparo y desatenci\u00f3n del sistema sanitario con el que vivimos nosotras desde hace 20 a\u00f1os es el ejemplo de lo que est\u00e1 comenzando a pasar a toda la ciudadan\u00eda. Nosotras tenemos listas de espera interminables (de 2 a\u00f1os!), no se nos atiende en situaciones de urgencias, no se nos hacen las anal\u00edticas ni tratamientos pertinentes y se nos aparca en Atenci\u00f3n Primaria sin acceso a los especialistas relevantes. Y esto es a\u00fan peor para los ni\u00f1os y adolescentes con SFC, ya que en Catalunya no hay pediatras formados en los SSC. Con lo cual tenemos que acudir a la privada y pagar todos nuestros tratamientos porque no los cubren la Seguridad Social\u2026Mira, lo nuestro no es re-pago\u2026es tri-pago! Yo, para poder estar sentada hablando contigo y hacer lo poco que hago, tengo que pagar unos 6.000 euros al a\u00f1o en tratamientos para mi sistema inmunol\u00f3gico. Toda esta desatenci\u00f3n lleva a empeorar nuestra salud, a endeudarnos, a perder la vivienda, al desamparo\u2026Lo que vivimos nosotras es lo que van a vivir todos los catalanes si no conseguimos frenar este robo de la sanidad p\u00fablica que est\u00e1n llevando a cabo los de CiU. Pero nosotras, las de los SSC no estamos en esto solo para mejorar nuestra situaci\u00f3n. Nosotras estamos con todos los que luchan por una sanidad p\u00fablica, juntos, para todos, para todos ahora y para todos en el futuro. Todas las injusticias que vivimos nosotras nos motivan para estar con todo este gran movimiento que hay ahora en defensa de la sanidad p\u00fablica.<\/p>\n<p><strong>SLA: \u00bfQui\u00e9nes han elaborado el documento de \u00a1unas 500 p\u00e1ginas! -unas 70 son el documento principal y las 400 restantes son de pruebas anexas- que hab\u00e9is presentado? \u00bfDesde cu\u00e1ndo est\u00e1is en ello?<\/strong><\/p>\n<p>CV: Salvador, como escritor, t\u00fa sabes bien que para hacer un buen trabajo de escritura, mejor en grupo reducido. En la investigaci\u00f3n han participado ya m\u00e1s gente y, ahora, en la comunicaci\u00f3n somos un grupo m\u00e1s amplio, la Plataforma de Afectadas por los Recortes Sanitarios o PARS (con una direcci\u00f3n de correo, rosapars@gmail.com, que es un gui\u00f1o a la gran activista negra de los derechos civiles de los a\u00f1os 1950 en el sur de los EEUU, Rosa Parks). La escritura de este megadocumento comenz\u00f3 hace 6 meses. La PARS y todos los implicados en este gran proyecto somos un alegre revoltijo de gente del 15M, un grupo de trabajo de Democracia Real Ya Baracelona, ciudadanos an\u00f3nimos, trabajadores sanitarios, desempleados, especialistas en documentaci\u00f3n y temas jur\u00eddicos, y asociaciones comunitarias.<\/p>\n<p><strong>SLA: Seg\u00fan tengo entendido es una denuncia por lo penal. \u00bfPor qu\u00e9?<\/strong><\/p>\n<p>CV: Es una denuncia por lo penal porque esto que est\u00e1 ocurriendo es un crimen, \u00bfno crees, Salvador? El art\u00edculo 542 del C\u00f3digo Penal dice que es un delito cuando un funcionario p\u00fablico, a sabiendas, impide a una persona el ejercicio de los derechos c\u00edvicos reconocidos por la Constituci\u00f3n y otras leyes. Y el tener a gente en lista de espera meses para, por ejemplo, hacerse quimioterapia, es quitarle su derecho de acceso a la atenci\u00f3n sanitaria. Y \u00bfqui\u00e9n impide a esa persona acceder a su quimioterapia? Pues los que est\u00e1n haciendo estas pol\u00edticas y recortes. Ellos son los culpables.<\/p>\n<p><strong>SLA: \u00bfQu\u00e9 denunci\u00e1is? \u00bfLos recortes en sanidad? \u00bfComportamientos pocos recomendables? Se habla de un derecho constitucional que se est\u00e1 privando a la ciudadan\u00eda catalana.<\/strong><\/p>\n<p>CV: Denunciamos todo lo que se ha podido investigar por el equipo de redacci\u00f3n e investigaci\u00f3n, al que hay que felicitar. Hay una total opacidad en esta administraci\u00f3n y el obtener toda esta informaci\u00f3n no ha sido una tarea f\u00e1cil. Denunciamos el uso de \u201cla crisis\u201d para llevar a cabo pol\u00edticas que favorecen la sanidad privada. Denunciamos los recortes brutales en prestaciones, personal e infrastructuras, el cierre de CAPs, urgencias y camas, la disminuci\u00f3n de intervenciones quir\u00fargicas en el 2011, la p\u00e9rdida de la calidad y continuidad asistencial, el aumento del retraso en hacer diagn\u00f3sticos, el colapso en los centros sanitarios, el que se est\u00e9 dando el alta del hospital a enfermos que no est\u00e1n en condiciones para volver a casa, el empeoramiento del servicio telef\u00f3nico de urgencias, el enorme aumento en las listas de espera y la manipulaci\u00f3n que se est\u00e1 haciendo con esas listas para que parezcan m\u00e1s cortas. Asimismo denunciamos las posibles incompatibilidades de los altos cargos que tienen tambi\u00e9n negocios en la sanidad privada. Y mucho m\u00e1s! 500 p\u00e1ginas dan para mucho\u2026<\/p>\n<p><strong>SLA: \u00bfPuede una decisi\u00f3n pol\u00edtica como la que ha tomado y sigue tomando el gobierno Mas ser denunciada por lo penal?<\/strong><\/p>\n<p>CV: Claro, porque el resultado de esas decisiones pol\u00edticas pueden constituir un delito seg\u00fan el Art\u00edculo 542 del C\u00f3digo Penal.<\/p>\n<p><strong>SLA: \u00bfPueden adherirse a vuestra denuncia, o apoyar de alg\u00fan modo, los ciudadanos y ciudadanas interesados?<\/strong><\/p>\n<p>CV: S\u00ed, claro. Esa es la idea. La gente, individuos o grupos, que quieran a\u00f1adir su firma a esta denuncia lo pueden hacer bajando un formulario de nuestro blog<a href=\"http:\/\/afectadasporlosrecortessanitarios.wordpress.com\/\">http:\/\/afectadasporlosrecortessanitarios.wordpress.com\/<\/a> en el que se explica todo esto. Se baja uno el formulario y lo lleva a la Fiscal\u00eda Superior de Catalunya, que est\u00e1 en la calle Pau Claris 160 de Barcelona. Pero en el blog se explica todo y cualquier duda, se nos remite al correo que est\u00e1 ah\u00ed.<\/p>\n<p><strong>SLA: Habl\u00e1is de los \u201cgrav\u00edsimos hechos que est\u00e1n ocurriendo en la sanidad p\u00fablica catalana\u201d. \u00bfQu\u00e9 grav\u00edsimos hechos son esos? Puedes darnos alg\u00fan ejemplo.<\/strong><\/p>\n<p>CV: \u00a1Es que hay tantos! El tener que esperar a\u00f1os para una operaci\u00f3n de cadera, el tener que esperar meses para empezar la quimioterapia, el que te manden del hospital a casa cuando no est\u00e1s a\u00fan en condiciones, el que las urgencias nocturnas en tu pueblo est\u00e9n cerradas, el que el tel\u00e9fono de urgencias tarde hasta 45 minutos en responderte\u2026imag\u00ednate que est\u00e1s teniendo un infarto! Y luego est\u00e1 el da\u00f1o a largo plazo. Sabemos por otros pa\u00edses que, cuando se privatiza la sanidad p\u00fablica, la esperanza de vida se reduce. Mira Rusia: en 10 a\u00f1os de privatizaci\u00f3n de la sanidad p\u00fablica, la esperanza de vida ha bajado 10 a\u00f1os.<\/p>\n<p><strong>SLA: \u00bfQu\u00e9 os parece el nuevo impuesto sobre recetas sanitarias que se va imponer a partir de junio de este a\u00f1o si no ando errado?<\/strong><\/p>\n<p>CV: Pues que es un robo. Ya pagamos impuestos. Si el m\u00e9dico piensa que el paciente necesita tomar una medicaci\u00f3n, \u00bfqu\u00e9 sentido tiene hacer que el paciente pague un impuesto \u201cdisuasorio\u201d? Si tiene que tomar la medicaci\u00f3n, la tiene que tomar. Si no, que no se la receten. Este repago aumentar\u00e1 las desigualdades, obviamente. Yo no s\u00e9 como una persona anciana con diabetes y una pensi\u00f3n de 400 euros va a poder seguir su tratamiento.<\/p>\n<p><strong>SLA: Se est\u00e1n hablando estos d\u00edas de las listas de espera en Catalunya. \u00bfCu\u00e1l es la situaci\u00f3n real desde vuestro punto de vista?<\/strong><\/p>\n<p>CV: Es alarmante. Se barajan cifras como que en el \u00faltimo a\u00f1o han subido un 43%. Son las peores cifras desde que hay registros en el 2003. Y Boi Ruiz dice que es porque la poblaci\u00f3n ha envejecido. \u00bfEn un a\u00f1o? Pero lo peor, en mi opini\u00f3n, es que esta administraci\u00f3n est\u00e1 haciendo una \u201cnueva gesti\u00f3n\u201d de las listas de espera. Est\u00e1n manipulando el tema para que se retrase y condicione, no solo la intervenci\u00f3n para la cual se est\u00e1 esperando, tambi\u00e9n se est\u00e1 retrasando la entrada en la lista de espera. Este es un tema clave porque si se tiene servicios sanitarios pero no se puede acceder a ellos en un plazo razonable, es como si no existieran esos servicios, \u00bfno?<\/p>\n<p><strong>SLA: El Conseller de Salud, el se\u00f1or Boi Ruiz, el antiguo presidente en jefe de las mutuas privadas sanitarias, asegur\u00f3 hace meses que la salud no es un derecho. \u00bfNo lo es en vuestra opini\u00f3n?<\/strong><\/p>\n<p>CV: \u00a1Para Ruiz solo es un derecho en una mutua! Los neoliberales como el Sr. Ruiz, odian la democracia, odian el que los ciudadanos tengan derechos. Pero la salud es un derecho y no solo para los ricos.<\/p>\n<p><strong>SLA: \u00bfSe est\u00e1 privatizando, con nocturnidad y alevos\u00eda, la sanidad catalana \u201csobre todo en los \u00faltimos meses\u201d? \u00bfPor qu\u00e9?<\/strong><\/p>\n<p>CV: Los de CiU y sus amigos emprendedores quieren hacer negocio con nuestra salud lo antes posible. Quieren convertir lo p\u00fablico en privado lo m\u00e1s r\u00e1pido posible. As\u00ed piensan que la ciudadan\u00eda no tendr\u00e1 tiempo para reaccionar. Pero se equivocan. Estamos reaccionando.<\/p>\n<p><strong>SLA: Refuta este argumento (que desde luego no hago m\u00edo): las cosas est\u00e1n mal, el gasto p\u00fablico se ha excedido, los impuestos no se pueden tocar, hay que disminuir como sea los gastos p\u00fablicos. Toca hacerlo en sanidad como urge hacerlo en cualquier otro \u00e1mbito. Todos tenemos que esforzarnos y con ilusi\u00f3n adem\u00e1s. Saldremos adelante con el esfuerzo de todos y todas.<\/strong><\/p>\n<p>CV: El lenguaje\u2026\u00a1qu\u00e9 gran tema! Estas son las palabras y frases que los neoliberales utilizan para intentar camelarnos. Dice David Harvey que el lenguaje es el arma m\u00e1s \u00fatil para el neoliberalismo. Salvador, seguro que recuerdas ese poema de Mario Benedetti que dice: \u201cNo me gaste las palabras\/ No cambie el significado\/ Mire que lo que yo quiero \/Lo tengo bastante claro\u201d. Perm\u00edteme que coja esas frases y que las libere: \u201cLas cosas est\u00e1n muy bien para los ricos. El gasto p\u00fablico en sanidad en Catalunya es uno de los m\u00e1s peque\u00f1os de Europa. A los ricos no les interesa tocar los impuestos porque no quieren pagar lo que deber\u00edan. Prats, Ruiz and company quieren reducir la calidad de la sanidad p\u00fablica para que todos nos compremos seguros privados y utilicemos su sanidad privada, la suya y de sus amigos. Toca subir los impuestos de los ricos e invertir m\u00e1s en sanidad. Nosotros ya nos hemos esforzado y la \u00fanica ilusi\u00f3n que nos queda para salir adelante es la revoluci\u00f3n\u201d.<\/p>\n<p><strong>SLA: Antes de los \u00faltimos recortes, \u00bfqu\u00e9 opini\u00f3n te merec\u00eda la sanidad p\u00fablica catalana y espa\u00f1ola?<\/strong><\/p>\n<p>CV: Hab\u00eda cosas muy buenas y otras a mejorar. Lo mejor es que es un sistema universal, p\u00fablico y accesible para todos con excepciones como la nuestra, la de los enfermos de SSC. Tambi\u00e9n los profesionales sanitarios son excelentes, pero, sobre todo, en enfermer\u00eda, las condiciones de trabajo son nefastas y esto es algo que hab\u00eda que mejorar. Tambi\u00e9n hab\u00eda y hay que invertir en prevenci\u00f3n mucho m\u00e1s: colonoscopias, m\u00e1s citolog\u00edas, etc. Pero lo peor del sistema es que no estaba ni est\u00e1 protegido por leyes que garanticen que no pueda ser mercantilizado.<\/p>\n<p><strong>SLA: La situaci\u00f3n actual \u00bfafecta tambi\u00e9n a la sanidad privada? \u00bfPor qu\u00e9 es tan importante en Catalunya?<\/strong><\/p>\n<p>CV: En Catalunya a\u00fan hay la cultura de \u201cla mutua\u201d. Es, en el imaginario, una distinci\u00f3n para decir \u201ca\u00fan hay clases\u201d. Es un s\u00edmbolo, creo yo. Salvador, \u00bfsabes de lo que me enter\u00e9 el otro d\u00eda? Pues que el n\u00famero de personas que tiene seguro privado de salud en Catalunya es el mismo que vot\u00f3 a CiU. Interesante, \u00bfno? Ahora que el negocio del ladrillo ya no va tan bien, el gran negocio es la salud. Es un negocio seguro.<\/p>\n<p><strong>SLA: \u00bfQuieres a\u00f1adir algo m\u00e1s?<\/strong><\/p>\n<p>CV: S\u00ed, que tenemos que parar esta locura que est\u00e1 llevando a cabo este gobierno. Hay que dejar de pensar que otros lo har\u00e1n por nosotros. Si no lo hacemos t\u00fa y yo y todos, vamos a perder nuestro derecho a la salud. Lo m\u00e1s peligroso, en mi opini\u00f3n, del discurso neoliberal que a veces se cree la gente, es el de \u201cestas son medidas extraordinarias para tiempos excepcionales\u201d, que son solo unos a\u00f1itos. Eso no es verdad. Esto va a ser para siempre si no lo paramos. Los due\u00f1os de las mutuas y negocios sanitarios no van a querer ganar menos dinero. Van a querer siempre m\u00e1s. Tenemos que seguir el gran ejemplo de los vecinos que est\u00e1n ocupando sus CAPs para que no los cierren, de los trabajadores sanitarios que est\u00e1n alzando sus voces en protesta y muchos perdiendo su empleo por hacerlo, de todos los que est\u00e1n luchando para defender los servicios p\u00fablicos. Ahora nos estamos jugando el futuro y, \u00bfqu\u00e9 diremos a nuestros nietos?, \u00bfque est\u00e1bamos demasiado cansados y desanimados para salir a la calle a defender estos bienes comunes y que por eso ellos ya no los tendr\u00e1n?<\/p>\n<p>Gracias, Salvador, por esta oportunidad de compartir esto contigo.<\/p>\n<p><strong>SLA: Muchas gracias a ti y \u00a1viva la huelga general del 29-M!<\/strong><\/p>\n<p>CV: La del 29-M y todo lo que tiene que venir a continuaci\u00f3n. Hay que resistir y plantar cara.<\/p>\n<p>Salvador L\u00f3pez Arnal es nieto de Jos\u00e9 Arnal Cerezuelo, un \u201cdelincuente\u201d reo de rebeli\u00f3n militar, cenetista aragon\u00e9s asesinado en Barcelona en mayo de 1939 por un pelot\u00f3n de la Benem\u00e9rita.<\/p>\n","protected":false},"excerpt":{"rendered":"<p>\u00a0<\/p>\n<p style='margin-top: 0.1cm; margin-bottom: 0.1cm; font-weight: normal; line-height: 150%; widows: 2; orphans: 2;' align='JUSTIFY'>Escritora, activista poli\u00e9drica e incansable, Clara Valverde es presidenta de la Liga del S\u00edndrome de Fatiga Cr\u00f3nica y activa, dentro de sus limitaciones, en el 15M en el Grup de Treball de Defensa de la Sanitat P\u00fablica AcampadaBCN.<\/p>\n","protected":false},"author":9,"featured_media":1850,"comment_status":"open","ping_status":"open","sticky":false,"template":"","format":"standard","meta":{"footnotes":""},"categories":[3],"tags":[1169],"class_list":["post-1849","post","type-post","status-publish","format-standard","has-post-thumbnail","hentry","category-condiciones-de-vida","tag-clara-valverde"],"aioseo_notices":[],"_links":{"self":[{"href":"https:\/\/espai-marx.net\/index.php?rest_route=\/wp\/v2\/posts\/1849","targetHints":{"allow":["GET"]}}],"collection":[{"href":"https:\/\/espai-marx.net\/index.php?rest_route=\/wp\/v2\/posts"}],"about":[{"href":"https:\/\/espai-marx.net\/index.php?rest_route=\/wp\/v2\/types\/post"}],"author":[{"embeddable":true,"href":"https:\/\/espai-marx.net\/index.php?rest_route=\/wp\/v2\/users\/9"}],"replies":[{"embeddable":true,"href":"https:\/\/espai-marx.net\/index.php?rest_route=%2Fwp%2Fv2%2Fcomments&post=1849"}],"version-history":[{"count":0,"href":"https:\/\/espai-marx.net\/index.php?rest_route=\/wp\/v2\/posts\/1849\/revisions"}],"wp:featuredmedia":[{"embeddable":true,"href":"https:\/\/espai-marx.net\/index.php?rest_route=\/wp\/v2\/media\/1850"}],"wp:attachment":[{"href":"https:\/\/espai-marx.net\/index.php?rest_route=%2Fwp%2Fv2%2Fmedia&parent=1849"}],"wp:term":[{"taxonomy":"category","embeddable":true,"href":"https:\/\/espai-marx.net\/index.php?rest_route=%2Fwp%2Fv2%2Fcategories&post=1849"},{"taxonomy":"post_tag","embeddable":true,"href":"https:\/\/espai-marx.net\/index.php?rest_route=%2Fwp%2Fv2%2Ftags&post=1849"}],"curies":[{"name":"wp","href":"https:\/\/api.w.org\/{rel}","templated":true}]}}