{"id":18512,"date":"2025-09-25T11:16:46","date_gmt":"2025-09-25T10:16:46","guid":{"rendered":"https:\/\/espai-marx.net\/?p=18512"},"modified":"2025-09-25T11:16:46","modified_gmt":"2025-09-25T10:16:46","slug":"la-ue-el-fascismo-vuelve-a-casa","status":"publish","type":"post","link":"https:\/\/espai-marx.net\/?p=18512","title":{"rendered":"La UE: el fascismo vuelve a casa"},"content":{"rendered":"<div dir=\"ltr\">\n<div>\n<p>A veces, lo que no se ve es tan importante como lo que se ve. En la reciente ola de protestas masivas de los ciudadanos brit\u00e1nicos contra el apoyo de su Gobierno al holocausto de Israel en Gaza y los cr\u00edmenes de guerra en Cisjordania y otros pa\u00edses de Oriente Medio, la austeridad del Partido Laborista que afecta principalmente a los pobres, el Gobierno que favorece los intereses corporativos, como el agua y los ferrocarriles, en detrimento del medio ambiente y del pueblo brit\u00e1nico, y la represi\u00f3n contra quienes defienden los derechos civiles, llama la atenci\u00f3n la sorprendente ausencia de una sola bandera de la UE. Esta era antes un s\u00edmbolo para la clase directiva profesional brit\u00e1nica y sus hijos de las pol\u00edticas autoritarias neoliberales que, en su opini\u00f3n, defend\u00eda la Uni\u00f3n Europea, defensora de los valores occidentales. Nadie parece haberse dado cuenta de c\u00f3mo la bandera de la UE ha sido discretamente sustituida en los \u00faltimos a\u00f1os por las banderas de Ucrania e Israel (la estrella de David se est\u00e1 convirtiendo r\u00e1pidamente en el equivalente moderno de la esv\u00e1stica).<\/p>\n<p>\u00bfQu\u00e9 tiene que ver todo esto con el fascismo y la UE? Si observamos las pol\u00edticas actuales de la UE, los paralelismos con las de la Alemania nazi son sorprendentes: participaci\u00f3n en un genocidio, una guerra rus\u00f3foba, un programa de rearme masivo, una pol\u00edtica econ\u00f3mica dictada por las empresas a costa de la poblaci\u00f3n trabajadora, una maquinaria propagand\u00edstica muy eficaz, la represi\u00f3n de la libertad de expresi\u00f3n y los derechos civiles para silenciar a la oposici\u00f3n. En cuanto a esto \u00faltimo, cualquier alem\u00e1n dir\u00e1: \u00abNo se me impide ejercer mi libertad de expresi\u00f3n\u00bb. Pero cuando se trata de decir algo cr\u00edtico sobre el genocidio de Israel contra los palestinos y la guerra que la OTAN est\u00e1 librando en Ucrania contra Rusia, su miedo a la represi\u00f3n es tan grande que nunca ejercer\u00edan ese derecho, buscando en cambio la seguridad en la autocensura.<\/p>\n<p>Este miedo es algo que varios pa\u00edses de la UE \u2014y Gran Breta\u00f1a\u2014 est\u00e1n tratando de inculcar entre su propia ciudadan\u00eda. Con un \u00e9xito rotundo en Alemania y un desastre para el Gobierno brit\u00e1nico, esto demuestra una vez m\u00e1s lo grandes que son las diferencias pol\u00edticas y culturales en Europa y por qu\u00e9 la soberan\u00eda nacional es tan importante. El totalitarismo es la \u00fanica fuerza pol\u00edtica que puede unificar Europa.<\/p>\n<p>\u00bfPor qu\u00e9 la UE y Gran Breta\u00f1a est\u00e1n adoptando las pol\u00edticas de la Alemania nazi? Porque esto es lo que siempre han querido las \u00e9lites europeas. La Segunda Guerra Mundial no solo no sali\u00f3 seg\u00fan lo previsto para Alemania, sino tambi\u00e9n para la clase dirigente europea. Si nos fijamos en el discurso occidental sobre ese periodo, se podr\u00eda creer que el malvado Adolf Hitler impuso su voluntad a la Europa v\u00edctima. Al contrario. La Alemania nazi ten\u00eda muchos aliados en Europa que tambi\u00e9n lucharon junto a los alemanes: Italia, Hungr\u00eda, Ruman\u00eda, Bulgaria, Finlandia, Eslovaquia&#8230; Luego estaban las naciones que colaboraron con los nazis: la Francia de Vichy, Noruega, B\u00e9lgica, Dinamarca y los Pa\u00edses Bajos. A esto hay que a\u00f1adir las naciones \u00abneutrales\u00bb que ayudaron y se beneficiaron de sus relaciones y comercio con el Tercer Reich, como Suecia, Suiza y Espa\u00f1a. La mayor\u00eda de los capitalistas no jud\u00edos de Europa prosperaron inicialmente bajo la hegemon\u00eda nazi alemana.<\/p>\n<p>Lo decisivo para el apoyo de Europa a la Alemania nazi fue la clase dominante y sus dispuestos ayudantes administrativos. No era el holocausto jud\u00edo lo que les resultaba tan atractivo, aunque el antisemitismo era aparentemente end\u00e9mico en estos grupos. Lo decisivo fue la promesa de Alemania de destruir el \u00abbolchevismo\u00bb. Eso no solo inclu\u00eda a la Uni\u00f3n Sovi\u00e9tica, sino tambi\u00e9n a los movimientos obreros europeos, ya fueran sindicatos, medios de comunicaci\u00f3n o cultura. Las empresas europeas y la clase dominante europea eran partidarios fan\u00e1ticos de la soluci\u00f3n final del movimiento obrero, su erradicaci\u00f3n en Europa. Como sabemos, en Gran Breta\u00f1a tambi\u00e9n hab\u00eda una gran simpat\u00eda por Hitler entre la clase dominante.<\/p>\n<p>Tras la derrota alemana en Stalingrado, que record\u00f3 a muchos la derrota de Napole\u00f3n en Rusia, y el colapso de la situaci\u00f3n econ\u00f3mica en el continente, que provoc\u00f3 un aumento de la represi\u00f3n y la explotaci\u00f3n por parte de los alemanes incluso entre sus aliados, este apoyo se fue desmoronando poco a poco. Si nos fijamos en la verdadera resistencia a la Alemania nazi en el continente, esta fue liderada principalmente por miembros de partidos pol\u00edticos comunistas, no por la clase capitalista dominante, los partidarios activos y los especuladores del nazismo alem\u00e1n. La clase capitalista, los gobiernos y la administraci\u00f3n quedaron desacreditados por su colaboraci\u00f3n con la ocupaci\u00f3n alemana.<\/p>\n<p>Con el comienzo de la Guerra Fr\u00eda, por razones propagand\u00edsticas, gran parte de esto fue borrado. Gran parte de la historia de este periodo se lee como un cuento de hadas de Disney. De repente, la benevolente y paternal clase dominante europea, supuestamente oprimida por Hitler, se convirti\u00f3 en la hero\u00edna creadora de una \u00abnueva\u00bb Europa. Impulsados por el pragmatismo de Estados Unidos y su lucha por contener a la Uni\u00f3n Sovi\u00e9tica, aceptaron la socialdemocracia en Europa occidental, al menos por el momento.<\/p>\n<p>El regreso de la hegemon\u00eda de la clase dominante que inicialmente hab\u00eda apoyado con entusiasmo al Tercer Reich ya se estaba iniciando cuando comenz\u00f3 la recuperaci\u00f3n econ\u00f3mica en Europa. La Comunidad Europea del Carb\u00f3n y del Acero y el Tratado de Roma, que dieron lugar a la creaci\u00f3n de la Comunidad Econ\u00f3mica Europea (CEE), estaban formados por las naciones centrales del Tercer Reich de Europa occidental \u2014Alemania, Italia, B\u00e9lgica, Pa\u00edses Bajos, Luxemburgo y Francia (Austria, debido a su neutralidad, no pudo adherirse)\u2014 en la d\u00e9cada de 1950, cuyo objetivo final era, una vez m\u00e1s, crear una econom\u00eda \u00fanica para Europa occidental y establecer la agenda. El Tribunal de Justicia de la Uni\u00f3n Europea, creado en 1952, estaba repleto de jueces que hab\u00edan sido nazis y fascistas. Por cierto, el mismo proceso se estaba produciendo en Alemania Occidental, donde la mayor\u00eda de la antigua nomenclatura nazi segu\u00eda en el poder. Todo ello bajo la cobertura de un fascismo saneado. Como George Galloway public\u00f3 recientemente en X: \u00abEl fascismo alem\u00e1n no muri\u00f3. Simplemente volvi\u00f3 pintado de verde, arco\u00edris y colores pastel\u00bb. El \u00faltimo y risible canciller de Alemania, Friedrich Merz, cree de alguna manera que devolver el marr\u00f3n al fascismo alem\u00e1n redimir\u00e1 a su naci\u00f3n.<\/p>\n<p>Con el auge del neoliberalismo y el colapso del bloque sovi\u00e9tico, se abri\u00f3 el camino para que las \u00e9lites europeas restablecieran su dominio econ\u00f3mico y pol\u00edtico total sobre toda Europa, con la excepci\u00f3n de Rusia, que era totalmente inaceptable para la rus\u00f3foba Alemania. El Tratado de Maastricht de 1992 no solo incluy\u00f3 la transformaci\u00f3n de la CEE en la UE y su expansi\u00f3n radical, sino que tambi\u00e9n prohibi\u00f3 las pol\u00edticas \u00abkeynesianas\u00bb que hab\u00edan sido habituales en las d\u00e9cadas anteriores. En 1999 se introdujo el euro, con lo que los Estados miembros subordinaron su independencia en materia de pol\u00edtica fiscal, as\u00ed como las \u00abcuatro libertades de la UE\u00bb (la libre circulaci\u00f3n de mercanc\u00edas, capitales, servicios y mano de obra dentro de la Uni\u00f3n Europea). En Italia, estas pol\u00edticas de la UE se denominaban abiertamente \u00abvincolo esterno\u00bb (restricci\u00f3n externa), introducidas por el poder tecnocr\u00e1tico gobernante en Bruselas invocando las \u00ableyes de la UE\u00bb para impedir que cualquier gobierno progresista deseara introducir pol\u00edticas econ\u00f3micas keynesianas de leyes laborales m\u00e1s liberales. El fascismo es la etapa pol\u00edtica final del neoliberalismo, que elimina el control de la pol\u00edtica econ\u00f3mica por parte de la democracia representativa.<\/p>\n<p>La UE era ahora una entidad al servicio del capital, no de sus ciudadanos, como qued\u00f3 claramente demostrado en 2005, despu\u00e9s de que los votantes franceses y holandeses rechazaran la propuesta de Constituci\u00f3n de la UE, que esta ignor\u00f3 al adoptar un documento casi id\u00e9ntico al Tratado de Lisboa, que no requer\u00eda la aprobaci\u00f3n popular ni la interferencia de los ciudadanos de la UE. La prioridad de los intereses del capital qued\u00f3 entonces integrada en la legislaci\u00f3n de la UE. La \u00faltima vez que se pregunt\u00f3 a los ciudadanos de la UE qu\u00e9 pensaban de la UE fue con motivo del Brexit. La celebraci\u00f3n de este refer\u00e9ndum aterroriz\u00f3 a la \u00e9lite de la UE, ya que sab\u00edan lo que se avecinaba. El hecho es que, para muchos europeos, la UE es un poder tecnocr\u00e1tico autoritario y ajeno que solo est\u00e1 en contacto con la clase directiva.<\/p>\n<p>A mediados de la d\u00e9cada de 2010, los medios de comunicaci\u00f3n y la UE comenzaron a referirse a la entonces canciller alemana, Angela Merkel, como la \u00abl\u00edder\u00bb de la UE. El poder de Alemania dentro de la Uni\u00f3n se hab\u00eda consolidado gracias a su dominio financiero tras la Gran Crisis Financiera. El ministro de Finanzas alem\u00e1n, Wolfgang Sch\u00e4uble, de facto fascista, dictaba la pol\u00edtica financiera de la UE. En ning\u00fan momento fue m\u00e1s visible este dominio alem\u00e1n de la UE que durante la crisis financiera griega de 2009 a 2015, en la que las decisiones se dictaban desde Berl\u00edn. Alemania no solo dominaba la pol\u00edtica financiera de la UE, sino tambi\u00e9n la pol\u00edtica econ\u00f3mica, ya que la UE estaba subordinada a las industrias alemanas de alto consumo energ\u00e9tico, alimentadas por el petr\u00f3leo barato de Rusia, especialmente a trav\u00e9s de los gasoductos Nordstream, y al mercantilismo alem\u00e1n, del que el resto de la UE tambi\u00e9n era v\u00edctima, pero no se atrev\u00eda a protestar. Alemania ignoraba constantemente las normas y leyes de la UE, sabiendo que los dem\u00e1s pa\u00edses de la UE no se atrever\u00edan a desafiarlas.<\/p>\n<p>En 2019, los alemanes decidieron dominar tambi\u00e9n la pol\u00edtica del aparato de la UE. Se supon\u00eda que el pol\u00edtico alem\u00e1n Manfred Weber iba a convertirse en presidente de la Comisi\u00f3n Europea, otro cargo no electivo de la UE, pero como muchos parlamentarios europeos no lo soportaban, qued\u00f3 claro que no era elegible, por lo que Alemania decidi\u00f3 nombrar en su lugar a la pol\u00edtica alemana Ursula von der Leyen, que nunca hab\u00eda sido elegida para la UE. Ella fue aprobada por el Parlamento Europeo. Podemos suponer que Alemania tuvo que pagar una gran cantidad en sobornos para asegurar su elecci\u00f3n. Cabe mencionar que von der Leyen tuvo que ser destituida de Berl\u00edn en ese momento debido a un esc\u00e1ndalo de corrupci\u00f3n cuando era ministra de Defensa, un esc\u00e1ndalo que era casi una copia exacta del actual caso de corrupci\u00f3n de Pfizer.<\/p>\n<p>Von der Leyen no tuvo que introducir la corrupci\u00f3n en la clase parasitaria de la UE en Bruselas. Parece que, al menos una vez al a\u00f1o, el Parlamento Europeo se ve sacudido por importantes esc\u00e1ndalos de corrupci\u00f3n. Nunca se producen condenas. Obedezca a Berl\u00edn y estar\u00e1 protegido.<\/p>\n<p>La UE ha recorrido un largo camino desde que recibi\u00f3 el Premio Nobel de la Paz en 2012. La UE es solo una cara de la moneda. La otra cara es la OTAN. Lo que la mayor\u00eda de la gente no sabe es que los once pa\u00edses del Bloque del Este que se unieron a la UE tuvieron que unirse primero a la OTAN. Esto ha llevado a afirmar que la UE es simplemente la administraci\u00f3n civil de la OTAN. La OTAN, que inicialmente era una alianza de defensa, se ha convertido entretanto en una fuerza de intervenci\u00f3n militar internacional. En 1999, declar\u00f3 la guerra a Serbia sin un mandato de la ONU. Como afirma la propia OTAN: \u00abLos aliados de la OTAN entraron en Afganist\u00e1n en 2001. A partir de agosto de 2003, la OTAN dirigi\u00f3 la Fuerza Internacional de Asistencia para la Seguridad (ISAF), bajo mandato de la ONU\u00bb. La OTAN continu\u00f3 afirmando que durante los 20 a\u00f1os de ocupaci\u00f3n de Afganist\u00e1n por parte de la OTAN no se hab\u00edan producido ataques terroristas en territorio aliado desde Afganist\u00e1n. Curioso. Ning\u00fan pa\u00eds europeo o miembro de la OTAN ha sido atacado nunca por Afganist\u00e1n. Todos los secuestradores del 11-S eran de Oriente Medio, la mayor\u00eda de Arabia Saud\u00ed. Estaban liderados por un saud\u00ed. En 2011, la OTAN hizo un uso indebido de un mandato de la ONU para imponer una zona de exclusi\u00f3n a\u00e9rea en Libia con el fin de intervenir directamente. En 2021, los miembros de la OTAN enviaron 21 buques de guerra a aguas asi\u00e1ticas, donde llevaron a cabo operaciones conjuntas con todas las marinas regionales que Estados Unidos est\u00e1 tratando de alinear contra la expansi\u00f3n china. Hoy en d\u00eda, la OTAN est\u00e1 librando una guerra por poder en Ucrania, que no es miembro de la OTAN.<\/p>\n<p>Fuera de la OTAN, la UE tambi\u00e9n ha tomado la iniciativa de las intervenciones militares extranjeras. En 2013, por ejemplo, los alemanes, para apaciguar a Francia tras su relegaci\u00f3n a miembro de segunda categor\u00eda de la UE, aprobaron la EUTM Mali (Misi\u00f3n de Entrenamiento de la Uni\u00f3n Europea en Mali). Mali, a pesar de su independencia en 1960, segu\u00eda siendo efectivamente una colonia de Francia. Con su costoso arsenal nuclear, Francia no puede permitirse un gran ej\u00e9rcito y sufre una escasez persistente de tropas sobre el terreno, por lo que necesitaba apoyo en su guerra contra los militantes isl\u00e1micos en Mali. Las fuerzas alemanas ayudaron a Francia en sus misiones de \u00abguerra contra el terrorismo\u00bb Serval y Barkhane, utilizando su papel en la misi\u00f3n de estabilizaci\u00f3n MINUSMA en Mali para proporcionar inteligencia para los ataques a\u00e9reos franceses. A trav\u00e9s de la EUTM Mali, los alemanes y muchos otros Estados de la UE entrenaron a las fuerzas malienses para que lucharan junto a Francia en su guerra. El antiguo alto representante Borrell afirm\u00f3 que la EUTM entren\u00f3 al 90 % del ej\u00e9rcito maliense. Esto significa que fue responsable de entrenar a las fuerzas que llevaron a cabo m\u00faltiples cr\u00edmenes de guerra y atrocidades. Esto termin\u00f3 tras un golpe de Estado militar en 2021 que llev\u00f3 al poder a fuerzas antiimperialistas que derrocaron al gobierno colaboracionista franc\u00e9s y ordenaron a la EUTM, la MINUSMA y Barkhane que abandonaran el pa\u00eds.<\/p>\n<p>Hoy en d\u00eda, la UE est\u00e1 desempe\u00f1ando un papel importante con su apoyo pol\u00edtico, econ\u00f3mico y militar no solo en la guerra proxy de la OTAN en Ucrania, sino tambi\u00e9n en el genocidio de Israel en Gaza. Con los belicistas von der Leyen y la vergonzosa alta representante de la Uni\u00f3n para Asuntos Exteriores y Pol\u00edtica de Seguridad, Kaja Kalas, la UE ha adoptado de facto el apoyo de Alemania a Israel como Staatsr\u00e4son (raz\u00f3n de Estado). La incre\u00edble hipocres\u00eda de la UE en su trato a Rusia e Israel es inconcebible y ha provocado el asombro fuera de las naciones occidentales. Mientras que Putin es, a ojos de la UE, un criminal de guerra y Rusia est\u00e1 cometiendo un genocidio en Ucrania, el holocausto de Israel en Gaza se considera simplemente leg\u00edtima defensa y Netanyahu, contra quien la Corte Penal Internacional ha dictado una orden de detenci\u00f3n por cr\u00edmenes de guerra, un honorable jefe de Estado. Lo que estamos presenciando es la adopci\u00f3n por parte de la UE del fascismo humanitario, conocido en Alemania como \u00abpol\u00edtica exterior feminista\u00bb. Esto ha permitido a la UE convertirse en la excusa para que los Estados miembros, as\u00ed como las naciones aliadas, no cumplan con el derecho internacional.<\/p>\n<p>Mientras tanto, los pa\u00edses de la UE est\u00e1n recurriendo a la austeridad para reducir sus d\u00e9ficits, al tiempo que gastan cada a\u00f1o decenas de miles de millones de euros para apoyar financieramente y con armas a Ucrania. Adem\u00e1s, ahora se espera que los Estados miembros de la UE aumenten radicalmente sus d\u00e9ficits para financiar programas de rearme que exigen a\u00fan m\u00e1s austeridad. En el pasado, Alemania hab\u00eda intentado expropiar los derechos de otras naciones europeas por medios militares. Ahora lo est\u00e1n haciendo a trav\u00e9s de la OTAN y la UE. La econom\u00eda de la UE, liderada por Alemania, se est\u00e1 estancando debido a la guerra en Ucrania. Esta no es una guerra contra Rusia. Es una guerra contra la clase trabajadora de la UE.<\/p>\n<p>Una de las principales afirmaciones de la UE es que fortalece a sus Estados miembros al aumentar su poder de negociaci\u00f3n. Como explica tan bien Thomas Fazi: <a href=\"https:\/\/unherd.com\/newsroom\/eu-trade-deal-is-a-capitulation-to-america\/\" target=\"_blank\" rel=\"nofollow noopener noreferrer\">\u00abDurante d\u00e9cadas, se ha dicho a los europeos que solo poniendo en com\u00fan su soberan\u00eda en un bloque supranacional podr\u00edan ejercer suficiente influencia colectiva para hacer frente a las potencias mundiales. Esto siempre ha sido una ficci\u00f3n conveniente.<\/a> <a href=\"https:\/\/unherd.com\/newsroom\/eu-trade-deal-is-a-capitulation-to-america\/\" target=\"_blank\" rel=\"nofollow noopener noreferrer\">En realidad, ocurre lo contrario: la UE erosiona sistem\u00e1ticamente la capacidad de las naciones individuales para responder con flexibilidad a los retos internos y externos en funci\u00f3n de sus propias prioridades econ\u00f3micas y pol\u00edticas.<\/a> Esta mentira qued\u00f3 al descubierto despu\u00e9s de que la UE se viera obligada a aceptar aranceles m\u00e1s altos de Trump que los que pagar\u00eda Gran Breta\u00f1a por s\u00ed sola. En otras palabras, la UE se ha convertido en un lastre para las econom\u00edas de muchos Estados miembros.<\/p>\n<p>Esto tambi\u00e9n ha ocurrido con la importancia de Europa en la geopol\u00edtica. Trump ha reducido a Europa a un papel de espectador humillado en sus negociaciones con Rusia sobre la guerra de la OTAN en Ucrania y la seguridad rusa. Ahora, los l\u00edderes europeos tendr\u00e1n que averiguar c\u00f3mo convertir su abismal derrota en Ucrania en una victoria. Tras haber destrozado la diplomacia para reforzar su postura moral, Europa ya no tiene la capacidad de influir en los acontecimientos mundiales.<\/p>\n<p>Con la UE acumulando un fracaso tras otro, la \u00e9lite liberal autoritaria de la UE ya no vio la necesidad de ofrecer a sus ciudadanos cambios reales para mejor, dejando caer su m\u00e1scara y volviendo a la pura b\u00fasqueda del poder que siempre hab\u00eda planeado. En estos tiempos dif\u00edciles, la UE ha recurrido a las herramientas nazis alemanas para dominar pol\u00edticamente. Ha ejercido presi\u00f3n pol\u00edtica y econ\u00f3mica sobre las naciones que se desv\u00edan de las pol\u00edticas dictadas por Alemania, como hemos visto con Polonia, Hungr\u00eda y Eslovaquia, adem\u00e1s de interferir en las elecciones libres, como se ha visto recientemente en Ruman\u00eda.<\/p>\n<p>En una UE desorganizada, delirante y fragmentada, que est\u00e1 perdiendo r\u00e1pidamente su legitimidad, solo la represi\u00f3n violenta puede mantener a raya a la poblaci\u00f3n. En este sentido, Gaza es el paradigma y el laboratorio de una nueva etapa del fascismo europeo. Estamos asistiendo a una violaci\u00f3n sistem\u00e1tica de los derechos civiles y de la libertad de expresi\u00f3n. En mayo, la UE impuso sanciones a red. media. Era la primera vez que la UE utilizaba esta arma. Seg\u00fan la UE, red. ha \u00abdifundido sistem\u00e1ticamente informaci\u00f3n falsa sobre temas pol\u00edticamente controvertidos con la intenci\u00f3n de crear discordia \u00e9tnica, pol\u00edtica y religiosa entre su p\u00fablico objetivo, predominantemente alem\u00e1n\u00bb. La \u00e9lite de la UE se da cuenta de que, por muy malo que sea el presente, el futuro ser\u00e1 peor, por lo que se aferran desesperadamente al presente.<\/p>\n<p>La UE, que en su d\u00eda fue el ejemplo del liberalismo europeo y los valores ilustrados, se ha transformado en una instituci\u00f3n represiva, autoritaria y, s\u00ed, fascista. Si en su d\u00eda la Alemania nazi lider\u00f3 el ataque contra la Uni\u00f3n Sovi\u00e9tica, los jud\u00edos y la clase trabajadora, hoy la UE lidera el ataque contra Rusia, los musulmanes y la clase trabajadora. Y al igual que la \u00e9lite econ\u00f3mica europea llev\u00f3 al continente a la ruina al unir su destino a la visi\u00f3n nazi alemana en la Segunda Guerra Mundial, ahora est\u00e1 haciendo lo mismo otra vez.<\/p>\n<p>En el futuro veremos menos banderas de la UE en las manifestaciones, menos fuegos artificiales conmemorativos de la UE y oiremos menos la Oda a la Alegr\u00eda de Beethoven. En cambio, la UE seguir\u00e1 promoviendo la destrucci\u00f3n de la democracia en Europa. El fascismo est\u00e1 volviendo a casa.<\/p>\n<p><span style=\"font-size: 10pt;\">Mathew D. Rose es periodista de investigaci\u00f3n especializado en delincuencia pol\u00edtica organizada en Alemania y editor de BRAVE NEW EUROPE<\/span><\/p>\n<p>Fuente: <em>Brave New Europe<\/em>, 20 de agosto de 2025, (<a href=\"https:\/\/braveneweurope.com\/mathew-d-rose-the-eu-fascism-is-coming-home\" target=\"_blank\" rel=\"nofollow noopener noreferrer\">https:\/\/braveneweurope.com\/mathew-d-rose-the-eu-fascism-is-coming-home<\/a>)<\/p>\n<div dir=\"ltr\">\n<div>\n<p>&nbsp;<\/p>\n<\/div>\n<\/div>\n<\/div>\n<\/div>\n","protected":false},"excerpt":{"rendered":"<p>A veces, lo que no se ve es tan importante como lo que se ve. En la reciente ola de<\/p>\n","protected":false},"author":5,"featured_media":18513,"comment_status":"open","ping_status":"open","sticky":false,"template":"","format":"standard","meta":{"footnotes":""},"categories":[41,1548],"tags":[],"class_list":["post-18512","post","type-post","status-publish","format-standard","has-post-thumbnail","hentry","category-europa","category-politica"],"aioseo_notices":[],"_links":{"self":[{"href":"https:\/\/espai-marx.net\/index.php?rest_route=\/wp\/v2\/posts\/18512","targetHints":{"allow":["GET"]}}],"collection":[{"href":"https:\/\/espai-marx.net\/index.php?rest_route=\/wp\/v2\/posts"}],"about":[{"href":"https:\/\/espai-marx.net\/index.php?rest_route=\/wp\/v2\/types\/post"}],"author":[{"embeddable":true,"href":"https:\/\/espai-marx.net\/index.php?rest_route=\/wp\/v2\/users\/5"}],"replies":[{"embeddable":true,"href":"https:\/\/espai-marx.net\/index.php?rest_route=%2Fwp%2Fv2%2Fcomments&post=18512"}],"version-history":[{"count":1,"href":"https:\/\/espai-marx.net\/index.php?rest_route=\/wp\/v2\/posts\/18512\/revisions"}],"predecessor-version":[{"id":18514,"href":"https:\/\/espai-marx.net\/index.php?rest_route=\/wp\/v2\/posts\/18512\/revisions\/18514"}],"wp:featuredmedia":[{"embeddable":true,"href":"https:\/\/espai-marx.net\/index.php?rest_route=\/wp\/v2\/media\/18513"}],"wp:attachment":[{"href":"https:\/\/espai-marx.net\/index.php?rest_route=%2Fwp%2Fv2%2Fmedia&parent=18512"}],"wp:term":[{"taxonomy":"category","embeddable":true,"href":"https:\/\/espai-marx.net\/index.php?rest_route=%2Fwp%2Fv2%2Fcategories&post=18512"},{"taxonomy":"post_tag","embeddable":true,"href":"https:\/\/espai-marx.net\/index.php?rest_route=%2Fwp%2Fv2%2Ftags&post=18512"}],"curies":[{"name":"wp","href":"https:\/\/api.w.org\/{rel}","templated":true}]}}