{"id":1865,"date":"2012-04-11T00:00:00","date_gmt":"2012-04-11T00:00:00","guid":{"rendered":"https:\/\/espai-marx.net\/?p=1865"},"modified":"2020-02-21T08:57:18","modified_gmt":"2020-02-21T07:57:18","slug":"contra-la-insana-y-sumisa-normalidad","status":"publish","type":"post","link":"https:\/\/espai-marx.net\/?p=1865","title":{"rendered":"Contra la (insana y sumisa) normalidad"},"content":{"rendered":"<p>Para Dimitris Christoulas. In memoriam et ad honorem <strong>[1]<\/strong><\/p>\n<p>La muy espa\u00f1ola Semana Santa [SS] ha tenido nuevamente tonalidades SS (en este caso, de las otras). Adem\u00e1s de la presencia de simbolog\u00eda de la Divisi\u00f3n Azul en alguna que otra procesi\u00f3n y otros ejemplos afines, la llegada de la Legi\u00f3n a M\u00e1laga entonando \u201cEl novio de la muerte\u201d y la informaci\u00f3n sobre ello, desnuda de todo comentario cr\u00edtico, con el himno sonando en el dial de Radio Nacional de Espa\u00f1a en el informativo del mediod\u00eda de 3, 4 o 5 de abril, es ilustraci\u00f3n destacada, destacad\u00edsima incluso <strong>[2]<\/strong>. \u00a1Los tiempos no cambian!<\/p>\n<p>La S. S., dec\u00eda, ha finalizado este domingo en la mayor parte de Espa\u00f1a. No as\u00ed en Catalunya y en alguna que otra nacionalidad o regi\u00f3n. En tierras de Salvat-Papasseit y Llu\u00eds Companys -y no por las presiones del catolicismo fuertemente activo que cuenta con la presencia gubernamental de una organizaci\u00f3n confesional cristiana como es la Uni\u00f3 Democr\u00e0tica de Catalunya de Duran i Lleida y la \u201ccasi licenciada\u201d Joana Ortega-, se prolonga con la Mona y el lunes de Pascua. Los trabajadores y trabajadoras que hemos podido gozar de estos cuatro d\u00edas de descanso (no todos por supuesto, ni much\u00edsimo menos), \u00bfnos debemos incorporar tranquilamente al trabajo este martes pr\u00f3ximo tan cercano al 14 de abril como si nada hubiera pasado? \u00bfNo hay asuntos pendientes? Los hay, muchos. Entre ellos, los estudiantes y el licenciado de la UB que siguen en prisi\u00f3n preventiva.<\/p>\n<p>Dani, Ismael (ambos miembros de la AEP, Asociaci\u00f3n de Estudiantes Progresistas <strong>[3]<\/strong>) y Javier llevan en estos momentos m\u00e1s de 11 d\u00edas en prisi\u00f3n preventiva. Javier est\u00e1 acusado de cruzar contenedores en la calle y cortar el tr\u00e1fico. Muchos de nosotros, muchos de los participantes en la huelga del 29M, hicimos acciones muy parecidas. No es seguro, en absoluto, que \u00e9l hiciera nada de lo que se le acusa. A Dani e Ismael se les acusa de cortar el tr\u00e1fico, quemar contenedores y atentar contra la autoridad <strong>[4]<\/strong>. Ninguno de ellos pudo participar en los actos de la tarde de aquel jueves inolvidable, el 29M, en el que unas 75 personas fueron detenidas y 80 fueron heridas, seis de gravedad, en la mayor\u00eda de los casos sin comerlo ni beberlo. Los Mossos son as\u00ed, les han hecho as\u00ed. Los dos estudiantes de la Facultad de F\u00edsicas y el licenciado de la UB fueron detenidos en la ma\u00f1ana del 29M. \u00bfSon entonces cabezas de turco? \u00bfQuieren convertirlos en eso?<\/p>\n<p>Cristina, la madre de Daniel, ha preguntado en voz alta: \u201c\u00bfC\u00f3mo puede ser que mi hijo est\u00e9 en prisi\u00f3n? Solo fue a una huelga\u201d. Tiene raz\u00f3n, le sobran razones e indignaci\u00f3n. Como fuimos, con ellos tres, millones de trabajadoras y trabajadores el 29M. M\u00e1s de los que ellos pensaron, desearon y calcularon. Isabel, la madre de Ismael, ha se\u00f1alado por su parte: \u201cNunca, ni en mis peores pesadillas, me podr\u00eda haber imaginado algo as\u00ed\u201d. \u00a1Ni en sus peores pesadillas! Su marido, un conductor de los Transporte Metropolitanos de Barcelona, est\u00e1 de baja desde entonces.<\/p>\n<p>La juez que tom\u00f3 la decisi\u00f3n, la titular del juzgado de instrucci\u00f3n n\u00famero 18 Carmen Garc\u00eda, la \u00fanica de los tres jueces que han tomado declaraci\u00f3n a detenidos el 29M que ha decretado prisi\u00f3n sin fianza y que creo sigue de vacaciones sin prisi\u00f3n preventiva y sin que ninguno de sus allegados lo est\u00e9 tampoco, justifica la medida por el riesgo de \u201cque no presenten ante el tribunal y por el peligro de que reincidan en otras citas en la ciudad\u201d. \u00bfQu\u00e9 no se presentan ante el tribunal? \u00bfY por qu\u00e9 no iban a hacerlo? \u00bfDani, Ismael y Javier ten\u00edan voluntad de exiliarse o de pasar a la clandestinidad? \u00a1Por favor! Entre las otras citas de riesgo, la juez, seg\u00fan parece, cita a la reuni\u00f3n del BCE de los primeros d\u00edas de mayo (\u00a1tomemos nota!), \u201cel d\u00eda del Trabajador\u201d, es decir, el 1\u00ba de Mayo (\u00a1c\u00f3mo han le\u00eddo! \u00a1Un d\u00eda de riesgo el d\u00eda de la clase obrera!) y el derbi Barcelona-Espa\u00f1ol. \u00bfNo se observad aqu\u00ed alguna heterogeneidad? \u00bfSe imaginan a Daniel, Isamel y Javier mont\u00e1ndola tras el derbi? \u00bfNo deber\u00eda la titular del juzgado 18 mirar, si estuviera informada adecuadamente y obrara sin presiones cegadoras, en direcciones muy alejadas?<\/p>\n<p>Por lo dem\u00e1s, los dos estudiantes, los m\u00e1s j\u00f3venes, no tienen antecedentes y viven con sus padres. Javier particip\u00f3, el mayor de ellos, tambi\u00e9n, como muchos otros ciudadanos (y tambi\u00e9n fui uno de ellos) en las acciones ante el Parlament catal\u00e1n del pasado 15 de junio, pero a\u00fan no ha sido juzgado. Nadie le ha declarado culpable de nada. Sus familiares y abogados piden lo razonable: presunci\u00f3n de inocencia, que queden en libertad y que se les juegue cuando llegue el momento (Jaume Asens, uno de los abogados defensores de los acusados, ha aclarado que si se les llegara a condenar por este tipo de delitos, es una simple conjetura que tiene un alto significado en estas circunstancias, en ning\u00fan caso ingresar\u00edan en prisi\u00f3n\u2026 \u00a1si bien ya han ingresado!).<\/p>\n<p>\u00bfQu\u00e9 llev\u00f3 a la juez a tomar esta determinaci\u00f3n? La fiscal\u00eda barcelonesa pidi\u00f3 prisi\u00f3n para los tres j\u00f3venes. \u00a1Vaya por donde! \u00a1Qu\u00e9 cosas hace la fiscal\u00eda! Las presiones del ministro del Interior, el opusde\u00edsta Jorge Fern\u00e1ndez; del alcalde barcelon\u00e9s, el neoliberal hasta la n\u00e1usea Xavier Trias, y del peor conseller de Interior que el imaginario catal\u00e1n ha logrado concebir en noches de delirio y obcecaci\u00f3n, Felip, el Puig (que ha aplaudido adem\u00e1s p\u00fablicamente, perdiendo neutralidad, las medidas tomadas por la juez Carmen Garc\u00eda), no parecen ubicarse en coordenadas muy alejadas.<\/p>\n<p>\u00bfYa est\u00e1 entonces? \u00bfVolvemos ma\u00f1ana al trabajo como si nada hubiera pasado? \u00bfEl Madrid est\u00e1 a\u00fan m\u00e1s cerca y la Champions no s\u00f3lo no es imposible sino que es altamente probable? No parece que este sendero de estupidez y alienaci\u00f3n conduzca a ninguna parte razonable. En oficinas, f\u00e1bricas, colegios, instituciones, universidades, institutos, en la administraci\u00f3n, es necesario y justo que voces de protesta y cr\u00edtica griten ma\u00f1ana al un\u00edsono un NO rotundo: no en nuestro nombre, no con nuestro acuerdo, no con nuestra indiferencia. \u00bfNo es necesario pasearnos a cuerpo de nuevo y decir que anunciemos algo nuevo y que no s\u00f3lo estamos indignados sino que estamos llenos de rabia y de rebeld\u00eda? \u00bfVamos a dejarlos solos? Y no s\u00f3lo en Catalunya desde luego.<\/p>\n<p>Est\u00e1 en nuestras manos, pues, hacer que nuestro vuelta no sea un retorno servil a un marco en el que son otros quienes toman decisiones sobre nuestras vidas y sobre las vidas de Dani, Ismael y Javier.<\/p>\n<p>Como en los viejos tiempos. Todos juntos, bien alto, para que nos oigan: \u00a1libertad detenidos!<\/p>\n<p>PS: La prudente y justa Federaci\u00f3n de Asociaciones de Vecinos de Barcelona (FAVB), que por cierto ha convocado una concentraci\u00f3n de protesta el pr\u00f3ximo 14 de abril en plaza Catalunya (\u00a1bien!), ha acusado al conseller de Interior catal\u00e1n, Felip, el Puig, de haberse embarcado en una deriva autoritaria que inculca derechos civiles ciudadano. No les falta raz\u00f3n.<\/p>\n<p>Tomo la informaci\u00f3n de un art\u00edculo de Oli Bourgeois Garc\u00eda <strong>[5]<\/strong>. A las 19h de 8 de abril, dos individuos se personaron en la puerta de Terrassa Respon pidiendo hablar con Rachid Ali por una entrevista en el Ateneu. Un colaborador de la publicaci\u00f3n fue a avisar a Rachid que baj\u00f3 a la puerta cuando sin mediar palabra los dos polic\u00edas en civil pretextando una irregularidad en su documentaci\u00f3n le dijeron que quedaba detenido. \u201cSin identificarse, leerle sus derechos ni anunciarle sus cargos, Rachid fue literalmente arrastrado hasta un coche patrulla estacionado en la plaza de la Creu Gran\u201d de Terrassa (La detenci\u00f3n ha sido filmada por streaming por un redactor de Terrassa Respon. Puede verse en <a href=\"http:\/\/bambuser.com\/v\/2537989\">http:\/\/bambuser.com\/v\/2537989<\/a>)<\/p>\n<p>Los cargos son de resistencia a la autoridad, desacato y desobediencia. Rachid se limit\u00f3 a exclamarse \u201c\u00bfpor qu\u00e9, por qu\u00e9!?\u201d al no entender el motivo de su detenci\u00f3n. \u201cRachid Ali padece la enfermedad de Kr\u00f6n y sufre secuelas muy graves de su dolencia, tiene dificultades motrices y es propenso a lesiones muy f\u00e1cilmente\u201d. Adem\u00e1s, Rachid lleva dos a\u00f1os compartiendo su vida con una terrassenca, una antigua compa\u00f1era del CTD si no ando errado, y va a ser padre en un mes. Toda su familia reside en Terrassa y \u00e9l mismo lleva diez a\u00f1os viviendo en la ciudad.<\/p>\n<p><strong>Notas:<\/strong><\/p>\n<p><strong>[1] <\/strong>La \u00faltima carta de Dimitris Christoulas \u201cLe gouvernement d\u2019occupation de Tsolakoglou a litt\u00e9ralement an\u00e9anti tous mes moyens de subsistance, qui consistaient en une retraite digne, pour laquelle j\u2019ai cotis\u00e9 pendant 35 ans (sans aucune contribution de l\u2019\u00c9tat). Mon \u00e2ge, ne me permet plus d\u2019entreprendre une action individuelle plus radicale (m\u00eame si je n\u2019exclus pas que si un grec prenait une kalachnikov je n\u2019aurais pas \u00e9t\u00e9 le deuxi\u00e8me \u00e0 suivre), je ne trouve plus d\u2019autre solution qu\u2019une mort digne, ou sinon, faire les poubelles pour me nourrir. Je crois qu\u2019un jour les jeunes sans avenir, prendront les armes et iront pendre les tra\u00eetres du peuple, sur la place Syntagma, comme l\u2019ont fait en 1945 les Italiens pour Mussolini, sur la Piazzale Loreto, \u00e0 Milan\u201d.<\/p>\n<p>Su hija la ha completado:<\/p>\n<p>\u201cLa nota manuscrita de mi padre no deja lugar a dudas. \u00c9l fue un activista de izquierdas durante toda su vida, un visionario desinteresado&#8230; Este acto espec\u00edfico de su propio final es un acto pol\u00edtico consciente, totalmente coherente con sus creencias y acciones durante su vida. En nuestro pa\u00eds, Grecia, est\u00e1n matando lo evidente. Para algunos, para &#8216;los hijos rebeldes de la quimera&#8217;, en esta situaci\u00f3n, el suicidio parece ser el acto obvio, no como una salida, sino como un grito despertando. Por esta raz\u00f3n, esto (el suicidio) toma otro significado, el significado de aquella primera canci\u00f3n que cantamos juntos, en el concierto de nuestro querido Mikis (Theodorakis), en 1975, la canci\u00f3n que siempre cantamos en nuestras propias celebraciones y para nuestra propia muerte&#8230; Ve a dormir padre me estoy dirigiendo a mis hermanos y hermanas con tu voz. Esta es la \u00fanica cosa que so\u00f1aste para la juventud y creo que lo has conseguido. En el sitio en el que ca\u00edste hay una nota de un joven: &#8216;El nombre del muerto hoy es Democracia&#8230; Pero hay 11 millones que seguimos vivos y nuestro nombre es Resistencia&#8217;.<\/p>\n<p><strong>[2] <\/strong>Sin poder confirmarlo directamente, creo \u2013por informaciones familiares- que la informaci\u00f3n fue dada tambi\u00e9n, sin ninguna nota cr\u00edtica por supuesto, en un informativo de TV1.<\/p>\n<p><strong>[3] <\/strong>Si no estoy equivovado, una organizaci\u00f3n estudiantil pr\u00f3xima a Ezquerra Unida i Alternativa, la organizaci\u00f3n catalana que forma parte de IU.<\/p>\n<p><strong>[4] <\/strong>R. Carranco, \u201c\u00bfC\u00f3mo puede ser que mi hijo est\u00e9 en prisi\u00f3n? Solo fue a una huelga\u201d. El Pa\u00eds, 7 de abril de 2012, pp1-2 (edici\u00f3n Catalunya)<\/p>\n<p><strong>[5] <\/strong>Oli Bourgeois Garc\u00eda para Terrassa Respon: <a href=\"http:\/\/trsrespon.org\/noticias-terrassa-cataluna\/el-periodista-rachid-ali-detenido-hoy-en-terrassa-respon\">http:\/\/trsrespon.org\/noticias-terrassa-cataluna\/el-periodista-rachid-ali-detenido-hoy-en-terrassa-respon<\/a><\/p>\n","protected":false},"excerpt":{"rendered":"<p>Para Dimitris Christoulas. In memoriam et ad honorem [1] La muy espa\u00f1ola Semana Santa [SS] ha tenido nuevamente tonalidades SS<\/p>\n","protected":false},"author":9,"featured_media":1866,"comment_status":"open","ping_status":"open","sticky":false,"template":"","format":"standard","meta":{"footnotes":""},"categories":[1],"tags":[],"class_list":["post-1865","post","type-post","status-publish","format-standard","has-post-thumbnail","hentry","category-sin-categoria"],"aioseo_notices":[],"_links":{"self":[{"href":"https:\/\/espai-marx.net\/index.php?rest_route=\/wp\/v2\/posts\/1865","targetHints":{"allow":["GET"]}}],"collection":[{"href":"https:\/\/espai-marx.net\/index.php?rest_route=\/wp\/v2\/posts"}],"about":[{"href":"https:\/\/espai-marx.net\/index.php?rest_route=\/wp\/v2\/types\/post"}],"author":[{"embeddable":true,"href":"https:\/\/espai-marx.net\/index.php?rest_route=\/wp\/v2\/users\/9"}],"replies":[{"embeddable":true,"href":"https:\/\/espai-marx.net\/index.php?rest_route=%2Fwp%2Fv2%2Fcomments&post=1865"}],"version-history":[{"count":0,"href":"https:\/\/espai-marx.net\/index.php?rest_route=\/wp\/v2\/posts\/1865\/revisions"}],"wp:featuredmedia":[{"embeddable":true,"href":"https:\/\/espai-marx.net\/index.php?rest_route=\/wp\/v2\/media\/1866"}],"wp:attachment":[{"href":"https:\/\/espai-marx.net\/index.php?rest_route=%2Fwp%2Fv2%2Fmedia&parent=1865"}],"wp:term":[{"taxonomy":"category","embeddable":true,"href":"https:\/\/espai-marx.net\/index.php?rest_route=%2Fwp%2Fv2%2Fcategories&post=1865"},{"taxonomy":"post_tag","embeddable":true,"href":"https:\/\/espai-marx.net\/index.php?rest_route=%2Fwp%2Fv2%2Ftags&post=1865"}],"curies":[{"name":"wp","href":"https:\/\/api.w.org\/{rel}","templated":true}]}}